{"id":61276,"date":"2020-03-12T07:47:02","date_gmt":"2020-03-12T06:47:02","guid":{"rendered":"https:\/\/gastronomicament.cat\/sobre-la-inscripcio-per-al-concurs-oleotapa-2020"},"modified":"2022-04-09T09:41:36","modified_gmt":"2022-04-09T07:41:36","slug":"sobre-la-inscripcio-per-al-concurs-oleotapa-2020","status":"publish","type":"post","link":"https:\/\/gastronomicament.cat\/de\/sobre-la-inscripcio-per-al-concurs-oleotapa-2020","title":{"rendered":"S&#8217;obre la inscripci\u00f3 per al concurs Oleotapa 2020"},"content":{"rendered":"<p>Oli de Mallorca ha obert les inscripcions per participar al\u00a0<strong>concurs Oleotapa 2020<\/strong>. El\u00a0<strong>termini\u00a0<\/strong>per rebre receptes<strong>\u00a0finalitza el 17 d&#8217;abril<\/strong>. La iniciativa est\u00e0 organitzada per la Denominaci\u00f3 d&#8217;Origen Oli de Mallorca i t\u00e9 la col\u00b7laboraci\u00f3 del Mercat de l\u2019Olivar, Escola d\u2019Hoteleria de les Illes Balears i la Conselleria d\u2019Agricultura, Pesca i Alimentaci\u00f3.<\/p>\n<p>Hi poden participar\u00a0<strong>cuiners<\/strong>. Tan sols han d\u2019<strong>enviar per e-mail una recepta i la fotografia<\/strong>. L&#8216;<strong>\u00fanic requisit\u00a0<\/strong>\u00e9s\u00a0<strong>emprar<\/strong>-hi<strong>\u00a0Oli de Mallorca<\/strong>; \u00e9s a dir, oli d\u2019oliva verge extra de les varietats Mallorquina, Arbequina, Piqual i Empeltre ja sigui en cupatge o com a monovarietal de qualsevol de les marques emparades pel segell de qualitat Oli de Mallorca.<\/p>\n<p>La final tindr\u00e0 lloc el dia 27 d\u2019abril a l\u2019Escola d\u2019Hoteleria de les Illes Balears.<\/p>\n<p>Els guanyadors rebran vals de compra al Mercat de l\u2019Olivar de fins a 200 euros. El primer premi tamb\u00e9 inclou una acreditaci\u00f3 de congressista per a Madrid Fusion 2021.<\/p>\n<p><strong>BASES CONCURS OLEOTAPA 2020<\/strong><\/p>\n<ol>\n<li>El concurs est\u00e0 organitzat per el Consell Regulador de la Denominaci\u00f3 d\u2019Origen Oli de Mallorca, amb la col\u00b7laboraci\u00f3 de la Conselleria d\u2019Agricultura, Pesca i Alimentaci\u00f3, el Mercat de l\u2019Olivar, i l\u2019Escola d\u2019Hoteleria de les Illes Balears.<\/li>\n<li>El concurs t\u00e9 com a objectiu fomentar l\u2019\u00fas de l\u2019oli d\u2019oliva verge extra Oli de Mallorca en les cuines professionals essent l\u2019\u00fas d\u2019aquest ingredient l\u2019\u00fanic requisit indispensable per participar.<\/li>\n<li>\u00c9s un concurs obert on pot participar qualsevol establiment de restauraci\u00f3 de Mallorca. La inscripci\u00f3 al concurs \u00e9s gratu\u00efta.<\/li>\n<li>Per participar, s\u2019ha de complimentar el full d\u2019inscripci\u00f3 que trobaran a la web\u00a0<a href=\"http:\/\/www.olidemallorca.es\/\" rel=\"nofollow\">www.olidemallorca.es<\/a>, amb totes les dades requerides i adjuntar foto de la tapa a concurs. La documentaci\u00f3 s\u2019haur\u00e0 d\u2019enviar a\u00a0<a href=\"mailto:info@olidemallorca.es\" rel=\"nofollow\">info@olidemallorca.es<\/a>fins al 17 d\u2019abril de 2020.<\/li>\n<li>Entre els candidats es seleccionaran 8 finalistes per la fase final.<\/li>\n<li>La final es dur\u00e0 a terme en les instal\u00b7lacions de l\u2019Escola d\u2019Hoteleria de les Illes Balears el dia 27 d\u2019abril de 2020 a partir de les 16\u201900 hores.<\/li>\n<li>L\u2019ordre de participaci\u00f3 s\u2019establir\u00e0 per sorteig el mateix dia i els concursants comen\u00e7aran a cuinar cada 15 minuts.<\/li>\n<li>Per elaborar les seves tapes, els finalistes tindran a la seva disposici\u00f3 oli d\u2019oliva verge extra Oli de Mallorca, la resta d\u2019elements, tant ingredients com estris necessaris per a la elaboraci\u00f3 (menatge de cuina i vaixella de presentaci\u00f3) els haur\u00e0 de portar cada participant. En el cas de que la recepta requereixi d\u2019una elaboraci\u00f3 m\u00e9s complexa, els participants podran dur la mat\u00e8ria primera elaborada per procedir al muntatge o finalitzaci\u00f3 de la recepta en les instal\u00b7lacions del concurs.<\/li>\n<li>Els concursants hauran de preparar 6 racions d\u2019una tapa en un temps m\u00e0xim de 30 minuts, passats els quals hauran de presentar al jurat les 6 tapes. Els participants disposaran de 2 minuts de gr\u00e0cia per emplatar. Si aquest temps \u00e9s superat, es penalitzar\u00e0 al concursant.<\/li>\n<li>Els participants hauran de tenir cura i ser respectuosos amb els materials i les instal\u00b7lacions, deixant el seu lloc de feina net i endre\u00e7at pel seg\u00fcent concursant. Un jurat de cuina certificar\u00e0 el possible incompliment de la norma.<\/li>\n<li>El jurat estar\u00e0 integrat per:<\/li>\n<\/ol>\n<ul>\n<li>Un representant de l\u2019Escola d\u2019Hoteleria de les Illes Balears<\/li>\n<li>Un cuiner<\/li>\n<li>Un periodista o comunicador gastron\u00f2mic<\/li>\n<li>Un representant del Mercat de l\u2019Olivar<\/li>\n<li>Un representant d\u2019Oli de Mallorca<\/li>\n<\/ul>\n<ol start=\"12\">\n<li>El jurat valorar\u00e0 en especial:<\/li>\n<\/ol>\n<ul>\n<li>La incid\u00e8ncia sensorial de l\u2019Oli de Mallorca en les tapes: 10 punts<\/li>\n<li>La presentaci\u00f3 de la tapa: 5 punts<\/li>\n<li>Complexitat t\u00e8cnica de la tapa: 5 punts<\/li>\n<li>La qualitat organol\u00e8ptica del plat: 5 punts<\/li>\n<li>Preparaci\u00f3 correcta i professional: 5 punts<\/li>\n<\/ul>\n<p>La decisi\u00f3 del jurat ser\u00e0 ferma i no recurrible.<\/p>\n<ol start=\"13\">\n<li>Els premis del concurs Oleotapa 2020 seran:<\/li>\n<\/ol>\n<p><strong>Primer Premi<\/strong><\/p>\n<ul>\n<li>Gran Selecci\u00f3 Oli de Mallorca<\/li>\n<li>Acreditaci\u00f3 de congressista a Madrid Fusion 2021<\/li>\n<li>200 \u20ac per comprar al Mercat de l\u2019Olivar<\/li>\n<li>Presentaci\u00f3 de la tapa en esdeveniments programats per la DO Oli de Mallorca i col\u00b7laboracions especials.<\/li>\n<\/ul>\n<p><strong>Segon Premi\u00a0<\/strong><\/p>\n<ul>\n<li>Gran Selecci\u00f3 d\u2019Oli de Mallorca<\/li>\n<li>100 \u20ac per compraral Mercat de l\u2019Olivar<\/li>\n<\/ul>\n<p><strong>Tercer Premi<\/strong><\/p>\n<ul>\n<li>Gran selecci\u00f3 d\u2019Oli de Mallorca<\/li>\n<li>100 \u20ac per comprar al Mercat de l\u2019Olivar<\/li>\n<\/ul>\n<ol start=\"14\">\n<li>Aix\u00ed mateix, tots els participants a la final rebran una botella d\u2019Oli de Mallorca.<\/li>\n<li>El lliurament de premis tindr\u00e0 lloc el mateix dia de la final (27 d&#8217;abril) quan el jurat hagi deliberat<\/li>\n<li>Les receptes dels guanyadors, com tamb\u00e9 dels finalistes (en cas de que no n&#8217;indiquin el contrari) podran ser publicades a la web\u00a0<a href=\"http:\/\/www.olidemallorca.es\/\" rel=\"nofollow\">www.olidemallorca.es<\/a>,\u00a0<a href=\"http:\/\/www.illesbalearsqualitat.es\/\" rel=\"nofollow\">www.illesbalearsqualitat.es<\/a>i a les xarxes socials, per la qual cosa hi han d&#8217;esmentar el t\u00edtol, els ingredients, la preparaci\u00f3 i la presentaci\u00f3.<\/li>\n<\/ol>\n","protected":false},"excerpt":{"rendered":"<p>Oli de Mallorca ha obert les inscripcions per participar al\u00a0concurs Oleotapa 2020. El\u00a0termini\u00a0per rebre receptes\u00a0finalitza el&hellip;<\/p>\n","protected":false},"author":1,"featured_media":61277,"comment_status":"open","ping_status":"closed","sticky":false,"template":"","format":"standard","meta":{"_acf_changed":false,"_swt_meta_header_display":false,"_swt_meta_footer_display":false,"_swt_meta_site_title_display":false,"_swt_meta_sticky_header":false,"_swt_meta_transparent_header":false,"footnotes":""},"categories":[1050,1480],"tags":[],"coauthors":[],"class_list":["post-61276","post","type-post","status-publish","format-standard","has-post-thumbnail","hentry","category-actualitat-es-de","category-concursos-i-premis-de"],"acf":{"gallery":null,"home_date":{"home_begin_date":null,"home_end_date":null}},"yoast_head":"<!-- This site is optimized with the Yoast SEO plugin v27.4 - https:\/\/yoast.com\/product\/yoast-seo-wordpress\/ -->\n<title>S&#039;obre la inscripci\u00f3 per al concurs Oleotapa 2020 - Gastron\u00f2micament<\/title>\n<meta name=\"description\" content=\"S&#039;obre la inscripci\u00f3 per al concurs Oleotapa 2020 Actualitat, Concursos i premis Oli de Mallorca ha obert les inscripcions per participar al\u00a0concurs Oleotapa 2020. El\u00a0termini\u00a0per rebre receptes\u00a0finalitza el 17 d&#039;abril\" \/>\n<meta name=\"robots\" content=\"index, follow, max-snippet:-1, max-image-preview:large, max-video-preview:-1\" \/>\n<link rel=\"canonical\" href=\"https:\/\/gastronomicament.cat\/de\/sobre-la-inscripcio-per-al-concurs-oleotapa-2020\" \/>\n<meta property=\"og:locale\" content=\"de_DE\" \/>\n<meta property=\"og:type\" content=\"article\" \/>\n<meta property=\"og:title\" content=\"S&#039;obre la inscripci\u00f3 per al concurs Oleotapa 2020 - Gastron\u00f2micament\" \/>\n<meta property=\"og:description\" content=\"S&#039;obre la inscripci\u00f3 per al concurs Oleotapa 2020 Actualitat, Concursos i premis Oli de Mallorca ha obert les inscripcions per participar al\u00a0concurs Oleotapa 2020. El\u00a0termini\u00a0per rebre receptes\u00a0finalitza el 17 d&#039;abril\" \/>\n<meta property=\"og:url\" content=\"https:\/\/gastronomicament.cat\/de\/sobre-la-inscripcio-per-al-concurs-oleotapa-2020\" \/>\n<meta property=\"og:site_name\" content=\"Gastron\u00f2micament\" \/>\n<meta property=\"article:published_time\" content=\"2020-03-12T06:47:02+00:00\" \/>\n<meta property=\"article:modified_time\" content=\"2022-04-09T07:41:36+00:00\" \/>\n<meta property=\"og:image\" content=\"https:\/\/gastronomicament.cat\/wp-content\/uploads\/2020\/03\/Oleotapa-2020.jpg\" \/>\n\t<meta property=\"og:image:width\" content=\"1144\" \/>\n\t<meta property=\"og:image:height\" content=\"753\" \/>\n\t<meta property=\"og:image:type\" content=\"image\/jpeg\" \/>\n<meta name=\"author\" content=\"Redacci\u00f3\" \/>\n<meta name=\"twitter:card\" content=\"summary_large_image\" \/>\n<meta name=\"twitter:creator\" content=\"@gastronomicamen\" \/>\n<meta name=\"twitter:site\" content=\"@gastronomicamen\" \/>\n<meta name=\"twitter:label1\" content=\"Verfasst von\" \/>\n\t<meta name=\"twitter:data1\" content=\"Redacci\u00f3\" \/>\n\t<meta name=\"twitter:label2\" content=\"Gesch\u00e4tzte Lesezeit\" \/>\n\t<meta name=\"twitter:data2\" content=\"4\u00a0Minuten\" \/>\n\t<meta name=\"twitter:label3\" content=\"Written by\" \/>\n\t<meta name=\"twitter:data3\" content=\"Redacci\u00f3\" \/>\n<script type=\"application\/ld+json\" class=\"yoast-schema-graph\">{\"@context\":\"https:\\\/\\\/schema.org\",\"@graph\":[{\"@type\":\"Article\",\"@id\":\"https:\\\/\\\/gastronomicament.cat\\\/de\\\/sobre-la-inscripcio-per-al-concurs-oleotapa-2020#article\",\"isPartOf\":{\"@id\":\"https:\\\/\\\/gastronomicament.cat\\\/de\\\/sobre-la-inscripcio-per-al-concurs-oleotapa-2020\"},\"author\":{\"name\":\"Redacci\u00f3\",\"@id\":\"https:\\\/\\\/gastronomicament.cat\\\/de\\\/#\\\/schema\\\/person\\\/a7c85c537a1ed62799a5b8e0f686a37f\"},\"headline\":\"S&#8217;obre la inscripci\u00f3 per al concurs Oleotapa 2020\",\"datePublished\":\"2020-03-12T06:47:02+00:00\",\"dateModified\":\"2022-04-09T07:41:36+00:00\",\"mainEntityOfPage\":{\"@id\":\"https:\\\/\\\/gastronomicament.cat\\\/de\\\/sobre-la-inscripcio-per-al-concurs-oleotapa-2020\"},\"wordCount\":786,\"commentCount\":0,\"publisher\":{\"@id\":\"https:\\\/\\\/gastronomicament.cat\\\/de\\\/#organization\"},\"image\":{\"@id\":\"https:\\\/\\\/gastronomicament.cat\\\/de\\\/sobre-la-inscripcio-per-al-concurs-oleotapa-2020#primaryimage\"},\"thumbnailUrl\":\"https:\\\/\\\/gastronomicament.cat\\\/wp-content\\\/uploads\\\/2020\\\/03\\\/Oleotapa-2020.jpg\",\"articleSection\":[\"Actualitat\",\"Concursos i premis\"],\"inLanguage\":\"de\",\"potentialAction\":[{\"@type\":\"CommentAction\",\"name\":\"Comment\",\"target\":[\"https:\\\/\\\/gastronomicament.cat\\\/de\\\/sobre-la-inscripcio-per-al-concurs-oleotapa-2020#respond\"]}]},{\"@type\":\"WebPage\",\"@id\":\"https:\\\/\\\/gastronomicament.cat\\\/de\\\/sobre-la-inscripcio-per-al-concurs-oleotapa-2020\",\"url\":\"https:\\\/\\\/gastronomicament.cat\\\/de\\\/sobre-la-inscripcio-per-al-concurs-oleotapa-2020\",\"name\":\"S'obre la inscripci\u00f3 per al concurs Oleotapa 2020 - Gastron\u00f2micament\",\"isPartOf\":{\"@id\":\"https:\\\/\\\/gastronomicament.cat\\\/de\\\/#website\"},\"primaryImageOfPage\":{\"@id\":\"https:\\\/\\\/gastronomicament.cat\\\/de\\\/sobre-la-inscripcio-per-al-concurs-oleotapa-2020#primaryimage\"},\"image\":{\"@id\":\"https:\\\/\\\/gastronomicament.cat\\\/de\\\/sobre-la-inscripcio-per-al-concurs-oleotapa-2020#primaryimage\"},\"thumbnailUrl\":\"https:\\\/\\\/gastronomicament.cat\\\/wp-content\\\/uploads\\\/2020\\\/03\\\/Oleotapa-2020.jpg\",\"datePublished\":\"2020-03-12T06:47:02+00:00\",\"dateModified\":\"2022-04-09T07:41:36+00:00\",\"description\":\"S'obre la inscripci\u00f3 per al concurs Oleotapa 2020 Actualitat, Concursos i premis Oli de Mallorca ha obert les inscripcions per participar al\u00a0concurs Oleotapa 2020. El\u00a0termini\u00a0per rebre receptes\u00a0finalitza el 17 d'abril\",\"inLanguage\":\"de\",\"potentialAction\":[{\"@type\":\"ReadAction\",\"target\":[\"https:\\\/\\\/gastronomicament.cat\\\/de\\\/sobre-la-inscripcio-per-al-concurs-oleotapa-2020\"]}]},{\"@type\":\"ImageObject\",\"inLanguage\":\"de\",\"@id\":\"https:\\\/\\\/gastronomicament.cat\\\/de\\\/sobre-la-inscripcio-per-al-concurs-oleotapa-2020#primaryimage\",\"url\":\"https:\\\/\\\/gastronomicament.cat\\\/wp-content\\\/uploads\\\/2020\\\/03\\\/Oleotapa-2020.jpg\",\"contentUrl\":\"https:\\\/\\\/gastronomicament.cat\\\/wp-content\\\/uploads\\\/2020\\\/03\\\/Oleotapa-2020.jpg\",\"width\":1144,\"height\":753},{\"@type\":\"WebSite\",\"@id\":\"https:\\\/\\\/gastronomicament.cat\\\/de\\\/#website\",\"url\":\"https:\\\/\\\/gastronomicament.cat\\\/de\\\/\",\"name\":\"Gastron\u00f2micament\",\"description\":\"Portal de restaurants, receptes i actualitat gastron\u00f2mica\",\"publisher\":{\"@id\":\"https:\\\/\\\/gastronomicament.cat\\\/de\\\/#organization\"},\"potentialAction\":[{\"@type\":\"SearchAction\",\"target\":{\"@type\":\"EntryPoint\",\"urlTemplate\":\"https:\\\/\\\/gastronomicament.cat\\\/de\\\/?s={search_term_string}\"},\"query-input\":{\"@type\":\"PropertyValueSpecification\",\"valueRequired\":true,\"valueName\":\"search_term_string\"}}],\"inLanguage\":\"de\"},{\"@type\":\"Organization\",\"@id\":\"https:\\\/\\\/gastronomicament.cat\\\/de\\\/#organization\",\"name\":\"Gastron\u00f2micament\",\"url\":\"https:\\\/\\\/gastronomicament.cat\\\/de\\\/\",\"logo\":{\"@type\":\"ImageObject\",\"inLanguage\":\"de\",\"@id\":\"https:\\\/\\\/gastronomicament.cat\\\/de\\\/#\\\/schema\\\/logo\\\/image\\\/\",\"url\":\"https:\\\/\\\/gastronomicament.cat\\\/wp-content\\\/uploads\\\/2016\\\/09\\\/header-logo.jpg\",\"contentUrl\":\"https:\\\/\\\/gastronomicament.cat\\\/wp-content\\\/uploads\\\/2016\\\/09\\\/header-logo.jpg\",\"width\":277,\"height\":39,\"caption\":\"Gastron\u00f2micament\"},\"image\":{\"@id\":\"https:\\\/\\\/gastronomicament.cat\\\/de\\\/#\\\/schema\\\/logo\\\/image\\\/\"},\"sameAs\":[\"https:\\\/\\\/x.com\\\/gastronomicamen\"]},{\"@type\":\"Person\",\"@id\":\"https:\\\/\\\/gastronomicament.cat\\\/de\\\/#\\\/schema\\\/person\\\/a7c85c537a1ed62799a5b8e0f686a37f\",\"name\":\"Redacci\u00f3\",\"image\":{\"@type\":\"ImageObject\",\"inLanguage\":\"de\",\"@id\":\"https:\\\/\\\/secure.gravatar.com\\\/avatar\\\/9489a485c464fd611d33825daae651d13db70c4e74c65c94937a15a9d4c3ee14?s=96&d=mm&r=g69fea3cce3645dfa2166e7293e22955e\",\"url\":\"https:\\\/\\\/secure.gravatar.com\\\/avatar\\\/9489a485c464fd611d33825daae651d13db70c4e74c65c94937a15a9d4c3ee14?s=96&d=mm&r=g\",\"contentUrl\":\"https:\\\/\\\/secure.gravatar.com\\\/avatar\\\/9489a485c464fd611d33825daae651d13db70c4e74c65c94937a15a9d4c3ee14?s=96&d=mm&r=g\",\"caption\":\"Redacci\u00f3\"},\"sameAs\":[\"http:\\\/\\\/gastronomicament.cat\"],\"url\":\"https:\\\/\\\/gastronomicament.cat\\\/de\\\/author\\\/admin\"}]}<\/script>\n<!-- \/ Yoast SEO plugin. -->","yoast_head_json":{"title":"S'obre la inscripci\u00f3 per al concurs Oleotapa 2020 - Gastron\u00f2micament","description":"S'obre la inscripci\u00f3 per al concurs Oleotapa 2020 Actualitat, Concursos i premis Oli de Mallorca ha obert les inscripcions per participar al\u00a0concurs Oleotapa 2020. El\u00a0termini\u00a0per rebre receptes\u00a0finalitza el 17 d'abril","robots":{"index":"index","follow":"follow","max-snippet":"max-snippet:-1","max-image-preview":"max-image-preview:large","max-video-preview":"max-video-preview:-1"},"canonical":"https:\/\/gastronomicament.cat\/de\/sobre-la-inscripcio-per-al-concurs-oleotapa-2020","og_locale":"de_DE","og_type":"article","og_title":"S'obre la inscripci\u00f3 per al concurs Oleotapa 2020 - Gastron\u00f2micament","og_description":"S'obre la inscripci\u00f3 per al concurs Oleotapa 2020 Actualitat, Concursos i premis Oli de Mallorca ha obert les inscripcions per participar al\u00a0concurs Oleotapa 2020. El\u00a0termini\u00a0per rebre receptes\u00a0finalitza el 17 d'abril","og_url":"https:\/\/gastronomicament.cat\/de\/sobre-la-inscripcio-per-al-concurs-oleotapa-2020","og_site_name":"Gastron\u00f2micament","article_published_time":"2020-03-12T06:47:02+00:00","article_modified_time":"2022-04-09T07:41:36+00:00","og_image":[{"width":1144,"height":753,"url":"https:\/\/gastronomicament.cat\/wp-content\/uploads\/2020\/03\/Oleotapa-2020.jpg","type":"image\/jpeg"}],"author":"Redacci\u00f3","twitter_card":"summary_large_image","twitter_creator":"@gastronomicamen","twitter_site":"@gastronomicamen","twitter_misc":{"Verfasst von":"Redacci\u00f3","Gesch\u00e4tzte Lesezeit":"4\u00a0Minuten","Written by":"Redacci\u00f3"},"schema":{"@context":"https:\/\/schema.org","@graph":[{"@type":"Article","@id":"https:\/\/gastronomicament.cat\/de\/sobre-la-inscripcio-per-al-concurs-oleotapa-2020#article","isPartOf":{"@id":"https:\/\/gastronomicament.cat\/de\/sobre-la-inscripcio-per-al-concurs-oleotapa-2020"},"author":{"name":"Redacci\u00f3","@id":"https:\/\/gastronomicament.cat\/de\/#\/schema\/person\/a7c85c537a1ed62799a5b8e0f686a37f"},"headline":"S&#8217;obre la inscripci\u00f3 per al concurs Oleotapa 2020","datePublished":"2020-03-12T06:47:02+00:00","dateModified":"2022-04-09T07:41:36+00:00","mainEntityOfPage":{"@id":"https:\/\/gastronomicament.cat\/de\/sobre-la-inscripcio-per-al-concurs-oleotapa-2020"},"wordCount":786,"commentCount":0,"publisher":{"@id":"https:\/\/gastronomicament.cat\/de\/#organization"},"image":{"@id":"https:\/\/gastronomicament.cat\/de\/sobre-la-inscripcio-per-al-concurs-oleotapa-2020#primaryimage"},"thumbnailUrl":"https:\/\/gastronomicament.cat\/wp-content\/uploads\/2020\/03\/Oleotapa-2020.jpg","articleSection":["Actualitat","Concursos i premis"],"inLanguage":"de","potentialAction":[{"@type":"CommentAction","name":"Comment","target":["https:\/\/gastronomicament.cat\/de\/sobre-la-inscripcio-per-al-concurs-oleotapa-2020#respond"]}]},{"@type":"WebPage","@id":"https:\/\/gastronomicament.cat\/de\/sobre-la-inscripcio-per-al-concurs-oleotapa-2020","url":"https:\/\/gastronomicament.cat\/de\/sobre-la-inscripcio-per-al-concurs-oleotapa-2020","name":"S'obre la inscripci\u00f3 per al concurs Oleotapa 2020 - Gastron\u00f2micament","isPartOf":{"@id":"https:\/\/gastronomicament.cat\/de\/#website"},"primaryImageOfPage":{"@id":"https:\/\/gastronomicament.cat\/de\/sobre-la-inscripcio-per-al-concurs-oleotapa-2020#primaryimage"},"image":{"@id":"https:\/\/gastronomicament.cat\/de\/sobre-la-inscripcio-per-al-concurs-oleotapa-2020#primaryimage"},"thumbnailUrl":"https:\/\/gastronomicament.cat\/wp-content\/uploads\/2020\/03\/Oleotapa-2020.jpg","datePublished":"2020-03-12T06:47:02+00:00","dateModified":"2022-04-09T07:41:36+00:00","description":"S'obre la inscripci\u00f3 per al concurs Oleotapa 2020 Actualitat, Concursos i premis Oli de Mallorca ha obert les inscripcions per participar al\u00a0concurs Oleotapa 2020. El\u00a0termini\u00a0per rebre receptes\u00a0finalitza el 17 d'abril","inLanguage":"de","potentialAction":[{"@type":"ReadAction","target":["https:\/\/gastronomicament.cat\/de\/sobre-la-inscripcio-per-al-concurs-oleotapa-2020"]}]},{"@type":"ImageObject","inLanguage":"de","@id":"https:\/\/gastronomicament.cat\/de\/sobre-la-inscripcio-per-al-concurs-oleotapa-2020#primaryimage","url":"https:\/\/gastronomicament.cat\/wp-content\/uploads\/2020\/03\/Oleotapa-2020.jpg","contentUrl":"https:\/\/gastronomicament.cat\/wp-content\/uploads\/2020\/03\/Oleotapa-2020.jpg","width":1144,"height":753},{"@type":"WebSite","@id":"https:\/\/gastronomicament.cat\/de\/#website","url":"https:\/\/gastronomicament.cat\/de\/","name":"Gastron\u00f2micament","description":"Portal de restaurants, receptes i actualitat gastron\u00f2mica","publisher":{"@id":"https:\/\/gastronomicament.cat\/de\/#organization"},"potentialAction":[{"@type":"SearchAction","target":{"@type":"EntryPoint","urlTemplate":"https:\/\/gastronomicament.cat\/de\/?s={search_term_string}"},"query-input":{"@type":"PropertyValueSpecification","valueRequired":true,"valueName":"search_term_string"}}],"inLanguage":"de"},{"@type":"Organization","@id":"https:\/\/gastronomicament.cat\/de\/#organization","name":"Gastron\u00f2micament","url":"https:\/\/gastronomicament.cat\/de\/","logo":{"@type":"ImageObject","inLanguage":"de","@id":"https:\/\/gastronomicament.cat\/de\/#\/schema\/logo\/image\/","url":"https:\/\/gastronomicament.cat\/wp-content\/uploads\/2016\/09\/header-logo.jpg","contentUrl":"https:\/\/gastronomicament.cat\/wp-content\/uploads\/2016\/09\/header-logo.jpg","width":277,"height":39,"caption":"Gastron\u00f2micament"},"image":{"@id":"https:\/\/gastronomicament.cat\/de\/#\/schema\/logo\/image\/"},"sameAs":["https:\/\/x.com\/gastronomicamen"]},{"@type":"Person","@id":"https:\/\/gastronomicament.cat\/de\/#\/schema\/person\/a7c85c537a1ed62799a5b8e0f686a37f","name":"Redacci\u00f3","image":{"@type":"ImageObject","inLanguage":"de","@id":"https:\/\/secure.gravatar.com\/avatar\/9489a485c464fd611d33825daae651d13db70c4e74c65c94937a15a9d4c3ee14?s=96&d=mm&r=g69fea3cce3645dfa2166e7293e22955e","url":"https:\/\/secure.gravatar.com\/avatar\/9489a485c464fd611d33825daae651d13db70c4e74c65c94937a15a9d4c3ee14?s=96&d=mm&r=g","contentUrl":"https:\/\/secure.gravatar.com\/avatar\/9489a485c464fd611d33825daae651d13db70c4e74c65c94937a15a9d4c3ee14?s=96&d=mm&r=g","caption":"Redacci\u00f3"},"sameAs":["http:\/\/gastronomicament.cat"],"url":"https:\/\/gastronomicament.cat\/de\/author\/admin"}]}},"_links":{"self":[{"href":"https:\/\/gastronomicament.cat\/de\/wp-json\/wp\/v2\/posts\/61276","targetHints":{"allow":["GET"]}}],"collection":[{"href":"https:\/\/gastronomicament.cat\/de\/wp-json\/wp\/v2\/posts"}],"about":[{"href":"https:\/\/gastronomicament.cat\/de\/wp-json\/wp\/v2\/types\/post"}],"author":[{"embeddable":true,"href":"https:\/\/gastronomicament.cat\/de\/wp-json\/wp\/v2\/users\/1"}],"replies":[{"embeddable":true,"href":"https:\/\/gastronomicament.cat\/de\/wp-json\/wp\/v2\/comments?post=61276"}],"version-history":[{"count":0,"href":"https:\/\/gastronomicament.cat\/de\/wp-json\/wp\/v2\/posts\/61276\/revisions"}],"wp:featuredmedia":[{"embeddable":true,"href":"https:\/\/gastronomicament.cat\/de\/wp-json\/wp\/v2\/media\/61277"}],"wp:attachment":[{"href":"https:\/\/gastronomicament.cat\/de\/wp-json\/wp\/v2\/media?parent=61276"}],"wp:term":[{"taxonomy":"category","embeddable":true,"href":"https:\/\/gastronomicament.cat\/de\/wp-json\/wp\/v2\/categories?post=61276"},{"taxonomy":"post_tag","embeddable":true,"href":"https:\/\/gastronomicament.cat\/de\/wp-json\/wp\/v2\/tags?post=61276"},{"taxonomy":"author","embeddable":true,"href":"https:\/\/gastronomicament.cat\/de\/wp-json\/wp\/v2\/coauthors?post=61276"}],"curies":[{"name":"wp","href":"https:\/\/api.w.org\/{rel}","templated":true}]}}