{"id":62472,"date":"2019-11-20T14:22:08","date_gmt":"2019-11-20T13:22:08","guid":{"rendered":"https:\/\/gastronomicament.cat\/concurs-de-cuina-local-i-justa-a-bunyola"},"modified":"2019-11-20T14:22:08","modified_gmt":"2019-11-20T13:22:08","slug":"concurs-de-cuina-local-i-justa-a-bunyola","status":"publish","type":"post","link":"https:\/\/gastronomicament.cat\/de\/concurs-de-cuina-local-i-justa-a-bunyola","title":{"rendered":"Concurs de Cuina Local i Justa a Bunyola"},"content":{"rendered":"<p>L&#8217;Ajuntament de Bunyola, juntament amb S&#8217;Altra Senalla i l&#8217;Associaci\u00f3 d&#8217;Empresaris de Bunyola (AEB) han organitzat el primer\u00a0<strong>concurs Cuina Local i Justa<\/strong>. La cita tendr\u00e0 lloc el<strong>\u00a023 de novembre, a les 11.30 hores a la Pla\u00e7a de Bunyola<\/strong>.<\/p>\n<p>A m\u00e9s a m\u00e9s,\u00a0<strong>a partir de les 12 hores<\/strong>,\u00a0<strong>tothom podr\u00e0 tastar els plats dels concursants<\/strong>, que es vendran<strong>\u00a0a preus populars<\/strong>\u00a0a benefici de l&#8217;AEB. El jurat estar\u00e0 format per\u00a0<strong>Miquel Calent<\/strong>, cuiner i presentador del programa Fred i Calent;\u00a0<strong>Vicky Pulgar\u00edn<\/strong>, guanyadora de Master Chef; i\u00a0<strong>Ol\u00edvia Caballero<\/strong>, professora de formaci\u00f3 professional de Cuina a l&#8217;IES Calvi\u00e0.<\/p>\n<p>La gr\u00e0cia d&#8217;aquest concurs,\u00a0<strong>se celebra en el marc de la Fira de Muntanya<\/strong>\u00a0de Bunyola, \u00e9s que tots els plats han de ser com a m\u00ednim amb un\u00a0<strong>producte local que es pugui trobar a la Comuna de Bunyola\u00a0<\/strong>(bolets, fruites, ca\u00e7a, etc.) i com a m\u00ednim han de tenir<strong>\u00a0un producte de comer\u00e7 just<\/strong>\u00a0(sucre, cacau, caf\u00e8, quinoa, sal, pebre, curri, pasta, cusc\u00fas, xocolata).<\/p>\n<p>Hi poden participar totes les persones residents al municipi de Bunyola i els participants han de sol\u00b7licitar un m\u00e0xim de tres ingredients de comer\u00e7 just dels esmentats pr\u00e8viament fins al 20 de novembre.\u00a0 Hi haur\u00e0 4 premis, un de 120 euros per al m\u00e9s gust\u00f3s i tres de 60 euros per a la recepta m\u00e9s original, per al m\u00e9s ben emplatat i per al millor elaborat per a cuiners menors de 16 anys que consistiran en vals per comprar a empreses i comer\u00e7os de Bunyola que pertanyin a l&#8217;associaci\u00f3 d&#8217;empresaris. Consultau les<strong>\u00a0<a href=\"https:\/\/gastronomicament.cat\/wp-content\/uploads\/2019\/11\/bases-concurs-cuina-local-i-justa-bunyola-2019.pdf\" target=\"_blank\" rel=\"noopener noreferrer\">bases del concurs Cuina Local i Justa de Bunyola 2019 aqu\u00ed<\/a><\/strong>.<\/p>\n","protected":false},"excerpt":{"rendered":"<p>L&#8217;Ajuntament de Bunyola, juntament amb S&#8217;Altra Senalla i l&#8217;Associaci\u00f3 d&#8217;Empresaris de Bunyola (AEB) han organitzat el&hellip;<\/p>\n","protected":false},"author":1,"featured_media":62473,"comment_status":"open","ping_status":"closed","sticky":false,"template":"","format":"standard","meta":{"_acf_changed":false,"_swt_meta_header_display":false,"_swt_meta_footer_display":false,"_swt_meta_site_title_display":false,"_swt_meta_sticky_header":false,"_swt_meta_transparent_header":false,"footnotes":""},"categories":[1050,1480],"tags":[],"coauthors":[],"class_list":["post-62472","post","type-post","status-publish","format-standard","has-post-thumbnail","hentry","category-actualitat-es-de","category-concursos-i-premis-de"],"acf":{"gallery":null,"home_date":{"home_begin_date":null,"home_end_date":null}},"yoast_head":"<!-- This site is optimized with the Yoast SEO plugin v27.4 - https:\/\/yoast.com\/product\/yoast-seo-wordpress\/ -->\n<title>Concurs de Cuina Local i Justa a Bunyola - Gastron\u00f2micament<\/title>\n<meta name=\"description\" content=\"Concurs de Cuina Local i Justa a Bunyola Actualitat, Concursos i premis L&#039;Ajuntament de Bunyola, juntament amb S&#039;Altra Senalla i l&#039;Associaci\u00f3 d&#039;Empresaris de Bunyola (AEB) han organitzat el primer\u00a0concurs Cuina Local i Justa. La cita tendr\u00e0 lloc el\u00a023 de novembre, a les 11.30 hores a la Pla\u00e7a de Bunyola\" \/>\n<meta name=\"robots\" content=\"index, follow, max-snippet:-1, max-image-preview:large, max-video-preview:-1\" \/>\n<link rel=\"canonical\" href=\"https:\/\/gastronomicament.cat\/de\/concurs-de-cuina-local-i-justa-a-bunyola\" \/>\n<meta property=\"og:locale\" content=\"de_DE\" \/>\n<meta property=\"og:type\" content=\"article\" \/>\n<meta property=\"og:title\" content=\"Concurs de Cuina Local i Justa a Bunyola - Gastron\u00f2micament\" \/>\n<meta property=\"og:description\" content=\"Concurs de Cuina Local i Justa a Bunyola Actualitat, Concursos i premis L&#039;Ajuntament de Bunyola, juntament amb S&#039;Altra Senalla i l&#039;Associaci\u00f3 d&#039;Empresaris de Bunyola (AEB) han organitzat el primer\u00a0concurs Cuina Local i Justa. La cita tendr\u00e0 lloc el\u00a023 de novembre, a les 11.30 hores a la Pla\u00e7a de Bunyola\" \/>\n<meta property=\"og:url\" content=\"https:\/\/gastronomicament.cat\/de\/concurs-de-cuina-local-i-justa-a-bunyola\" \/>\n<meta property=\"og:site_name\" content=\"Gastron\u00f2micament\" \/>\n<meta property=\"article:published_time\" content=\"2019-11-20T13:22:08+00:00\" \/>\n<meta property=\"og:image\" content=\"https:\/\/gastronomicament.cat\/wp-content\/uploads\/2019\/11\/Concurs-Cuina-Local-i-Justa-Bunyola-2019.jpg\" \/>\n\t<meta property=\"og:image:width\" content=\"1053\" \/>\n\t<meta property=\"og:image:height\" content=\"765\" \/>\n\t<meta property=\"og:image:type\" content=\"image\/jpeg\" \/>\n<meta name=\"author\" content=\"Redacci\u00f3\" \/>\n<meta name=\"twitter:card\" content=\"summary_large_image\" \/>\n<meta name=\"twitter:creator\" content=\"@gastronomicamen\" \/>\n<meta name=\"twitter:site\" content=\"@gastronomicamen\" \/>\n<meta name=\"twitter:label1\" content=\"Verfasst von\" \/>\n\t<meta name=\"twitter:data1\" content=\"Redacci\u00f3\" \/>\n\t<meta name=\"twitter:label2\" content=\"Gesch\u00e4tzte Lesezeit\" \/>\n\t<meta name=\"twitter:data2\" content=\"1\u00a0Minute\" \/>\n\t<meta name=\"twitter:label3\" content=\"Written by\" \/>\n\t<meta name=\"twitter:data3\" content=\"Redacci\u00f3\" \/>\n<script type=\"application\/ld+json\" class=\"yoast-schema-graph\">{\"@context\":\"https:\\\/\\\/schema.org\",\"@graph\":[{\"@type\":\"Article\",\"@id\":\"https:\\\/\\\/gastronomicament.cat\\\/de\\\/concurs-de-cuina-local-i-justa-a-bunyola#article\",\"isPartOf\":{\"@id\":\"https:\\\/\\\/gastronomicament.cat\\\/de\\\/concurs-de-cuina-local-i-justa-a-bunyola\"},\"author\":{\"name\":\"Redacci\u00f3\",\"@id\":\"https:\\\/\\\/gastronomicament.cat\\\/de\\\/#\\\/schema\\\/person\\\/a7c85c537a1ed62799a5b8e0f686a37f\"},\"headline\":\"Concurs de Cuina Local i Justa a Bunyola\",\"datePublished\":\"2019-11-20T13:22:08+00:00\",\"mainEntityOfPage\":{\"@id\":\"https:\\\/\\\/gastronomicament.cat\\\/de\\\/concurs-de-cuina-local-i-justa-a-bunyola\"},\"wordCount\":285,\"commentCount\":0,\"publisher\":{\"@id\":\"https:\\\/\\\/gastronomicament.cat\\\/de\\\/#organization\"},\"image\":{\"@id\":\"https:\\\/\\\/gastronomicament.cat\\\/de\\\/concurs-de-cuina-local-i-justa-a-bunyola#primaryimage\"},\"thumbnailUrl\":\"https:\\\/\\\/gastronomicament.cat\\\/wp-content\\\/uploads\\\/2019\\\/11\\\/Concurs-Cuina-Local-i-Justa-Bunyola-2019.jpg\",\"articleSection\":[\"Actualitat\",\"Concursos i premis\"],\"inLanguage\":\"de\",\"potentialAction\":[{\"@type\":\"CommentAction\",\"name\":\"Comment\",\"target\":[\"https:\\\/\\\/gastronomicament.cat\\\/de\\\/concurs-de-cuina-local-i-justa-a-bunyola#respond\"]}]},{\"@type\":\"WebPage\",\"@id\":\"https:\\\/\\\/gastronomicament.cat\\\/de\\\/concurs-de-cuina-local-i-justa-a-bunyola\",\"url\":\"https:\\\/\\\/gastronomicament.cat\\\/de\\\/concurs-de-cuina-local-i-justa-a-bunyola\",\"name\":\"Concurs de Cuina Local i Justa a Bunyola - Gastron\u00f2micament\",\"isPartOf\":{\"@id\":\"https:\\\/\\\/gastronomicament.cat\\\/de\\\/#website\"},\"primaryImageOfPage\":{\"@id\":\"https:\\\/\\\/gastronomicament.cat\\\/de\\\/concurs-de-cuina-local-i-justa-a-bunyola#primaryimage\"},\"image\":{\"@id\":\"https:\\\/\\\/gastronomicament.cat\\\/de\\\/concurs-de-cuina-local-i-justa-a-bunyola#primaryimage\"},\"thumbnailUrl\":\"https:\\\/\\\/gastronomicament.cat\\\/wp-content\\\/uploads\\\/2019\\\/11\\\/Concurs-Cuina-Local-i-Justa-Bunyola-2019.jpg\",\"datePublished\":\"2019-11-20T13:22:08+00:00\",\"description\":\"Concurs de Cuina Local i Justa a Bunyola Actualitat, Concursos i premis L'Ajuntament de Bunyola, juntament amb S'Altra Senalla i l'Associaci\u00f3 d'Empresaris de Bunyola (AEB) han organitzat el primer\u00a0concurs Cuina Local i Justa. La cita tendr\u00e0 lloc el\u00a023 de novembre, a les 11.30 hores a la Pla\u00e7a de Bunyola\",\"inLanguage\":\"de\",\"potentialAction\":[{\"@type\":\"ReadAction\",\"target\":[\"https:\\\/\\\/gastronomicament.cat\\\/de\\\/concurs-de-cuina-local-i-justa-a-bunyola\"]}]},{\"@type\":\"ImageObject\",\"inLanguage\":\"de\",\"@id\":\"https:\\\/\\\/gastronomicament.cat\\\/de\\\/concurs-de-cuina-local-i-justa-a-bunyola#primaryimage\",\"url\":\"https:\\\/\\\/gastronomicament.cat\\\/wp-content\\\/uploads\\\/2019\\\/11\\\/Concurs-Cuina-Local-i-Justa-Bunyola-2019.jpg\",\"contentUrl\":\"https:\\\/\\\/gastronomicament.cat\\\/wp-content\\\/uploads\\\/2019\\\/11\\\/Concurs-Cuina-Local-i-Justa-Bunyola-2019.jpg\",\"width\":1053,\"height\":765},{\"@type\":\"WebSite\",\"@id\":\"https:\\\/\\\/gastronomicament.cat\\\/de\\\/#website\",\"url\":\"https:\\\/\\\/gastronomicament.cat\\\/de\\\/\",\"name\":\"Gastron\u00f2micament\",\"description\":\"Portal de restaurants, receptes i actualitat gastron\u00f2mica\",\"publisher\":{\"@id\":\"https:\\\/\\\/gastronomicament.cat\\\/de\\\/#organization\"},\"potentialAction\":[{\"@type\":\"SearchAction\",\"target\":{\"@type\":\"EntryPoint\",\"urlTemplate\":\"https:\\\/\\\/gastronomicament.cat\\\/de\\\/?s={search_term_string}\"},\"query-input\":{\"@type\":\"PropertyValueSpecification\",\"valueRequired\":true,\"valueName\":\"search_term_string\"}}],\"inLanguage\":\"de\"},{\"@type\":\"Organization\",\"@id\":\"https:\\\/\\\/gastronomicament.cat\\\/de\\\/#organization\",\"name\":\"Gastron\u00f2micament\",\"url\":\"https:\\\/\\\/gastronomicament.cat\\\/de\\\/\",\"logo\":{\"@type\":\"ImageObject\",\"inLanguage\":\"de\",\"@id\":\"https:\\\/\\\/gastronomicament.cat\\\/de\\\/#\\\/schema\\\/logo\\\/image\\\/\",\"url\":\"https:\\\/\\\/gastronomicament.cat\\\/wp-content\\\/uploads\\\/2016\\\/09\\\/header-logo.jpg\",\"contentUrl\":\"https:\\\/\\\/gastronomicament.cat\\\/wp-content\\\/uploads\\\/2016\\\/09\\\/header-logo.jpg\",\"width\":277,\"height\":39,\"caption\":\"Gastron\u00f2micament\"},\"image\":{\"@id\":\"https:\\\/\\\/gastronomicament.cat\\\/de\\\/#\\\/schema\\\/logo\\\/image\\\/\"},\"sameAs\":[\"https:\\\/\\\/x.com\\\/gastronomicamen\"]},{\"@type\":\"Person\",\"@id\":\"https:\\\/\\\/gastronomicament.cat\\\/de\\\/#\\\/schema\\\/person\\\/a7c85c537a1ed62799a5b8e0f686a37f\",\"name\":\"Redacci\u00f3\",\"image\":{\"@type\":\"ImageObject\",\"inLanguage\":\"de\",\"@id\":\"https:\\\/\\\/secure.gravatar.com\\\/avatar\\\/9489a485c464fd611d33825daae651d13db70c4e74c65c94937a15a9d4c3ee14?s=96&d=mm&r=g69fea3cce3645dfa2166e7293e22955e\",\"url\":\"https:\\\/\\\/secure.gravatar.com\\\/avatar\\\/9489a485c464fd611d33825daae651d13db70c4e74c65c94937a15a9d4c3ee14?s=96&d=mm&r=g\",\"contentUrl\":\"https:\\\/\\\/secure.gravatar.com\\\/avatar\\\/9489a485c464fd611d33825daae651d13db70c4e74c65c94937a15a9d4c3ee14?s=96&d=mm&r=g\",\"caption\":\"Redacci\u00f3\"},\"sameAs\":[\"http:\\\/\\\/gastronomicament.cat\"],\"url\":\"https:\\\/\\\/gastronomicament.cat\\\/de\\\/author\\\/admin\"}]}<\/script>\n<!-- \/ Yoast SEO plugin. -->","yoast_head_json":{"title":"Concurs de Cuina Local i Justa a Bunyola - Gastron\u00f2micament","description":"Concurs de Cuina Local i Justa a Bunyola Actualitat, Concursos i premis L'Ajuntament de Bunyola, juntament amb S'Altra Senalla i l'Associaci\u00f3 d'Empresaris de Bunyola (AEB) han organitzat el primer\u00a0concurs Cuina Local i Justa. La cita tendr\u00e0 lloc el\u00a023 de novembre, a les 11.30 hores a la Pla\u00e7a de Bunyola","robots":{"index":"index","follow":"follow","max-snippet":"max-snippet:-1","max-image-preview":"max-image-preview:large","max-video-preview":"max-video-preview:-1"},"canonical":"https:\/\/gastronomicament.cat\/de\/concurs-de-cuina-local-i-justa-a-bunyola","og_locale":"de_DE","og_type":"article","og_title":"Concurs de Cuina Local i Justa a Bunyola - Gastron\u00f2micament","og_description":"Concurs de Cuina Local i Justa a Bunyola Actualitat, Concursos i premis L'Ajuntament de Bunyola, juntament amb S'Altra Senalla i l'Associaci\u00f3 d'Empresaris de Bunyola (AEB) han organitzat el primer\u00a0concurs Cuina Local i Justa. La cita tendr\u00e0 lloc el\u00a023 de novembre, a les 11.30 hores a la Pla\u00e7a de Bunyola","og_url":"https:\/\/gastronomicament.cat\/de\/concurs-de-cuina-local-i-justa-a-bunyola","og_site_name":"Gastron\u00f2micament","article_published_time":"2019-11-20T13:22:08+00:00","og_image":[{"width":1053,"height":765,"url":"https:\/\/gastronomicament.cat\/wp-content\/uploads\/2019\/11\/Concurs-Cuina-Local-i-Justa-Bunyola-2019.jpg","type":"image\/jpeg"}],"author":"Redacci\u00f3","twitter_card":"summary_large_image","twitter_creator":"@gastronomicamen","twitter_site":"@gastronomicamen","twitter_misc":{"Verfasst von":"Redacci\u00f3","Gesch\u00e4tzte Lesezeit":"1\u00a0Minute","Written by":"Redacci\u00f3"},"schema":{"@context":"https:\/\/schema.org","@graph":[{"@type":"Article","@id":"https:\/\/gastronomicament.cat\/de\/concurs-de-cuina-local-i-justa-a-bunyola#article","isPartOf":{"@id":"https:\/\/gastronomicament.cat\/de\/concurs-de-cuina-local-i-justa-a-bunyola"},"author":{"name":"Redacci\u00f3","@id":"https:\/\/gastronomicament.cat\/de\/#\/schema\/person\/a7c85c537a1ed62799a5b8e0f686a37f"},"headline":"Concurs de Cuina Local i Justa a Bunyola","datePublished":"2019-11-20T13:22:08+00:00","mainEntityOfPage":{"@id":"https:\/\/gastronomicament.cat\/de\/concurs-de-cuina-local-i-justa-a-bunyola"},"wordCount":285,"commentCount":0,"publisher":{"@id":"https:\/\/gastronomicament.cat\/de\/#organization"},"image":{"@id":"https:\/\/gastronomicament.cat\/de\/concurs-de-cuina-local-i-justa-a-bunyola#primaryimage"},"thumbnailUrl":"https:\/\/gastronomicament.cat\/wp-content\/uploads\/2019\/11\/Concurs-Cuina-Local-i-Justa-Bunyola-2019.jpg","articleSection":["Actualitat","Concursos i premis"],"inLanguage":"de","potentialAction":[{"@type":"CommentAction","name":"Comment","target":["https:\/\/gastronomicament.cat\/de\/concurs-de-cuina-local-i-justa-a-bunyola#respond"]}]},{"@type":"WebPage","@id":"https:\/\/gastronomicament.cat\/de\/concurs-de-cuina-local-i-justa-a-bunyola","url":"https:\/\/gastronomicament.cat\/de\/concurs-de-cuina-local-i-justa-a-bunyola","name":"Concurs de Cuina Local i Justa a Bunyola - Gastron\u00f2micament","isPartOf":{"@id":"https:\/\/gastronomicament.cat\/de\/#website"},"primaryImageOfPage":{"@id":"https:\/\/gastronomicament.cat\/de\/concurs-de-cuina-local-i-justa-a-bunyola#primaryimage"},"image":{"@id":"https:\/\/gastronomicament.cat\/de\/concurs-de-cuina-local-i-justa-a-bunyola#primaryimage"},"thumbnailUrl":"https:\/\/gastronomicament.cat\/wp-content\/uploads\/2019\/11\/Concurs-Cuina-Local-i-Justa-Bunyola-2019.jpg","datePublished":"2019-11-20T13:22:08+00:00","description":"Concurs de Cuina Local i Justa a Bunyola Actualitat, Concursos i premis L'Ajuntament de Bunyola, juntament amb S'Altra Senalla i l'Associaci\u00f3 d'Empresaris de Bunyola (AEB) han organitzat el primer\u00a0concurs Cuina Local i Justa. La cita tendr\u00e0 lloc el\u00a023 de novembre, a les 11.30 hores a la Pla\u00e7a de Bunyola","inLanguage":"de","potentialAction":[{"@type":"ReadAction","target":["https:\/\/gastronomicament.cat\/de\/concurs-de-cuina-local-i-justa-a-bunyola"]}]},{"@type":"ImageObject","inLanguage":"de","@id":"https:\/\/gastronomicament.cat\/de\/concurs-de-cuina-local-i-justa-a-bunyola#primaryimage","url":"https:\/\/gastronomicament.cat\/wp-content\/uploads\/2019\/11\/Concurs-Cuina-Local-i-Justa-Bunyola-2019.jpg","contentUrl":"https:\/\/gastronomicament.cat\/wp-content\/uploads\/2019\/11\/Concurs-Cuina-Local-i-Justa-Bunyola-2019.jpg","width":1053,"height":765},{"@type":"WebSite","@id":"https:\/\/gastronomicament.cat\/de\/#website","url":"https:\/\/gastronomicament.cat\/de\/","name":"Gastron\u00f2micament","description":"Portal de restaurants, receptes i actualitat gastron\u00f2mica","publisher":{"@id":"https:\/\/gastronomicament.cat\/de\/#organization"},"potentialAction":[{"@type":"SearchAction","target":{"@type":"EntryPoint","urlTemplate":"https:\/\/gastronomicament.cat\/de\/?s={search_term_string}"},"query-input":{"@type":"PropertyValueSpecification","valueRequired":true,"valueName":"search_term_string"}}],"inLanguage":"de"},{"@type":"Organization","@id":"https:\/\/gastronomicament.cat\/de\/#organization","name":"Gastron\u00f2micament","url":"https:\/\/gastronomicament.cat\/de\/","logo":{"@type":"ImageObject","inLanguage":"de","@id":"https:\/\/gastronomicament.cat\/de\/#\/schema\/logo\/image\/","url":"https:\/\/gastronomicament.cat\/wp-content\/uploads\/2016\/09\/header-logo.jpg","contentUrl":"https:\/\/gastronomicament.cat\/wp-content\/uploads\/2016\/09\/header-logo.jpg","width":277,"height":39,"caption":"Gastron\u00f2micament"},"image":{"@id":"https:\/\/gastronomicament.cat\/de\/#\/schema\/logo\/image\/"},"sameAs":["https:\/\/x.com\/gastronomicamen"]},{"@type":"Person","@id":"https:\/\/gastronomicament.cat\/de\/#\/schema\/person\/a7c85c537a1ed62799a5b8e0f686a37f","name":"Redacci\u00f3","image":{"@type":"ImageObject","inLanguage":"de","@id":"https:\/\/secure.gravatar.com\/avatar\/9489a485c464fd611d33825daae651d13db70c4e74c65c94937a15a9d4c3ee14?s=96&d=mm&r=g69fea3cce3645dfa2166e7293e22955e","url":"https:\/\/secure.gravatar.com\/avatar\/9489a485c464fd611d33825daae651d13db70c4e74c65c94937a15a9d4c3ee14?s=96&d=mm&r=g","contentUrl":"https:\/\/secure.gravatar.com\/avatar\/9489a485c464fd611d33825daae651d13db70c4e74c65c94937a15a9d4c3ee14?s=96&d=mm&r=g","caption":"Redacci\u00f3"},"sameAs":["http:\/\/gastronomicament.cat"],"url":"https:\/\/gastronomicament.cat\/de\/author\/admin"}]}},"_links":{"self":[{"href":"https:\/\/gastronomicament.cat\/de\/wp-json\/wp\/v2\/posts\/62472","targetHints":{"allow":["GET"]}}],"collection":[{"href":"https:\/\/gastronomicament.cat\/de\/wp-json\/wp\/v2\/posts"}],"about":[{"href":"https:\/\/gastronomicament.cat\/de\/wp-json\/wp\/v2\/types\/post"}],"author":[{"embeddable":true,"href":"https:\/\/gastronomicament.cat\/de\/wp-json\/wp\/v2\/users\/1"}],"replies":[{"embeddable":true,"href":"https:\/\/gastronomicament.cat\/de\/wp-json\/wp\/v2\/comments?post=62472"}],"version-history":[{"count":0,"href":"https:\/\/gastronomicament.cat\/de\/wp-json\/wp\/v2\/posts\/62472\/revisions"}],"wp:featuredmedia":[{"embeddable":true,"href":"https:\/\/gastronomicament.cat\/de\/wp-json\/wp\/v2\/media\/62473"}],"wp:attachment":[{"href":"https:\/\/gastronomicament.cat\/de\/wp-json\/wp\/v2\/media?parent=62472"}],"wp:term":[{"taxonomy":"category","embeddable":true,"href":"https:\/\/gastronomicament.cat\/de\/wp-json\/wp\/v2\/categories?post=62472"},{"taxonomy":"post_tag","embeddable":true,"href":"https:\/\/gastronomicament.cat\/de\/wp-json\/wp\/v2\/tags?post=62472"},{"taxonomy":"author","embeddable":true,"href":"https:\/\/gastronomicament.cat\/de\/wp-json\/wp\/v2\/coauthors?post=62472"}],"curies":[{"name":"wp","href":"https:\/\/api.w.org\/{rel}","templated":true}]}}