{"id":62956,"date":"2019-10-01T10:12:57","date_gmt":"2019-10-01T08:12:57","guid":{"rendered":"https:\/\/gastronomicament.cat\/esporles-torna-a-celebrar-una-gran-fira-dolca"},"modified":"2022-04-09T09:48:13","modified_gmt":"2022-04-09T07:48:13","slug":"esporles-torna-a-celebrar-una-gran-fira-dolca","status":"publish","type":"post","link":"https:\/\/gastronomicament.cat\/de\/esporles-torna-a-celebrar-una-gran-fira-dolca","title":{"rendered":"Esporles torna a celebrar una gran Fira Dol\u00e7a"},"content":{"rendered":"<p><strong>Esporles\u00a0<\/strong>torna a ser la capital de les persones m\u00e9s ll\u00e9poles. La<strong>\u00a0Fira Dol\u00e7a<\/strong>\u00a0arriba un any m\u00e9s el primer cap de setmana d&#8217;octubre amb nombrosos expositors i un programa d&#8217;activitats destacat. La cita d&#8217;aquesta\u00a0<strong>15a edici\u00f3<\/strong>\u00a0tendr\u00e0 lloc dia<strong>\u00a06 d&#8217;octubre<\/strong>\u00a0hi hi trobareu tallers de receptes dolces, cuina sense gluten, tast de vins i d&#8217;ensa\u00efmades, a m\u00e9s de m\u00fasica i ball.<\/p>\n<p>Ara b\u00e9, dia\u00a0<strong>5 d&#8217;octubre<\/strong>\u00a0tamb\u00e9 s&#8217;han organitzat difersnts activitas.\u00a0A les 17.30 hores, al Centre Cotoner, hi haur\u00e0 un<strong>\u00a0taller de decoraci\u00f3 de coques i pastissos per a tota la fam\u00edlia<\/strong>. A m\u00e9s, a les 19.30 hores, hi haur\u00e0 un\u00a0<strong>maridatge de dol\u00e7os i vi<\/strong>, a sa F\u00e0brica, amb el sommelier Toni Fern\u00e1ndez i els vins de la Denominaci\u00f3 d&#8217;Origen Pla i Llevant.<\/p>\n<p>Pel que fa al dia de la\u00a0<strong>Fira Dol\u00e7a, dia 6 d&#8217;octubre<\/strong>, cal fer especial esment a les activitats que tenen lloc a la\u00a0<strong>Placeta des Jardinet<\/strong>:<\/p>\n<ul>\n<li>10.30 h:\u00a0 Mostra de\u00a0<strong>cuina sense gluten<\/strong>, a c\u00e0rrec de Rosa Maria Pons de Dulcel\u00edaco.<\/li>\n<li>11 h Nutri sin excusas.\u00a0<strong>Dol\u00e7os \u00a0saludables<\/strong>\u00a0amb Rosa Rullan.<\/li>\n<li>11.30 h: \u00a0 Aix\u00f2 \u00e9s la llet (amb xocolata)! \u00a0<strong>Taller de receptes dolces amb Laccao<\/strong>.<\/li>\n<li>12.30 h: Presentaci\u00f3 del llibre de Tom\u00e0s Vibot<em>\u00a0<strong>L&#8217;ensa\u00efmada. L&#8217;espiral del plaer<\/strong><\/em>. Amb degustaci\u00f3 d&#8217;ensa\u00efmada i de vi dol\u00e7 del celler Es Verger.<\/li>\n<li>13 h: Aix\u00f2 \u00e9s la llet (amb xocolata)!\u00a0 Taller de receptes dolces amb Laccao.<\/li>\n<li>13.30 h:\u00a0<strong>Tast de vins<\/strong> del celler Es Verger.<\/li>\n<li>15 h:\u00a0\u00a0<strong>Mostra de cuina\u00a0<\/strong>a c\u00e0rrec dels alumnes de l&#8217;EHIB.<\/li>\n<li>16 h: Actuaci\u00f3 musical de\u00a0<strong>swing\u00a0<\/strong>amb Wacky Tobacco.<\/li>\n<li>17.30 h: Actuaci\u00f3<strong>\u00a0Cor d&#8217;Esporles<\/strong>.<\/li>\n<li>18.30 h:\u00a0<strong>Ballada popular\u00a0<\/strong>amb el grup Roada.<\/li>\n<\/ul>\n<p>A m\u00e9s a m\u00e9s, hi haur\u00e0\u00a0<strong>Bus Tram<\/strong>, de les 9 fins a les a les 18 hores, que acostar\u00e0 els visitants des de la zona d&#8217;aparcament fins al final del poble i a la Granja. Tamb\u00e9 hi haur\u00e0 diverses activitats al carrer de Joan Riutort com la\u00a0<strong>Trobada de Brodadores, Randeres i Floreres<\/strong>, el\u00a0<strong>mercadet de segona m\u00e0<\/strong>\u00a0de l&#8217;ONG Esporles al M\u00f3n , el contacontes de la\u00a0<strong>rondalla Maristel\u00b7la<\/strong>\u00a0(a les 11.30 hores, i les motos\u00a0<strong>Harley Davidson<\/strong>\u00a0,a les 12 h.<\/p>\n<p>La Placeta des Brollador tamb\u00e9 acollir\u00e0 activitats curioses com l&#8217;exhibici\u00f3 del campi\u00f3 de Espanya de figures amb motosserra, a m\u00e9s de la m\u00fasica que posaran els punxadiscos Terreta (17 h), Ses Cabratjines (19.30 h) i Panjah Indi (22 h).<\/p>\n<p>Consultau tot el\u00a0<a href=\"https:\/\/gastronomicament.cat\/wp-content\/uploads\/2019\/09\/Programa-Fira-Dol%C3%A7a-Esporles-2019.pdf\">programa de la Fira Dol\u00e7a d&#8217;Esporles 2019 aqu\u00ed<\/a>.<\/p>\n","protected":false},"excerpt":{"rendered":"<p>La cita d&#8217;aquesta\u00a015a edici\u00f3\u00a0tendr\u00e0 lloc dia\u00a06 d&#8217;octubre\u00a0hi hi trobareu tallers de receptes dolces, cuina sense gluten,&hellip;<\/p>\n","protected":false},"author":1,"featured_media":62957,"comment_status":"open","ping_status":"closed","sticky":false,"template":"","format":"gallery","meta":{"_acf_changed":false,"_swt_meta_header_display":false,"_swt_meta_footer_display":false,"_swt_meta_site_title_display":false,"_swt_meta_sticky_header":false,"_swt_meta_transparent_header":false,"footnotes":""},"categories":[1050,1473],"tags":[],"coauthors":[],"class_list":["post-62956","post","type-post","status-publish","format-gallery","has-post-thumbnail","hentry","category-actualitat-es-de","category-fires-i-rutes-de","post_format-post-format-gallery"],"acf":{"gallery":null,"home_date":{"home_begin_date":null,"home_end_date":null}},"yoast_head":"<!-- This site is optimized with the Yoast SEO plugin v27.4 - https:\/\/yoast.com\/product\/yoast-seo-wordpress\/ -->\n<title>Esporles torna a celebrar una gran Fira Dol\u00e7a - Gastron\u00f2micament<\/title>\n<meta name=\"description\" content=\"Esporles torna a celebrar una gran Fira Dol\u00e7a Actualitat, Fires i rutes La cita d&#039;aquesta\u00a015a edici\u00f3\u00a0tendr\u00e0 lloc dia\u00a06 d&#039;octubre\u00a0hi hi trobareu tallers de receptes dolces, cuina sense gluten, tast de vins i d&#039;ensa\u00efmades, a m\u00e9s de m\u00fasica i ball\" \/>\n<meta name=\"robots\" content=\"index, follow, max-snippet:-1, max-image-preview:large, max-video-preview:-1\" \/>\n<link rel=\"canonical\" href=\"https:\/\/gastronomicament.cat\/de\/esporles-torna-a-celebrar-una-gran-fira-dolca\" \/>\n<meta property=\"og:locale\" content=\"de_DE\" \/>\n<meta property=\"og:type\" content=\"article\" \/>\n<meta property=\"og:title\" content=\"Esporles torna a celebrar una gran Fira Dol\u00e7a - Gastron\u00f2micament\" \/>\n<meta property=\"og:description\" content=\"Esporles torna a celebrar una gran Fira Dol\u00e7a Actualitat, Fires i rutes La cita d&#039;aquesta\u00a015a edici\u00f3\u00a0tendr\u00e0 lloc dia\u00a06 d&#039;octubre\u00a0hi hi trobareu tallers de receptes dolces, cuina sense gluten, tast de vins i d&#039;ensa\u00efmades, a m\u00e9s de m\u00fasica i ball\" \/>\n<meta property=\"og:url\" content=\"https:\/\/gastronomicament.cat\/de\/esporles-torna-a-celebrar-una-gran-fira-dolca\" \/>\n<meta property=\"og:site_name\" content=\"Gastron\u00f2micament\" \/>\n<meta property=\"article:published_time\" content=\"2019-10-01T08:12:57+00:00\" \/>\n<meta property=\"article:modified_time\" content=\"2022-04-09T07:48:13+00:00\" \/>\n<meta property=\"og:image\" content=\"https:\/\/gastronomicament.cat\/wp-content\/uploads\/2019\/10\/Fira-Dolca-Esporles-2019.jpg\" \/>\n\t<meta property=\"og:image:width\" content=\"1086\" \/>\n\t<meta property=\"og:image:height\" content=\"651\" \/>\n\t<meta property=\"og:image:type\" content=\"image\/jpeg\" \/>\n<meta name=\"author\" content=\"Redacci\u00f3\" \/>\n<meta name=\"twitter:card\" content=\"summary_large_image\" \/>\n<meta name=\"twitter:creator\" content=\"@gastronomicamen\" \/>\n<meta name=\"twitter:site\" content=\"@gastronomicamen\" \/>\n<meta name=\"twitter:label1\" content=\"Verfasst von\" \/>\n\t<meta name=\"twitter:data1\" content=\"Redacci\u00f3\" \/>\n\t<meta name=\"twitter:label2\" content=\"Gesch\u00e4tzte Lesezeit\" \/>\n\t<meta name=\"twitter:data2\" content=\"2\u00a0Minuten\" \/>\n\t<meta name=\"twitter:label3\" content=\"Written by\" \/>\n\t<meta name=\"twitter:data3\" content=\"Redacci\u00f3\" \/>\n<script type=\"application\/ld+json\" class=\"yoast-schema-graph\">{\"@context\":\"https:\\\/\\\/schema.org\",\"@graph\":[{\"@type\":\"Article\",\"@id\":\"https:\\\/\\\/gastronomicament.cat\\\/de\\\/esporles-torna-a-celebrar-una-gran-fira-dolca#article\",\"isPartOf\":{\"@id\":\"https:\\\/\\\/gastronomicament.cat\\\/de\\\/esporles-torna-a-celebrar-una-gran-fira-dolca\"},\"author\":{\"name\":\"Redacci\u00f3\",\"@id\":\"https:\\\/\\\/gastronomicament.cat\\\/de\\\/#\\\/schema\\\/person\\\/a7c85c537a1ed62799a5b8e0f686a37f\"},\"headline\":\"Esporles torna a celebrar una gran Fira Dol\u00e7a\",\"datePublished\":\"2019-10-01T08:12:57+00:00\",\"dateModified\":\"2022-04-09T07:48:13+00:00\",\"mainEntityOfPage\":{\"@id\":\"https:\\\/\\\/gastronomicament.cat\\\/de\\\/esporles-torna-a-celebrar-una-gran-fira-dolca\"},\"wordCount\":418,\"commentCount\":0,\"publisher\":{\"@id\":\"https:\\\/\\\/gastronomicament.cat\\\/de\\\/#organization\"},\"image\":{\"@id\":\"https:\\\/\\\/gastronomicament.cat\\\/de\\\/esporles-torna-a-celebrar-una-gran-fira-dolca#primaryimage\"},\"thumbnailUrl\":\"https:\\\/\\\/gastronomicament.cat\\\/wp-content\\\/uploads\\\/2019\\\/10\\\/Fira-Dolca-Esporles-2019.jpg\",\"articleSection\":[\"Actualitat\",\"Fires i rutes\"],\"inLanguage\":\"de\",\"potentialAction\":[{\"@type\":\"CommentAction\",\"name\":\"Comment\",\"target\":[\"https:\\\/\\\/gastronomicament.cat\\\/de\\\/esporles-torna-a-celebrar-una-gran-fira-dolca#respond\"]}]},{\"@type\":\"WebPage\",\"@id\":\"https:\\\/\\\/gastronomicament.cat\\\/de\\\/esporles-torna-a-celebrar-una-gran-fira-dolca\",\"url\":\"https:\\\/\\\/gastronomicament.cat\\\/de\\\/esporles-torna-a-celebrar-una-gran-fira-dolca\",\"name\":\"Esporles torna a celebrar una gran Fira Dol\u00e7a - Gastron\u00f2micament\",\"isPartOf\":{\"@id\":\"https:\\\/\\\/gastronomicament.cat\\\/de\\\/#website\"},\"primaryImageOfPage\":{\"@id\":\"https:\\\/\\\/gastronomicament.cat\\\/de\\\/esporles-torna-a-celebrar-una-gran-fira-dolca#primaryimage\"},\"image\":{\"@id\":\"https:\\\/\\\/gastronomicament.cat\\\/de\\\/esporles-torna-a-celebrar-una-gran-fira-dolca#primaryimage\"},\"thumbnailUrl\":\"https:\\\/\\\/gastronomicament.cat\\\/wp-content\\\/uploads\\\/2019\\\/10\\\/Fira-Dolca-Esporles-2019.jpg\",\"datePublished\":\"2019-10-01T08:12:57+00:00\",\"dateModified\":\"2022-04-09T07:48:13+00:00\",\"description\":\"Esporles torna a celebrar una gran Fira Dol\u00e7a Actualitat, Fires i rutes La cita d'aquesta\u00a015a edici\u00f3\u00a0tendr\u00e0 lloc dia\u00a06 d'octubre\u00a0hi hi trobareu tallers de receptes dolces, cuina sense gluten, tast de vins i d'ensa\u00efmades, a m\u00e9s de m\u00fasica i ball\",\"inLanguage\":\"de\",\"potentialAction\":[{\"@type\":\"ReadAction\",\"target\":[\"https:\\\/\\\/gastronomicament.cat\\\/de\\\/esporles-torna-a-celebrar-una-gran-fira-dolca\"]}]},{\"@type\":\"ImageObject\",\"inLanguage\":\"de\",\"@id\":\"https:\\\/\\\/gastronomicament.cat\\\/de\\\/esporles-torna-a-celebrar-una-gran-fira-dolca#primaryimage\",\"url\":\"https:\\\/\\\/gastronomicament.cat\\\/wp-content\\\/uploads\\\/2019\\\/10\\\/Fira-Dolca-Esporles-2019.jpg\",\"contentUrl\":\"https:\\\/\\\/gastronomicament.cat\\\/wp-content\\\/uploads\\\/2019\\\/10\\\/Fira-Dolca-Esporles-2019.jpg\",\"width\":1086,\"height\":651},{\"@type\":\"WebSite\",\"@id\":\"https:\\\/\\\/gastronomicament.cat\\\/de\\\/#website\",\"url\":\"https:\\\/\\\/gastronomicament.cat\\\/de\\\/\",\"name\":\"Gastron\u00f2micament\",\"description\":\"Portal de restaurants, receptes i actualitat gastron\u00f2mica\",\"publisher\":{\"@id\":\"https:\\\/\\\/gastronomicament.cat\\\/de\\\/#organization\"},\"potentialAction\":[{\"@type\":\"SearchAction\",\"target\":{\"@type\":\"EntryPoint\",\"urlTemplate\":\"https:\\\/\\\/gastronomicament.cat\\\/de\\\/?s={search_term_string}\"},\"query-input\":{\"@type\":\"PropertyValueSpecification\",\"valueRequired\":true,\"valueName\":\"search_term_string\"}}],\"inLanguage\":\"de\"},{\"@type\":\"Organization\",\"@id\":\"https:\\\/\\\/gastronomicament.cat\\\/de\\\/#organization\",\"name\":\"Gastron\u00f2micament\",\"url\":\"https:\\\/\\\/gastronomicament.cat\\\/de\\\/\",\"logo\":{\"@type\":\"ImageObject\",\"inLanguage\":\"de\",\"@id\":\"https:\\\/\\\/gastronomicament.cat\\\/de\\\/#\\\/schema\\\/logo\\\/image\\\/\",\"url\":\"https:\\\/\\\/gastronomicament.cat\\\/wp-content\\\/uploads\\\/2016\\\/09\\\/header-logo.jpg\",\"contentUrl\":\"https:\\\/\\\/gastronomicament.cat\\\/wp-content\\\/uploads\\\/2016\\\/09\\\/header-logo.jpg\",\"width\":277,\"height\":39,\"caption\":\"Gastron\u00f2micament\"},\"image\":{\"@id\":\"https:\\\/\\\/gastronomicament.cat\\\/de\\\/#\\\/schema\\\/logo\\\/image\\\/\"},\"sameAs\":[\"https:\\\/\\\/x.com\\\/gastronomicamen\"]},{\"@type\":\"Person\",\"@id\":\"https:\\\/\\\/gastronomicament.cat\\\/de\\\/#\\\/schema\\\/person\\\/a7c85c537a1ed62799a5b8e0f686a37f\",\"name\":\"Redacci\u00f3\",\"image\":{\"@type\":\"ImageObject\",\"inLanguage\":\"de\",\"@id\":\"https:\\\/\\\/secure.gravatar.com\\\/avatar\\\/9489a485c464fd611d33825daae651d13db70c4e74c65c94937a15a9d4c3ee14?s=96&d=mm&r=g69fea3cce3645dfa2166e7293e22955e\",\"url\":\"https:\\\/\\\/secure.gravatar.com\\\/avatar\\\/9489a485c464fd611d33825daae651d13db70c4e74c65c94937a15a9d4c3ee14?s=96&d=mm&r=g\",\"contentUrl\":\"https:\\\/\\\/secure.gravatar.com\\\/avatar\\\/9489a485c464fd611d33825daae651d13db70c4e74c65c94937a15a9d4c3ee14?s=96&d=mm&r=g\",\"caption\":\"Redacci\u00f3\"},\"sameAs\":[\"http:\\\/\\\/gastronomicament.cat\"],\"url\":\"https:\\\/\\\/gastronomicament.cat\\\/de\\\/author\\\/admin\"}]}<\/script>\n<!-- \/ Yoast SEO plugin. -->","yoast_head_json":{"title":"Esporles torna a celebrar una gran Fira Dol\u00e7a - Gastron\u00f2micament","description":"Esporles torna a celebrar una gran Fira Dol\u00e7a Actualitat, Fires i rutes La cita d'aquesta\u00a015a edici\u00f3\u00a0tendr\u00e0 lloc dia\u00a06 d'octubre\u00a0hi hi trobareu tallers de receptes dolces, cuina sense gluten, tast de vins i d'ensa\u00efmades, a m\u00e9s de m\u00fasica i ball","robots":{"index":"index","follow":"follow","max-snippet":"max-snippet:-1","max-image-preview":"max-image-preview:large","max-video-preview":"max-video-preview:-1"},"canonical":"https:\/\/gastronomicament.cat\/de\/esporles-torna-a-celebrar-una-gran-fira-dolca","og_locale":"de_DE","og_type":"article","og_title":"Esporles torna a celebrar una gran Fira Dol\u00e7a - Gastron\u00f2micament","og_description":"Esporles torna a celebrar una gran Fira Dol\u00e7a Actualitat, Fires i rutes La cita d'aquesta\u00a015a edici\u00f3\u00a0tendr\u00e0 lloc dia\u00a06 d'octubre\u00a0hi hi trobareu tallers de receptes dolces, cuina sense gluten, tast de vins i d'ensa\u00efmades, a m\u00e9s de m\u00fasica i ball","og_url":"https:\/\/gastronomicament.cat\/de\/esporles-torna-a-celebrar-una-gran-fira-dolca","og_site_name":"Gastron\u00f2micament","article_published_time":"2019-10-01T08:12:57+00:00","article_modified_time":"2022-04-09T07:48:13+00:00","og_image":[{"width":1086,"height":651,"url":"https:\/\/gastronomicament.cat\/wp-content\/uploads\/2019\/10\/Fira-Dolca-Esporles-2019.jpg","type":"image\/jpeg"}],"author":"Redacci\u00f3","twitter_card":"summary_large_image","twitter_creator":"@gastronomicamen","twitter_site":"@gastronomicamen","twitter_misc":{"Verfasst von":"Redacci\u00f3","Gesch\u00e4tzte Lesezeit":"2\u00a0Minuten","Written by":"Redacci\u00f3"},"schema":{"@context":"https:\/\/schema.org","@graph":[{"@type":"Article","@id":"https:\/\/gastronomicament.cat\/de\/esporles-torna-a-celebrar-una-gran-fira-dolca#article","isPartOf":{"@id":"https:\/\/gastronomicament.cat\/de\/esporles-torna-a-celebrar-una-gran-fira-dolca"},"author":{"name":"Redacci\u00f3","@id":"https:\/\/gastronomicament.cat\/de\/#\/schema\/person\/a7c85c537a1ed62799a5b8e0f686a37f"},"headline":"Esporles torna a celebrar una gran Fira Dol\u00e7a","datePublished":"2019-10-01T08:12:57+00:00","dateModified":"2022-04-09T07:48:13+00:00","mainEntityOfPage":{"@id":"https:\/\/gastronomicament.cat\/de\/esporles-torna-a-celebrar-una-gran-fira-dolca"},"wordCount":418,"commentCount":0,"publisher":{"@id":"https:\/\/gastronomicament.cat\/de\/#organization"},"image":{"@id":"https:\/\/gastronomicament.cat\/de\/esporles-torna-a-celebrar-una-gran-fira-dolca#primaryimage"},"thumbnailUrl":"https:\/\/gastronomicament.cat\/wp-content\/uploads\/2019\/10\/Fira-Dolca-Esporles-2019.jpg","articleSection":["Actualitat","Fires i rutes"],"inLanguage":"de","potentialAction":[{"@type":"CommentAction","name":"Comment","target":["https:\/\/gastronomicament.cat\/de\/esporles-torna-a-celebrar-una-gran-fira-dolca#respond"]}]},{"@type":"WebPage","@id":"https:\/\/gastronomicament.cat\/de\/esporles-torna-a-celebrar-una-gran-fira-dolca","url":"https:\/\/gastronomicament.cat\/de\/esporles-torna-a-celebrar-una-gran-fira-dolca","name":"Esporles torna a celebrar una gran Fira Dol\u00e7a - Gastron\u00f2micament","isPartOf":{"@id":"https:\/\/gastronomicament.cat\/de\/#website"},"primaryImageOfPage":{"@id":"https:\/\/gastronomicament.cat\/de\/esporles-torna-a-celebrar-una-gran-fira-dolca#primaryimage"},"image":{"@id":"https:\/\/gastronomicament.cat\/de\/esporles-torna-a-celebrar-una-gran-fira-dolca#primaryimage"},"thumbnailUrl":"https:\/\/gastronomicament.cat\/wp-content\/uploads\/2019\/10\/Fira-Dolca-Esporles-2019.jpg","datePublished":"2019-10-01T08:12:57+00:00","dateModified":"2022-04-09T07:48:13+00:00","description":"Esporles torna a celebrar una gran Fira Dol\u00e7a Actualitat, Fires i rutes La cita d'aquesta\u00a015a edici\u00f3\u00a0tendr\u00e0 lloc dia\u00a06 d'octubre\u00a0hi hi trobareu tallers de receptes dolces, cuina sense gluten, tast de vins i d'ensa\u00efmades, a m\u00e9s de m\u00fasica i ball","inLanguage":"de","potentialAction":[{"@type":"ReadAction","target":["https:\/\/gastronomicament.cat\/de\/esporles-torna-a-celebrar-una-gran-fira-dolca"]}]},{"@type":"ImageObject","inLanguage":"de","@id":"https:\/\/gastronomicament.cat\/de\/esporles-torna-a-celebrar-una-gran-fira-dolca#primaryimage","url":"https:\/\/gastronomicament.cat\/wp-content\/uploads\/2019\/10\/Fira-Dolca-Esporles-2019.jpg","contentUrl":"https:\/\/gastronomicament.cat\/wp-content\/uploads\/2019\/10\/Fira-Dolca-Esporles-2019.jpg","width":1086,"height":651},{"@type":"WebSite","@id":"https:\/\/gastronomicament.cat\/de\/#website","url":"https:\/\/gastronomicament.cat\/de\/","name":"Gastron\u00f2micament","description":"Portal de restaurants, receptes i actualitat gastron\u00f2mica","publisher":{"@id":"https:\/\/gastronomicament.cat\/de\/#organization"},"potentialAction":[{"@type":"SearchAction","target":{"@type":"EntryPoint","urlTemplate":"https:\/\/gastronomicament.cat\/de\/?s={search_term_string}"},"query-input":{"@type":"PropertyValueSpecification","valueRequired":true,"valueName":"search_term_string"}}],"inLanguage":"de"},{"@type":"Organization","@id":"https:\/\/gastronomicament.cat\/de\/#organization","name":"Gastron\u00f2micament","url":"https:\/\/gastronomicament.cat\/de\/","logo":{"@type":"ImageObject","inLanguage":"de","@id":"https:\/\/gastronomicament.cat\/de\/#\/schema\/logo\/image\/","url":"https:\/\/gastronomicament.cat\/wp-content\/uploads\/2016\/09\/header-logo.jpg","contentUrl":"https:\/\/gastronomicament.cat\/wp-content\/uploads\/2016\/09\/header-logo.jpg","width":277,"height":39,"caption":"Gastron\u00f2micament"},"image":{"@id":"https:\/\/gastronomicament.cat\/de\/#\/schema\/logo\/image\/"},"sameAs":["https:\/\/x.com\/gastronomicamen"]},{"@type":"Person","@id":"https:\/\/gastronomicament.cat\/de\/#\/schema\/person\/a7c85c537a1ed62799a5b8e0f686a37f","name":"Redacci\u00f3","image":{"@type":"ImageObject","inLanguage":"de","@id":"https:\/\/secure.gravatar.com\/avatar\/9489a485c464fd611d33825daae651d13db70c4e74c65c94937a15a9d4c3ee14?s=96&d=mm&r=g69fea3cce3645dfa2166e7293e22955e","url":"https:\/\/secure.gravatar.com\/avatar\/9489a485c464fd611d33825daae651d13db70c4e74c65c94937a15a9d4c3ee14?s=96&d=mm&r=g","contentUrl":"https:\/\/secure.gravatar.com\/avatar\/9489a485c464fd611d33825daae651d13db70c4e74c65c94937a15a9d4c3ee14?s=96&d=mm&r=g","caption":"Redacci\u00f3"},"sameAs":["http:\/\/gastronomicament.cat"],"url":"https:\/\/gastronomicament.cat\/de\/author\/admin"}]}},"_links":{"self":[{"href":"https:\/\/gastronomicament.cat\/de\/wp-json\/wp\/v2\/posts\/62956","targetHints":{"allow":["GET"]}}],"collection":[{"href":"https:\/\/gastronomicament.cat\/de\/wp-json\/wp\/v2\/posts"}],"about":[{"href":"https:\/\/gastronomicament.cat\/de\/wp-json\/wp\/v2\/types\/post"}],"author":[{"embeddable":true,"href":"https:\/\/gastronomicament.cat\/de\/wp-json\/wp\/v2\/users\/1"}],"replies":[{"embeddable":true,"href":"https:\/\/gastronomicament.cat\/de\/wp-json\/wp\/v2\/comments?post=62956"}],"version-history":[{"count":0,"href":"https:\/\/gastronomicament.cat\/de\/wp-json\/wp\/v2\/posts\/62956\/revisions"}],"wp:featuredmedia":[{"embeddable":true,"href":"https:\/\/gastronomicament.cat\/de\/wp-json\/wp\/v2\/media\/62957"}],"wp:attachment":[{"href":"https:\/\/gastronomicament.cat\/de\/wp-json\/wp\/v2\/media?parent=62956"}],"wp:term":[{"taxonomy":"category","embeddable":true,"href":"https:\/\/gastronomicament.cat\/de\/wp-json\/wp\/v2\/categories?post=62956"},{"taxonomy":"post_tag","embeddable":true,"href":"https:\/\/gastronomicament.cat\/de\/wp-json\/wp\/v2\/tags?post=62956"},{"taxonomy":"author","embeddable":true,"href":"https:\/\/gastronomicament.cat\/de\/wp-json\/wp\/v2\/coauthors?post=62956"}],"curies":[{"name":"wp","href":"https:\/\/api.w.org\/{rel}","templated":true}]}}