{"id":63360,"date":"2019-07-25T10:16:29","date_gmt":"2019-07-25T08:16:29","guid":{"rendered":"https:\/\/gastronomicament.cat\/tomatast-una-proposta-per-coneixer-i-degustar-les-tomatigues"},"modified":"2022-04-09T09:51:15","modified_gmt":"2022-04-09T07:51:15","slug":"tomatast-una-proposta-per-coneixer-i-degustar-les-tomatigues","status":"publish","type":"post","link":"https:\/\/gastronomicament.cat\/de\/tomatast-una-proposta-per-coneixer-i-degustar-les-tomatigues","title":{"rendered":"[:en]Tomatast, una proposta per con\u00e8ixer i degustar les tom\u00e0tigues[:]"},"content":{"rendered":"<p>Els pagesos de\u00a0<strong>Terracor<\/strong> (Manacor)\u00a0han organitzat una activitat ben saborosa que han batiat amb el nom de\u00a0<strong>Tomatast<\/strong>. L&#8217;activitat consisteix en un tast de tom\u00e0tigues que t\u00e9 com a objectiu donar a con\u00e8ixer l&#8217;aut\u00e8ntic sabor dels tom\u00e0quets mallorquins perqu\u00e8 els consumidors assaboreixin les varietats aut\u00f2ctones de tom\u00e0tigues de Mallorca en el moment \u00f2ptim de maduresa, que \u00e9s quan el fruit ofereix la melositat i dol\u00e7or que el caracteritzen.<\/p>\n<p>La primera d&#8217;aquestes activitats ha tengut lloc el 12 de juliol i la seg\u00fcent ser\u00e0 el\u00a0<strong>divendres 26 de juliol<\/strong>. Els assistents poden con\u00e8ixer les plantacions de tomatigueres de Terracor, que cultiva un total\u00a0<strong>28 varietats de tom\u00e0tiques<\/strong>. L&#8217;activitat es complementa amb un<strong>\u00a0show cooking<\/strong>\u00a0a c\u00e0rrec del\u00a0<strong>cuiner<\/strong>\u00a0de Terragust,\u00a0<strong>Biel Llull Galm\u00e9s<\/strong>\u00a0-conegut com Biel Cornet- qui \u00e9s l&#8217;encarregat de preparar un\u00a0<strong>men\u00fa<\/strong>\u00a0ben complet, amb plats com:<\/p>\n<ul>\n<li>Broqueta de tom\u00e0tigues de cirerol, anxova i formatge<\/li>\n<li>Coca de tom\u00e0tiga confitada i arengades<\/li>\n<li>Galletes d&#8217;oli amb confitura de tom\u00e0tiga coenta<\/li>\n<li>Pamboli de tom\u00e0tiga de ramallet, embotits i formatge de Sa Teulera<\/li>\n<li>Bistec de tom\u00e0tiga de cor de bou al forn amb\u00a0<em>pico de gallo<\/em>, figues, formatge vell i brossat<\/li>\n<li>Panacotta de vainilla amb coulis de tom\u00e0tiga i granissat de menta.<\/li>\n<\/ul>\n<p>L&#8217;activitat comen\u00e7a a les 19 hores i t\u00e9 un preu de\u00a0<strong>25 euros, que inclou la visita, la demostraci\u00f3 de cuina i el men\u00fa<\/strong>, amb vi, aigua i caf\u00e8 inclosos. Per als<strong>menors de 10 anys \u00e9s gratu\u00eft<\/strong>. Podeu apuntar-vos-hi a:\u00a0<em>reservas<\/em>\u00a0[arrova]\u00a0<em>terragust<\/em>\u00a0[punt]\u00a0<em>es<\/em><\/p>\n<pre>Autoria de les fotografies: Antoni L\u00f3pez Mayol<\/pre>\n","protected":false},"excerpt":{"rendered":"<p>[:en]L&#8217;activitat consisteix en un tast de tom\u00e0tigues que t\u00e9 com a objectiu donar a con\u00e8ixer l&#8217;aut\u00e8ntic&hellip;<\/p>\n","protected":false},"author":1,"featured_media":63361,"comment_status":"open","ping_status":"closed","sticky":false,"template":"","format":"gallery","meta":{"_acf_changed":false,"_swt_meta_header_display":false,"_swt_meta_footer_display":false,"_swt_meta_site_title_display":false,"_swt_meta_sticky_header":false,"_swt_meta_transparent_header":false,"footnotes":""},"categories":[1050,1485],"tags":[],"coauthors":[],"class_list":["post-63360","post","type-post","status-publish","format-gallery","has-post-thumbnail","hentry","category-actualitat-es-de","category-cursos-i-tallers-de","post_format-post-format-gallery"],"acf":{"gallery":null,"home_date":{"home_begin_date":null,"home_end_date":null}},"yoast_head":"<!-- This site is optimized with the Yoast SEO plugin v27.4 - https:\/\/yoast.com\/product\/yoast-seo-wordpress\/ -->\n<title>[:en]Tomatast, una proposta per con\u00e8ixer i degustar les tom\u00e0tigues[:] - Gastron\u00f2micament<\/title>\n<meta name=\"description\" content=\"[:en]Tomatast, una proposta per con\u00e8ixer i degustar les tom\u00e0tigues[:] Actualitat, Cursos i tallers L&#039;activitat consisteix en un tast de tom\u00e0tigues que t\u00e9 com a objectiu donar a con\u00e8ixer l&#039;aut\u00e8ntic sabor dels tom\u00e0quets mallorquins\" \/>\n<meta name=\"robots\" content=\"index, follow, max-snippet:-1, max-image-preview:large, max-video-preview:-1\" \/>\n<link rel=\"canonical\" href=\"https:\/\/gastronomicament.cat\/de\/tomatast-una-proposta-per-coneixer-i-degustar-les-tomatigues\" \/>\n<meta property=\"og:locale\" content=\"de_DE\" \/>\n<meta property=\"og:type\" content=\"article\" \/>\n<meta property=\"og:title\" content=\"[:en]Tomatast, una proposta per con\u00e8ixer i degustar les tom\u00e0tigues[:] - Gastron\u00f2micament\" \/>\n<meta property=\"og:description\" content=\"[:en]Tomatast, una proposta per con\u00e8ixer i degustar les tom\u00e0tigues[:] Actualitat, Cursos i tallers L&#039;activitat consisteix en un tast de tom\u00e0tigues que t\u00e9 com a objectiu donar a con\u00e8ixer l&#039;aut\u00e8ntic sabor dels tom\u00e0quets mallorquins\" \/>\n<meta property=\"og:url\" content=\"https:\/\/gastronomicament.cat\/de\/tomatast-una-proposta-per-coneixer-i-degustar-les-tomatigues\" \/>\n<meta property=\"og:site_name\" content=\"Gastron\u00f2micament\" \/>\n<meta property=\"article:published_time\" content=\"2019-07-25T08:16:29+00:00\" \/>\n<meta property=\"article:modified_time\" content=\"2022-04-09T07:51:15+00:00\" \/>\n<meta property=\"og:image\" content=\"https:\/\/gastronomicament.cat\/wp-content\/uploads\/2019\/07\/Tomatast-Manacor.jpg\" \/>\n\t<meta property=\"og:image:width\" content=\"1200\" \/>\n\t<meta property=\"og:image:height\" content=\"800\" \/>\n\t<meta property=\"og:image:type\" content=\"image\/jpeg\" \/>\n<meta name=\"author\" content=\"Redacci\u00f3\" \/>\n<meta name=\"twitter:card\" content=\"summary_large_image\" \/>\n<meta name=\"twitter:creator\" content=\"@gastronomicamen\" \/>\n<meta name=\"twitter:site\" content=\"@gastronomicamen\" \/>\n<meta name=\"twitter:label1\" content=\"Verfasst von\" \/>\n\t<meta name=\"twitter:data1\" content=\"Redacci\u00f3\" \/>\n\t<meta name=\"twitter:label2\" content=\"Gesch\u00e4tzte Lesezeit\" \/>\n\t<meta name=\"twitter:data2\" content=\"1\u00a0Minute\" \/>\n\t<meta name=\"twitter:label3\" content=\"Written by\" \/>\n\t<meta name=\"twitter:data3\" content=\"Redacci\u00f3\" \/>\n<script type=\"application\/ld+json\" class=\"yoast-schema-graph\">{\"@context\":\"https:\\\/\\\/schema.org\",\"@graph\":[{\"@type\":\"Article\",\"@id\":\"https:\\\/\\\/gastronomicament.cat\\\/de\\\/tomatast-una-proposta-per-coneixer-i-degustar-les-tomatigues#article\",\"isPartOf\":{\"@id\":\"https:\\\/\\\/gastronomicament.cat\\\/de\\\/tomatast-una-proposta-per-coneixer-i-degustar-les-tomatigues\"},\"author\":{\"name\":\"Redacci\u00f3\",\"@id\":\"https:\\\/\\\/gastronomicament.cat\\\/de\\\/#\\\/schema\\\/person\\\/a7c85c537a1ed62799a5b8e0f686a37f\"},\"headline\":\"[:en]Tomatast, una proposta per con\u00e8ixer i degustar les tom\u00e0tigues[:]\",\"datePublished\":\"2019-07-25T08:16:29+00:00\",\"dateModified\":\"2022-04-09T07:51:15+00:00\",\"mainEntityOfPage\":{\"@id\":\"https:\\\/\\\/gastronomicament.cat\\\/de\\\/tomatast-una-proposta-per-coneixer-i-degustar-les-tomatigues\"},\"wordCount\":271,\"commentCount\":0,\"publisher\":{\"@id\":\"https:\\\/\\\/gastronomicament.cat\\\/de\\\/#organization\"},\"image\":{\"@id\":\"https:\\\/\\\/gastronomicament.cat\\\/de\\\/tomatast-una-proposta-per-coneixer-i-degustar-les-tomatigues#primaryimage\"},\"thumbnailUrl\":\"https:\\\/\\\/gastronomicament.cat\\\/wp-content\\\/uploads\\\/2019\\\/07\\\/Tomatast-Manacor.jpg\",\"articleSection\":[\"Actualitat\",\"Cursos i tallers\"],\"inLanguage\":\"de\",\"potentialAction\":[{\"@type\":\"CommentAction\",\"name\":\"Comment\",\"target\":[\"https:\\\/\\\/gastronomicament.cat\\\/de\\\/tomatast-una-proposta-per-coneixer-i-degustar-les-tomatigues#respond\"]}]},{\"@type\":\"WebPage\",\"@id\":\"https:\\\/\\\/gastronomicament.cat\\\/de\\\/tomatast-una-proposta-per-coneixer-i-degustar-les-tomatigues\",\"url\":\"https:\\\/\\\/gastronomicament.cat\\\/de\\\/tomatast-una-proposta-per-coneixer-i-degustar-les-tomatigues\",\"name\":\"[:en]Tomatast, una proposta per con\u00e8ixer i degustar les tom\u00e0tigues[:] - Gastron\u00f2micament\",\"isPartOf\":{\"@id\":\"https:\\\/\\\/gastronomicament.cat\\\/de\\\/#website\"},\"primaryImageOfPage\":{\"@id\":\"https:\\\/\\\/gastronomicament.cat\\\/de\\\/tomatast-una-proposta-per-coneixer-i-degustar-les-tomatigues#primaryimage\"},\"image\":{\"@id\":\"https:\\\/\\\/gastronomicament.cat\\\/de\\\/tomatast-una-proposta-per-coneixer-i-degustar-les-tomatigues#primaryimage\"},\"thumbnailUrl\":\"https:\\\/\\\/gastronomicament.cat\\\/wp-content\\\/uploads\\\/2019\\\/07\\\/Tomatast-Manacor.jpg\",\"datePublished\":\"2019-07-25T08:16:29+00:00\",\"dateModified\":\"2022-04-09T07:51:15+00:00\",\"description\":\"[:en]Tomatast, una proposta per con\u00e8ixer i degustar les tom\u00e0tigues[:] Actualitat, Cursos i tallers L'activitat consisteix en un tast de tom\u00e0tigues que t\u00e9 com a objectiu donar a con\u00e8ixer l'aut\u00e8ntic sabor dels tom\u00e0quets mallorquins\",\"inLanguage\":\"de\",\"potentialAction\":[{\"@type\":\"ReadAction\",\"target\":[\"https:\\\/\\\/gastronomicament.cat\\\/de\\\/tomatast-una-proposta-per-coneixer-i-degustar-les-tomatigues\"]}]},{\"@type\":\"ImageObject\",\"inLanguage\":\"de\",\"@id\":\"https:\\\/\\\/gastronomicament.cat\\\/de\\\/tomatast-una-proposta-per-coneixer-i-degustar-les-tomatigues#primaryimage\",\"url\":\"https:\\\/\\\/gastronomicament.cat\\\/wp-content\\\/uploads\\\/2019\\\/07\\\/Tomatast-Manacor.jpg\",\"contentUrl\":\"https:\\\/\\\/gastronomicament.cat\\\/wp-content\\\/uploads\\\/2019\\\/07\\\/Tomatast-Manacor.jpg\",\"width\":1200,\"height\":800},{\"@type\":\"WebSite\",\"@id\":\"https:\\\/\\\/gastronomicament.cat\\\/de\\\/#website\",\"url\":\"https:\\\/\\\/gastronomicament.cat\\\/de\\\/\",\"name\":\"Gastron\u00f2micament\",\"description\":\"Portal de restaurants, receptes i actualitat gastron\u00f2mica\",\"publisher\":{\"@id\":\"https:\\\/\\\/gastronomicament.cat\\\/de\\\/#organization\"},\"potentialAction\":[{\"@type\":\"SearchAction\",\"target\":{\"@type\":\"EntryPoint\",\"urlTemplate\":\"https:\\\/\\\/gastronomicament.cat\\\/de\\\/?s={search_term_string}\"},\"query-input\":{\"@type\":\"PropertyValueSpecification\",\"valueRequired\":true,\"valueName\":\"search_term_string\"}}],\"inLanguage\":\"de\"},{\"@type\":\"Organization\",\"@id\":\"https:\\\/\\\/gastronomicament.cat\\\/de\\\/#organization\",\"name\":\"Gastron\u00f2micament\",\"url\":\"https:\\\/\\\/gastronomicament.cat\\\/de\\\/\",\"logo\":{\"@type\":\"ImageObject\",\"inLanguage\":\"de\",\"@id\":\"https:\\\/\\\/gastronomicament.cat\\\/de\\\/#\\\/schema\\\/logo\\\/image\\\/\",\"url\":\"https:\\\/\\\/gastronomicament.cat\\\/wp-content\\\/uploads\\\/2016\\\/09\\\/header-logo.jpg\",\"contentUrl\":\"https:\\\/\\\/gastronomicament.cat\\\/wp-content\\\/uploads\\\/2016\\\/09\\\/header-logo.jpg\",\"width\":277,\"height\":39,\"caption\":\"Gastron\u00f2micament\"},\"image\":{\"@id\":\"https:\\\/\\\/gastronomicament.cat\\\/de\\\/#\\\/schema\\\/logo\\\/image\\\/\"},\"sameAs\":[\"https:\\\/\\\/x.com\\\/gastronomicamen\"]},{\"@type\":\"Person\",\"@id\":\"https:\\\/\\\/gastronomicament.cat\\\/de\\\/#\\\/schema\\\/person\\\/a7c85c537a1ed62799a5b8e0f686a37f\",\"name\":\"Redacci\u00f3\",\"image\":{\"@type\":\"ImageObject\",\"inLanguage\":\"de\",\"@id\":\"https:\\\/\\\/secure.gravatar.com\\\/avatar\\\/9489a485c464fd611d33825daae651d13db70c4e74c65c94937a15a9d4c3ee14?s=96&d=mm&r=g69fea3cce3645dfa2166e7293e22955e\",\"url\":\"https:\\\/\\\/secure.gravatar.com\\\/avatar\\\/9489a485c464fd611d33825daae651d13db70c4e74c65c94937a15a9d4c3ee14?s=96&d=mm&r=g\",\"contentUrl\":\"https:\\\/\\\/secure.gravatar.com\\\/avatar\\\/9489a485c464fd611d33825daae651d13db70c4e74c65c94937a15a9d4c3ee14?s=96&d=mm&r=g\",\"caption\":\"Redacci\u00f3\"},\"sameAs\":[\"http:\\\/\\\/gastronomicament.cat\"],\"url\":\"https:\\\/\\\/gastronomicament.cat\\\/de\\\/author\\\/admin\"}]}<\/script>\n<!-- \/ Yoast SEO plugin. -->","yoast_head_json":{"title":"[:en]Tomatast, una proposta per con\u00e8ixer i degustar les tom\u00e0tigues[:] - Gastron\u00f2micament","description":"[:en]Tomatast, una proposta per con\u00e8ixer i degustar les tom\u00e0tigues[:] Actualitat, Cursos i tallers L'activitat consisteix en un tast de tom\u00e0tigues que t\u00e9 com a objectiu donar a con\u00e8ixer l'aut\u00e8ntic sabor dels tom\u00e0quets mallorquins","robots":{"index":"index","follow":"follow","max-snippet":"max-snippet:-1","max-image-preview":"max-image-preview:large","max-video-preview":"max-video-preview:-1"},"canonical":"https:\/\/gastronomicament.cat\/de\/tomatast-una-proposta-per-coneixer-i-degustar-les-tomatigues","og_locale":"de_DE","og_type":"article","og_title":"[:en]Tomatast, una proposta per con\u00e8ixer i degustar les tom\u00e0tigues[:] - Gastron\u00f2micament","og_description":"[:en]Tomatast, una proposta per con\u00e8ixer i degustar les tom\u00e0tigues[:] Actualitat, Cursos i tallers L'activitat consisteix en un tast de tom\u00e0tigues que t\u00e9 com a objectiu donar a con\u00e8ixer l'aut\u00e8ntic sabor dels tom\u00e0quets mallorquins","og_url":"https:\/\/gastronomicament.cat\/de\/tomatast-una-proposta-per-coneixer-i-degustar-les-tomatigues","og_site_name":"Gastron\u00f2micament","article_published_time":"2019-07-25T08:16:29+00:00","article_modified_time":"2022-04-09T07:51:15+00:00","og_image":[{"width":1200,"height":800,"url":"https:\/\/gastronomicament.cat\/wp-content\/uploads\/2019\/07\/Tomatast-Manacor.jpg","type":"image\/jpeg"}],"author":"Redacci\u00f3","twitter_card":"summary_large_image","twitter_creator":"@gastronomicamen","twitter_site":"@gastronomicamen","twitter_misc":{"Verfasst von":"Redacci\u00f3","Gesch\u00e4tzte Lesezeit":"1\u00a0Minute","Written by":"Redacci\u00f3"},"schema":{"@context":"https:\/\/schema.org","@graph":[{"@type":"Article","@id":"https:\/\/gastronomicament.cat\/de\/tomatast-una-proposta-per-coneixer-i-degustar-les-tomatigues#article","isPartOf":{"@id":"https:\/\/gastronomicament.cat\/de\/tomatast-una-proposta-per-coneixer-i-degustar-les-tomatigues"},"author":{"name":"Redacci\u00f3","@id":"https:\/\/gastronomicament.cat\/de\/#\/schema\/person\/a7c85c537a1ed62799a5b8e0f686a37f"},"headline":"[:en]Tomatast, una proposta per con\u00e8ixer i degustar les tom\u00e0tigues[:]","datePublished":"2019-07-25T08:16:29+00:00","dateModified":"2022-04-09T07:51:15+00:00","mainEntityOfPage":{"@id":"https:\/\/gastronomicament.cat\/de\/tomatast-una-proposta-per-coneixer-i-degustar-les-tomatigues"},"wordCount":271,"commentCount":0,"publisher":{"@id":"https:\/\/gastronomicament.cat\/de\/#organization"},"image":{"@id":"https:\/\/gastronomicament.cat\/de\/tomatast-una-proposta-per-coneixer-i-degustar-les-tomatigues#primaryimage"},"thumbnailUrl":"https:\/\/gastronomicament.cat\/wp-content\/uploads\/2019\/07\/Tomatast-Manacor.jpg","articleSection":["Actualitat","Cursos i tallers"],"inLanguage":"de","potentialAction":[{"@type":"CommentAction","name":"Comment","target":["https:\/\/gastronomicament.cat\/de\/tomatast-una-proposta-per-coneixer-i-degustar-les-tomatigues#respond"]}]},{"@type":"WebPage","@id":"https:\/\/gastronomicament.cat\/de\/tomatast-una-proposta-per-coneixer-i-degustar-les-tomatigues","url":"https:\/\/gastronomicament.cat\/de\/tomatast-una-proposta-per-coneixer-i-degustar-les-tomatigues","name":"[:en]Tomatast, una proposta per con\u00e8ixer i degustar les tom\u00e0tigues[:] - Gastron\u00f2micament","isPartOf":{"@id":"https:\/\/gastronomicament.cat\/de\/#website"},"primaryImageOfPage":{"@id":"https:\/\/gastronomicament.cat\/de\/tomatast-una-proposta-per-coneixer-i-degustar-les-tomatigues#primaryimage"},"image":{"@id":"https:\/\/gastronomicament.cat\/de\/tomatast-una-proposta-per-coneixer-i-degustar-les-tomatigues#primaryimage"},"thumbnailUrl":"https:\/\/gastronomicament.cat\/wp-content\/uploads\/2019\/07\/Tomatast-Manacor.jpg","datePublished":"2019-07-25T08:16:29+00:00","dateModified":"2022-04-09T07:51:15+00:00","description":"[:en]Tomatast, una proposta per con\u00e8ixer i degustar les tom\u00e0tigues[:] Actualitat, Cursos i tallers L'activitat consisteix en un tast de tom\u00e0tigues que t\u00e9 com a objectiu donar a con\u00e8ixer l'aut\u00e8ntic sabor dels tom\u00e0quets mallorquins","inLanguage":"de","potentialAction":[{"@type":"ReadAction","target":["https:\/\/gastronomicament.cat\/de\/tomatast-una-proposta-per-coneixer-i-degustar-les-tomatigues"]}]},{"@type":"ImageObject","inLanguage":"de","@id":"https:\/\/gastronomicament.cat\/de\/tomatast-una-proposta-per-coneixer-i-degustar-les-tomatigues#primaryimage","url":"https:\/\/gastronomicament.cat\/wp-content\/uploads\/2019\/07\/Tomatast-Manacor.jpg","contentUrl":"https:\/\/gastronomicament.cat\/wp-content\/uploads\/2019\/07\/Tomatast-Manacor.jpg","width":1200,"height":800},{"@type":"WebSite","@id":"https:\/\/gastronomicament.cat\/de\/#website","url":"https:\/\/gastronomicament.cat\/de\/","name":"Gastron\u00f2micament","description":"Portal de restaurants, receptes i actualitat gastron\u00f2mica","publisher":{"@id":"https:\/\/gastronomicament.cat\/de\/#organization"},"potentialAction":[{"@type":"SearchAction","target":{"@type":"EntryPoint","urlTemplate":"https:\/\/gastronomicament.cat\/de\/?s={search_term_string}"},"query-input":{"@type":"PropertyValueSpecification","valueRequired":true,"valueName":"search_term_string"}}],"inLanguage":"de"},{"@type":"Organization","@id":"https:\/\/gastronomicament.cat\/de\/#organization","name":"Gastron\u00f2micament","url":"https:\/\/gastronomicament.cat\/de\/","logo":{"@type":"ImageObject","inLanguage":"de","@id":"https:\/\/gastronomicament.cat\/de\/#\/schema\/logo\/image\/","url":"https:\/\/gastronomicament.cat\/wp-content\/uploads\/2016\/09\/header-logo.jpg","contentUrl":"https:\/\/gastronomicament.cat\/wp-content\/uploads\/2016\/09\/header-logo.jpg","width":277,"height":39,"caption":"Gastron\u00f2micament"},"image":{"@id":"https:\/\/gastronomicament.cat\/de\/#\/schema\/logo\/image\/"},"sameAs":["https:\/\/x.com\/gastronomicamen"]},{"@type":"Person","@id":"https:\/\/gastronomicament.cat\/de\/#\/schema\/person\/a7c85c537a1ed62799a5b8e0f686a37f","name":"Redacci\u00f3","image":{"@type":"ImageObject","inLanguage":"de","@id":"https:\/\/secure.gravatar.com\/avatar\/9489a485c464fd611d33825daae651d13db70c4e74c65c94937a15a9d4c3ee14?s=96&d=mm&r=g69fea3cce3645dfa2166e7293e22955e","url":"https:\/\/secure.gravatar.com\/avatar\/9489a485c464fd611d33825daae651d13db70c4e74c65c94937a15a9d4c3ee14?s=96&d=mm&r=g","contentUrl":"https:\/\/secure.gravatar.com\/avatar\/9489a485c464fd611d33825daae651d13db70c4e74c65c94937a15a9d4c3ee14?s=96&d=mm&r=g","caption":"Redacci\u00f3"},"sameAs":["http:\/\/gastronomicament.cat"],"url":"https:\/\/gastronomicament.cat\/de\/author\/admin"}]}},"_links":{"self":[{"href":"https:\/\/gastronomicament.cat\/de\/wp-json\/wp\/v2\/posts\/63360","targetHints":{"allow":["GET"]}}],"collection":[{"href":"https:\/\/gastronomicament.cat\/de\/wp-json\/wp\/v2\/posts"}],"about":[{"href":"https:\/\/gastronomicament.cat\/de\/wp-json\/wp\/v2\/types\/post"}],"author":[{"embeddable":true,"href":"https:\/\/gastronomicament.cat\/de\/wp-json\/wp\/v2\/users\/1"}],"replies":[{"embeddable":true,"href":"https:\/\/gastronomicament.cat\/de\/wp-json\/wp\/v2\/comments?post=63360"}],"version-history":[{"count":0,"href":"https:\/\/gastronomicament.cat\/de\/wp-json\/wp\/v2\/posts\/63360\/revisions"}],"wp:featuredmedia":[{"embeddable":true,"href":"https:\/\/gastronomicament.cat\/de\/wp-json\/wp\/v2\/media\/63361"}],"wp:attachment":[{"href":"https:\/\/gastronomicament.cat\/de\/wp-json\/wp\/v2\/media?parent=63360"}],"wp:term":[{"taxonomy":"category","embeddable":true,"href":"https:\/\/gastronomicament.cat\/de\/wp-json\/wp\/v2\/categories?post=63360"},{"taxonomy":"post_tag","embeddable":true,"href":"https:\/\/gastronomicament.cat\/de\/wp-json\/wp\/v2\/tags?post=63360"},{"taxonomy":"author","embeddable":true,"href":"https:\/\/gastronomicament.cat\/de\/wp-json\/wp\/v2\/coauthors?post=63360"}],"curies":[{"name":"wp","href":"https:\/\/api.w.org\/{rel}","templated":true}]}}