{"id":64666,"date":"2019-04-15T11:37:55","date_gmt":"2019-04-15T09:37:55","guid":{"rendered":"https:\/\/gastronomicament.cat\/el-vermut-de-puntiro-premi-producte-ecologic-de-lany-2019"},"modified":"2022-04-09T09:56:40","modified_gmt":"2022-04-09T07:56:40","slug":"el-vermut-de-puntiro-premi-producte-ecologic-de-lany-2019","status":"publish","type":"post","link":"https:\/\/gastronomicament.cat\/de\/el-vermut-de-puntiro-premi-producte-ecologic-de-lany-2019","title":{"rendered":"El Vermut de Puntir\u00f3, premi Producte Ecol\u00f2gic de l&#8217;Any 2019"},"content":{"rendered":"<p>L&#8217;Associaci\u00f3 de Productors i Agricultors Ecol\u00f2gics de Mallorca (APAEMA) ha atorgat al\u00a0<strong>Vermut de Puntir\u00f3<\/strong>\u00a0el\u00a0<strong>premi Producte Ecol\u00f2gic de l&#8217;Any 2019<\/strong>. Aix\u00ed ho va decidir el jurat, format per 10 membres de diferents \u00e0mbits, que varen tastar, valorar i puntuar cada un dels productes presentats al concurs d&#8217;enguany, sobre els quals n&#8217;ha destacat l&#8217;alt nivell.<\/p>\n<p>El Vermut de Puntir\u00f3 s&#8217;elabora al\u00a0<strong>celler Jaume de Puntir\u00f3 de Santa Maria del Cam\u00ed\u00a0<\/strong>-emmarcat en la DO Binissalem-, que elabora tots els vins i productes amb la certificaci\u00f3 ecol\u00f2gica. Pere Calafat i Bernat Calafat s\u00f3n els encarregats del celler i d&#8217;aquest nou producte que tot just acaben de treure al mercat.<\/p>\n<p>El Vermut de Puntir\u00f3 destaca per un color daurat intens, \u00e9s molt arom\u00e0tic i est\u00e0 fet amb\u00a0vi blanc de la varietat Chardonnay que s&#8217;ha macerat amb donzell, fonoll, camamil\u00b7la, roman\u00ed i clovelles de taronja i de llimona.<\/p>\n<p>El guard\u00f3 s&#8217;ha lliurat durant la Diada Ecol\u00f2gica, celebrada a Porreres el 14 d&#8217;abril.<\/p>\n<p><iframe src=\"https:\/\/www.youtube.com\/embed\/SNEsY4k5jDI\" width=\"560\" height=\"315\" frameborder=\"0\" allowfullscreen=\"allowfullscreen\"><\/iframe><\/p>\n","protected":false},"excerpt":{"rendered":"<p>L&#8217;Associaci\u00f3 de Productors i Agricultors Ecol\u00f2gics de Mallorca (APAEMA) ha atorgat al\u00a0Vermut de Puntir\u00f3\u00a0el\u00a0premi Producte Ecol\u00f2gic&hellip;<\/p>\n","protected":false},"author":1,"featured_media":64668,"comment_status":"open","ping_status":"closed","sticky":false,"template":"","format":"gallery","meta":{"_acf_changed":false,"_swt_meta_header_display":false,"_swt_meta_footer_display":false,"_swt_meta_site_title_display":false,"_swt_meta_sticky_header":false,"_swt_meta_transparent_header":false,"footnotes":""},"categories":[1050,1480],"tags":[],"coauthors":[],"class_list":["post-64666","post","type-post","status-publish","format-gallery","has-post-thumbnail","hentry","category-actualitat-es-de","category-concursos-i-premis-de","post_format-post-format-gallery"],"acf":{"gallery":null,"home_date":{"home_begin_date":null,"home_end_date":null}},"yoast_head":"<!-- This site is optimized with the Yoast SEO plugin v27.4 - https:\/\/yoast.com\/product\/yoast-seo-wordpress\/ -->\n<title>El Vermut de Puntir\u00f3, premi Producte Ecol\u00f2gic de l&#039;Any 2019 - Gastron\u00f2micament<\/title>\n<meta name=\"description\" content=\"El Vermut de Puntir\u00f3, premi Producte Ecol\u00f2gic de l&#039;Any 2019 Actualitat, Concursos i premis L&#039;Associaci\u00f3 de Productors i Agricultors Ecol\u00f2gics de Mallorca (APAEMA) ha atorgat al\u00a0Vermut de Puntir\u00f3\u00a0el\u00a0premi Producte Ecol\u00f2gic de l&#039;Any 2019\" \/>\n<meta name=\"robots\" content=\"index, follow, max-snippet:-1, max-image-preview:large, max-video-preview:-1\" \/>\n<link rel=\"canonical\" href=\"https:\/\/gastronomicament.cat\/de\/el-vermut-de-puntiro-premi-producte-ecologic-de-lany-2019\" \/>\n<meta property=\"og:locale\" content=\"de_DE\" \/>\n<meta property=\"og:type\" content=\"article\" \/>\n<meta property=\"og:title\" content=\"El Vermut de Puntir\u00f3, premi Producte Ecol\u00f2gic de l&#039;Any 2019 - Gastron\u00f2micament\" \/>\n<meta property=\"og:description\" content=\"El Vermut de Puntir\u00f3, premi Producte Ecol\u00f2gic de l&#039;Any 2019 Actualitat, Concursos i premis L&#039;Associaci\u00f3 de Productors i Agricultors Ecol\u00f2gics de Mallorca (APAEMA) ha atorgat al\u00a0Vermut de Puntir\u00f3\u00a0el\u00a0premi Producte Ecol\u00f2gic de l&#039;Any 2019\" \/>\n<meta property=\"og:url\" content=\"https:\/\/gastronomicament.cat\/de\/el-vermut-de-puntiro-premi-producte-ecologic-de-lany-2019\" \/>\n<meta property=\"og:site_name\" content=\"Gastron\u00f2micament\" \/>\n<meta property=\"article:published_time\" content=\"2019-04-15T09:37:55+00:00\" \/>\n<meta property=\"article:modified_time\" content=\"2022-04-09T07:56:40+00:00\" \/>\n<meta property=\"og:image\" content=\"https:\/\/gastronomicament.cat\/wp-content\/uploads\/2019\/04\/Vermut-de-Puntiro.jpg\" \/>\n\t<meta property=\"og:image:width\" content=\"668\" \/>\n\t<meta property=\"og:image:height\" content=\"394\" \/>\n\t<meta property=\"og:image:type\" content=\"image\/jpeg\" \/>\n<meta name=\"author\" content=\"Redacci\u00f3\" \/>\n<meta name=\"twitter:card\" content=\"summary_large_image\" \/>\n<meta name=\"twitter:creator\" content=\"@gastronomicamen\" \/>\n<meta name=\"twitter:site\" content=\"@gastronomicamen\" \/>\n<meta name=\"twitter:label1\" content=\"Verfasst von\" \/>\n\t<meta name=\"twitter:data1\" content=\"Redacci\u00f3\" \/>\n\t<meta name=\"twitter:label2\" content=\"Gesch\u00e4tzte Lesezeit\" \/>\n\t<meta name=\"twitter:data2\" content=\"1\u00a0Minute\" \/>\n\t<meta name=\"twitter:label3\" content=\"Written by\" \/>\n\t<meta name=\"twitter:data3\" content=\"Redacci\u00f3\" \/>\n<script type=\"application\/ld+json\" class=\"yoast-schema-graph\">{\"@context\":\"https:\\\/\\\/schema.org\",\"@graph\":[{\"@type\":\"Article\",\"@id\":\"https:\\\/\\\/gastronomicament.cat\\\/de\\\/el-vermut-de-puntiro-premi-producte-ecologic-de-lany-2019#article\",\"isPartOf\":{\"@id\":\"https:\\\/\\\/gastronomicament.cat\\\/de\\\/el-vermut-de-puntiro-premi-producte-ecologic-de-lany-2019\"},\"author\":{\"name\":\"Redacci\u00f3\",\"@id\":\"https:\\\/\\\/gastronomicament.cat\\\/de\\\/#\\\/schema\\\/person\\\/a7c85c537a1ed62799a5b8e0f686a37f\"},\"headline\":\"El Vermut de Puntir\u00f3, premi Producte Ecol\u00f2gic de l&#8217;Any 2019\",\"datePublished\":\"2019-04-15T09:37:55+00:00\",\"dateModified\":\"2022-04-09T07:56:40+00:00\",\"mainEntityOfPage\":{\"@id\":\"https:\\\/\\\/gastronomicament.cat\\\/de\\\/el-vermut-de-puntiro-premi-producte-ecologic-de-lany-2019\"},\"wordCount\":175,\"commentCount\":0,\"publisher\":{\"@id\":\"https:\\\/\\\/gastronomicament.cat\\\/de\\\/#organization\"},\"image\":{\"@id\":\"https:\\\/\\\/gastronomicament.cat\\\/de\\\/el-vermut-de-puntiro-premi-producte-ecologic-de-lany-2019#primaryimage\"},\"thumbnailUrl\":\"https:\\\/\\\/gastronomicament.cat\\\/wp-content\\\/uploads\\\/2019\\\/04\\\/Vermut-de-Puntiro.jpg\",\"articleSection\":[\"Actualitat\",\"Concursos i premis\"],\"inLanguage\":\"de\",\"potentialAction\":[{\"@type\":\"CommentAction\",\"name\":\"Comment\",\"target\":[\"https:\\\/\\\/gastronomicament.cat\\\/de\\\/el-vermut-de-puntiro-premi-producte-ecologic-de-lany-2019#respond\"]}]},{\"@type\":\"WebPage\",\"@id\":\"https:\\\/\\\/gastronomicament.cat\\\/de\\\/el-vermut-de-puntiro-premi-producte-ecologic-de-lany-2019\",\"url\":\"https:\\\/\\\/gastronomicament.cat\\\/de\\\/el-vermut-de-puntiro-premi-producte-ecologic-de-lany-2019\",\"name\":\"El Vermut de Puntir\u00f3, premi Producte Ecol\u00f2gic de l'Any 2019 - Gastron\u00f2micament\",\"isPartOf\":{\"@id\":\"https:\\\/\\\/gastronomicament.cat\\\/de\\\/#website\"},\"primaryImageOfPage\":{\"@id\":\"https:\\\/\\\/gastronomicament.cat\\\/de\\\/el-vermut-de-puntiro-premi-producte-ecologic-de-lany-2019#primaryimage\"},\"image\":{\"@id\":\"https:\\\/\\\/gastronomicament.cat\\\/de\\\/el-vermut-de-puntiro-premi-producte-ecologic-de-lany-2019#primaryimage\"},\"thumbnailUrl\":\"https:\\\/\\\/gastronomicament.cat\\\/wp-content\\\/uploads\\\/2019\\\/04\\\/Vermut-de-Puntiro.jpg\",\"datePublished\":\"2019-04-15T09:37:55+00:00\",\"dateModified\":\"2022-04-09T07:56:40+00:00\",\"description\":\"El Vermut de Puntir\u00f3, premi Producte Ecol\u00f2gic de l'Any 2019 Actualitat, Concursos i premis L'Associaci\u00f3 de Productors i Agricultors Ecol\u00f2gics de Mallorca (APAEMA) ha atorgat al\u00a0Vermut de Puntir\u00f3\u00a0el\u00a0premi Producte Ecol\u00f2gic de l'Any 2019\",\"inLanguage\":\"de\",\"potentialAction\":[{\"@type\":\"ReadAction\",\"target\":[\"https:\\\/\\\/gastronomicament.cat\\\/de\\\/el-vermut-de-puntiro-premi-producte-ecologic-de-lany-2019\"]}]},{\"@type\":\"ImageObject\",\"inLanguage\":\"de\",\"@id\":\"https:\\\/\\\/gastronomicament.cat\\\/de\\\/el-vermut-de-puntiro-premi-producte-ecologic-de-lany-2019#primaryimage\",\"url\":\"https:\\\/\\\/gastronomicament.cat\\\/wp-content\\\/uploads\\\/2019\\\/04\\\/Vermut-de-Puntiro.jpg\",\"contentUrl\":\"https:\\\/\\\/gastronomicament.cat\\\/wp-content\\\/uploads\\\/2019\\\/04\\\/Vermut-de-Puntiro.jpg\",\"width\":668,\"height\":394},{\"@type\":\"WebSite\",\"@id\":\"https:\\\/\\\/gastronomicament.cat\\\/de\\\/#website\",\"url\":\"https:\\\/\\\/gastronomicament.cat\\\/de\\\/\",\"name\":\"Gastron\u00f2micament\",\"description\":\"Portal de restaurants, receptes i actualitat gastron\u00f2mica\",\"publisher\":{\"@id\":\"https:\\\/\\\/gastronomicament.cat\\\/de\\\/#organization\"},\"potentialAction\":[{\"@type\":\"SearchAction\",\"target\":{\"@type\":\"EntryPoint\",\"urlTemplate\":\"https:\\\/\\\/gastronomicament.cat\\\/de\\\/?s={search_term_string}\"},\"query-input\":{\"@type\":\"PropertyValueSpecification\",\"valueRequired\":true,\"valueName\":\"search_term_string\"}}],\"inLanguage\":\"de\"},{\"@type\":\"Organization\",\"@id\":\"https:\\\/\\\/gastronomicament.cat\\\/de\\\/#organization\",\"name\":\"Gastron\u00f2micament\",\"url\":\"https:\\\/\\\/gastronomicament.cat\\\/de\\\/\",\"logo\":{\"@type\":\"ImageObject\",\"inLanguage\":\"de\",\"@id\":\"https:\\\/\\\/gastronomicament.cat\\\/de\\\/#\\\/schema\\\/logo\\\/image\\\/\",\"url\":\"https:\\\/\\\/gastronomicament.cat\\\/wp-content\\\/uploads\\\/2016\\\/09\\\/header-logo.jpg\",\"contentUrl\":\"https:\\\/\\\/gastronomicament.cat\\\/wp-content\\\/uploads\\\/2016\\\/09\\\/header-logo.jpg\",\"width\":277,\"height\":39,\"caption\":\"Gastron\u00f2micament\"},\"image\":{\"@id\":\"https:\\\/\\\/gastronomicament.cat\\\/de\\\/#\\\/schema\\\/logo\\\/image\\\/\"},\"sameAs\":[\"https:\\\/\\\/x.com\\\/gastronomicamen\"]},{\"@type\":\"Person\",\"@id\":\"https:\\\/\\\/gastronomicament.cat\\\/de\\\/#\\\/schema\\\/person\\\/a7c85c537a1ed62799a5b8e0f686a37f\",\"name\":\"Redacci\u00f3\",\"image\":{\"@type\":\"ImageObject\",\"inLanguage\":\"de\",\"@id\":\"https:\\\/\\\/secure.gravatar.com\\\/avatar\\\/9489a485c464fd611d33825daae651d13db70c4e74c65c94937a15a9d4c3ee14?s=96&d=mm&r=g69fea3cce3645dfa2166e7293e22955e\",\"url\":\"https:\\\/\\\/secure.gravatar.com\\\/avatar\\\/9489a485c464fd611d33825daae651d13db70c4e74c65c94937a15a9d4c3ee14?s=96&d=mm&r=g\",\"contentUrl\":\"https:\\\/\\\/secure.gravatar.com\\\/avatar\\\/9489a485c464fd611d33825daae651d13db70c4e74c65c94937a15a9d4c3ee14?s=96&d=mm&r=g\",\"caption\":\"Redacci\u00f3\"},\"sameAs\":[\"http:\\\/\\\/gastronomicament.cat\"],\"url\":\"https:\\\/\\\/gastronomicament.cat\\\/de\\\/author\\\/admin\"}]}<\/script>\n<!-- \/ Yoast SEO plugin. -->","yoast_head_json":{"title":"El Vermut de Puntir\u00f3, premi Producte Ecol\u00f2gic de l'Any 2019 - Gastron\u00f2micament","description":"El Vermut de Puntir\u00f3, premi Producte Ecol\u00f2gic de l'Any 2019 Actualitat, Concursos i premis L'Associaci\u00f3 de Productors i Agricultors Ecol\u00f2gics de Mallorca (APAEMA) ha atorgat al\u00a0Vermut de Puntir\u00f3\u00a0el\u00a0premi Producte Ecol\u00f2gic de l'Any 2019","robots":{"index":"index","follow":"follow","max-snippet":"max-snippet:-1","max-image-preview":"max-image-preview:large","max-video-preview":"max-video-preview:-1"},"canonical":"https:\/\/gastronomicament.cat\/de\/el-vermut-de-puntiro-premi-producte-ecologic-de-lany-2019","og_locale":"de_DE","og_type":"article","og_title":"El Vermut de Puntir\u00f3, premi Producte Ecol\u00f2gic de l'Any 2019 - Gastron\u00f2micament","og_description":"El Vermut de Puntir\u00f3, premi Producte Ecol\u00f2gic de l'Any 2019 Actualitat, Concursos i premis L'Associaci\u00f3 de Productors i Agricultors Ecol\u00f2gics de Mallorca (APAEMA) ha atorgat al\u00a0Vermut de Puntir\u00f3\u00a0el\u00a0premi Producte Ecol\u00f2gic de l'Any 2019","og_url":"https:\/\/gastronomicament.cat\/de\/el-vermut-de-puntiro-premi-producte-ecologic-de-lany-2019","og_site_name":"Gastron\u00f2micament","article_published_time":"2019-04-15T09:37:55+00:00","article_modified_time":"2022-04-09T07:56:40+00:00","og_image":[{"width":668,"height":394,"url":"https:\/\/gastronomicament.cat\/wp-content\/uploads\/2019\/04\/Vermut-de-Puntiro.jpg","type":"image\/jpeg"}],"author":"Redacci\u00f3","twitter_card":"summary_large_image","twitter_creator":"@gastronomicamen","twitter_site":"@gastronomicamen","twitter_misc":{"Verfasst von":"Redacci\u00f3","Gesch\u00e4tzte Lesezeit":"1\u00a0Minute","Written by":"Redacci\u00f3"},"schema":{"@context":"https:\/\/schema.org","@graph":[{"@type":"Article","@id":"https:\/\/gastronomicament.cat\/de\/el-vermut-de-puntiro-premi-producte-ecologic-de-lany-2019#article","isPartOf":{"@id":"https:\/\/gastronomicament.cat\/de\/el-vermut-de-puntiro-premi-producte-ecologic-de-lany-2019"},"author":{"name":"Redacci\u00f3","@id":"https:\/\/gastronomicament.cat\/de\/#\/schema\/person\/a7c85c537a1ed62799a5b8e0f686a37f"},"headline":"El Vermut de Puntir\u00f3, premi Producte Ecol\u00f2gic de l&#8217;Any 2019","datePublished":"2019-04-15T09:37:55+00:00","dateModified":"2022-04-09T07:56:40+00:00","mainEntityOfPage":{"@id":"https:\/\/gastronomicament.cat\/de\/el-vermut-de-puntiro-premi-producte-ecologic-de-lany-2019"},"wordCount":175,"commentCount":0,"publisher":{"@id":"https:\/\/gastronomicament.cat\/de\/#organization"},"image":{"@id":"https:\/\/gastronomicament.cat\/de\/el-vermut-de-puntiro-premi-producte-ecologic-de-lany-2019#primaryimage"},"thumbnailUrl":"https:\/\/gastronomicament.cat\/wp-content\/uploads\/2019\/04\/Vermut-de-Puntiro.jpg","articleSection":["Actualitat","Concursos i premis"],"inLanguage":"de","potentialAction":[{"@type":"CommentAction","name":"Comment","target":["https:\/\/gastronomicament.cat\/de\/el-vermut-de-puntiro-premi-producte-ecologic-de-lany-2019#respond"]}]},{"@type":"WebPage","@id":"https:\/\/gastronomicament.cat\/de\/el-vermut-de-puntiro-premi-producte-ecologic-de-lany-2019","url":"https:\/\/gastronomicament.cat\/de\/el-vermut-de-puntiro-premi-producte-ecologic-de-lany-2019","name":"El Vermut de Puntir\u00f3, premi Producte Ecol\u00f2gic de l'Any 2019 - Gastron\u00f2micament","isPartOf":{"@id":"https:\/\/gastronomicament.cat\/de\/#website"},"primaryImageOfPage":{"@id":"https:\/\/gastronomicament.cat\/de\/el-vermut-de-puntiro-premi-producte-ecologic-de-lany-2019#primaryimage"},"image":{"@id":"https:\/\/gastronomicament.cat\/de\/el-vermut-de-puntiro-premi-producte-ecologic-de-lany-2019#primaryimage"},"thumbnailUrl":"https:\/\/gastronomicament.cat\/wp-content\/uploads\/2019\/04\/Vermut-de-Puntiro.jpg","datePublished":"2019-04-15T09:37:55+00:00","dateModified":"2022-04-09T07:56:40+00:00","description":"El Vermut de Puntir\u00f3, premi Producte Ecol\u00f2gic de l'Any 2019 Actualitat, Concursos i premis L'Associaci\u00f3 de Productors i Agricultors Ecol\u00f2gics de Mallorca (APAEMA) ha atorgat al\u00a0Vermut de Puntir\u00f3\u00a0el\u00a0premi Producte Ecol\u00f2gic de l'Any 2019","inLanguage":"de","potentialAction":[{"@type":"ReadAction","target":["https:\/\/gastronomicament.cat\/de\/el-vermut-de-puntiro-premi-producte-ecologic-de-lany-2019"]}]},{"@type":"ImageObject","inLanguage":"de","@id":"https:\/\/gastronomicament.cat\/de\/el-vermut-de-puntiro-premi-producte-ecologic-de-lany-2019#primaryimage","url":"https:\/\/gastronomicament.cat\/wp-content\/uploads\/2019\/04\/Vermut-de-Puntiro.jpg","contentUrl":"https:\/\/gastronomicament.cat\/wp-content\/uploads\/2019\/04\/Vermut-de-Puntiro.jpg","width":668,"height":394},{"@type":"WebSite","@id":"https:\/\/gastronomicament.cat\/de\/#website","url":"https:\/\/gastronomicament.cat\/de\/","name":"Gastron\u00f2micament","description":"Portal de restaurants, receptes i actualitat gastron\u00f2mica","publisher":{"@id":"https:\/\/gastronomicament.cat\/de\/#organization"},"potentialAction":[{"@type":"SearchAction","target":{"@type":"EntryPoint","urlTemplate":"https:\/\/gastronomicament.cat\/de\/?s={search_term_string}"},"query-input":{"@type":"PropertyValueSpecification","valueRequired":true,"valueName":"search_term_string"}}],"inLanguage":"de"},{"@type":"Organization","@id":"https:\/\/gastronomicament.cat\/de\/#organization","name":"Gastron\u00f2micament","url":"https:\/\/gastronomicament.cat\/de\/","logo":{"@type":"ImageObject","inLanguage":"de","@id":"https:\/\/gastronomicament.cat\/de\/#\/schema\/logo\/image\/","url":"https:\/\/gastronomicament.cat\/wp-content\/uploads\/2016\/09\/header-logo.jpg","contentUrl":"https:\/\/gastronomicament.cat\/wp-content\/uploads\/2016\/09\/header-logo.jpg","width":277,"height":39,"caption":"Gastron\u00f2micament"},"image":{"@id":"https:\/\/gastronomicament.cat\/de\/#\/schema\/logo\/image\/"},"sameAs":["https:\/\/x.com\/gastronomicamen"]},{"@type":"Person","@id":"https:\/\/gastronomicament.cat\/de\/#\/schema\/person\/a7c85c537a1ed62799a5b8e0f686a37f","name":"Redacci\u00f3","image":{"@type":"ImageObject","inLanguage":"de","@id":"https:\/\/secure.gravatar.com\/avatar\/9489a485c464fd611d33825daae651d13db70c4e74c65c94937a15a9d4c3ee14?s=96&d=mm&r=g69fea3cce3645dfa2166e7293e22955e","url":"https:\/\/secure.gravatar.com\/avatar\/9489a485c464fd611d33825daae651d13db70c4e74c65c94937a15a9d4c3ee14?s=96&d=mm&r=g","contentUrl":"https:\/\/secure.gravatar.com\/avatar\/9489a485c464fd611d33825daae651d13db70c4e74c65c94937a15a9d4c3ee14?s=96&d=mm&r=g","caption":"Redacci\u00f3"},"sameAs":["http:\/\/gastronomicament.cat"],"url":"https:\/\/gastronomicament.cat\/de\/author\/admin"}]}},"_links":{"self":[{"href":"https:\/\/gastronomicament.cat\/de\/wp-json\/wp\/v2\/posts\/64666","targetHints":{"allow":["GET"]}}],"collection":[{"href":"https:\/\/gastronomicament.cat\/de\/wp-json\/wp\/v2\/posts"}],"about":[{"href":"https:\/\/gastronomicament.cat\/de\/wp-json\/wp\/v2\/types\/post"}],"author":[{"embeddable":true,"href":"https:\/\/gastronomicament.cat\/de\/wp-json\/wp\/v2\/users\/1"}],"replies":[{"embeddable":true,"href":"https:\/\/gastronomicament.cat\/de\/wp-json\/wp\/v2\/comments?post=64666"}],"version-history":[{"count":0,"href":"https:\/\/gastronomicament.cat\/de\/wp-json\/wp\/v2\/posts\/64666\/revisions"}],"wp:featuredmedia":[{"embeddable":true,"href":"https:\/\/gastronomicament.cat\/de\/wp-json\/wp\/v2\/media\/64668"}],"wp:attachment":[{"href":"https:\/\/gastronomicament.cat\/de\/wp-json\/wp\/v2\/media?parent=64666"}],"wp:term":[{"taxonomy":"category","embeddable":true,"href":"https:\/\/gastronomicament.cat\/de\/wp-json\/wp\/v2\/categories?post=64666"},{"taxonomy":"post_tag","embeddable":true,"href":"https:\/\/gastronomicament.cat\/de\/wp-json\/wp\/v2\/tags?post=64666"},{"taxonomy":"author","embeddable":true,"href":"https:\/\/gastronomicament.cat\/de\/wp-json\/wp\/v2\/coauthors?post=64666"}],"curies":[{"name":"wp","href":"https:\/\/api.w.org\/{rel}","templated":true}]}}