{"id":65451,"date":"2019-03-23T10:29:43","date_gmt":"2019-03-23T09:29:43","guid":{"rendered":"https:\/\/gastronomicament.cat\/aixi-sera-lhotel-on-hi-haura-el-restaurant-dins-santi-taura"},"modified":"2022-04-09T10:00:06","modified_gmt":"2022-04-09T08:00:06","slug":"aixi-sera-lhotel-on-hi-haura-el-restaurant-dins-santi-taura","status":"publish","type":"post","link":"https:\/\/gastronomicament.cat\/de\/aixi-sera-lhotel-on-hi-haura-el-restaurant-dins-santi-taura","title":{"rendered":"Aix\u00ed ser\u00e0 l&#8217;hotel on hi haur\u00e0 el restaurant Dins Santi Taura"},"content":{"rendered":"<p>El cuiner Santi Taura ha anunciat que deixa Lloseta i que es trasllada a Palma. Ho fa amb la fusi\u00f3 dels dos conceptes culinaris que fins ara ha tingut vigents al seu poble natal: Santi Taura i Dins. D&#8217;aquesta manera, el nou restaurant es dir\u00e0 Dins Santi Taura i estar\u00e0 ubicat al barri de la Calatrava, en l&#8217;edifici que ser\u00e0 l&#8217;hotel\u00a0<strong>El Lloren\u00e7 Parc de la Mar<\/strong>.<\/p>\n<p>El local de Lloseta l&#8217;usar\u00e0 per fer-hi actes privats i per al servei que ofereix de catering.<\/p>\n<p><strong>DINS Santi Taura<\/strong>\u00a0estar\u00e0 situat a la\u00a0<strong>Pla\u00e7a Lloren\u00e7 Villalonga, 4 de Palma<\/strong>\u00a0i romandr\u00e0 obert el vespre, de dimecres a dissabte, i els divendres i dissabtes, tamb\u00e9 al migdia. El\u00a0<strong>restaurant obrir\u00e0 el mes de juliol de 2019 i partir del mes de maig se n&#8217;obriran les reserves<\/strong>\u00a0al 656.738.214 o a l&#8217;adre\u00e7a electr\u00f2nica\u00a0<em>reserves<\/em>\u00a0[arrova]\u00a0<em>santitaura<\/em>\u00a0[punt]\u00a0<em>com<\/em><\/p>\n<p><strong>Darrers \u00e0pats a Lloseta<\/strong><\/p>\n<p>Si el restaurant t\u00e9 lloc, perqu\u00e8 sempre era molt dif\u00edcil tenir-hi taula, podeu reservar al restaurant Dins fins al 20 d&#8217;abril incl\u00f2s, i al restaurant Santi Taura fins al 30 de juny incl\u00f2s.<\/p>\n<p><strong>Una altra novetat: Cor &#8211; Barra i Taula\u00a0<\/strong><\/p>\n<p>El mes de juny, tamb\u00e9 hi haur\u00e0 novetats ja que Santi Taura inaugurar\u00e0 un nou restaurant a\u00a0<strong>Palma<\/strong>, concretament\u00a0<strong>devora del Mercat de l&#8217;Olivar<\/strong>. La nova aventura es dir\u00e0\u00a0<strong>Cor &#8211; Barra i Taula<\/strong>\u00a0i tendr\u00e0 l&#8217;estil dels cellers mallorquins de sempre, amb una \u00e0mplia barra i taules per seure a gaudir de\u00a0<strong>tapes, racions i plats del dia<\/strong>, basats en el producte de temporada i de mercat. Obrir\u00e0 de dilluns a dissabtes, des del mat\u00ed fins al vespre ininterrompudament.<\/p>\n","protected":false},"excerpt":{"rendered":"<p>El cuiner Santi Taura ha anunciat que deixa Lloseta i que es trasllada a Palma. Ho&hellip;<\/p>\n","protected":false},"author":1,"featured_media":64932,"comment_status":"open","ping_status":"closed","sticky":false,"template":"","format":"gallery","meta":{"_acf_changed":false,"_swt_meta_header_display":false,"_swt_meta_footer_display":false,"_swt_meta_site_title_display":false,"_swt_meta_sticky_header":false,"_swt_meta_transparent_header":false,"footnotes":""},"categories":[1050,1476],"tags":[],"coauthors":[],"class_list":["post-65451","post","type-post","status-publish","format-gallery","has-post-thumbnail","hentry","category-actualitat-es-de","category-reportatges-i-novetats-de","post_format-post-format-gallery"],"acf":{"gallery":null,"home_date":{"home_begin_date":null,"home_end_date":null}},"yoast_head":"<!-- This site is optimized with the Yoast SEO plugin v27.4 - https:\/\/yoast.com\/product\/yoast-seo-wordpress\/ -->\n<title>Aix\u00ed ser\u00e0 l&#039;hotel on hi haur\u00e0 el restaurant Dins Santi Taura - Gastron\u00f2micament<\/title>\n<meta name=\"description\" content=\"Aix\u00ed ser\u00e0 l&#039;hotel on hi haur\u00e0 el restaurant Dins Santi Taura Actualitat, Reportatges i novetats El cuiner Santi Taura ha anunciat que deixa Lloseta i que es trasllada a Palma. Ho fa amb la fusi\u00f3 dels dos conceptes culinaris que fins ara ha tingut vigents al seu poble natal: Santi Taura i Dins\" \/>\n<meta name=\"robots\" content=\"index, follow, max-snippet:-1, max-image-preview:large, max-video-preview:-1\" \/>\n<link rel=\"canonical\" href=\"https:\/\/gastronomicament.cat\/de\/aixi-sera-lhotel-on-hi-haura-el-restaurant-dins-santi-taura\" \/>\n<meta property=\"og:locale\" content=\"de_DE\" \/>\n<meta property=\"og:type\" content=\"article\" \/>\n<meta property=\"og:title\" content=\"Aix\u00ed ser\u00e0 l&#039;hotel on hi haur\u00e0 el restaurant Dins Santi Taura - Gastron\u00f2micament\" \/>\n<meta property=\"og:description\" content=\"Aix\u00ed ser\u00e0 l&#039;hotel on hi haur\u00e0 el restaurant Dins Santi Taura Actualitat, Reportatges i novetats El cuiner Santi Taura ha anunciat que deixa Lloseta i que es trasllada a Palma. Ho fa amb la fusi\u00f3 dels dos conceptes culinaris que fins ara ha tingut vigents al seu poble natal: Santi Taura i Dins\" \/>\n<meta property=\"og:url\" content=\"https:\/\/gastronomicament.cat\/de\/aixi-sera-lhotel-on-hi-haura-el-restaurant-dins-santi-taura\" \/>\n<meta property=\"og:site_name\" content=\"Gastron\u00f2micament\" \/>\n<meta property=\"article:published_time\" content=\"2019-03-23T09:29:43+00:00\" \/>\n<meta property=\"article:modified_time\" content=\"2022-04-09T08:00:06+00:00\" \/>\n<meta property=\"og:image\" content=\"https:\/\/gastronomicament.cat\/wp-content\/uploads\/2019\/03\/Restaurant-El-Llorenc-Parc-de-la-Mar.jpg\" \/>\n\t<meta property=\"og:image:width\" content=\"1024\" \/>\n\t<meta property=\"og:image:height\" content=\"608\" \/>\n\t<meta property=\"og:image:type\" content=\"image\/jpeg\" \/>\n<meta name=\"author\" content=\"Redacci\u00f3\" \/>\n<meta name=\"twitter:card\" content=\"summary_large_image\" \/>\n<meta name=\"twitter:creator\" content=\"@gastronomicamen\" \/>\n<meta name=\"twitter:site\" content=\"@gastronomicamen\" \/>\n<meta name=\"twitter:label1\" content=\"Verfasst von\" \/>\n\t<meta name=\"twitter:data1\" content=\"Redacci\u00f3\" \/>\n\t<meta name=\"twitter:label2\" content=\"Gesch\u00e4tzte Lesezeit\" \/>\n\t<meta name=\"twitter:data2\" content=\"1\u00a0Minute\" \/>\n\t<meta name=\"twitter:label3\" content=\"Written by\" \/>\n\t<meta name=\"twitter:data3\" content=\"Redacci\u00f3\" \/>\n<script type=\"application\/ld+json\" class=\"yoast-schema-graph\">{\"@context\":\"https:\\\/\\\/schema.org\",\"@graph\":[{\"@type\":\"Article\",\"@id\":\"https:\\\/\\\/gastronomicament.cat\\\/de\\\/aixi-sera-lhotel-on-hi-haura-el-restaurant-dins-santi-taura#article\",\"isPartOf\":{\"@id\":\"https:\\\/\\\/gastronomicament.cat\\\/de\\\/aixi-sera-lhotel-on-hi-haura-el-restaurant-dins-santi-taura\"},\"author\":{\"name\":\"Redacci\u00f3\",\"@id\":\"https:\\\/\\\/gastronomicament.cat\\\/de\\\/#\\\/schema\\\/person\\\/a7c85c537a1ed62799a5b8e0f686a37f\"},\"headline\":\"Aix\u00ed ser\u00e0 l&#8217;hotel on hi haur\u00e0 el restaurant Dins Santi Taura\",\"datePublished\":\"2019-03-23T09:29:43+00:00\",\"dateModified\":\"2022-04-09T08:00:06+00:00\",\"mainEntityOfPage\":{\"@id\":\"https:\\\/\\\/gastronomicament.cat\\\/de\\\/aixi-sera-lhotel-on-hi-haura-el-restaurant-dins-santi-taura\"},\"wordCount\":281,\"commentCount\":0,\"publisher\":{\"@id\":\"https:\\\/\\\/gastronomicament.cat\\\/de\\\/#organization\"},\"image\":{\"@id\":\"https:\\\/\\\/gastronomicament.cat\\\/de\\\/aixi-sera-lhotel-on-hi-haura-el-restaurant-dins-santi-taura#primaryimage\"},\"thumbnailUrl\":\"https:\\\/\\\/gastronomicament.cat\\\/wp-content\\\/uploads\\\/2019\\\/03\\\/Restaurant-El-Llorenc-Parc-de-la-Mar.jpg\",\"articleSection\":[\"Actualitat\",\"Reportatges i novetats\"],\"inLanguage\":\"de\",\"potentialAction\":[{\"@type\":\"CommentAction\",\"name\":\"Comment\",\"target\":[\"https:\\\/\\\/gastronomicament.cat\\\/de\\\/aixi-sera-lhotel-on-hi-haura-el-restaurant-dins-santi-taura#respond\"]}]},{\"@type\":\"WebPage\",\"@id\":\"https:\\\/\\\/gastronomicament.cat\\\/de\\\/aixi-sera-lhotel-on-hi-haura-el-restaurant-dins-santi-taura\",\"url\":\"https:\\\/\\\/gastronomicament.cat\\\/de\\\/aixi-sera-lhotel-on-hi-haura-el-restaurant-dins-santi-taura\",\"name\":\"Aix\u00ed ser\u00e0 l'hotel on hi haur\u00e0 el restaurant Dins Santi Taura - Gastron\u00f2micament\",\"isPartOf\":{\"@id\":\"https:\\\/\\\/gastronomicament.cat\\\/de\\\/#website\"},\"primaryImageOfPage\":{\"@id\":\"https:\\\/\\\/gastronomicament.cat\\\/de\\\/aixi-sera-lhotel-on-hi-haura-el-restaurant-dins-santi-taura#primaryimage\"},\"image\":{\"@id\":\"https:\\\/\\\/gastronomicament.cat\\\/de\\\/aixi-sera-lhotel-on-hi-haura-el-restaurant-dins-santi-taura#primaryimage\"},\"thumbnailUrl\":\"https:\\\/\\\/gastronomicament.cat\\\/wp-content\\\/uploads\\\/2019\\\/03\\\/Restaurant-El-Llorenc-Parc-de-la-Mar.jpg\",\"datePublished\":\"2019-03-23T09:29:43+00:00\",\"dateModified\":\"2022-04-09T08:00:06+00:00\",\"description\":\"Aix\u00ed ser\u00e0 l'hotel on hi haur\u00e0 el restaurant Dins Santi Taura Actualitat, Reportatges i novetats El cuiner Santi Taura ha anunciat que deixa Lloseta i que es trasllada a Palma. Ho fa amb la fusi\u00f3 dels dos conceptes culinaris que fins ara ha tingut vigents al seu poble natal: Santi Taura i Dins\",\"inLanguage\":\"de\",\"potentialAction\":[{\"@type\":\"ReadAction\",\"target\":[\"https:\\\/\\\/gastronomicament.cat\\\/de\\\/aixi-sera-lhotel-on-hi-haura-el-restaurant-dins-santi-taura\"]}]},{\"@type\":\"ImageObject\",\"inLanguage\":\"de\",\"@id\":\"https:\\\/\\\/gastronomicament.cat\\\/de\\\/aixi-sera-lhotel-on-hi-haura-el-restaurant-dins-santi-taura#primaryimage\",\"url\":\"https:\\\/\\\/gastronomicament.cat\\\/wp-content\\\/uploads\\\/2019\\\/03\\\/Restaurant-El-Llorenc-Parc-de-la-Mar.jpg\",\"contentUrl\":\"https:\\\/\\\/gastronomicament.cat\\\/wp-content\\\/uploads\\\/2019\\\/03\\\/Restaurant-El-Llorenc-Parc-de-la-Mar.jpg\",\"width\":1024,\"height\":608},{\"@type\":\"WebSite\",\"@id\":\"https:\\\/\\\/gastronomicament.cat\\\/de\\\/#website\",\"url\":\"https:\\\/\\\/gastronomicament.cat\\\/de\\\/\",\"name\":\"Gastron\u00f2micament\",\"description\":\"Portal de restaurants, receptes i actualitat gastron\u00f2mica\",\"publisher\":{\"@id\":\"https:\\\/\\\/gastronomicament.cat\\\/de\\\/#organization\"},\"potentialAction\":[{\"@type\":\"SearchAction\",\"target\":{\"@type\":\"EntryPoint\",\"urlTemplate\":\"https:\\\/\\\/gastronomicament.cat\\\/de\\\/?s={search_term_string}\"},\"query-input\":{\"@type\":\"PropertyValueSpecification\",\"valueRequired\":true,\"valueName\":\"search_term_string\"}}],\"inLanguage\":\"de\"},{\"@type\":\"Organization\",\"@id\":\"https:\\\/\\\/gastronomicament.cat\\\/de\\\/#organization\",\"name\":\"Gastron\u00f2micament\",\"url\":\"https:\\\/\\\/gastronomicament.cat\\\/de\\\/\",\"logo\":{\"@type\":\"ImageObject\",\"inLanguage\":\"de\",\"@id\":\"https:\\\/\\\/gastronomicament.cat\\\/de\\\/#\\\/schema\\\/logo\\\/image\\\/\",\"url\":\"https:\\\/\\\/gastronomicament.cat\\\/wp-content\\\/uploads\\\/2016\\\/09\\\/header-logo.jpg\",\"contentUrl\":\"https:\\\/\\\/gastronomicament.cat\\\/wp-content\\\/uploads\\\/2016\\\/09\\\/header-logo.jpg\",\"width\":277,\"height\":39,\"caption\":\"Gastron\u00f2micament\"},\"image\":{\"@id\":\"https:\\\/\\\/gastronomicament.cat\\\/de\\\/#\\\/schema\\\/logo\\\/image\\\/\"},\"sameAs\":[\"https:\\\/\\\/x.com\\\/gastronomicamen\"]},{\"@type\":\"Person\",\"@id\":\"https:\\\/\\\/gastronomicament.cat\\\/de\\\/#\\\/schema\\\/person\\\/a7c85c537a1ed62799a5b8e0f686a37f\",\"name\":\"Redacci\u00f3\",\"image\":{\"@type\":\"ImageObject\",\"inLanguage\":\"de\",\"@id\":\"https:\\\/\\\/secure.gravatar.com\\\/avatar\\\/9489a485c464fd611d33825daae651d13db70c4e74c65c94937a15a9d4c3ee14?s=96&d=mm&r=g69fea3cce3645dfa2166e7293e22955e\",\"url\":\"https:\\\/\\\/secure.gravatar.com\\\/avatar\\\/9489a485c464fd611d33825daae651d13db70c4e74c65c94937a15a9d4c3ee14?s=96&d=mm&r=g\",\"contentUrl\":\"https:\\\/\\\/secure.gravatar.com\\\/avatar\\\/9489a485c464fd611d33825daae651d13db70c4e74c65c94937a15a9d4c3ee14?s=96&d=mm&r=g\",\"caption\":\"Redacci\u00f3\"},\"sameAs\":[\"http:\\\/\\\/gastronomicament.cat\"],\"url\":\"https:\\\/\\\/gastronomicament.cat\\\/de\\\/author\\\/admin\"}]}<\/script>\n<!-- \/ Yoast SEO plugin. -->","yoast_head_json":{"title":"Aix\u00ed ser\u00e0 l'hotel on hi haur\u00e0 el restaurant Dins Santi Taura - Gastron\u00f2micament","description":"Aix\u00ed ser\u00e0 l'hotel on hi haur\u00e0 el restaurant Dins Santi Taura Actualitat, Reportatges i novetats El cuiner Santi Taura ha anunciat que deixa Lloseta i que es trasllada a Palma. Ho fa amb la fusi\u00f3 dels dos conceptes culinaris que fins ara ha tingut vigents al seu poble natal: Santi Taura i Dins","robots":{"index":"index","follow":"follow","max-snippet":"max-snippet:-1","max-image-preview":"max-image-preview:large","max-video-preview":"max-video-preview:-1"},"canonical":"https:\/\/gastronomicament.cat\/de\/aixi-sera-lhotel-on-hi-haura-el-restaurant-dins-santi-taura","og_locale":"de_DE","og_type":"article","og_title":"Aix\u00ed ser\u00e0 l'hotel on hi haur\u00e0 el restaurant Dins Santi Taura - Gastron\u00f2micament","og_description":"Aix\u00ed ser\u00e0 l'hotel on hi haur\u00e0 el restaurant Dins Santi Taura Actualitat, Reportatges i novetats El cuiner Santi Taura ha anunciat que deixa Lloseta i que es trasllada a Palma. Ho fa amb la fusi\u00f3 dels dos conceptes culinaris que fins ara ha tingut vigents al seu poble natal: Santi Taura i Dins","og_url":"https:\/\/gastronomicament.cat\/de\/aixi-sera-lhotel-on-hi-haura-el-restaurant-dins-santi-taura","og_site_name":"Gastron\u00f2micament","article_published_time":"2019-03-23T09:29:43+00:00","article_modified_time":"2022-04-09T08:00:06+00:00","og_image":[{"width":1024,"height":608,"url":"https:\/\/gastronomicament.cat\/wp-content\/uploads\/2019\/03\/Restaurant-El-Llorenc-Parc-de-la-Mar.jpg","type":"image\/jpeg"}],"author":"Redacci\u00f3","twitter_card":"summary_large_image","twitter_creator":"@gastronomicamen","twitter_site":"@gastronomicamen","twitter_misc":{"Verfasst von":"Redacci\u00f3","Gesch\u00e4tzte Lesezeit":"1\u00a0Minute","Written by":"Redacci\u00f3"},"schema":{"@context":"https:\/\/schema.org","@graph":[{"@type":"Article","@id":"https:\/\/gastronomicament.cat\/de\/aixi-sera-lhotel-on-hi-haura-el-restaurant-dins-santi-taura#article","isPartOf":{"@id":"https:\/\/gastronomicament.cat\/de\/aixi-sera-lhotel-on-hi-haura-el-restaurant-dins-santi-taura"},"author":{"name":"Redacci\u00f3","@id":"https:\/\/gastronomicament.cat\/de\/#\/schema\/person\/a7c85c537a1ed62799a5b8e0f686a37f"},"headline":"Aix\u00ed ser\u00e0 l&#8217;hotel on hi haur\u00e0 el restaurant Dins Santi Taura","datePublished":"2019-03-23T09:29:43+00:00","dateModified":"2022-04-09T08:00:06+00:00","mainEntityOfPage":{"@id":"https:\/\/gastronomicament.cat\/de\/aixi-sera-lhotel-on-hi-haura-el-restaurant-dins-santi-taura"},"wordCount":281,"commentCount":0,"publisher":{"@id":"https:\/\/gastronomicament.cat\/de\/#organization"},"image":{"@id":"https:\/\/gastronomicament.cat\/de\/aixi-sera-lhotel-on-hi-haura-el-restaurant-dins-santi-taura#primaryimage"},"thumbnailUrl":"https:\/\/gastronomicament.cat\/wp-content\/uploads\/2019\/03\/Restaurant-El-Llorenc-Parc-de-la-Mar.jpg","articleSection":["Actualitat","Reportatges i novetats"],"inLanguage":"de","potentialAction":[{"@type":"CommentAction","name":"Comment","target":["https:\/\/gastronomicament.cat\/de\/aixi-sera-lhotel-on-hi-haura-el-restaurant-dins-santi-taura#respond"]}]},{"@type":"WebPage","@id":"https:\/\/gastronomicament.cat\/de\/aixi-sera-lhotel-on-hi-haura-el-restaurant-dins-santi-taura","url":"https:\/\/gastronomicament.cat\/de\/aixi-sera-lhotel-on-hi-haura-el-restaurant-dins-santi-taura","name":"Aix\u00ed ser\u00e0 l'hotel on hi haur\u00e0 el restaurant Dins Santi Taura - Gastron\u00f2micament","isPartOf":{"@id":"https:\/\/gastronomicament.cat\/de\/#website"},"primaryImageOfPage":{"@id":"https:\/\/gastronomicament.cat\/de\/aixi-sera-lhotel-on-hi-haura-el-restaurant-dins-santi-taura#primaryimage"},"image":{"@id":"https:\/\/gastronomicament.cat\/de\/aixi-sera-lhotel-on-hi-haura-el-restaurant-dins-santi-taura#primaryimage"},"thumbnailUrl":"https:\/\/gastronomicament.cat\/wp-content\/uploads\/2019\/03\/Restaurant-El-Llorenc-Parc-de-la-Mar.jpg","datePublished":"2019-03-23T09:29:43+00:00","dateModified":"2022-04-09T08:00:06+00:00","description":"Aix\u00ed ser\u00e0 l'hotel on hi haur\u00e0 el restaurant Dins Santi Taura Actualitat, Reportatges i novetats El cuiner Santi Taura ha anunciat que deixa Lloseta i que es trasllada a Palma. Ho fa amb la fusi\u00f3 dels dos conceptes culinaris que fins ara ha tingut vigents al seu poble natal: Santi Taura i Dins","inLanguage":"de","potentialAction":[{"@type":"ReadAction","target":["https:\/\/gastronomicament.cat\/de\/aixi-sera-lhotel-on-hi-haura-el-restaurant-dins-santi-taura"]}]},{"@type":"ImageObject","inLanguage":"de","@id":"https:\/\/gastronomicament.cat\/de\/aixi-sera-lhotel-on-hi-haura-el-restaurant-dins-santi-taura#primaryimage","url":"https:\/\/gastronomicament.cat\/wp-content\/uploads\/2019\/03\/Restaurant-El-Llorenc-Parc-de-la-Mar.jpg","contentUrl":"https:\/\/gastronomicament.cat\/wp-content\/uploads\/2019\/03\/Restaurant-El-Llorenc-Parc-de-la-Mar.jpg","width":1024,"height":608},{"@type":"WebSite","@id":"https:\/\/gastronomicament.cat\/de\/#website","url":"https:\/\/gastronomicament.cat\/de\/","name":"Gastron\u00f2micament","description":"Portal de restaurants, receptes i actualitat gastron\u00f2mica","publisher":{"@id":"https:\/\/gastronomicament.cat\/de\/#organization"},"potentialAction":[{"@type":"SearchAction","target":{"@type":"EntryPoint","urlTemplate":"https:\/\/gastronomicament.cat\/de\/?s={search_term_string}"},"query-input":{"@type":"PropertyValueSpecification","valueRequired":true,"valueName":"search_term_string"}}],"inLanguage":"de"},{"@type":"Organization","@id":"https:\/\/gastronomicament.cat\/de\/#organization","name":"Gastron\u00f2micament","url":"https:\/\/gastronomicament.cat\/de\/","logo":{"@type":"ImageObject","inLanguage":"de","@id":"https:\/\/gastronomicament.cat\/de\/#\/schema\/logo\/image\/","url":"https:\/\/gastronomicament.cat\/wp-content\/uploads\/2016\/09\/header-logo.jpg","contentUrl":"https:\/\/gastronomicament.cat\/wp-content\/uploads\/2016\/09\/header-logo.jpg","width":277,"height":39,"caption":"Gastron\u00f2micament"},"image":{"@id":"https:\/\/gastronomicament.cat\/de\/#\/schema\/logo\/image\/"},"sameAs":["https:\/\/x.com\/gastronomicamen"]},{"@type":"Person","@id":"https:\/\/gastronomicament.cat\/de\/#\/schema\/person\/a7c85c537a1ed62799a5b8e0f686a37f","name":"Redacci\u00f3","image":{"@type":"ImageObject","inLanguage":"de","@id":"https:\/\/secure.gravatar.com\/avatar\/9489a485c464fd611d33825daae651d13db70c4e74c65c94937a15a9d4c3ee14?s=96&d=mm&r=g69fea3cce3645dfa2166e7293e22955e","url":"https:\/\/secure.gravatar.com\/avatar\/9489a485c464fd611d33825daae651d13db70c4e74c65c94937a15a9d4c3ee14?s=96&d=mm&r=g","contentUrl":"https:\/\/secure.gravatar.com\/avatar\/9489a485c464fd611d33825daae651d13db70c4e74c65c94937a15a9d4c3ee14?s=96&d=mm&r=g","caption":"Redacci\u00f3"},"sameAs":["http:\/\/gastronomicament.cat"],"url":"https:\/\/gastronomicament.cat\/de\/author\/admin"}]}},"_links":{"self":[{"href":"https:\/\/gastronomicament.cat\/de\/wp-json\/wp\/v2\/posts\/65451","targetHints":{"allow":["GET"]}}],"collection":[{"href":"https:\/\/gastronomicament.cat\/de\/wp-json\/wp\/v2\/posts"}],"about":[{"href":"https:\/\/gastronomicament.cat\/de\/wp-json\/wp\/v2\/types\/post"}],"author":[{"embeddable":true,"href":"https:\/\/gastronomicament.cat\/de\/wp-json\/wp\/v2\/users\/1"}],"replies":[{"embeddable":true,"href":"https:\/\/gastronomicament.cat\/de\/wp-json\/wp\/v2\/comments?post=65451"}],"version-history":[{"count":0,"href":"https:\/\/gastronomicament.cat\/de\/wp-json\/wp\/v2\/posts\/65451\/revisions"}],"wp:featuredmedia":[{"embeddable":true,"href":"https:\/\/gastronomicament.cat\/de\/wp-json\/wp\/v2\/media\/64932"}],"wp:attachment":[{"href":"https:\/\/gastronomicament.cat\/de\/wp-json\/wp\/v2\/media?parent=65451"}],"wp:term":[{"taxonomy":"category","embeddable":true,"href":"https:\/\/gastronomicament.cat\/de\/wp-json\/wp\/v2\/categories?post=65451"},{"taxonomy":"post_tag","embeddable":true,"href":"https:\/\/gastronomicament.cat\/de\/wp-json\/wp\/v2\/tags?post=65451"},{"taxonomy":"author","embeddable":true,"href":"https:\/\/gastronomicament.cat\/de\/wp-json\/wp\/v2\/coauthors?post=65451"}],"curies":[{"name":"wp","href":"https:\/\/api.w.org\/{rel}","templated":true}]}}