{"id":65613,"date":"2019-03-12T16:14:22","date_gmt":"2019-03-12T15:14:22","guid":{"rendered":"https:\/\/gastronomicament.cat\/tallers-de-cuina-antiga-de-mallorca"},"modified":"2019-03-12T16:14:22","modified_gmt":"2019-03-12T15:14:22","slug":"tallers-de-cuina-antiga-de-mallorca","status":"publish","type":"post","link":"https:\/\/gastronomicament.cat\/de\/tallers-de-cuina-antiga-de-mallorca","title":{"rendered":"Tallers de Cuina Antiga de Mallorca"},"content":{"rendered":"<p>Tres cuiners i un pastisser s\u00f3n els protagonistes de la primera edici\u00f3 dels\u00a0<strong>Tallers de Cuina Antiga<\/strong>, una cita formativa i degustativa que ha organitzat Gastroevents Balears.<\/p>\n<p>Es tracta de quatre tallers en qu\u00e8 s&#8217;explicaran l&#8217;elaboraci\u00f3 de plats i receptes amb hist\u00f2ria a trav\u00e9s dels millors cuiners de les Illes Balears.<\/p>\n<p>El primer taller tendr\u00e0 com a protagonista\u00a0<strong>Pau Navarro<\/strong>, i tendr\u00e0 lloc el\u00a0<strong>12 de mar\u00e7<\/strong>. El segon, anir\u00e0 a c\u00e0rrec de\u00a0<strong>Santi Taura<\/strong>, el\u00a0<strong>26 de mar\u00e7<\/strong>. El tercer taller tendr\u00e0 a\u00a0<strong>Andreu Genestra<\/strong>\u00a0com a protagonista el dia\u00a0<strong>2 d&#8217;abril<\/strong>; i tancar\u00e0 el cicle\u00a0<strong>Llu\u00eds P\u00e9rez<\/strong>\u00a0el dia\u00a0<strong>9 d&#8217;abril<\/strong>. Les sessions es faran al\u00a0<a href=\"https:\/\/gastronomicament.cat\/en\/restaurant\/clandesti\">restaurant Clandest\u00ed de Palma<\/a>\u00a0(<a href=\"https:\/\/www.google.cat\/maps\/place\/Clandest%C3%AD+Taller+Gastron%C3%B2mic\/@39.5799067,2.6468692,17z\/data=!4m13!1m7!3m6!1s0x12979257fa29cc49:0x9653b8755a54320a!2sCarrer+de+Guillem+Massot,+45,+07003+Palma,+Illes+Balears!3b1!8m2!3d39.5799026!4d2.6490579!3m4!1s0x12979257f966bf19:0x2d357c201bcf632d!8m2!3d39.5800094!4d2.6489957\">carrer de Guillem Massot, 45<\/a>), a les 20 hores.<\/p>\n<p>Les places s\u00f3n limitades a nom\u00e9s 20 persones i cada sessi\u00f3 t\u00e9 un preu de\u00a0<strong>79 euros<\/strong>. La inscripci\u00f3 inclou la\u00a0<strong>degustaci\u00f3 dels plats, el maridatge de vins i un c\u00f2ctel<\/strong>. M\u00e9s informaci\u00f3 al: 664 320 280<\/p>\n","protected":false},"excerpt":{"rendered":"<p>Tres cuiners i un pastisser s\u00f3n els protagonistes de la primera edici\u00f3 dels\u00a0Tallers de Cuina Antiga,&hellip;<\/p>\n","protected":false},"author":1,"featured_media":64826,"comment_status":"open","ping_status":"closed","sticky":false,"template":"","format":"standard","meta":{"_acf_changed":false,"_swt_meta_header_display":false,"_swt_meta_footer_display":false,"_swt_meta_site_title_display":false,"_swt_meta_sticky_header":false,"_swt_meta_transparent_header":false,"footnotes":""},"categories":[1050,1485],"tags":[],"coauthors":[],"class_list":["post-65613","post","type-post","status-publish","format-standard","has-post-thumbnail","hentry","category-actualitat-es-de","category-cursos-i-tallers-de"],"acf":{"gallery":null,"home_date":{"home_begin_date":null,"home_end_date":null}},"yoast_head":"<!-- This site is optimized with the Yoast SEO plugin v27.4 - https:\/\/yoast.com\/product\/yoast-seo-wordpress\/ -->\n<title>Tallers de Cuina Antiga de Mallorca - Gastron\u00f2micament<\/title>\n<meta name=\"description\" content=\"Tallers de Cuina Antiga de Mallorca Actualitat, Cursos i tallers Tres cuiners i un pastisser s\u00f3n els protagonistes de la primera edici\u00f3 dels\u00a0Tallers de Cuina Antiga, una cita formativa i degustativa que ha organitzat Gastroevents Balears\" \/>\n<meta name=\"robots\" content=\"index, follow, max-snippet:-1, max-image-preview:large, max-video-preview:-1\" \/>\n<link rel=\"canonical\" href=\"https:\/\/gastronomicament.cat\/de\/tallers-de-cuina-antiga-de-mallorca\" \/>\n<meta property=\"og:locale\" content=\"de_DE\" \/>\n<meta property=\"og:type\" content=\"article\" \/>\n<meta property=\"og:title\" content=\"Tallers de Cuina Antiga de Mallorca - Gastron\u00f2micament\" \/>\n<meta property=\"og:description\" content=\"Tallers de Cuina Antiga de Mallorca Actualitat, Cursos i tallers Tres cuiners i un pastisser s\u00f3n els protagonistes de la primera edici\u00f3 dels\u00a0Tallers de Cuina Antiga, una cita formativa i degustativa que ha organitzat Gastroevents Balears\" \/>\n<meta property=\"og:url\" content=\"https:\/\/gastronomicament.cat\/de\/tallers-de-cuina-antiga-de-mallorca\" \/>\n<meta property=\"og:site_name\" content=\"Gastron\u00f2micament\" \/>\n<meta property=\"article:published_time\" content=\"2019-03-12T15:14:22+00:00\" \/>\n<meta property=\"og:image\" content=\"https:\/\/gastronomicament.cat\/wp-content\/uploads\/2019\/03\/Taller-cuina-antiga-Mallorca-2019.jpg\" \/>\n\t<meta property=\"og:image:width\" content=\"793\" \/>\n\t<meta property=\"og:image:height\" content=\"425\" \/>\n\t<meta property=\"og:image:type\" content=\"image\/jpeg\" \/>\n<meta name=\"author\" content=\"Redacci\u00f3\" \/>\n<meta name=\"twitter:card\" content=\"summary_large_image\" \/>\n<meta name=\"twitter:creator\" content=\"@gastronomicamen\" \/>\n<meta name=\"twitter:site\" content=\"@gastronomicamen\" \/>\n<meta name=\"twitter:label1\" content=\"Verfasst von\" \/>\n\t<meta name=\"twitter:data1\" content=\"Redacci\u00f3\" \/>\n\t<meta name=\"twitter:label2\" content=\"Gesch\u00e4tzte Lesezeit\" \/>\n\t<meta name=\"twitter:data2\" content=\"1\u00a0Minute\" \/>\n\t<meta name=\"twitter:label3\" content=\"Written by\" \/>\n\t<meta name=\"twitter:data3\" content=\"Redacci\u00f3\" \/>\n<script type=\"application\/ld+json\" class=\"yoast-schema-graph\">{\"@context\":\"https:\\\/\\\/schema.org\",\"@graph\":[{\"@type\":\"Article\",\"@id\":\"https:\\\/\\\/gastronomicament.cat\\\/de\\\/tallers-de-cuina-antiga-de-mallorca#article\",\"isPartOf\":{\"@id\":\"https:\\\/\\\/gastronomicament.cat\\\/de\\\/tallers-de-cuina-antiga-de-mallorca\"},\"author\":{\"name\":\"Redacci\u00f3\",\"@id\":\"https:\\\/\\\/gastronomicament.cat\\\/de\\\/#\\\/schema\\\/person\\\/a7c85c537a1ed62799a5b8e0f686a37f\"},\"headline\":\"Tallers de Cuina Antiga de Mallorca\",\"datePublished\":\"2019-03-12T15:14:22+00:00\",\"mainEntityOfPage\":{\"@id\":\"https:\\\/\\\/gastronomicament.cat\\\/de\\\/tallers-de-cuina-antiga-de-mallorca\"},\"wordCount\":163,\"commentCount\":0,\"publisher\":{\"@id\":\"https:\\\/\\\/gastronomicament.cat\\\/de\\\/#organization\"},\"image\":{\"@id\":\"https:\\\/\\\/gastronomicament.cat\\\/de\\\/tallers-de-cuina-antiga-de-mallorca#primaryimage\"},\"thumbnailUrl\":\"https:\\\/\\\/gastronomicament.cat\\\/wp-content\\\/uploads\\\/2019\\\/03\\\/Taller-cuina-antiga-Mallorca-2019.jpg\",\"articleSection\":[\"Actualitat\",\"Cursos i tallers\"],\"inLanguage\":\"de\",\"potentialAction\":[{\"@type\":\"CommentAction\",\"name\":\"Comment\",\"target\":[\"https:\\\/\\\/gastronomicament.cat\\\/de\\\/tallers-de-cuina-antiga-de-mallorca#respond\"]}]},{\"@type\":\"WebPage\",\"@id\":\"https:\\\/\\\/gastronomicament.cat\\\/de\\\/tallers-de-cuina-antiga-de-mallorca\",\"url\":\"https:\\\/\\\/gastronomicament.cat\\\/de\\\/tallers-de-cuina-antiga-de-mallorca\",\"name\":\"Tallers de Cuina Antiga de Mallorca - Gastron\u00f2micament\",\"isPartOf\":{\"@id\":\"https:\\\/\\\/gastronomicament.cat\\\/de\\\/#website\"},\"primaryImageOfPage\":{\"@id\":\"https:\\\/\\\/gastronomicament.cat\\\/de\\\/tallers-de-cuina-antiga-de-mallorca#primaryimage\"},\"image\":{\"@id\":\"https:\\\/\\\/gastronomicament.cat\\\/de\\\/tallers-de-cuina-antiga-de-mallorca#primaryimage\"},\"thumbnailUrl\":\"https:\\\/\\\/gastronomicament.cat\\\/wp-content\\\/uploads\\\/2019\\\/03\\\/Taller-cuina-antiga-Mallorca-2019.jpg\",\"datePublished\":\"2019-03-12T15:14:22+00:00\",\"description\":\"Tallers de Cuina Antiga de Mallorca Actualitat, Cursos i tallers Tres cuiners i un pastisser s\u00f3n els protagonistes de la primera edici\u00f3 dels\u00a0Tallers de Cuina Antiga, una cita formativa i degustativa que ha organitzat Gastroevents Balears\",\"inLanguage\":\"de\",\"potentialAction\":[{\"@type\":\"ReadAction\",\"target\":[\"https:\\\/\\\/gastronomicament.cat\\\/de\\\/tallers-de-cuina-antiga-de-mallorca\"]}]},{\"@type\":\"ImageObject\",\"inLanguage\":\"de\",\"@id\":\"https:\\\/\\\/gastronomicament.cat\\\/de\\\/tallers-de-cuina-antiga-de-mallorca#primaryimage\",\"url\":\"https:\\\/\\\/gastronomicament.cat\\\/wp-content\\\/uploads\\\/2019\\\/03\\\/Taller-cuina-antiga-Mallorca-2019.jpg\",\"contentUrl\":\"https:\\\/\\\/gastronomicament.cat\\\/wp-content\\\/uploads\\\/2019\\\/03\\\/Taller-cuina-antiga-Mallorca-2019.jpg\",\"width\":793,\"height\":425},{\"@type\":\"WebSite\",\"@id\":\"https:\\\/\\\/gastronomicament.cat\\\/de\\\/#website\",\"url\":\"https:\\\/\\\/gastronomicament.cat\\\/de\\\/\",\"name\":\"Gastron\u00f2micament\",\"description\":\"Portal de restaurants, receptes i actualitat gastron\u00f2mica\",\"publisher\":{\"@id\":\"https:\\\/\\\/gastronomicament.cat\\\/de\\\/#organization\"},\"potentialAction\":[{\"@type\":\"SearchAction\",\"target\":{\"@type\":\"EntryPoint\",\"urlTemplate\":\"https:\\\/\\\/gastronomicament.cat\\\/de\\\/?s={search_term_string}\"},\"query-input\":{\"@type\":\"PropertyValueSpecification\",\"valueRequired\":true,\"valueName\":\"search_term_string\"}}],\"inLanguage\":\"de\"},{\"@type\":\"Organization\",\"@id\":\"https:\\\/\\\/gastronomicament.cat\\\/de\\\/#organization\",\"name\":\"Gastron\u00f2micament\",\"url\":\"https:\\\/\\\/gastronomicament.cat\\\/de\\\/\",\"logo\":{\"@type\":\"ImageObject\",\"inLanguage\":\"de\",\"@id\":\"https:\\\/\\\/gastronomicament.cat\\\/de\\\/#\\\/schema\\\/logo\\\/image\\\/\",\"url\":\"https:\\\/\\\/gastronomicament.cat\\\/wp-content\\\/uploads\\\/2016\\\/09\\\/header-logo.jpg\",\"contentUrl\":\"https:\\\/\\\/gastronomicament.cat\\\/wp-content\\\/uploads\\\/2016\\\/09\\\/header-logo.jpg\",\"width\":277,\"height\":39,\"caption\":\"Gastron\u00f2micament\"},\"image\":{\"@id\":\"https:\\\/\\\/gastronomicament.cat\\\/de\\\/#\\\/schema\\\/logo\\\/image\\\/\"},\"sameAs\":[\"https:\\\/\\\/x.com\\\/gastronomicamen\"]},{\"@type\":\"Person\",\"@id\":\"https:\\\/\\\/gastronomicament.cat\\\/de\\\/#\\\/schema\\\/person\\\/a7c85c537a1ed62799a5b8e0f686a37f\",\"name\":\"Redacci\u00f3\",\"image\":{\"@type\":\"ImageObject\",\"inLanguage\":\"de\",\"@id\":\"https:\\\/\\\/secure.gravatar.com\\\/avatar\\\/9489a485c464fd611d33825daae651d13db70c4e74c65c94937a15a9d4c3ee14?s=96&d=mm&r=g69fea3cce3645dfa2166e7293e22955e\",\"url\":\"https:\\\/\\\/secure.gravatar.com\\\/avatar\\\/9489a485c464fd611d33825daae651d13db70c4e74c65c94937a15a9d4c3ee14?s=96&d=mm&r=g\",\"contentUrl\":\"https:\\\/\\\/secure.gravatar.com\\\/avatar\\\/9489a485c464fd611d33825daae651d13db70c4e74c65c94937a15a9d4c3ee14?s=96&d=mm&r=g\",\"caption\":\"Redacci\u00f3\"},\"sameAs\":[\"http:\\\/\\\/gastronomicament.cat\"],\"url\":\"https:\\\/\\\/gastronomicament.cat\\\/de\\\/author\\\/admin\"}]}<\/script>\n<!-- \/ Yoast SEO plugin. -->","yoast_head_json":{"title":"Tallers de Cuina Antiga de Mallorca - Gastron\u00f2micament","description":"Tallers de Cuina Antiga de Mallorca Actualitat, Cursos i tallers Tres cuiners i un pastisser s\u00f3n els protagonistes de la primera edici\u00f3 dels\u00a0Tallers de Cuina Antiga, una cita formativa i degustativa que ha organitzat Gastroevents Balears","robots":{"index":"index","follow":"follow","max-snippet":"max-snippet:-1","max-image-preview":"max-image-preview:large","max-video-preview":"max-video-preview:-1"},"canonical":"https:\/\/gastronomicament.cat\/de\/tallers-de-cuina-antiga-de-mallorca","og_locale":"de_DE","og_type":"article","og_title":"Tallers de Cuina Antiga de Mallorca - Gastron\u00f2micament","og_description":"Tallers de Cuina Antiga de Mallorca Actualitat, Cursos i tallers Tres cuiners i un pastisser s\u00f3n els protagonistes de la primera edici\u00f3 dels\u00a0Tallers de Cuina Antiga, una cita formativa i degustativa que ha organitzat Gastroevents Balears","og_url":"https:\/\/gastronomicament.cat\/de\/tallers-de-cuina-antiga-de-mallorca","og_site_name":"Gastron\u00f2micament","article_published_time":"2019-03-12T15:14:22+00:00","og_image":[{"width":793,"height":425,"url":"https:\/\/gastronomicament.cat\/wp-content\/uploads\/2019\/03\/Taller-cuina-antiga-Mallorca-2019.jpg","type":"image\/jpeg"}],"author":"Redacci\u00f3","twitter_card":"summary_large_image","twitter_creator":"@gastronomicamen","twitter_site":"@gastronomicamen","twitter_misc":{"Verfasst von":"Redacci\u00f3","Gesch\u00e4tzte Lesezeit":"1\u00a0Minute","Written by":"Redacci\u00f3"},"schema":{"@context":"https:\/\/schema.org","@graph":[{"@type":"Article","@id":"https:\/\/gastronomicament.cat\/de\/tallers-de-cuina-antiga-de-mallorca#article","isPartOf":{"@id":"https:\/\/gastronomicament.cat\/de\/tallers-de-cuina-antiga-de-mallorca"},"author":{"name":"Redacci\u00f3","@id":"https:\/\/gastronomicament.cat\/de\/#\/schema\/person\/a7c85c537a1ed62799a5b8e0f686a37f"},"headline":"Tallers de Cuina Antiga de Mallorca","datePublished":"2019-03-12T15:14:22+00:00","mainEntityOfPage":{"@id":"https:\/\/gastronomicament.cat\/de\/tallers-de-cuina-antiga-de-mallorca"},"wordCount":163,"commentCount":0,"publisher":{"@id":"https:\/\/gastronomicament.cat\/de\/#organization"},"image":{"@id":"https:\/\/gastronomicament.cat\/de\/tallers-de-cuina-antiga-de-mallorca#primaryimage"},"thumbnailUrl":"https:\/\/gastronomicament.cat\/wp-content\/uploads\/2019\/03\/Taller-cuina-antiga-Mallorca-2019.jpg","articleSection":["Actualitat","Cursos i tallers"],"inLanguage":"de","potentialAction":[{"@type":"CommentAction","name":"Comment","target":["https:\/\/gastronomicament.cat\/de\/tallers-de-cuina-antiga-de-mallorca#respond"]}]},{"@type":"WebPage","@id":"https:\/\/gastronomicament.cat\/de\/tallers-de-cuina-antiga-de-mallorca","url":"https:\/\/gastronomicament.cat\/de\/tallers-de-cuina-antiga-de-mallorca","name":"Tallers de Cuina Antiga de Mallorca - Gastron\u00f2micament","isPartOf":{"@id":"https:\/\/gastronomicament.cat\/de\/#website"},"primaryImageOfPage":{"@id":"https:\/\/gastronomicament.cat\/de\/tallers-de-cuina-antiga-de-mallorca#primaryimage"},"image":{"@id":"https:\/\/gastronomicament.cat\/de\/tallers-de-cuina-antiga-de-mallorca#primaryimage"},"thumbnailUrl":"https:\/\/gastronomicament.cat\/wp-content\/uploads\/2019\/03\/Taller-cuina-antiga-Mallorca-2019.jpg","datePublished":"2019-03-12T15:14:22+00:00","description":"Tallers de Cuina Antiga de Mallorca Actualitat, Cursos i tallers Tres cuiners i un pastisser s\u00f3n els protagonistes de la primera edici\u00f3 dels\u00a0Tallers de Cuina Antiga, una cita formativa i degustativa que ha organitzat Gastroevents Balears","inLanguage":"de","potentialAction":[{"@type":"ReadAction","target":["https:\/\/gastronomicament.cat\/de\/tallers-de-cuina-antiga-de-mallorca"]}]},{"@type":"ImageObject","inLanguage":"de","@id":"https:\/\/gastronomicament.cat\/de\/tallers-de-cuina-antiga-de-mallorca#primaryimage","url":"https:\/\/gastronomicament.cat\/wp-content\/uploads\/2019\/03\/Taller-cuina-antiga-Mallorca-2019.jpg","contentUrl":"https:\/\/gastronomicament.cat\/wp-content\/uploads\/2019\/03\/Taller-cuina-antiga-Mallorca-2019.jpg","width":793,"height":425},{"@type":"WebSite","@id":"https:\/\/gastronomicament.cat\/de\/#website","url":"https:\/\/gastronomicament.cat\/de\/","name":"Gastron\u00f2micament","description":"Portal de restaurants, receptes i actualitat gastron\u00f2mica","publisher":{"@id":"https:\/\/gastronomicament.cat\/de\/#organization"},"potentialAction":[{"@type":"SearchAction","target":{"@type":"EntryPoint","urlTemplate":"https:\/\/gastronomicament.cat\/de\/?s={search_term_string}"},"query-input":{"@type":"PropertyValueSpecification","valueRequired":true,"valueName":"search_term_string"}}],"inLanguage":"de"},{"@type":"Organization","@id":"https:\/\/gastronomicament.cat\/de\/#organization","name":"Gastron\u00f2micament","url":"https:\/\/gastronomicament.cat\/de\/","logo":{"@type":"ImageObject","inLanguage":"de","@id":"https:\/\/gastronomicament.cat\/de\/#\/schema\/logo\/image\/","url":"https:\/\/gastronomicament.cat\/wp-content\/uploads\/2016\/09\/header-logo.jpg","contentUrl":"https:\/\/gastronomicament.cat\/wp-content\/uploads\/2016\/09\/header-logo.jpg","width":277,"height":39,"caption":"Gastron\u00f2micament"},"image":{"@id":"https:\/\/gastronomicament.cat\/de\/#\/schema\/logo\/image\/"},"sameAs":["https:\/\/x.com\/gastronomicamen"]},{"@type":"Person","@id":"https:\/\/gastronomicament.cat\/de\/#\/schema\/person\/a7c85c537a1ed62799a5b8e0f686a37f","name":"Redacci\u00f3","image":{"@type":"ImageObject","inLanguage":"de","@id":"https:\/\/secure.gravatar.com\/avatar\/9489a485c464fd611d33825daae651d13db70c4e74c65c94937a15a9d4c3ee14?s=96&d=mm&r=g69fea3cce3645dfa2166e7293e22955e","url":"https:\/\/secure.gravatar.com\/avatar\/9489a485c464fd611d33825daae651d13db70c4e74c65c94937a15a9d4c3ee14?s=96&d=mm&r=g","contentUrl":"https:\/\/secure.gravatar.com\/avatar\/9489a485c464fd611d33825daae651d13db70c4e74c65c94937a15a9d4c3ee14?s=96&d=mm&r=g","caption":"Redacci\u00f3"},"sameAs":["http:\/\/gastronomicament.cat"],"url":"https:\/\/gastronomicament.cat\/de\/author\/admin"}]}},"_links":{"self":[{"href":"https:\/\/gastronomicament.cat\/de\/wp-json\/wp\/v2\/posts\/65613","targetHints":{"allow":["GET"]}}],"collection":[{"href":"https:\/\/gastronomicament.cat\/de\/wp-json\/wp\/v2\/posts"}],"about":[{"href":"https:\/\/gastronomicament.cat\/de\/wp-json\/wp\/v2\/types\/post"}],"author":[{"embeddable":true,"href":"https:\/\/gastronomicament.cat\/de\/wp-json\/wp\/v2\/users\/1"}],"replies":[{"embeddable":true,"href":"https:\/\/gastronomicament.cat\/de\/wp-json\/wp\/v2\/comments?post=65613"}],"version-history":[{"count":0,"href":"https:\/\/gastronomicament.cat\/de\/wp-json\/wp\/v2\/posts\/65613\/revisions"}],"wp:featuredmedia":[{"embeddable":true,"href":"https:\/\/gastronomicament.cat\/de\/wp-json\/wp\/v2\/media\/64826"}],"wp:attachment":[{"href":"https:\/\/gastronomicament.cat\/de\/wp-json\/wp\/v2\/media?parent=65613"}],"wp:term":[{"taxonomy":"category","embeddable":true,"href":"https:\/\/gastronomicament.cat\/de\/wp-json\/wp\/v2\/categories?post=65613"},{"taxonomy":"post_tag","embeddable":true,"href":"https:\/\/gastronomicament.cat\/de\/wp-json\/wp\/v2\/tags?post=65613"},{"taxonomy":"author","embeddable":true,"href":"https:\/\/gastronomicament.cat\/de\/wp-json\/wp\/v2\/coauthors?post=65613"}],"curies":[{"name":"wp","href":"https:\/\/api.w.org\/{rel}","templated":true}]}}