{"id":65793,"date":"2019-02-20T15:03:33","date_gmt":"2019-02-20T14:03:33","guid":{"rendered":"https:\/\/gastronomicament.cat\/macarena-de-castro-premi-ramon-llull-2019"},"modified":"2022-04-09T10:01:41","modified_gmt":"2022-04-09T08:01:41","slug":"macarena-de-castro-premi-ramon-llull-2019","status":"publish","type":"post","link":"https:\/\/gastronomicament.cat\/de\/macarena-de-castro-premi-ramon-llull-2019","title":{"rendered":"Macarena de Castro, Premi Ramon Llull 2019"},"content":{"rendered":"<blockquote><p><em>El Govern de les Illes Balears premia la traject\u00f2ria de la cuinera d&#8217;Alc\u00fadia<\/em><\/p><\/blockquote>\n<p>La cuinera mallorquina\u00a0<strong>Macarena de Castro<\/strong>\u00a0\u00e9s una de les guardonades dels Premis Ramon Llull 2019. Va n\u00e8ixer a Alc\u00fadia l&#8217;any 1991 i la seva traject\u00f2ria est\u00e0 vinculada a la restauraci\u00f3 per\u00a0 her\u00e8ncia familiar, ja que la seva fam\u00edlia\u00a0va obrir el primer restaurant el 1996 al Port d&#8217;Alc\u00fadia.<\/p>\n<p>Creativa i din\u00e0mica, la seva cuina ofereix t\u00e8cniques avantguardistes i tradicionals, sempre prioritzant el producte local. La seva traject\u00f2ria als fogons va comen\u00e7ar l&#8217;any 2000, en el restaurant familiar, una traject\u00f2ria que complement\u00e0 amb estudis de cuina i restauraci\u00f3 a l&#8217;Escola d&#8217;Hoteleria de les Illes Balears i a diferents estades a restaurants de renom internacional.<\/p>\n<p>L\u2019any 2012 el seu restaurant\u00a0<strong>Jard\u00edn\u00a0<\/strong>-actualment\u00a0<strong><a href=\"https:\/\/www.macadecastro.com\/\">Maca de Castro<\/a><\/strong>, Port d&#8217;Alc\u00fadia- va rebre la primera estrella Michelin, un dels guardons m\u00e9s destacats d&#8217;Europa i, alhora, va ser la primera dona de Mallorca que ha rebut aquesta distinci\u00f3. El Govern de les Illes Balears ha acordat atorgarli el Premi Ramon Llull &#8222;en reconeixement d\u2019una gran innovadora de la cuina mediterr\u00e0nia, basada en el producte i el receptari mallorqu\u00ed i que s\u2019ha convertit en una\u00a0<strong>ambaixadora de la gastronomia balea<\/strong>r&#8220;.<\/p>\n<p>D&#8217;altra banda, com avan\u00e7a el periodista\u00a0<a href=\"https:\/\/andonisarriegi.wordpress.com\/\"><strong>Andoni Sarriegi<\/strong><\/a>,\u00a0<a href=\"https:\/\/andonisarriegi.wordpress.com\/2019\/02\/17\/maca-de-castro-entre-los-tres-nuevos-tres-soles\/?fbclid=IwAR2I8zkSzHVRlMzPIa3B3eu4Q3djBzYdpY4k_n-2dGcrkpJp6Z97YfZif0k\">Maca de Castro ser\u00e0 guardonada amb 3 Sols de Repsol<\/a>, de manera que ser\u00e0 l&#8217;\u00fanica dona de l&#8217;Estat espanyol que podr\u00e0 presumir d&#8217;aquesta distinci\u00f3.<\/p>\n<p>Podeu consultar tots els Premis Ramon Llull 2019 a:\u00a0<a href=\"http:\/\/www.caib.es\/pidip2front\/jsp\/ca\/fitxa-noticia\/strongspan-stylecolornavyconsell-de-govern-spanstrongel-govern-concedeix-els-premis-ramon-llull-de-lrsquoany-20191\">http:\/\/www.caib.es\/pidip2front\/jsp\/ca\/fitxa-noticia\/strongspan-stylecolornavyconsell-de-govern-spanstrongel-govern-concedeix-els-premis-ramon-llull-de-lrsquoany-20191<\/a><\/p>\n<p>D&#8217;altra banda, la campanya d&#8217;enguany del Dia de les Illes Balears s&#8217;ha centrat en les dones i homes que viuen aquesta terra, independentment d&#8217;on han nascut. En podeu veure el v\u00eddeo a continuaci\u00f3.<\/p>\n<p><iframe src=\"https:\/\/www.youtube.com\/embed\/aBcOV7bk-Uo\" width=\"560\" height=\"315\" frameborder=\"0\" allowfullscreen=\"allowfullscreen\"><\/iframe><\/p>\n<pre>Foto: Nando Esteva<\/pre>\n","protected":false},"excerpt":{"rendered":"<p>La cuinera mallorquina\u00a0Macarena de Castro\u00a0\u00e9s una de les guardonades dels Premis Ramon Llull 2019<\/p>\n","protected":false},"author":1,"featured_media":64326,"comment_status":"open","ping_status":"closed","sticky":false,"template":"","format":"standard","meta":{"_acf_changed":false,"_swt_meta_header_display":false,"_swt_meta_footer_display":false,"_swt_meta_site_title_display":false,"_swt_meta_sticky_header":false,"_swt_meta_transparent_header":false,"footnotes":""},"categories":[1050,1480],"tags":[],"coauthors":[],"class_list":["post-65793","post","type-post","status-publish","format-standard","has-post-thumbnail","hentry","category-actualitat-es-de","category-concursos-i-premis-de"],"acf":{"gallery":null,"home_date":{"home_begin_date":null,"home_end_date":null}},"yoast_head":"<!-- This site is optimized with the Yoast SEO plugin v27.4 - https:\/\/yoast.com\/product\/yoast-seo-wordpress\/ -->\n<title>Macarena de Castro, Premi Ramon Llull 2019 - Gastron\u00f2micament<\/title>\n<meta name=\"description\" content=\"Macarena de Castro, Premi Ramon Llull 2019 Actualitat, Concursos i premis La cuinera mallorquina\u00a0Macarena de Castro\u00a0\u00e9s una de les guardonades dels Premis Ramon Llull 2019\" \/>\n<meta name=\"robots\" content=\"index, follow, max-snippet:-1, max-image-preview:large, max-video-preview:-1\" \/>\n<link rel=\"canonical\" href=\"https:\/\/gastronomicament.cat\/de\/macarena-de-castro-premi-ramon-llull-2019\" \/>\n<meta property=\"og:locale\" content=\"de_DE\" \/>\n<meta property=\"og:type\" content=\"article\" \/>\n<meta property=\"og:title\" content=\"Macarena de Castro, Premi Ramon Llull 2019 - Gastron\u00f2micament\" \/>\n<meta property=\"og:description\" content=\"Macarena de Castro, Premi Ramon Llull 2019 Actualitat, Concursos i premis La cuinera mallorquina\u00a0Macarena de Castro\u00a0\u00e9s una de les guardonades dels Premis Ramon Llull 2019\" \/>\n<meta property=\"og:url\" content=\"https:\/\/gastronomicament.cat\/de\/macarena-de-castro-premi-ramon-llull-2019\" \/>\n<meta property=\"og:site_name\" content=\"Gastron\u00f2micament\" \/>\n<meta property=\"article:published_time\" content=\"2019-02-20T14:03:33+00:00\" \/>\n<meta property=\"article:modified_time\" content=\"2022-04-09T08:01:41+00:00\" \/>\n<meta property=\"og:image\" content=\"https:\/\/gastronomicament.cat\/wp-content\/uploads\/2019\/02\/Macarena-de-Castro-Nando-Esteva.jpg\" \/>\n\t<meta property=\"og:image:width\" content=\"1200\" \/>\n\t<meta property=\"og:image:height\" content=\"800\" \/>\n\t<meta property=\"og:image:type\" content=\"image\/jpeg\" \/>\n<meta name=\"author\" content=\"Redacci\u00f3\" \/>\n<meta name=\"twitter:card\" content=\"summary_large_image\" \/>\n<meta name=\"twitter:creator\" content=\"@gastronomicamen\" \/>\n<meta name=\"twitter:site\" content=\"@gastronomicamen\" \/>\n<meta name=\"twitter:label1\" content=\"Verfasst von\" \/>\n\t<meta name=\"twitter:data1\" content=\"Redacci\u00f3\" \/>\n\t<meta name=\"twitter:label2\" content=\"Gesch\u00e4tzte Lesezeit\" \/>\n\t<meta name=\"twitter:data2\" content=\"1\u00a0Minute\" \/>\n\t<meta name=\"twitter:label3\" content=\"Written by\" \/>\n\t<meta name=\"twitter:data3\" content=\"Redacci\u00f3\" \/>\n<script type=\"application\/ld+json\" class=\"yoast-schema-graph\">{\"@context\":\"https:\\\/\\\/schema.org\",\"@graph\":[{\"@type\":\"Article\",\"@id\":\"https:\\\/\\\/gastronomicament.cat\\\/de\\\/macarena-de-castro-premi-ramon-llull-2019#article\",\"isPartOf\":{\"@id\":\"https:\\\/\\\/gastronomicament.cat\\\/de\\\/macarena-de-castro-premi-ramon-llull-2019\"},\"author\":{\"name\":\"Redacci\u00f3\",\"@id\":\"https:\\\/\\\/gastronomicament.cat\\\/de\\\/#\\\/schema\\\/person\\\/a7c85c537a1ed62799a5b8e0f686a37f\"},\"headline\":\"Macarena de Castro, Premi Ramon Llull 2019\",\"datePublished\":\"2019-02-20T14:03:33+00:00\",\"dateModified\":\"2022-04-09T08:01:41+00:00\",\"mainEntityOfPage\":{\"@id\":\"https:\\\/\\\/gastronomicament.cat\\\/de\\\/macarena-de-castro-premi-ramon-llull-2019\"},\"wordCount\":302,\"commentCount\":0,\"publisher\":{\"@id\":\"https:\\\/\\\/gastronomicament.cat\\\/de\\\/#organization\"},\"image\":{\"@id\":\"https:\\\/\\\/gastronomicament.cat\\\/de\\\/macarena-de-castro-premi-ramon-llull-2019#primaryimage\"},\"thumbnailUrl\":\"https:\\\/\\\/gastronomicament.cat\\\/wp-content\\\/uploads\\\/2019\\\/02\\\/Macarena-de-Castro-Nando-Esteva.jpg\",\"articleSection\":[\"Actualitat\",\"Concursos i premis\"],\"inLanguage\":\"de\",\"potentialAction\":[{\"@type\":\"CommentAction\",\"name\":\"Comment\",\"target\":[\"https:\\\/\\\/gastronomicament.cat\\\/de\\\/macarena-de-castro-premi-ramon-llull-2019#respond\"]}]},{\"@type\":\"WebPage\",\"@id\":\"https:\\\/\\\/gastronomicament.cat\\\/de\\\/macarena-de-castro-premi-ramon-llull-2019\",\"url\":\"https:\\\/\\\/gastronomicament.cat\\\/de\\\/macarena-de-castro-premi-ramon-llull-2019\",\"name\":\"Macarena de Castro, Premi Ramon Llull 2019 - Gastron\u00f2micament\",\"isPartOf\":{\"@id\":\"https:\\\/\\\/gastronomicament.cat\\\/de\\\/#website\"},\"primaryImageOfPage\":{\"@id\":\"https:\\\/\\\/gastronomicament.cat\\\/de\\\/macarena-de-castro-premi-ramon-llull-2019#primaryimage\"},\"image\":{\"@id\":\"https:\\\/\\\/gastronomicament.cat\\\/de\\\/macarena-de-castro-premi-ramon-llull-2019#primaryimage\"},\"thumbnailUrl\":\"https:\\\/\\\/gastronomicament.cat\\\/wp-content\\\/uploads\\\/2019\\\/02\\\/Macarena-de-Castro-Nando-Esteva.jpg\",\"datePublished\":\"2019-02-20T14:03:33+00:00\",\"dateModified\":\"2022-04-09T08:01:41+00:00\",\"description\":\"Macarena de Castro, Premi Ramon Llull 2019 Actualitat, Concursos i premis La cuinera mallorquina\u00a0Macarena de Castro\u00a0\u00e9s una de les guardonades dels Premis Ramon Llull 2019\",\"inLanguage\":\"de\",\"potentialAction\":[{\"@type\":\"ReadAction\",\"target\":[\"https:\\\/\\\/gastronomicament.cat\\\/de\\\/macarena-de-castro-premi-ramon-llull-2019\"]}]},{\"@type\":\"ImageObject\",\"inLanguage\":\"de\",\"@id\":\"https:\\\/\\\/gastronomicament.cat\\\/de\\\/macarena-de-castro-premi-ramon-llull-2019#primaryimage\",\"url\":\"https:\\\/\\\/gastronomicament.cat\\\/wp-content\\\/uploads\\\/2019\\\/02\\\/Macarena-de-Castro-Nando-Esteva.jpg\",\"contentUrl\":\"https:\\\/\\\/gastronomicament.cat\\\/wp-content\\\/uploads\\\/2019\\\/02\\\/Macarena-de-Castro-Nando-Esteva.jpg\",\"width\":1200,\"height\":800},{\"@type\":\"WebSite\",\"@id\":\"https:\\\/\\\/gastronomicament.cat\\\/de\\\/#website\",\"url\":\"https:\\\/\\\/gastronomicament.cat\\\/de\\\/\",\"name\":\"Gastron\u00f2micament\",\"description\":\"Portal de restaurants, receptes i actualitat gastron\u00f2mica\",\"publisher\":{\"@id\":\"https:\\\/\\\/gastronomicament.cat\\\/de\\\/#organization\"},\"potentialAction\":[{\"@type\":\"SearchAction\",\"target\":{\"@type\":\"EntryPoint\",\"urlTemplate\":\"https:\\\/\\\/gastronomicament.cat\\\/de\\\/?s={search_term_string}\"},\"query-input\":{\"@type\":\"PropertyValueSpecification\",\"valueRequired\":true,\"valueName\":\"search_term_string\"}}],\"inLanguage\":\"de\"},{\"@type\":\"Organization\",\"@id\":\"https:\\\/\\\/gastronomicament.cat\\\/de\\\/#organization\",\"name\":\"Gastron\u00f2micament\",\"url\":\"https:\\\/\\\/gastronomicament.cat\\\/de\\\/\",\"logo\":{\"@type\":\"ImageObject\",\"inLanguage\":\"de\",\"@id\":\"https:\\\/\\\/gastronomicament.cat\\\/de\\\/#\\\/schema\\\/logo\\\/image\\\/\",\"url\":\"https:\\\/\\\/gastronomicament.cat\\\/wp-content\\\/uploads\\\/2016\\\/09\\\/header-logo.jpg\",\"contentUrl\":\"https:\\\/\\\/gastronomicament.cat\\\/wp-content\\\/uploads\\\/2016\\\/09\\\/header-logo.jpg\",\"width\":277,\"height\":39,\"caption\":\"Gastron\u00f2micament\"},\"image\":{\"@id\":\"https:\\\/\\\/gastronomicament.cat\\\/de\\\/#\\\/schema\\\/logo\\\/image\\\/\"},\"sameAs\":[\"https:\\\/\\\/x.com\\\/gastronomicamen\"]},{\"@type\":\"Person\",\"@id\":\"https:\\\/\\\/gastronomicament.cat\\\/de\\\/#\\\/schema\\\/person\\\/a7c85c537a1ed62799a5b8e0f686a37f\",\"name\":\"Redacci\u00f3\",\"image\":{\"@type\":\"ImageObject\",\"inLanguage\":\"de\",\"@id\":\"https:\\\/\\\/secure.gravatar.com\\\/avatar\\\/9489a485c464fd611d33825daae651d13db70c4e74c65c94937a15a9d4c3ee14?s=96&d=mm&r=g69fea3cce3645dfa2166e7293e22955e\",\"url\":\"https:\\\/\\\/secure.gravatar.com\\\/avatar\\\/9489a485c464fd611d33825daae651d13db70c4e74c65c94937a15a9d4c3ee14?s=96&d=mm&r=g\",\"contentUrl\":\"https:\\\/\\\/secure.gravatar.com\\\/avatar\\\/9489a485c464fd611d33825daae651d13db70c4e74c65c94937a15a9d4c3ee14?s=96&d=mm&r=g\",\"caption\":\"Redacci\u00f3\"},\"sameAs\":[\"http:\\\/\\\/gastronomicament.cat\"],\"url\":\"https:\\\/\\\/gastronomicament.cat\\\/de\\\/author\\\/admin\"}]}<\/script>\n<!-- \/ Yoast SEO plugin. -->","yoast_head_json":{"title":"Macarena de Castro, Premi Ramon Llull 2019 - Gastron\u00f2micament","description":"Macarena de Castro, Premi Ramon Llull 2019 Actualitat, Concursos i premis La cuinera mallorquina\u00a0Macarena de Castro\u00a0\u00e9s una de les guardonades dels Premis Ramon Llull 2019","robots":{"index":"index","follow":"follow","max-snippet":"max-snippet:-1","max-image-preview":"max-image-preview:large","max-video-preview":"max-video-preview:-1"},"canonical":"https:\/\/gastronomicament.cat\/de\/macarena-de-castro-premi-ramon-llull-2019","og_locale":"de_DE","og_type":"article","og_title":"Macarena de Castro, Premi Ramon Llull 2019 - Gastron\u00f2micament","og_description":"Macarena de Castro, Premi Ramon Llull 2019 Actualitat, Concursos i premis La cuinera mallorquina\u00a0Macarena de Castro\u00a0\u00e9s una de les guardonades dels Premis Ramon Llull 2019","og_url":"https:\/\/gastronomicament.cat\/de\/macarena-de-castro-premi-ramon-llull-2019","og_site_name":"Gastron\u00f2micament","article_published_time":"2019-02-20T14:03:33+00:00","article_modified_time":"2022-04-09T08:01:41+00:00","og_image":[{"width":1200,"height":800,"url":"https:\/\/gastronomicament.cat\/wp-content\/uploads\/2019\/02\/Macarena-de-Castro-Nando-Esteva.jpg","type":"image\/jpeg"}],"author":"Redacci\u00f3","twitter_card":"summary_large_image","twitter_creator":"@gastronomicamen","twitter_site":"@gastronomicamen","twitter_misc":{"Verfasst von":"Redacci\u00f3","Gesch\u00e4tzte Lesezeit":"1\u00a0Minute","Written by":"Redacci\u00f3"},"schema":{"@context":"https:\/\/schema.org","@graph":[{"@type":"Article","@id":"https:\/\/gastronomicament.cat\/de\/macarena-de-castro-premi-ramon-llull-2019#article","isPartOf":{"@id":"https:\/\/gastronomicament.cat\/de\/macarena-de-castro-premi-ramon-llull-2019"},"author":{"name":"Redacci\u00f3","@id":"https:\/\/gastronomicament.cat\/de\/#\/schema\/person\/a7c85c537a1ed62799a5b8e0f686a37f"},"headline":"Macarena de Castro, Premi Ramon Llull 2019","datePublished":"2019-02-20T14:03:33+00:00","dateModified":"2022-04-09T08:01:41+00:00","mainEntityOfPage":{"@id":"https:\/\/gastronomicament.cat\/de\/macarena-de-castro-premi-ramon-llull-2019"},"wordCount":302,"commentCount":0,"publisher":{"@id":"https:\/\/gastronomicament.cat\/de\/#organization"},"image":{"@id":"https:\/\/gastronomicament.cat\/de\/macarena-de-castro-premi-ramon-llull-2019#primaryimage"},"thumbnailUrl":"https:\/\/gastronomicament.cat\/wp-content\/uploads\/2019\/02\/Macarena-de-Castro-Nando-Esteva.jpg","articleSection":["Actualitat","Concursos i premis"],"inLanguage":"de","potentialAction":[{"@type":"CommentAction","name":"Comment","target":["https:\/\/gastronomicament.cat\/de\/macarena-de-castro-premi-ramon-llull-2019#respond"]}]},{"@type":"WebPage","@id":"https:\/\/gastronomicament.cat\/de\/macarena-de-castro-premi-ramon-llull-2019","url":"https:\/\/gastronomicament.cat\/de\/macarena-de-castro-premi-ramon-llull-2019","name":"Macarena de Castro, Premi Ramon Llull 2019 - Gastron\u00f2micament","isPartOf":{"@id":"https:\/\/gastronomicament.cat\/de\/#website"},"primaryImageOfPage":{"@id":"https:\/\/gastronomicament.cat\/de\/macarena-de-castro-premi-ramon-llull-2019#primaryimage"},"image":{"@id":"https:\/\/gastronomicament.cat\/de\/macarena-de-castro-premi-ramon-llull-2019#primaryimage"},"thumbnailUrl":"https:\/\/gastronomicament.cat\/wp-content\/uploads\/2019\/02\/Macarena-de-Castro-Nando-Esteva.jpg","datePublished":"2019-02-20T14:03:33+00:00","dateModified":"2022-04-09T08:01:41+00:00","description":"Macarena de Castro, Premi Ramon Llull 2019 Actualitat, Concursos i premis La cuinera mallorquina\u00a0Macarena de Castro\u00a0\u00e9s una de les guardonades dels Premis Ramon Llull 2019","inLanguage":"de","potentialAction":[{"@type":"ReadAction","target":["https:\/\/gastronomicament.cat\/de\/macarena-de-castro-premi-ramon-llull-2019"]}]},{"@type":"ImageObject","inLanguage":"de","@id":"https:\/\/gastronomicament.cat\/de\/macarena-de-castro-premi-ramon-llull-2019#primaryimage","url":"https:\/\/gastronomicament.cat\/wp-content\/uploads\/2019\/02\/Macarena-de-Castro-Nando-Esteva.jpg","contentUrl":"https:\/\/gastronomicament.cat\/wp-content\/uploads\/2019\/02\/Macarena-de-Castro-Nando-Esteva.jpg","width":1200,"height":800},{"@type":"WebSite","@id":"https:\/\/gastronomicament.cat\/de\/#website","url":"https:\/\/gastronomicament.cat\/de\/","name":"Gastron\u00f2micament","description":"Portal de restaurants, receptes i actualitat gastron\u00f2mica","publisher":{"@id":"https:\/\/gastronomicament.cat\/de\/#organization"},"potentialAction":[{"@type":"SearchAction","target":{"@type":"EntryPoint","urlTemplate":"https:\/\/gastronomicament.cat\/de\/?s={search_term_string}"},"query-input":{"@type":"PropertyValueSpecification","valueRequired":true,"valueName":"search_term_string"}}],"inLanguage":"de"},{"@type":"Organization","@id":"https:\/\/gastronomicament.cat\/de\/#organization","name":"Gastron\u00f2micament","url":"https:\/\/gastronomicament.cat\/de\/","logo":{"@type":"ImageObject","inLanguage":"de","@id":"https:\/\/gastronomicament.cat\/de\/#\/schema\/logo\/image\/","url":"https:\/\/gastronomicament.cat\/wp-content\/uploads\/2016\/09\/header-logo.jpg","contentUrl":"https:\/\/gastronomicament.cat\/wp-content\/uploads\/2016\/09\/header-logo.jpg","width":277,"height":39,"caption":"Gastron\u00f2micament"},"image":{"@id":"https:\/\/gastronomicament.cat\/de\/#\/schema\/logo\/image\/"},"sameAs":["https:\/\/x.com\/gastronomicamen"]},{"@type":"Person","@id":"https:\/\/gastronomicament.cat\/de\/#\/schema\/person\/a7c85c537a1ed62799a5b8e0f686a37f","name":"Redacci\u00f3","image":{"@type":"ImageObject","inLanguage":"de","@id":"https:\/\/secure.gravatar.com\/avatar\/9489a485c464fd611d33825daae651d13db70c4e74c65c94937a15a9d4c3ee14?s=96&d=mm&r=g69fea3cce3645dfa2166e7293e22955e","url":"https:\/\/secure.gravatar.com\/avatar\/9489a485c464fd611d33825daae651d13db70c4e74c65c94937a15a9d4c3ee14?s=96&d=mm&r=g","contentUrl":"https:\/\/secure.gravatar.com\/avatar\/9489a485c464fd611d33825daae651d13db70c4e74c65c94937a15a9d4c3ee14?s=96&d=mm&r=g","caption":"Redacci\u00f3"},"sameAs":["http:\/\/gastronomicament.cat"],"url":"https:\/\/gastronomicament.cat\/de\/author\/admin"}]}},"_links":{"self":[{"href":"https:\/\/gastronomicament.cat\/de\/wp-json\/wp\/v2\/posts\/65793","targetHints":{"allow":["GET"]}}],"collection":[{"href":"https:\/\/gastronomicament.cat\/de\/wp-json\/wp\/v2\/posts"}],"about":[{"href":"https:\/\/gastronomicament.cat\/de\/wp-json\/wp\/v2\/types\/post"}],"author":[{"embeddable":true,"href":"https:\/\/gastronomicament.cat\/de\/wp-json\/wp\/v2\/users\/1"}],"replies":[{"embeddable":true,"href":"https:\/\/gastronomicament.cat\/de\/wp-json\/wp\/v2\/comments?post=65793"}],"version-history":[{"count":0,"href":"https:\/\/gastronomicament.cat\/de\/wp-json\/wp\/v2\/posts\/65793\/revisions"}],"wp:featuredmedia":[{"embeddable":true,"href":"https:\/\/gastronomicament.cat\/de\/wp-json\/wp\/v2\/media\/64326"}],"wp:attachment":[{"href":"https:\/\/gastronomicament.cat\/de\/wp-json\/wp\/v2\/media?parent=65793"}],"wp:term":[{"taxonomy":"category","embeddable":true,"href":"https:\/\/gastronomicament.cat\/de\/wp-json\/wp\/v2\/categories?post=65793"},{"taxonomy":"post_tag","embeddable":true,"href":"https:\/\/gastronomicament.cat\/de\/wp-json\/wp\/v2\/tags?post=65793"},{"taxonomy":"author","embeddable":true,"href":"https:\/\/gastronomicament.cat\/de\/wp-json\/wp\/v2\/coauthors?post=65793"}],"curies":[{"name":"wp","href":"https:\/\/api.w.org\/{rel}","templated":true}]}}