{"id":68336,"date":"2018-05-29T23:44:18","date_gmt":"2018-05-29T21:44:18","guid":{"rendered":"https:\/\/gastronomicament.cat\/jornades-gastronomiques-al-restaurant-lume-co"},"modified":"2018-05-29T23:44:18","modified_gmt":"2018-05-29T21:44:18","slug":"jornades-gastronomiques-al-restaurant-lume-co","status":"publish","type":"post","link":"https:\/\/gastronomicament.cat\/de\/jornades-gastronomiques-al-restaurant-lume-co","title":{"rendered":"[:de]Jornades gastron\u00f2miques al restaurant Lume &#038; Co[:]"},"content":{"rendered":"<blockquote><p><em>El restaurant de G\u00e8nova ofereix plats amb carn de la Finca de Jim\u00e9nez Barbero y de Bodegas Habla<\/em><\/p><\/blockquote>\n<p>El <a href=\"http:\/\/gastronomicament.cat\/ca\/restaurant\/restaurant-lume\">restaurant de G\u00e8nova (Palma) Lume &amp; Co<\/a> presenta les\u00a0<strong>jornades gastron\u00f2miques Meat &amp; Wine Lovers<\/strong>, on es podran degusta una selecci\u00f3 de carn de la\u00a0<a href=\"http:\/\/www.carnedelafinca.com\/\">Finca de Jim\u00e9nez Barbero<\/a>\u00a0i dels vins del celler\u00a0<a href=\"http:\/\/www.bodegashabla.com\/\">Bodegas Habla<\/a>.<\/p>\n<p>El restaurant, dirigit per Vanessa Pradera, hi ofereix una selecci\u00f3 de plats maridats amb vins d&#8217;aquest celler de Trujillo (C\u00e0ceres, Espanya)\u00a0<strong>del 8 al 28 de juny<\/strong>.<\/p>\n<p>Jim\u00e9nez Barbero \u00e9s una explotaci\u00f3 ramadera que presumeix d&#8217;oferir una carn excel\u00b7lent i, alhora, tractar molt b\u00e9 les vaques i bous que viuen a les seves pastures, concretament a les tres finques de la propietat: Colmenar de Arroyo (Madrid. Espanya); Oropesa (Toledo. Espanya) i \u00c9vora (Alentejo.\u00a0Portugal).<\/p>\n<p>Algunes de les propostes de Lume Restaurant a Meat &amp; Wine Lovers s\u00f3n:<\/p>\n<p><strong>Per maridar amb Habla de Rita (rosat) i Habla de ti (blanc)<\/strong><\/p>\n<ul>\n<li>Cecina de La Dehesa amb pa de vidre, tomatigons en rama i oli d&#8217;oliva verge extra coent<\/li>\n<li>Moll d&#8217;os torrat dins l&#8217;os amb vinagreta de muntanya i escarola<\/li>\n<li>Lleteroles a la planxa sobre crema\u00a0<em>parmentina\u00a0<\/em>amb t\u00f2fona blanca i\u00a0<em>gel\u00e9e\u00a0<\/em>de Xer\u00e8s dol\u00e7<\/li>\n<\/ul>\n<p><strong>Per maridar amb Habla 19 (negre, edici\u00f3 limitada)<\/strong><\/p>\n<ul>\n<li>Galta de vedella torrada en el seu suc i reducci\u00f3 de vi negre<\/li>\n<li>T-bone de vaca de m\u00e9s de 6 anys amb 15 dies de maduraci\u00f3<\/li>\n<li>Tomahawk de vaca de m\u00e9s de 6 anys amb 29 dies de maduraci\u00f3<\/li>\n<li>Parfait de formatge manxec amb reducci\u00f3 d&#8217;Habla 19 i cruixent de moscatell (postres).<\/li>\n<\/ul>\n<p>A continuaci\u00f3, teniu una mica d&#8217;informaci\u00f3 dels vins:<\/p>\n<p><strong>Habla de Ti\u00a0<\/strong>(Sauvignon Blanc)<\/p>\n<p>De color verd brillant amb matisos d&#8217;or. T\u00e9 un aroma intens amb tocs d&#8217;esp\u00e0rec, mango i de boix. \u00c9s un vi fresc en boca, amb una llarga persist\u00e8ncia de fruites tropicals. f\u00e0cil d&#8217;entendre i de degustar a qualsevol ocasi\u00f3.<\/p>\n<p><strong>Habla de Rita<\/strong>\u00a0(Sir\u00e0, Garnatxa negra)<\/p>\n<p>De color rosa p\u00e0l\u00b7lid, amb tocs de f\u00facsia. Fresc i amb un car\u00e0cter intens d&#8217;aranja amb tocs subtils de violetes, llorer i fruites del bosc. En boca \u00e9s suau i red\u00f3, atractiu, elegant i amb molta personalitat.<\/p>\n<p><strong>Habla n\u00fam. 19<\/strong>\u00a0(Ull de Llebre)<\/p>\n<p>De color vermell viu porpra. T\u00e9 una gran expressivitat olfactiva i de gran complexitat arom\u00e0tica, amb tocs de maduixa i notes minerals que remeten a la pissarra. \u00c9s un vi negre equilibrat, d&#8217;una gran pot\u00e8ncia en boca, per\u00f2 de pas fi i d&#8217;agradables sensacions.<\/p>\n","protected":false},"excerpt":{"rendered":"<p>[:de]El restaurant de G\u00e8nova (Palma) Lume &#038; Co presenta les\u00a0jornades gastron\u00f2miques Meat &#038; Wine Lovers, on&hellip;<\/p>\n","protected":false},"author":1,"featured_media":62200,"comment_status":"open","ping_status":"closed","sticky":false,"template":"","format":"gallery","meta":{"_acf_changed":false,"_swt_meta_header_display":false,"_swt_meta_footer_display":false,"_swt_meta_site_title_display":false,"_swt_meta_sticky_header":false,"_swt_meta_transparent_header":false,"footnotes":""},"categories":[1050,1473],"tags":[],"coauthors":[],"class_list":["post-68336","post","type-post","status-publish","format-gallery","has-post-thumbnail","hentry","category-actualitat-es-de","category-fires-i-rutes-de","post_format-post-format-gallery"],"acf":{"gallery":null,"home_date":{"home_begin_date":null,"home_end_date":null}},"yoast_head":"<!-- This site is optimized with the Yoast SEO plugin v27.4 - https:\/\/yoast.com\/product\/yoast-seo-wordpress\/ -->\n<title>[:de]Jornades gastron\u00f2miques al restaurant Lume &amp; Co[:] - Gastron\u00f2micament<\/title>\n<meta name=\"description\" content=\"[:de]Jornades gastron\u00f2miques al restaurant Lume &amp; Co[:] Actualitat, Fires i rutes El restaurant de G\u00e8nova (Palma) Lume &amp; Co presenta les\u00a0jornades gastron\u00f2miques Meat &amp; Wine Lovers, on es podran degusta una selecci\u00f3 de carn de la\u00a0Finca de Jim\u00e9nez Barbero\u00a0i dels vins del celler\u00a0Bodegas Habla.\u00a0\" \/>\n<meta name=\"robots\" content=\"index, follow, max-snippet:-1, max-image-preview:large, max-video-preview:-1\" \/>\n<link rel=\"canonical\" href=\"https:\/\/gastronomicament.cat\/de\/jornades-gastronomiques-al-restaurant-lume-co\" \/>\n<meta property=\"og:locale\" content=\"de_DE\" \/>\n<meta property=\"og:type\" content=\"article\" \/>\n<meta property=\"og:title\" content=\"[:de]Jornades gastron\u00f2miques al restaurant Lume &amp; Co[:] - Gastron\u00f2micament\" \/>\n<meta property=\"og:description\" content=\"[:de]Jornades gastron\u00f2miques al restaurant Lume &amp; Co[:] Actualitat, Fires i rutes El restaurant de G\u00e8nova (Palma) Lume &amp; Co presenta les\u00a0jornades gastron\u00f2miques Meat &amp; Wine Lovers, on es podran degusta una selecci\u00f3 de carn de la\u00a0Finca de Jim\u00e9nez Barbero\u00a0i dels vins del celler\u00a0Bodegas Habla.\u00a0\" \/>\n<meta property=\"og:url\" content=\"https:\/\/gastronomicament.cat\/de\/jornades-gastronomiques-al-restaurant-lume-co\" \/>\n<meta property=\"og:site_name\" content=\"Gastron\u00f2micament\" \/>\n<meta property=\"article:published_time\" content=\"2018-05-29T21:44:18+00:00\" \/>\n<meta property=\"og:image\" content=\"https:\/\/gastronomicament.cat\/wp-content\/uploads\/2018\/05\/Fernando-Mendieta-Vanessa-Pradera-Jaime-Sanchez.jpg\" \/>\n\t<meta property=\"og:image:width\" content=\"1800\" \/>\n\t<meta property=\"og:image:height\" content=\"1202\" \/>\n\t<meta property=\"og:image:type\" content=\"image\/jpeg\" \/>\n<meta name=\"author\" content=\"Redacci\u00f3\" \/>\n<meta name=\"twitter:card\" content=\"summary_large_image\" \/>\n<meta name=\"twitter:creator\" content=\"@gastronomicamen\" \/>\n<meta name=\"twitter:site\" content=\"@gastronomicamen\" \/>\n<meta name=\"twitter:label1\" content=\"Verfasst von\" \/>\n\t<meta name=\"twitter:data1\" content=\"Redacci\u00f3\" \/>\n\t<meta name=\"twitter:label2\" content=\"Gesch\u00e4tzte Lesezeit\" \/>\n\t<meta name=\"twitter:data2\" content=\"2\u00a0Minuten\" \/>\n\t<meta name=\"twitter:label3\" content=\"Written by\" \/>\n\t<meta name=\"twitter:data3\" content=\"Redacci\u00f3\" \/>\n<script type=\"application\/ld+json\" class=\"yoast-schema-graph\">{\"@context\":\"https:\\\/\\\/schema.org\",\"@graph\":[{\"@type\":\"Article\",\"@id\":\"https:\\\/\\\/gastronomicament.cat\\\/de\\\/jornades-gastronomiques-al-restaurant-lume-co#article\",\"isPartOf\":{\"@id\":\"https:\\\/\\\/gastronomicament.cat\\\/de\\\/jornades-gastronomiques-al-restaurant-lume-co\"},\"author\":{\"name\":\"Redacci\u00f3\",\"@id\":\"https:\\\/\\\/gastronomicament.cat\\\/de\\\/#\\\/schema\\\/person\\\/a7c85c537a1ed62799a5b8e0f686a37f\"},\"headline\":\"[:de]Jornades gastron\u00f2miques al restaurant Lume &#038; Co[:]\",\"datePublished\":\"2018-05-29T21:44:18+00:00\",\"mainEntityOfPage\":{\"@id\":\"https:\\\/\\\/gastronomicament.cat\\\/de\\\/jornades-gastronomiques-al-restaurant-lume-co\"},\"wordCount\":425,\"commentCount\":0,\"publisher\":{\"@id\":\"https:\\\/\\\/gastronomicament.cat\\\/de\\\/#organization\"},\"image\":{\"@id\":\"https:\\\/\\\/gastronomicament.cat\\\/de\\\/jornades-gastronomiques-al-restaurant-lume-co#primaryimage\"},\"thumbnailUrl\":\"https:\\\/\\\/gastronomicament.cat\\\/wp-content\\\/uploads\\\/2018\\\/05\\\/Fernando-Mendieta-Vanessa-Pradera-Jaime-Sanchez.jpg\",\"articleSection\":[\"Actualitat\",\"Fires i rutes\"],\"inLanguage\":\"de\",\"potentialAction\":[{\"@type\":\"CommentAction\",\"name\":\"Comment\",\"target\":[\"https:\\\/\\\/gastronomicament.cat\\\/de\\\/jornades-gastronomiques-al-restaurant-lume-co#respond\"]}]},{\"@type\":\"WebPage\",\"@id\":\"https:\\\/\\\/gastronomicament.cat\\\/de\\\/jornades-gastronomiques-al-restaurant-lume-co\",\"url\":\"https:\\\/\\\/gastronomicament.cat\\\/de\\\/jornades-gastronomiques-al-restaurant-lume-co\",\"name\":\"[:de]Jornades gastron\u00f2miques al restaurant Lume & Co[:] - Gastron\u00f2micament\",\"isPartOf\":{\"@id\":\"https:\\\/\\\/gastronomicament.cat\\\/de\\\/#website\"},\"primaryImageOfPage\":{\"@id\":\"https:\\\/\\\/gastronomicament.cat\\\/de\\\/jornades-gastronomiques-al-restaurant-lume-co#primaryimage\"},\"image\":{\"@id\":\"https:\\\/\\\/gastronomicament.cat\\\/de\\\/jornades-gastronomiques-al-restaurant-lume-co#primaryimage\"},\"thumbnailUrl\":\"https:\\\/\\\/gastronomicament.cat\\\/wp-content\\\/uploads\\\/2018\\\/05\\\/Fernando-Mendieta-Vanessa-Pradera-Jaime-Sanchez.jpg\",\"datePublished\":\"2018-05-29T21:44:18+00:00\",\"description\":\"[:de]Jornades gastron\u00f2miques al restaurant Lume & Co[:] Actualitat, Fires i rutes El restaurant de G\u00e8nova (Palma) Lume & Co presenta les\u00a0jornades gastron\u00f2miques Meat & Wine Lovers, on es podran degusta una selecci\u00f3 de carn de la\u00a0Finca de Jim\u00e9nez Barbero\u00a0i dels vins del celler\u00a0Bodegas Habla.\u00a0\",\"inLanguage\":\"de\",\"potentialAction\":[{\"@type\":\"ReadAction\",\"target\":[\"https:\\\/\\\/gastronomicament.cat\\\/de\\\/jornades-gastronomiques-al-restaurant-lume-co\"]}]},{\"@type\":\"ImageObject\",\"inLanguage\":\"de\",\"@id\":\"https:\\\/\\\/gastronomicament.cat\\\/de\\\/jornades-gastronomiques-al-restaurant-lume-co#primaryimage\",\"url\":\"https:\\\/\\\/gastronomicament.cat\\\/wp-content\\\/uploads\\\/2018\\\/05\\\/Fernando-Mendieta-Vanessa-Pradera-Jaime-Sanchez.jpg\",\"contentUrl\":\"https:\\\/\\\/gastronomicament.cat\\\/wp-content\\\/uploads\\\/2018\\\/05\\\/Fernando-Mendieta-Vanessa-Pradera-Jaime-Sanchez.jpg\",\"width\":1800,\"height\":1202},{\"@type\":\"WebSite\",\"@id\":\"https:\\\/\\\/gastronomicament.cat\\\/de\\\/#website\",\"url\":\"https:\\\/\\\/gastronomicament.cat\\\/de\\\/\",\"name\":\"Gastron\u00f2micament\",\"description\":\"Portal de restaurants, receptes i actualitat gastron\u00f2mica\",\"publisher\":{\"@id\":\"https:\\\/\\\/gastronomicament.cat\\\/de\\\/#organization\"},\"potentialAction\":[{\"@type\":\"SearchAction\",\"target\":{\"@type\":\"EntryPoint\",\"urlTemplate\":\"https:\\\/\\\/gastronomicament.cat\\\/de\\\/?s={search_term_string}\"},\"query-input\":{\"@type\":\"PropertyValueSpecification\",\"valueRequired\":true,\"valueName\":\"search_term_string\"}}],\"inLanguage\":\"de\"},{\"@type\":\"Organization\",\"@id\":\"https:\\\/\\\/gastronomicament.cat\\\/de\\\/#organization\",\"name\":\"Gastron\u00f2micament\",\"url\":\"https:\\\/\\\/gastronomicament.cat\\\/de\\\/\",\"logo\":{\"@type\":\"ImageObject\",\"inLanguage\":\"de\",\"@id\":\"https:\\\/\\\/gastronomicament.cat\\\/de\\\/#\\\/schema\\\/logo\\\/image\\\/\",\"url\":\"https:\\\/\\\/gastronomicament.cat\\\/wp-content\\\/uploads\\\/2016\\\/09\\\/header-logo.jpg\",\"contentUrl\":\"https:\\\/\\\/gastronomicament.cat\\\/wp-content\\\/uploads\\\/2016\\\/09\\\/header-logo.jpg\",\"width\":277,\"height\":39,\"caption\":\"Gastron\u00f2micament\"},\"image\":{\"@id\":\"https:\\\/\\\/gastronomicament.cat\\\/de\\\/#\\\/schema\\\/logo\\\/image\\\/\"},\"sameAs\":[\"https:\\\/\\\/x.com\\\/gastronomicamen\"]},{\"@type\":\"Person\",\"@id\":\"https:\\\/\\\/gastronomicament.cat\\\/de\\\/#\\\/schema\\\/person\\\/a7c85c537a1ed62799a5b8e0f686a37f\",\"name\":\"Redacci\u00f3\",\"image\":{\"@type\":\"ImageObject\",\"inLanguage\":\"de\",\"@id\":\"https:\\\/\\\/secure.gravatar.com\\\/avatar\\\/9489a485c464fd611d33825daae651d13db70c4e74c65c94937a15a9d4c3ee14?s=96&d=mm&r=g69fea3cce3645dfa2166e7293e22955e\",\"url\":\"https:\\\/\\\/secure.gravatar.com\\\/avatar\\\/9489a485c464fd611d33825daae651d13db70c4e74c65c94937a15a9d4c3ee14?s=96&d=mm&r=g\",\"contentUrl\":\"https:\\\/\\\/secure.gravatar.com\\\/avatar\\\/9489a485c464fd611d33825daae651d13db70c4e74c65c94937a15a9d4c3ee14?s=96&d=mm&r=g\",\"caption\":\"Redacci\u00f3\"},\"sameAs\":[\"http:\\\/\\\/gastronomicament.cat\"],\"url\":\"https:\\\/\\\/gastronomicament.cat\\\/de\\\/author\\\/admin\"}]}<\/script>\n<!-- \/ Yoast SEO plugin. -->","yoast_head_json":{"title":"[:de]Jornades gastron\u00f2miques al restaurant Lume & Co[:] - Gastron\u00f2micament","description":"[:de]Jornades gastron\u00f2miques al restaurant Lume & Co[:] Actualitat, Fires i rutes El restaurant de G\u00e8nova (Palma) Lume & Co presenta les\u00a0jornades gastron\u00f2miques Meat & Wine Lovers, on es podran degusta una selecci\u00f3 de carn de la\u00a0Finca de Jim\u00e9nez Barbero\u00a0i dels vins del celler\u00a0Bodegas Habla.\u00a0","robots":{"index":"index","follow":"follow","max-snippet":"max-snippet:-1","max-image-preview":"max-image-preview:large","max-video-preview":"max-video-preview:-1"},"canonical":"https:\/\/gastronomicament.cat\/de\/jornades-gastronomiques-al-restaurant-lume-co","og_locale":"de_DE","og_type":"article","og_title":"[:de]Jornades gastron\u00f2miques al restaurant Lume & Co[:] - Gastron\u00f2micament","og_description":"[:de]Jornades gastron\u00f2miques al restaurant Lume & Co[:] Actualitat, Fires i rutes El restaurant de G\u00e8nova (Palma) Lume & Co presenta les\u00a0jornades gastron\u00f2miques Meat & Wine Lovers, on es podran degusta una selecci\u00f3 de carn de la\u00a0Finca de Jim\u00e9nez Barbero\u00a0i dels vins del celler\u00a0Bodegas Habla.\u00a0","og_url":"https:\/\/gastronomicament.cat\/de\/jornades-gastronomiques-al-restaurant-lume-co","og_site_name":"Gastron\u00f2micament","article_published_time":"2018-05-29T21:44:18+00:00","og_image":[{"width":1800,"height":1202,"url":"https:\/\/gastronomicament.cat\/wp-content\/uploads\/2018\/05\/Fernando-Mendieta-Vanessa-Pradera-Jaime-Sanchez.jpg","type":"image\/jpeg"}],"author":"Redacci\u00f3","twitter_card":"summary_large_image","twitter_creator":"@gastronomicamen","twitter_site":"@gastronomicamen","twitter_misc":{"Verfasst von":"Redacci\u00f3","Gesch\u00e4tzte Lesezeit":"2\u00a0Minuten","Written by":"Redacci\u00f3"},"schema":{"@context":"https:\/\/schema.org","@graph":[{"@type":"Article","@id":"https:\/\/gastronomicament.cat\/de\/jornades-gastronomiques-al-restaurant-lume-co#article","isPartOf":{"@id":"https:\/\/gastronomicament.cat\/de\/jornades-gastronomiques-al-restaurant-lume-co"},"author":{"name":"Redacci\u00f3","@id":"https:\/\/gastronomicament.cat\/de\/#\/schema\/person\/a7c85c537a1ed62799a5b8e0f686a37f"},"headline":"[:de]Jornades gastron\u00f2miques al restaurant Lume &#038; Co[:]","datePublished":"2018-05-29T21:44:18+00:00","mainEntityOfPage":{"@id":"https:\/\/gastronomicament.cat\/de\/jornades-gastronomiques-al-restaurant-lume-co"},"wordCount":425,"commentCount":0,"publisher":{"@id":"https:\/\/gastronomicament.cat\/de\/#organization"},"image":{"@id":"https:\/\/gastronomicament.cat\/de\/jornades-gastronomiques-al-restaurant-lume-co#primaryimage"},"thumbnailUrl":"https:\/\/gastronomicament.cat\/wp-content\/uploads\/2018\/05\/Fernando-Mendieta-Vanessa-Pradera-Jaime-Sanchez.jpg","articleSection":["Actualitat","Fires i rutes"],"inLanguage":"de","potentialAction":[{"@type":"CommentAction","name":"Comment","target":["https:\/\/gastronomicament.cat\/de\/jornades-gastronomiques-al-restaurant-lume-co#respond"]}]},{"@type":"WebPage","@id":"https:\/\/gastronomicament.cat\/de\/jornades-gastronomiques-al-restaurant-lume-co","url":"https:\/\/gastronomicament.cat\/de\/jornades-gastronomiques-al-restaurant-lume-co","name":"[:de]Jornades gastron\u00f2miques al restaurant Lume & Co[:] - Gastron\u00f2micament","isPartOf":{"@id":"https:\/\/gastronomicament.cat\/de\/#website"},"primaryImageOfPage":{"@id":"https:\/\/gastronomicament.cat\/de\/jornades-gastronomiques-al-restaurant-lume-co#primaryimage"},"image":{"@id":"https:\/\/gastronomicament.cat\/de\/jornades-gastronomiques-al-restaurant-lume-co#primaryimage"},"thumbnailUrl":"https:\/\/gastronomicament.cat\/wp-content\/uploads\/2018\/05\/Fernando-Mendieta-Vanessa-Pradera-Jaime-Sanchez.jpg","datePublished":"2018-05-29T21:44:18+00:00","description":"[:de]Jornades gastron\u00f2miques al restaurant Lume & Co[:] Actualitat, Fires i rutes El restaurant de G\u00e8nova (Palma) Lume & Co presenta les\u00a0jornades gastron\u00f2miques Meat & Wine Lovers, on es podran degusta una selecci\u00f3 de carn de la\u00a0Finca de Jim\u00e9nez Barbero\u00a0i dels vins del celler\u00a0Bodegas Habla.\u00a0","inLanguage":"de","potentialAction":[{"@type":"ReadAction","target":["https:\/\/gastronomicament.cat\/de\/jornades-gastronomiques-al-restaurant-lume-co"]}]},{"@type":"ImageObject","inLanguage":"de","@id":"https:\/\/gastronomicament.cat\/de\/jornades-gastronomiques-al-restaurant-lume-co#primaryimage","url":"https:\/\/gastronomicament.cat\/wp-content\/uploads\/2018\/05\/Fernando-Mendieta-Vanessa-Pradera-Jaime-Sanchez.jpg","contentUrl":"https:\/\/gastronomicament.cat\/wp-content\/uploads\/2018\/05\/Fernando-Mendieta-Vanessa-Pradera-Jaime-Sanchez.jpg","width":1800,"height":1202},{"@type":"WebSite","@id":"https:\/\/gastronomicament.cat\/de\/#website","url":"https:\/\/gastronomicament.cat\/de\/","name":"Gastron\u00f2micament","description":"Portal de restaurants, receptes i actualitat gastron\u00f2mica","publisher":{"@id":"https:\/\/gastronomicament.cat\/de\/#organization"},"potentialAction":[{"@type":"SearchAction","target":{"@type":"EntryPoint","urlTemplate":"https:\/\/gastronomicament.cat\/de\/?s={search_term_string}"},"query-input":{"@type":"PropertyValueSpecification","valueRequired":true,"valueName":"search_term_string"}}],"inLanguage":"de"},{"@type":"Organization","@id":"https:\/\/gastronomicament.cat\/de\/#organization","name":"Gastron\u00f2micament","url":"https:\/\/gastronomicament.cat\/de\/","logo":{"@type":"ImageObject","inLanguage":"de","@id":"https:\/\/gastronomicament.cat\/de\/#\/schema\/logo\/image\/","url":"https:\/\/gastronomicament.cat\/wp-content\/uploads\/2016\/09\/header-logo.jpg","contentUrl":"https:\/\/gastronomicament.cat\/wp-content\/uploads\/2016\/09\/header-logo.jpg","width":277,"height":39,"caption":"Gastron\u00f2micament"},"image":{"@id":"https:\/\/gastronomicament.cat\/de\/#\/schema\/logo\/image\/"},"sameAs":["https:\/\/x.com\/gastronomicamen"]},{"@type":"Person","@id":"https:\/\/gastronomicament.cat\/de\/#\/schema\/person\/a7c85c537a1ed62799a5b8e0f686a37f","name":"Redacci\u00f3","image":{"@type":"ImageObject","inLanguage":"de","@id":"https:\/\/secure.gravatar.com\/avatar\/9489a485c464fd611d33825daae651d13db70c4e74c65c94937a15a9d4c3ee14?s=96&d=mm&r=g69fea3cce3645dfa2166e7293e22955e","url":"https:\/\/secure.gravatar.com\/avatar\/9489a485c464fd611d33825daae651d13db70c4e74c65c94937a15a9d4c3ee14?s=96&d=mm&r=g","contentUrl":"https:\/\/secure.gravatar.com\/avatar\/9489a485c464fd611d33825daae651d13db70c4e74c65c94937a15a9d4c3ee14?s=96&d=mm&r=g","caption":"Redacci\u00f3"},"sameAs":["http:\/\/gastronomicament.cat"],"url":"https:\/\/gastronomicament.cat\/de\/author\/admin"}]}},"_links":{"self":[{"href":"https:\/\/gastronomicament.cat\/de\/wp-json\/wp\/v2\/posts\/68336","targetHints":{"allow":["GET"]}}],"collection":[{"href":"https:\/\/gastronomicament.cat\/de\/wp-json\/wp\/v2\/posts"}],"about":[{"href":"https:\/\/gastronomicament.cat\/de\/wp-json\/wp\/v2\/types\/post"}],"author":[{"embeddable":true,"href":"https:\/\/gastronomicament.cat\/de\/wp-json\/wp\/v2\/users\/1"}],"replies":[{"embeddable":true,"href":"https:\/\/gastronomicament.cat\/de\/wp-json\/wp\/v2\/comments?post=68336"}],"version-history":[{"count":0,"href":"https:\/\/gastronomicament.cat\/de\/wp-json\/wp\/v2\/posts\/68336\/revisions"}],"wp:featuredmedia":[{"embeddable":true,"href":"https:\/\/gastronomicament.cat\/de\/wp-json\/wp\/v2\/media\/62200"}],"wp:attachment":[{"href":"https:\/\/gastronomicament.cat\/de\/wp-json\/wp\/v2\/media?parent=68336"}],"wp:term":[{"taxonomy":"category","embeddable":true,"href":"https:\/\/gastronomicament.cat\/de\/wp-json\/wp\/v2\/categories?post=68336"},{"taxonomy":"post_tag","embeddable":true,"href":"https:\/\/gastronomicament.cat\/de\/wp-json\/wp\/v2\/tags?post=68336"},{"taxonomy":"author","embeddable":true,"href":"https:\/\/gastronomicament.cat\/de\/wp-json\/wp\/v2\/coauthors?post=68336"}],"curies":[{"name":"wp","href":"https:\/\/api.w.org\/{rel}","templated":true}]}}