{"id":68350,"date":"2018-05-21T10:28:27","date_gmt":"2018-05-21T08:28:27","guid":{"rendered":"https:\/\/gastronomicament.cat\/gastronomia-tallers-i-jocs-tradicionals-a-la-fira-ecologica-de-puigpunyent-2018"},"modified":"2022-04-09T10:19:25","modified_gmt":"2022-04-09T08:19:25","slug":"gastronomia-tallers-i-jocs-tradicionals-a-la-fira-ecologica-de-puigpunyent-2018","status":"publish","type":"post","link":"https:\/\/gastronomicament.cat\/de\/gastronomia-tallers-i-jocs-tradicionals-a-la-fira-ecologica-de-puigpunyent-2018","title":{"rendered":"Gastronomia, tallers i jocs tradicionals a la Fira Ecologica de Puigpunyent 2018"},"content":{"rendered":"<p>Puigpunyent acollir\u00e0 de nou la Fira Ecol\u00f2gica. Una fira on hi trobareu gastronomia, m\u00fasica, cultura i esports. Biel Ferr\u00e0, batle de Puigpunyent, i Margalida Morell, regidora de Medi Ambient, us conviden a viure aquesta experiencia amb tallers i jocs tradicionals.<\/p>\n<p><strong>Divendres 25<\/strong> hi haur\u00e0 el <strong>tast gastron\u00f2mic<\/strong>. <a href=\"http:\/\/gastronomicament.cat\/ca\/tasts\">Aqu\u00ed vos hi podeu inscriure<\/a><\/p>\n<p><strong>Dissabte 26<\/strong> gaudirem del<strong> Sopar de Fira<\/strong> a la pla\u00e7a amb\u00a0pa de xeixa del Forn s&#8217;Estanc, sobrassada Can Ribas, cireres de Son Puig, cervesa Galilea, vins dels cellers Son Puig i Son Vic de Superna, a m\u00e9s de formatge ecol\u00f2gic Son Jover. El preu \u00e9s de 8 \u20ac i els tiquets es podem comprar a l&#8217;ajuntament fins dia 24 de maig.<\/p>\n<p>I finalment <strong>diumenge 27<\/strong> es celebrar\u00e0 la\u00a0<strong>Ruta gastron\u00f2mica ecol\u00f2gica<\/strong> juntament amb altres activitats. Els restuaurants que hi participen s\u00f3n:<\/p>\n<ul>\n<li><strong>La Vila<\/strong>: espatlla de me al forn.<\/li>\n<li><strong>Ca sa nina<\/strong>: lasanya de verdures. Banoffee.<\/li>\n<li><strong>Es Pont<\/strong>: frit de verdures. S\u00edpia a la mallorquina.<\/li>\n<li><strong>Bistro the Rose<\/strong>: hamburguesa de black angus amb pa ecol\u00f2gic. Hamburguesa vegetariana de soia. Past\u00eds de poma.<\/li>\n<li><strong>Can Jordi<\/strong>: paella mixta.<\/li>\n<li><strong>Ses Cotxeries<\/strong>: frit de me.<\/li>\n<\/ul>\n<h4>DIVENDRES 25 DE MAIG<\/h4>\n<p>20:00 h <strong>Tast gastron\u00f2mic<\/strong> amb Vins Son Bordils i Embotits Can Company<\/p>\n<h4>DISSABTE 26 DE MAIG<\/h4>\n<p>11:00 h Trobades de reflexi\u00f3: Mallorca i habitatge, cap a on ens dirigim?<\/p>\n<p>18:00 h Inici de la fi\u00adra nocturna.<\/p>\n<p>18:00 h Concert de bols tibetans<\/p>\n<p>18:30 h Activitats ambientals per a infants a la pla\u00e7a<\/p>\n<p>18:30 h <strong>Taller d\u2019herbes<\/strong> de Mestre Biel a la pla\u00e7a.<\/p>\n<p>19:30 h Actuaci\u00f3 de la batucada Boud\u00f2.<\/p>\n<p>20:00 h Taller de swing<\/p>\n<p>21:30 h <strong>Sopar de \u00adfira a la pla\u00e7a<\/strong> \u00abFet a Puigpunyent\u00bb<\/p>\n<p>22:30 h M\u00fasica amb el grup Monkey Doo.<\/p>\n<h4>DIUMENGE 27 DE MAIG<\/h4>\n<p>10:30 h Passacarrers amb la colla de xeremiers C\u00e0ndid i Joan Miquel i els gegants de Puigpunyent, Calvi\u00e0 i Santa Margalida entre d\u2019altres.<\/p>\n<p>11:00 a 14:00 h Activitats del Consell de Mallorca a la pla\u00e7a: JOCS ESPARTANS i MULTIESPORTS<\/p>\n<p>11:30 h Ballada a la pla\u00e7a amb l\u2019Escola de Ball de Galilea.<\/p>\n<p>12:00 h Taller de Tir de Fona a la pla\u00e7a<\/p>\n<p>13:30 h <strong>Ruta gastron\u00f2mica ecol\u00f2gica<\/strong>.<\/p>\n<p>16:00 h <strong>Concurs de verduc<\/strong> amb categoria masculina i femenina.<\/p>\n<p>17:30 h Concert amb Veus de la Tardor.<\/p>\n<p>18:00 h Actuaci\u00f3 de la batucada Malaka i dels petits de l\u2019escola de m\u00fasica, Batuca-l\u2019Olla.<\/p>\n<p><a href=\"http:\/\/gastronomicament.cat\/wp-content\/uploads\/2018\/05\/Programa-A5-2018-1.pdf\" target=\"_blank\" rel=\"noopener\">Aqu\u00ed podeu consultar el programa complet<\/a><\/p>\n","protected":false},"excerpt":{"rendered":"<p>Des de divendres 25 fins a diumenge 27 hi trobareu propostes variades a la Fira Ecol\u00f2gica&hellip;<\/p>\n","protected":false},"author":1,"featured_media":62134,"comment_status":"open","ping_status":"closed","sticky":false,"template":"","format":"gallery","meta":{"_acf_changed":false,"_swt_meta_header_display":false,"_swt_meta_footer_display":false,"_swt_meta_site_title_display":false,"_swt_meta_sticky_header":false,"_swt_meta_transparent_header":false,"footnotes":""},"categories":[1050,1473],"tags":[],"coauthors":[],"class_list":["post-68350","post","type-post","status-publish","format-gallery","has-post-thumbnail","hentry","category-actualitat-es-de","category-fires-i-rutes-de","post_format-post-format-gallery"],"acf":{"gallery":null,"home_date":{"home_begin_date":null,"home_end_date":null}},"yoast_head":"<!-- This site is optimized with the Yoast SEO plugin v27.4 - https:\/\/yoast.com\/product\/yoast-seo-wordpress\/ -->\n<title>Gastronomia, tallers i jocs tradicionals a la Fira Ecologica de Puigpunyent 2018 - Gastron\u00f2micament<\/title>\n<meta name=\"description\" content=\"Gastronomia, tallers i jocs tradicionals a la Fira Ecologica de Puigpunyent 2018 Actualitat, Fires i rutes Des de divendres 25 fins a diumenge 27 hi trobareu propostes variades a la Fira Ecol\u00f2gica de Puigpunyent\" \/>\n<meta name=\"robots\" content=\"index, follow, max-snippet:-1, max-image-preview:large, max-video-preview:-1\" \/>\n<link rel=\"canonical\" href=\"https:\/\/gastronomicament.cat\/de\/gastronomia-tallers-i-jocs-tradicionals-a-la-fira-ecologica-de-puigpunyent-2018\" \/>\n<meta property=\"og:locale\" content=\"de_DE\" \/>\n<meta property=\"og:type\" content=\"article\" \/>\n<meta property=\"og:title\" content=\"Gastronomia, tallers i jocs tradicionals a la Fira Ecologica de Puigpunyent 2018 - Gastron\u00f2micament\" \/>\n<meta property=\"og:description\" content=\"Gastronomia, tallers i jocs tradicionals a la Fira Ecologica de Puigpunyent 2018 Actualitat, Fires i rutes Des de divendres 25 fins a diumenge 27 hi trobareu propostes variades a la Fira Ecol\u00f2gica de Puigpunyent\" \/>\n<meta property=\"og:url\" content=\"https:\/\/gastronomicament.cat\/de\/gastronomia-tallers-i-jocs-tradicionals-a-la-fira-ecologica-de-puigpunyent-2018\" \/>\n<meta property=\"og:site_name\" content=\"Gastron\u00f2micament\" \/>\n<meta property=\"article:published_time\" content=\"2018-05-21T08:28:27+00:00\" \/>\n<meta property=\"article:modified_time\" content=\"2022-04-09T08:19:25+00:00\" \/>\n<meta property=\"og:image\" content=\"https:\/\/gastronomicament.cat\/wp-content\/uploads\/2018\/05\/Fira-Ecologica-Puigpunyent-2018.jpg\" \/>\n\t<meta property=\"og:image:width\" content=\"936\" \/>\n\t<meta property=\"og:image:height\" content=\"510\" \/>\n\t<meta property=\"og:image:type\" content=\"image\/jpeg\" \/>\n<meta name=\"author\" content=\"Redacci\u00f3\" \/>\n<meta name=\"twitter:card\" content=\"summary_large_image\" \/>\n<meta name=\"twitter:creator\" content=\"@gastronomicamen\" \/>\n<meta name=\"twitter:site\" content=\"@gastronomicamen\" \/>\n<meta name=\"twitter:label1\" content=\"Verfasst von\" \/>\n\t<meta name=\"twitter:data1\" content=\"Redacci\u00f3\" \/>\n\t<meta name=\"twitter:label2\" content=\"Gesch\u00e4tzte Lesezeit\" \/>\n\t<meta name=\"twitter:data2\" content=\"2\u00a0Minuten\" \/>\n\t<meta name=\"twitter:label3\" content=\"Written by\" \/>\n\t<meta name=\"twitter:data3\" content=\"Redacci\u00f3\" \/>\n<script type=\"application\/ld+json\" class=\"yoast-schema-graph\">{\"@context\":\"https:\\\/\\\/schema.org\",\"@graph\":[{\"@type\":\"Article\",\"@id\":\"https:\\\/\\\/gastronomicament.cat\\\/de\\\/gastronomia-tallers-i-jocs-tradicionals-a-la-fira-ecologica-de-puigpunyent-2018#article\",\"isPartOf\":{\"@id\":\"https:\\\/\\\/gastronomicament.cat\\\/de\\\/gastronomia-tallers-i-jocs-tradicionals-a-la-fira-ecologica-de-puigpunyent-2018\"},\"author\":{\"name\":\"Redacci\u00f3\",\"@id\":\"https:\\\/\\\/gastronomicament.cat\\\/de\\\/#\\\/schema\\\/person\\\/a7c85c537a1ed62799a5b8e0f686a37f\"},\"headline\":\"Gastronomia, tallers i jocs tradicionals a la Fira Ecologica de Puigpunyent 2018\",\"datePublished\":\"2018-05-21T08:28:27+00:00\",\"dateModified\":\"2022-04-09T08:19:25+00:00\",\"mainEntityOfPage\":{\"@id\":\"https:\\\/\\\/gastronomicament.cat\\\/de\\\/gastronomia-tallers-i-jocs-tradicionals-a-la-fira-ecologica-de-puigpunyent-2018\"},\"wordCount\":402,\"commentCount\":0,\"publisher\":{\"@id\":\"https:\\\/\\\/gastronomicament.cat\\\/de\\\/#organization\"},\"image\":{\"@id\":\"https:\\\/\\\/gastronomicament.cat\\\/de\\\/gastronomia-tallers-i-jocs-tradicionals-a-la-fira-ecologica-de-puigpunyent-2018#primaryimage\"},\"thumbnailUrl\":\"https:\\\/\\\/gastronomicament.cat\\\/wp-content\\\/uploads\\\/2018\\\/05\\\/Fira-Ecologica-Puigpunyent-2018.jpg\",\"articleSection\":[\"Actualitat\",\"Fires i rutes\"],\"inLanguage\":\"de\",\"potentialAction\":[{\"@type\":\"CommentAction\",\"name\":\"Comment\",\"target\":[\"https:\\\/\\\/gastronomicament.cat\\\/de\\\/gastronomia-tallers-i-jocs-tradicionals-a-la-fira-ecologica-de-puigpunyent-2018#respond\"]}]},{\"@type\":\"WebPage\",\"@id\":\"https:\\\/\\\/gastronomicament.cat\\\/de\\\/gastronomia-tallers-i-jocs-tradicionals-a-la-fira-ecologica-de-puigpunyent-2018\",\"url\":\"https:\\\/\\\/gastronomicament.cat\\\/de\\\/gastronomia-tallers-i-jocs-tradicionals-a-la-fira-ecologica-de-puigpunyent-2018\",\"name\":\"Gastronomia, tallers i jocs tradicionals a la Fira Ecologica de Puigpunyent 2018 - Gastron\u00f2micament\",\"isPartOf\":{\"@id\":\"https:\\\/\\\/gastronomicament.cat\\\/de\\\/#website\"},\"primaryImageOfPage\":{\"@id\":\"https:\\\/\\\/gastronomicament.cat\\\/de\\\/gastronomia-tallers-i-jocs-tradicionals-a-la-fira-ecologica-de-puigpunyent-2018#primaryimage\"},\"image\":{\"@id\":\"https:\\\/\\\/gastronomicament.cat\\\/de\\\/gastronomia-tallers-i-jocs-tradicionals-a-la-fira-ecologica-de-puigpunyent-2018#primaryimage\"},\"thumbnailUrl\":\"https:\\\/\\\/gastronomicament.cat\\\/wp-content\\\/uploads\\\/2018\\\/05\\\/Fira-Ecologica-Puigpunyent-2018.jpg\",\"datePublished\":\"2018-05-21T08:28:27+00:00\",\"dateModified\":\"2022-04-09T08:19:25+00:00\",\"description\":\"Gastronomia, tallers i jocs tradicionals a la Fira Ecologica de Puigpunyent 2018 Actualitat, Fires i rutes Des de divendres 25 fins a diumenge 27 hi trobareu propostes variades a la Fira Ecol\u00f2gica de Puigpunyent\",\"inLanguage\":\"de\",\"potentialAction\":[{\"@type\":\"ReadAction\",\"target\":[\"https:\\\/\\\/gastronomicament.cat\\\/de\\\/gastronomia-tallers-i-jocs-tradicionals-a-la-fira-ecologica-de-puigpunyent-2018\"]}]},{\"@type\":\"ImageObject\",\"inLanguage\":\"de\",\"@id\":\"https:\\\/\\\/gastronomicament.cat\\\/de\\\/gastronomia-tallers-i-jocs-tradicionals-a-la-fira-ecologica-de-puigpunyent-2018#primaryimage\",\"url\":\"https:\\\/\\\/gastronomicament.cat\\\/wp-content\\\/uploads\\\/2018\\\/05\\\/Fira-Ecologica-Puigpunyent-2018.jpg\",\"contentUrl\":\"https:\\\/\\\/gastronomicament.cat\\\/wp-content\\\/uploads\\\/2018\\\/05\\\/Fira-Ecologica-Puigpunyent-2018.jpg\",\"width\":936,\"height\":510},{\"@type\":\"WebSite\",\"@id\":\"https:\\\/\\\/gastronomicament.cat\\\/de\\\/#website\",\"url\":\"https:\\\/\\\/gastronomicament.cat\\\/de\\\/\",\"name\":\"Gastron\u00f2micament\",\"description\":\"Portal de restaurants, receptes i actualitat gastron\u00f2mica\",\"publisher\":{\"@id\":\"https:\\\/\\\/gastronomicament.cat\\\/de\\\/#organization\"},\"potentialAction\":[{\"@type\":\"SearchAction\",\"target\":{\"@type\":\"EntryPoint\",\"urlTemplate\":\"https:\\\/\\\/gastronomicament.cat\\\/de\\\/?s={search_term_string}\"},\"query-input\":{\"@type\":\"PropertyValueSpecification\",\"valueRequired\":true,\"valueName\":\"search_term_string\"}}],\"inLanguage\":\"de\"},{\"@type\":\"Organization\",\"@id\":\"https:\\\/\\\/gastronomicament.cat\\\/de\\\/#organization\",\"name\":\"Gastron\u00f2micament\",\"url\":\"https:\\\/\\\/gastronomicament.cat\\\/de\\\/\",\"logo\":{\"@type\":\"ImageObject\",\"inLanguage\":\"de\",\"@id\":\"https:\\\/\\\/gastronomicament.cat\\\/de\\\/#\\\/schema\\\/logo\\\/image\\\/\",\"url\":\"https:\\\/\\\/gastronomicament.cat\\\/wp-content\\\/uploads\\\/2016\\\/09\\\/header-logo.jpg\",\"contentUrl\":\"https:\\\/\\\/gastronomicament.cat\\\/wp-content\\\/uploads\\\/2016\\\/09\\\/header-logo.jpg\",\"width\":277,\"height\":39,\"caption\":\"Gastron\u00f2micament\"},\"image\":{\"@id\":\"https:\\\/\\\/gastronomicament.cat\\\/de\\\/#\\\/schema\\\/logo\\\/image\\\/\"},\"sameAs\":[\"https:\\\/\\\/x.com\\\/gastronomicamen\"]},{\"@type\":\"Person\",\"@id\":\"https:\\\/\\\/gastronomicament.cat\\\/de\\\/#\\\/schema\\\/person\\\/a7c85c537a1ed62799a5b8e0f686a37f\",\"name\":\"Redacci\u00f3\",\"image\":{\"@type\":\"ImageObject\",\"inLanguage\":\"de\",\"@id\":\"https:\\\/\\\/secure.gravatar.com\\\/avatar\\\/9489a485c464fd611d33825daae651d13db70c4e74c65c94937a15a9d4c3ee14?s=96&d=mm&r=g69fea3cce3645dfa2166e7293e22955e\",\"url\":\"https:\\\/\\\/secure.gravatar.com\\\/avatar\\\/9489a485c464fd611d33825daae651d13db70c4e74c65c94937a15a9d4c3ee14?s=96&d=mm&r=g\",\"contentUrl\":\"https:\\\/\\\/secure.gravatar.com\\\/avatar\\\/9489a485c464fd611d33825daae651d13db70c4e74c65c94937a15a9d4c3ee14?s=96&d=mm&r=g\",\"caption\":\"Redacci\u00f3\"},\"sameAs\":[\"http:\\\/\\\/gastronomicament.cat\"],\"url\":\"https:\\\/\\\/gastronomicament.cat\\\/de\\\/author\\\/admin\"}]}<\/script>\n<!-- \/ Yoast SEO plugin. -->","yoast_head_json":{"title":"Gastronomia, tallers i jocs tradicionals a la Fira Ecologica de Puigpunyent 2018 - Gastron\u00f2micament","description":"Gastronomia, tallers i jocs tradicionals a la Fira Ecologica de Puigpunyent 2018 Actualitat, Fires i rutes Des de divendres 25 fins a diumenge 27 hi trobareu propostes variades a la Fira Ecol\u00f2gica de Puigpunyent","robots":{"index":"index","follow":"follow","max-snippet":"max-snippet:-1","max-image-preview":"max-image-preview:large","max-video-preview":"max-video-preview:-1"},"canonical":"https:\/\/gastronomicament.cat\/de\/gastronomia-tallers-i-jocs-tradicionals-a-la-fira-ecologica-de-puigpunyent-2018","og_locale":"de_DE","og_type":"article","og_title":"Gastronomia, tallers i jocs tradicionals a la Fira Ecologica de Puigpunyent 2018 - Gastron\u00f2micament","og_description":"Gastronomia, tallers i jocs tradicionals a la Fira Ecologica de Puigpunyent 2018 Actualitat, Fires i rutes Des de divendres 25 fins a diumenge 27 hi trobareu propostes variades a la Fira Ecol\u00f2gica de Puigpunyent","og_url":"https:\/\/gastronomicament.cat\/de\/gastronomia-tallers-i-jocs-tradicionals-a-la-fira-ecologica-de-puigpunyent-2018","og_site_name":"Gastron\u00f2micament","article_published_time":"2018-05-21T08:28:27+00:00","article_modified_time":"2022-04-09T08:19:25+00:00","og_image":[{"width":936,"height":510,"url":"https:\/\/gastronomicament.cat\/wp-content\/uploads\/2018\/05\/Fira-Ecologica-Puigpunyent-2018.jpg","type":"image\/jpeg"}],"author":"Redacci\u00f3","twitter_card":"summary_large_image","twitter_creator":"@gastronomicamen","twitter_site":"@gastronomicamen","twitter_misc":{"Verfasst von":"Redacci\u00f3","Gesch\u00e4tzte Lesezeit":"2\u00a0Minuten","Written by":"Redacci\u00f3"},"schema":{"@context":"https:\/\/schema.org","@graph":[{"@type":"Article","@id":"https:\/\/gastronomicament.cat\/de\/gastronomia-tallers-i-jocs-tradicionals-a-la-fira-ecologica-de-puigpunyent-2018#article","isPartOf":{"@id":"https:\/\/gastronomicament.cat\/de\/gastronomia-tallers-i-jocs-tradicionals-a-la-fira-ecologica-de-puigpunyent-2018"},"author":{"name":"Redacci\u00f3","@id":"https:\/\/gastronomicament.cat\/de\/#\/schema\/person\/a7c85c537a1ed62799a5b8e0f686a37f"},"headline":"Gastronomia, tallers i jocs tradicionals a la Fira Ecologica de Puigpunyent 2018","datePublished":"2018-05-21T08:28:27+00:00","dateModified":"2022-04-09T08:19:25+00:00","mainEntityOfPage":{"@id":"https:\/\/gastronomicament.cat\/de\/gastronomia-tallers-i-jocs-tradicionals-a-la-fira-ecologica-de-puigpunyent-2018"},"wordCount":402,"commentCount":0,"publisher":{"@id":"https:\/\/gastronomicament.cat\/de\/#organization"},"image":{"@id":"https:\/\/gastronomicament.cat\/de\/gastronomia-tallers-i-jocs-tradicionals-a-la-fira-ecologica-de-puigpunyent-2018#primaryimage"},"thumbnailUrl":"https:\/\/gastronomicament.cat\/wp-content\/uploads\/2018\/05\/Fira-Ecologica-Puigpunyent-2018.jpg","articleSection":["Actualitat","Fires i rutes"],"inLanguage":"de","potentialAction":[{"@type":"CommentAction","name":"Comment","target":["https:\/\/gastronomicament.cat\/de\/gastronomia-tallers-i-jocs-tradicionals-a-la-fira-ecologica-de-puigpunyent-2018#respond"]}]},{"@type":"WebPage","@id":"https:\/\/gastronomicament.cat\/de\/gastronomia-tallers-i-jocs-tradicionals-a-la-fira-ecologica-de-puigpunyent-2018","url":"https:\/\/gastronomicament.cat\/de\/gastronomia-tallers-i-jocs-tradicionals-a-la-fira-ecologica-de-puigpunyent-2018","name":"Gastronomia, tallers i jocs tradicionals a la Fira Ecologica de Puigpunyent 2018 - Gastron\u00f2micament","isPartOf":{"@id":"https:\/\/gastronomicament.cat\/de\/#website"},"primaryImageOfPage":{"@id":"https:\/\/gastronomicament.cat\/de\/gastronomia-tallers-i-jocs-tradicionals-a-la-fira-ecologica-de-puigpunyent-2018#primaryimage"},"image":{"@id":"https:\/\/gastronomicament.cat\/de\/gastronomia-tallers-i-jocs-tradicionals-a-la-fira-ecologica-de-puigpunyent-2018#primaryimage"},"thumbnailUrl":"https:\/\/gastronomicament.cat\/wp-content\/uploads\/2018\/05\/Fira-Ecologica-Puigpunyent-2018.jpg","datePublished":"2018-05-21T08:28:27+00:00","dateModified":"2022-04-09T08:19:25+00:00","description":"Gastronomia, tallers i jocs tradicionals a la Fira Ecologica de Puigpunyent 2018 Actualitat, Fires i rutes Des de divendres 25 fins a diumenge 27 hi trobareu propostes variades a la Fira Ecol\u00f2gica de Puigpunyent","inLanguage":"de","potentialAction":[{"@type":"ReadAction","target":["https:\/\/gastronomicament.cat\/de\/gastronomia-tallers-i-jocs-tradicionals-a-la-fira-ecologica-de-puigpunyent-2018"]}]},{"@type":"ImageObject","inLanguage":"de","@id":"https:\/\/gastronomicament.cat\/de\/gastronomia-tallers-i-jocs-tradicionals-a-la-fira-ecologica-de-puigpunyent-2018#primaryimage","url":"https:\/\/gastronomicament.cat\/wp-content\/uploads\/2018\/05\/Fira-Ecologica-Puigpunyent-2018.jpg","contentUrl":"https:\/\/gastronomicament.cat\/wp-content\/uploads\/2018\/05\/Fira-Ecologica-Puigpunyent-2018.jpg","width":936,"height":510},{"@type":"WebSite","@id":"https:\/\/gastronomicament.cat\/de\/#website","url":"https:\/\/gastronomicament.cat\/de\/","name":"Gastron\u00f2micament","description":"Portal de restaurants, receptes i actualitat gastron\u00f2mica","publisher":{"@id":"https:\/\/gastronomicament.cat\/de\/#organization"},"potentialAction":[{"@type":"SearchAction","target":{"@type":"EntryPoint","urlTemplate":"https:\/\/gastronomicament.cat\/de\/?s={search_term_string}"},"query-input":{"@type":"PropertyValueSpecification","valueRequired":true,"valueName":"search_term_string"}}],"inLanguage":"de"},{"@type":"Organization","@id":"https:\/\/gastronomicament.cat\/de\/#organization","name":"Gastron\u00f2micament","url":"https:\/\/gastronomicament.cat\/de\/","logo":{"@type":"ImageObject","inLanguage":"de","@id":"https:\/\/gastronomicament.cat\/de\/#\/schema\/logo\/image\/","url":"https:\/\/gastronomicament.cat\/wp-content\/uploads\/2016\/09\/header-logo.jpg","contentUrl":"https:\/\/gastronomicament.cat\/wp-content\/uploads\/2016\/09\/header-logo.jpg","width":277,"height":39,"caption":"Gastron\u00f2micament"},"image":{"@id":"https:\/\/gastronomicament.cat\/de\/#\/schema\/logo\/image\/"},"sameAs":["https:\/\/x.com\/gastronomicamen"]},{"@type":"Person","@id":"https:\/\/gastronomicament.cat\/de\/#\/schema\/person\/a7c85c537a1ed62799a5b8e0f686a37f","name":"Redacci\u00f3","image":{"@type":"ImageObject","inLanguage":"de","@id":"https:\/\/secure.gravatar.com\/avatar\/9489a485c464fd611d33825daae651d13db70c4e74c65c94937a15a9d4c3ee14?s=96&d=mm&r=g69fea3cce3645dfa2166e7293e22955e","url":"https:\/\/secure.gravatar.com\/avatar\/9489a485c464fd611d33825daae651d13db70c4e74c65c94937a15a9d4c3ee14?s=96&d=mm&r=g","contentUrl":"https:\/\/secure.gravatar.com\/avatar\/9489a485c464fd611d33825daae651d13db70c4e74c65c94937a15a9d4c3ee14?s=96&d=mm&r=g","caption":"Redacci\u00f3"},"sameAs":["http:\/\/gastronomicament.cat"],"url":"https:\/\/gastronomicament.cat\/de\/author\/admin"}]}},"_links":{"self":[{"href":"https:\/\/gastronomicament.cat\/de\/wp-json\/wp\/v2\/posts\/68350","targetHints":{"allow":["GET"]}}],"collection":[{"href":"https:\/\/gastronomicament.cat\/de\/wp-json\/wp\/v2\/posts"}],"about":[{"href":"https:\/\/gastronomicament.cat\/de\/wp-json\/wp\/v2\/types\/post"}],"author":[{"embeddable":true,"href":"https:\/\/gastronomicament.cat\/de\/wp-json\/wp\/v2\/users\/1"}],"replies":[{"embeddable":true,"href":"https:\/\/gastronomicament.cat\/de\/wp-json\/wp\/v2\/comments?post=68350"}],"version-history":[{"count":0,"href":"https:\/\/gastronomicament.cat\/de\/wp-json\/wp\/v2\/posts\/68350\/revisions"}],"wp:featuredmedia":[{"embeddable":true,"href":"https:\/\/gastronomicament.cat\/de\/wp-json\/wp\/v2\/media\/62134"}],"wp:attachment":[{"href":"https:\/\/gastronomicament.cat\/de\/wp-json\/wp\/v2\/media?parent=68350"}],"wp:term":[{"taxonomy":"category","embeddable":true,"href":"https:\/\/gastronomicament.cat\/de\/wp-json\/wp\/v2\/categories?post=68350"},{"taxonomy":"post_tag","embeddable":true,"href":"https:\/\/gastronomicament.cat\/de\/wp-json\/wp\/v2\/tags?post=68350"},{"taxonomy":"author","embeddable":true,"href":"https:\/\/gastronomicament.cat\/de\/wp-json\/wp\/v2\/coauthors?post=68350"}],"curies":[{"name":"wp","href":"https:\/\/api.w.org\/{rel}","templated":true}]}}