{"id":68884,"date":"2018-02-16T00:32:28","date_gmt":"2018-02-15T23:32:28","guid":{"rendered":"https:\/\/gastronomicament.cat\/la-produccio-del-vi-de-lilla-de-menorca-es-duplica-en-10-anys"},"modified":"2022-04-09T10:25:49","modified_gmt":"2022-04-09T08:25:49","slug":"la-produccio-del-vi-de-lilla-de-menorca-es-duplica-en-10-anys","status":"publish","type":"post","link":"https:\/\/gastronomicament.cat\/de\/la-produccio-del-vi-de-lilla-de-menorca-es-duplica-en-10-anys","title":{"rendered":"La producci\u00f3 del vi de l&#8217;illa de Menorca es duplica en 10 anys"},"content":{"rendered":"<blockquote><p><em>El Consell Insular de Menorca n&#8217;ha recollit les dades de producci\u00f3 de vi<\/em><\/p><\/blockquote>\n<p>El sector vitvin\u00edcola a Menorca, tot i que \u00e9s minoritari pel que fa a la superfcie i tenir un pes baix global dins el sector agrari, ha tengut un creixement exponencial durant els \u00faltms anys, passant de 5 vitcultors professionals l\u2019any 2005 a 19 durant l\u2019any 2017.<\/p>\n<p>Actualment hi ha 63,66 hect\u00e0rees destnades a la vinya professional a Menorca, de les quals 40,11 es destinen a produir ra\u00efm per fer Vi de la Terra Illa de Menorca. El sector vitvin\u00edcola, tot i ser un sector molt regulat pel que fa a noves plantacions, ha experimentat un inter\u00e8s creixent de noves petcions pendents d\u2019autoritzaci\u00f3 que gaireb\u00e9 dupliquen la superfcie actual.<\/p>\n<p>Pel que fa a l&#8216; evoluci\u00f3 en termes de producci\u00f3, durant l\u2019any 2017 s\u2019han recollit un total de 200.938 kilos amb una producci\u00f3 total de 1.290.955 hectolitres. Aquestes xifres suposen una lleu disminuci\u00f3 respecte a l\u2019any 2016 quan es van recollir 231.583 kilos de ra\u00efm i 1.544,18 hectolitres de vi. Aquesta disminuci\u00f3, despr\u00e9s de deu anys de creixement, ve marcada per la climatologia i per l\u2019entrada en producci\u00f3 de noves plantacions on els rendiments encara s\u00f3n baixos. Tot i aix\u00ed, els mateixos productors es mostren optmistes i remarquen que la qualitat del producte ser\u00e0 excepcional.<\/p>\n<p><a href=\"http:\/\/gastronomicament.cat\/wp-content\/uploads\/2018\/02\/Evolucio-del-vi-a-Menorca.jpg\"><img decoding=\"async\" class=\"aligncenter size-large wp-image-20932\" src=\"http:\/\/gastronomicament.cat\/wp-content\/uploads\/2018\/02\/Evolucio-del-vi-a-Menorca-1024x381.jpg\" alt=\"\" width=\"1024\" height=\"381\" srcset=\"https:\/\/gastronomicament.cat\/wp-content\/uploads\/2018\/02\/Evolucio-del-vi-a-Menorca-1024x381.jpg 1024w, https:\/\/gastronomicament.cat\/wp-content\/uploads\/2018\/02\/Evolucio-del-vi-a-Menorca-300x111.jpg 300w, https:\/\/gastronomicament.cat\/wp-content\/uploads\/2018\/02\/Evolucio-del-vi-a-Menorca-768x285.jpg 768w, https:\/\/gastronomicament.cat\/wp-content\/uploads\/2018\/02\/Evolucio-del-vi-a-Menorca-135x50.jpg 135w, https:\/\/gastronomicament.cat\/wp-content\/uploads\/2018\/02\/Evolucio-del-vi-a-Menorca-650x242.jpg 650w, https:\/\/gastronomicament.cat\/wp-content\/uploads\/2018\/02\/Evolucio-del-vi-a-Menorca-1000x372.jpg 1000w, https:\/\/gastronomicament.cat\/wp-content\/uploads\/2018\/02\/Evolucio-del-vi-a-Menorca.jpg 1192w\" sizes=\"(max-width: 1024px) 100vw, 1024px\" \/><\/a><\/p>\n<p>El Consell Insular de Menorca tamb\u00e9 controla la certicaci\u00f3 per comercialitzar el vi com a Vi de la Terra Illa de Menorca i entrega contraetiquetes numerades per garantir la correcta tra\u00e7abilitat del vi des de la vinya fins a la taula. Durant el 2017 s\u2019han lliurat etiquetes per a 198.740 botelles. Pel que fa a la comercialitzaci\u00f3 del vi, totes les tipologies de vi han augmentat el seu volum de vendes durant l\u2019any 2017. El mercat principal continua essent les Illes Balears, seguides de la Pen\u00ednsula. D&#8217;altra banda, cal destacar que el mercat exterior (Uni\u00f3 Europea i altres pa\u00efsos) ha duplicat el seu volum de vendes, passant de 8 hl a 16,93 hectolitres el 2017. El Consell Insular de Menorca, a part de les tasques de promoci\u00f3 del producte local, en qu\u00e8 el vi hi t\u00e9 un paper predominant, signar\u00e0 per primera vegada un conveni de col\u00b7laboraci\u00f3 amb l\u2019associaci\u00f3 de productors de Vi de la Terra Illa de Menorca.<\/p>\n","protected":false},"excerpt":{"rendered":"<p>El sector vitvin\u00edcola a Menorca, tot i que \u00e9s minoritari pel que fa a la superfcie&hellip;<\/p>\n","protected":false},"author":1,"featured_media":60861,"comment_status":"open","ping_status":"closed","sticky":false,"template":"","format":"standard","meta":{"_acf_changed":false,"_swt_meta_header_display":false,"_swt_meta_footer_display":false,"_swt_meta_site_title_display":false,"_swt_meta_sticky_header":false,"_swt_meta_transparent_header":false,"footnotes":""},"categories":[1050,1476],"tags":[],"coauthors":[],"class_list":["post-68884","post","type-post","status-publish","format-standard","has-post-thumbnail","hentry","category-actualitat-es-de","category-reportatges-i-novetats-de"],"acf":{"gallery":null,"home_date":{"home_begin_date":null,"home_end_date":null}},"yoast_head":"<!-- This site is optimized with the Yoast SEO plugin v27.4 - https:\/\/yoast.com\/product\/yoast-seo-wordpress\/ -->\n<title>La producci\u00f3 del vi de l&#039;illa de Menorca es duplica en 10 anys - Gastron\u00f2micament<\/title>\n<meta name=\"description\" content=\"La producci\u00f3 del vi de l&#039;illa de Menorca es duplica en 10 anys Actualitat, Reportatges i novetats El sector vitvin\u00edcola a Menorca, tot i que \u00e9s minoritari pel que fa a la superfcie i tenir un pes baix global dins el sector agrari, ha tengut un creixement exponencial durant els \u00faltms anys, passant de 5 vitcultors professionals l\u2019any 2005 a 19 durant l\u2019any 2017\" \/>\n<meta name=\"robots\" content=\"index, follow, max-snippet:-1, max-image-preview:large, max-video-preview:-1\" \/>\n<link rel=\"canonical\" href=\"https:\/\/gastronomicament.cat\/de\/la-produccio-del-vi-de-lilla-de-menorca-es-duplica-en-10-anys\" \/>\n<meta property=\"og:locale\" content=\"de_DE\" \/>\n<meta property=\"og:type\" content=\"article\" \/>\n<meta property=\"og:title\" content=\"La producci\u00f3 del vi de l&#039;illa de Menorca es duplica en 10 anys - Gastron\u00f2micament\" \/>\n<meta property=\"og:description\" content=\"La producci\u00f3 del vi de l&#039;illa de Menorca es duplica en 10 anys Actualitat, Reportatges i novetats El sector vitvin\u00edcola a Menorca, tot i que \u00e9s minoritari pel que fa a la superfcie i tenir un pes baix global dins el sector agrari, ha tengut un creixement exponencial durant els \u00faltms anys, passant de 5 vitcultors professionals l\u2019any 2005 a 19 durant l\u2019any 2017\" \/>\n<meta property=\"og:url\" content=\"https:\/\/gastronomicament.cat\/de\/la-produccio-del-vi-de-lilla-de-menorca-es-duplica-en-10-anys\" \/>\n<meta property=\"og:site_name\" content=\"Gastron\u00f2micament\" \/>\n<meta property=\"article:published_time\" content=\"2018-02-15T23:32:28+00:00\" \/>\n<meta property=\"article:modified_time\" content=\"2022-04-09T08:25:49+00:00\" \/>\n<meta property=\"og:image\" content=\"https:\/\/gastronomicament.cat\/wp-content\/uploads\/2018\/02\/Produccio-vi-Menorca.jpg\" \/>\n\t<meta property=\"og:image:width\" content=\"2000\" \/>\n\t<meta property=\"og:image:height\" content=\"1331\" \/>\n\t<meta property=\"og:image:type\" content=\"image\/jpeg\" \/>\n<meta name=\"author\" content=\"Redacci\u00f3\" \/>\n<meta name=\"twitter:card\" content=\"summary_large_image\" \/>\n<meta name=\"twitter:creator\" content=\"@gastronomicamen\" \/>\n<meta name=\"twitter:site\" content=\"@gastronomicamen\" \/>\n<meta name=\"twitter:label1\" content=\"Verfasst von\" \/>\n\t<meta name=\"twitter:data1\" content=\"Redacci\u00f3\" \/>\n\t<meta name=\"twitter:label2\" content=\"Gesch\u00e4tzte Lesezeit\" \/>\n\t<meta name=\"twitter:data2\" content=\"2\u00a0Minuten\" \/>\n\t<meta name=\"twitter:label3\" content=\"Written by\" \/>\n\t<meta name=\"twitter:data3\" content=\"Redacci\u00f3\" \/>\n<script type=\"application\/ld+json\" class=\"yoast-schema-graph\">{\"@context\":\"https:\\\/\\\/schema.org\",\"@graph\":[{\"@type\":\"Article\",\"@id\":\"https:\\\/\\\/gastronomicament.cat\\\/de\\\/la-produccio-del-vi-de-lilla-de-menorca-es-duplica-en-10-anys#article\",\"isPartOf\":{\"@id\":\"https:\\\/\\\/gastronomicament.cat\\\/de\\\/la-produccio-del-vi-de-lilla-de-menorca-es-duplica-en-10-anys\"},\"author\":{\"name\":\"Redacci\u00f3\",\"@id\":\"https:\\\/\\\/gastronomicament.cat\\\/de\\\/#\\\/schema\\\/person\\\/a7c85c537a1ed62799a5b8e0f686a37f\"},\"headline\":\"La producci\u00f3 del vi de l&#8217;illa de Menorca es duplica en 10 anys\",\"datePublished\":\"2018-02-15T23:32:28+00:00\",\"dateModified\":\"2022-04-09T08:25:49+00:00\",\"mainEntityOfPage\":{\"@id\":\"https:\\\/\\\/gastronomicament.cat\\\/de\\\/la-produccio-del-vi-de-lilla-de-menorca-es-duplica-en-10-anys\"},\"wordCount\":392,\"commentCount\":0,\"publisher\":{\"@id\":\"https:\\\/\\\/gastronomicament.cat\\\/de\\\/#organization\"},\"image\":{\"@id\":\"https:\\\/\\\/gastronomicament.cat\\\/de\\\/la-produccio-del-vi-de-lilla-de-menorca-es-duplica-en-10-anys#primaryimage\"},\"thumbnailUrl\":\"https:\\\/\\\/gastronomicament.cat\\\/wp-content\\\/uploads\\\/2018\\\/02\\\/Produccio-vi-Menorca.jpg\",\"articleSection\":[\"Actualitat\",\"Reportatges i novetats\"],\"inLanguage\":\"de\",\"potentialAction\":[{\"@type\":\"CommentAction\",\"name\":\"Comment\",\"target\":[\"https:\\\/\\\/gastronomicament.cat\\\/de\\\/la-produccio-del-vi-de-lilla-de-menorca-es-duplica-en-10-anys#respond\"]}]},{\"@type\":\"WebPage\",\"@id\":\"https:\\\/\\\/gastronomicament.cat\\\/de\\\/la-produccio-del-vi-de-lilla-de-menorca-es-duplica-en-10-anys\",\"url\":\"https:\\\/\\\/gastronomicament.cat\\\/de\\\/la-produccio-del-vi-de-lilla-de-menorca-es-duplica-en-10-anys\",\"name\":\"La producci\u00f3 del vi de l'illa de Menorca es duplica en 10 anys - Gastron\u00f2micament\",\"isPartOf\":{\"@id\":\"https:\\\/\\\/gastronomicament.cat\\\/de\\\/#website\"},\"primaryImageOfPage\":{\"@id\":\"https:\\\/\\\/gastronomicament.cat\\\/de\\\/la-produccio-del-vi-de-lilla-de-menorca-es-duplica-en-10-anys#primaryimage\"},\"image\":{\"@id\":\"https:\\\/\\\/gastronomicament.cat\\\/de\\\/la-produccio-del-vi-de-lilla-de-menorca-es-duplica-en-10-anys#primaryimage\"},\"thumbnailUrl\":\"https:\\\/\\\/gastronomicament.cat\\\/wp-content\\\/uploads\\\/2018\\\/02\\\/Produccio-vi-Menorca.jpg\",\"datePublished\":\"2018-02-15T23:32:28+00:00\",\"dateModified\":\"2022-04-09T08:25:49+00:00\",\"description\":\"La producci\u00f3 del vi de l'illa de Menorca es duplica en 10 anys Actualitat, Reportatges i novetats El sector vitvin\u00edcola a Menorca, tot i que \u00e9s minoritari pel que fa a la superfcie i tenir un pes baix global dins el sector agrari, ha tengut un creixement exponencial durant els \u00faltms anys, passant de 5 vitcultors professionals l\u2019any 2005 a 19 durant l\u2019any 2017\",\"inLanguage\":\"de\",\"potentialAction\":[{\"@type\":\"ReadAction\",\"target\":[\"https:\\\/\\\/gastronomicament.cat\\\/de\\\/la-produccio-del-vi-de-lilla-de-menorca-es-duplica-en-10-anys\"]}]},{\"@type\":\"ImageObject\",\"inLanguage\":\"de\",\"@id\":\"https:\\\/\\\/gastronomicament.cat\\\/de\\\/la-produccio-del-vi-de-lilla-de-menorca-es-duplica-en-10-anys#primaryimage\",\"url\":\"https:\\\/\\\/gastronomicament.cat\\\/wp-content\\\/uploads\\\/2018\\\/02\\\/Produccio-vi-Menorca.jpg\",\"contentUrl\":\"https:\\\/\\\/gastronomicament.cat\\\/wp-content\\\/uploads\\\/2018\\\/02\\\/Produccio-vi-Menorca.jpg\",\"width\":2000,\"height\":1331},{\"@type\":\"WebSite\",\"@id\":\"https:\\\/\\\/gastronomicament.cat\\\/de\\\/#website\",\"url\":\"https:\\\/\\\/gastronomicament.cat\\\/de\\\/\",\"name\":\"Gastron\u00f2micament\",\"description\":\"Portal de restaurants, receptes i actualitat gastron\u00f2mica\",\"publisher\":{\"@id\":\"https:\\\/\\\/gastronomicament.cat\\\/de\\\/#organization\"},\"potentialAction\":[{\"@type\":\"SearchAction\",\"target\":{\"@type\":\"EntryPoint\",\"urlTemplate\":\"https:\\\/\\\/gastronomicament.cat\\\/de\\\/?s={search_term_string}\"},\"query-input\":{\"@type\":\"PropertyValueSpecification\",\"valueRequired\":true,\"valueName\":\"search_term_string\"}}],\"inLanguage\":\"de\"},{\"@type\":\"Organization\",\"@id\":\"https:\\\/\\\/gastronomicament.cat\\\/de\\\/#organization\",\"name\":\"Gastron\u00f2micament\",\"url\":\"https:\\\/\\\/gastronomicament.cat\\\/de\\\/\",\"logo\":{\"@type\":\"ImageObject\",\"inLanguage\":\"de\",\"@id\":\"https:\\\/\\\/gastronomicament.cat\\\/de\\\/#\\\/schema\\\/logo\\\/image\\\/\",\"url\":\"https:\\\/\\\/gastronomicament.cat\\\/wp-content\\\/uploads\\\/2016\\\/09\\\/header-logo.jpg\",\"contentUrl\":\"https:\\\/\\\/gastronomicament.cat\\\/wp-content\\\/uploads\\\/2016\\\/09\\\/header-logo.jpg\",\"width\":277,\"height\":39,\"caption\":\"Gastron\u00f2micament\"},\"image\":{\"@id\":\"https:\\\/\\\/gastronomicament.cat\\\/de\\\/#\\\/schema\\\/logo\\\/image\\\/\"},\"sameAs\":[\"https:\\\/\\\/x.com\\\/gastronomicamen\"]},{\"@type\":\"Person\",\"@id\":\"https:\\\/\\\/gastronomicament.cat\\\/de\\\/#\\\/schema\\\/person\\\/a7c85c537a1ed62799a5b8e0f686a37f\",\"name\":\"Redacci\u00f3\",\"image\":{\"@type\":\"ImageObject\",\"inLanguage\":\"de\",\"@id\":\"https:\\\/\\\/secure.gravatar.com\\\/avatar\\\/9489a485c464fd611d33825daae651d13db70c4e74c65c94937a15a9d4c3ee14?s=96&d=mm&r=g69fea3cce3645dfa2166e7293e22955e\",\"url\":\"https:\\\/\\\/secure.gravatar.com\\\/avatar\\\/9489a485c464fd611d33825daae651d13db70c4e74c65c94937a15a9d4c3ee14?s=96&d=mm&r=g\",\"contentUrl\":\"https:\\\/\\\/secure.gravatar.com\\\/avatar\\\/9489a485c464fd611d33825daae651d13db70c4e74c65c94937a15a9d4c3ee14?s=96&d=mm&r=g\",\"caption\":\"Redacci\u00f3\"},\"sameAs\":[\"http:\\\/\\\/gastronomicament.cat\"],\"url\":\"https:\\\/\\\/gastronomicament.cat\\\/de\\\/author\\\/admin\"}]}<\/script>\n<!-- \/ Yoast SEO plugin. -->","yoast_head_json":{"title":"La producci\u00f3 del vi de l'illa de Menorca es duplica en 10 anys - Gastron\u00f2micament","description":"La producci\u00f3 del vi de l'illa de Menorca es duplica en 10 anys Actualitat, Reportatges i novetats El sector vitvin\u00edcola a Menorca, tot i que \u00e9s minoritari pel que fa a la superfcie i tenir un pes baix global dins el sector agrari, ha tengut un creixement exponencial durant els \u00faltms anys, passant de 5 vitcultors professionals l\u2019any 2005 a 19 durant l\u2019any 2017","robots":{"index":"index","follow":"follow","max-snippet":"max-snippet:-1","max-image-preview":"max-image-preview:large","max-video-preview":"max-video-preview:-1"},"canonical":"https:\/\/gastronomicament.cat\/de\/la-produccio-del-vi-de-lilla-de-menorca-es-duplica-en-10-anys","og_locale":"de_DE","og_type":"article","og_title":"La producci\u00f3 del vi de l'illa de Menorca es duplica en 10 anys - Gastron\u00f2micament","og_description":"La producci\u00f3 del vi de l'illa de Menorca es duplica en 10 anys Actualitat, Reportatges i novetats El sector vitvin\u00edcola a Menorca, tot i que \u00e9s minoritari pel que fa a la superfcie i tenir un pes baix global dins el sector agrari, ha tengut un creixement exponencial durant els \u00faltms anys, passant de 5 vitcultors professionals l\u2019any 2005 a 19 durant l\u2019any 2017","og_url":"https:\/\/gastronomicament.cat\/de\/la-produccio-del-vi-de-lilla-de-menorca-es-duplica-en-10-anys","og_site_name":"Gastron\u00f2micament","article_published_time":"2018-02-15T23:32:28+00:00","article_modified_time":"2022-04-09T08:25:49+00:00","og_image":[{"width":2000,"height":1331,"url":"https:\/\/gastronomicament.cat\/wp-content\/uploads\/2018\/02\/Produccio-vi-Menorca.jpg","type":"image\/jpeg"}],"author":"Redacci\u00f3","twitter_card":"summary_large_image","twitter_creator":"@gastronomicamen","twitter_site":"@gastronomicamen","twitter_misc":{"Verfasst von":"Redacci\u00f3","Gesch\u00e4tzte Lesezeit":"2\u00a0Minuten","Written by":"Redacci\u00f3"},"schema":{"@context":"https:\/\/schema.org","@graph":[{"@type":"Article","@id":"https:\/\/gastronomicament.cat\/de\/la-produccio-del-vi-de-lilla-de-menorca-es-duplica-en-10-anys#article","isPartOf":{"@id":"https:\/\/gastronomicament.cat\/de\/la-produccio-del-vi-de-lilla-de-menorca-es-duplica-en-10-anys"},"author":{"name":"Redacci\u00f3","@id":"https:\/\/gastronomicament.cat\/de\/#\/schema\/person\/a7c85c537a1ed62799a5b8e0f686a37f"},"headline":"La producci\u00f3 del vi de l&#8217;illa de Menorca es duplica en 10 anys","datePublished":"2018-02-15T23:32:28+00:00","dateModified":"2022-04-09T08:25:49+00:00","mainEntityOfPage":{"@id":"https:\/\/gastronomicament.cat\/de\/la-produccio-del-vi-de-lilla-de-menorca-es-duplica-en-10-anys"},"wordCount":392,"commentCount":0,"publisher":{"@id":"https:\/\/gastronomicament.cat\/de\/#organization"},"image":{"@id":"https:\/\/gastronomicament.cat\/de\/la-produccio-del-vi-de-lilla-de-menorca-es-duplica-en-10-anys#primaryimage"},"thumbnailUrl":"https:\/\/gastronomicament.cat\/wp-content\/uploads\/2018\/02\/Produccio-vi-Menorca.jpg","articleSection":["Actualitat","Reportatges i novetats"],"inLanguage":"de","potentialAction":[{"@type":"CommentAction","name":"Comment","target":["https:\/\/gastronomicament.cat\/de\/la-produccio-del-vi-de-lilla-de-menorca-es-duplica-en-10-anys#respond"]}]},{"@type":"WebPage","@id":"https:\/\/gastronomicament.cat\/de\/la-produccio-del-vi-de-lilla-de-menorca-es-duplica-en-10-anys","url":"https:\/\/gastronomicament.cat\/de\/la-produccio-del-vi-de-lilla-de-menorca-es-duplica-en-10-anys","name":"La producci\u00f3 del vi de l'illa de Menorca es duplica en 10 anys - Gastron\u00f2micament","isPartOf":{"@id":"https:\/\/gastronomicament.cat\/de\/#website"},"primaryImageOfPage":{"@id":"https:\/\/gastronomicament.cat\/de\/la-produccio-del-vi-de-lilla-de-menorca-es-duplica-en-10-anys#primaryimage"},"image":{"@id":"https:\/\/gastronomicament.cat\/de\/la-produccio-del-vi-de-lilla-de-menorca-es-duplica-en-10-anys#primaryimage"},"thumbnailUrl":"https:\/\/gastronomicament.cat\/wp-content\/uploads\/2018\/02\/Produccio-vi-Menorca.jpg","datePublished":"2018-02-15T23:32:28+00:00","dateModified":"2022-04-09T08:25:49+00:00","description":"La producci\u00f3 del vi de l'illa de Menorca es duplica en 10 anys Actualitat, Reportatges i novetats El sector vitvin\u00edcola a Menorca, tot i que \u00e9s minoritari pel que fa a la superfcie i tenir un pes baix global dins el sector agrari, ha tengut un creixement exponencial durant els \u00faltms anys, passant de 5 vitcultors professionals l\u2019any 2005 a 19 durant l\u2019any 2017","inLanguage":"de","potentialAction":[{"@type":"ReadAction","target":["https:\/\/gastronomicament.cat\/de\/la-produccio-del-vi-de-lilla-de-menorca-es-duplica-en-10-anys"]}]},{"@type":"ImageObject","inLanguage":"de","@id":"https:\/\/gastronomicament.cat\/de\/la-produccio-del-vi-de-lilla-de-menorca-es-duplica-en-10-anys#primaryimage","url":"https:\/\/gastronomicament.cat\/wp-content\/uploads\/2018\/02\/Produccio-vi-Menorca.jpg","contentUrl":"https:\/\/gastronomicament.cat\/wp-content\/uploads\/2018\/02\/Produccio-vi-Menorca.jpg","width":2000,"height":1331},{"@type":"WebSite","@id":"https:\/\/gastronomicament.cat\/de\/#website","url":"https:\/\/gastronomicament.cat\/de\/","name":"Gastron\u00f2micament","description":"Portal de restaurants, receptes i actualitat gastron\u00f2mica","publisher":{"@id":"https:\/\/gastronomicament.cat\/de\/#organization"},"potentialAction":[{"@type":"SearchAction","target":{"@type":"EntryPoint","urlTemplate":"https:\/\/gastronomicament.cat\/de\/?s={search_term_string}"},"query-input":{"@type":"PropertyValueSpecification","valueRequired":true,"valueName":"search_term_string"}}],"inLanguage":"de"},{"@type":"Organization","@id":"https:\/\/gastronomicament.cat\/de\/#organization","name":"Gastron\u00f2micament","url":"https:\/\/gastronomicament.cat\/de\/","logo":{"@type":"ImageObject","inLanguage":"de","@id":"https:\/\/gastronomicament.cat\/de\/#\/schema\/logo\/image\/","url":"https:\/\/gastronomicament.cat\/wp-content\/uploads\/2016\/09\/header-logo.jpg","contentUrl":"https:\/\/gastronomicament.cat\/wp-content\/uploads\/2016\/09\/header-logo.jpg","width":277,"height":39,"caption":"Gastron\u00f2micament"},"image":{"@id":"https:\/\/gastronomicament.cat\/de\/#\/schema\/logo\/image\/"},"sameAs":["https:\/\/x.com\/gastronomicamen"]},{"@type":"Person","@id":"https:\/\/gastronomicament.cat\/de\/#\/schema\/person\/a7c85c537a1ed62799a5b8e0f686a37f","name":"Redacci\u00f3","image":{"@type":"ImageObject","inLanguage":"de","@id":"https:\/\/secure.gravatar.com\/avatar\/9489a485c464fd611d33825daae651d13db70c4e74c65c94937a15a9d4c3ee14?s=96&d=mm&r=g69fea3cce3645dfa2166e7293e22955e","url":"https:\/\/secure.gravatar.com\/avatar\/9489a485c464fd611d33825daae651d13db70c4e74c65c94937a15a9d4c3ee14?s=96&d=mm&r=g","contentUrl":"https:\/\/secure.gravatar.com\/avatar\/9489a485c464fd611d33825daae651d13db70c4e74c65c94937a15a9d4c3ee14?s=96&d=mm&r=g","caption":"Redacci\u00f3"},"sameAs":["http:\/\/gastronomicament.cat"],"url":"https:\/\/gastronomicament.cat\/de\/author\/admin"}]}},"_links":{"self":[{"href":"https:\/\/gastronomicament.cat\/de\/wp-json\/wp\/v2\/posts\/68884","targetHints":{"allow":["GET"]}}],"collection":[{"href":"https:\/\/gastronomicament.cat\/de\/wp-json\/wp\/v2\/posts"}],"about":[{"href":"https:\/\/gastronomicament.cat\/de\/wp-json\/wp\/v2\/types\/post"}],"author":[{"embeddable":true,"href":"https:\/\/gastronomicament.cat\/de\/wp-json\/wp\/v2\/users\/1"}],"replies":[{"embeddable":true,"href":"https:\/\/gastronomicament.cat\/de\/wp-json\/wp\/v2\/comments?post=68884"}],"version-history":[{"count":0,"href":"https:\/\/gastronomicament.cat\/de\/wp-json\/wp\/v2\/posts\/68884\/revisions"}],"wp:featuredmedia":[{"embeddable":true,"href":"https:\/\/gastronomicament.cat\/de\/wp-json\/wp\/v2\/media\/60861"}],"wp:attachment":[{"href":"https:\/\/gastronomicament.cat\/de\/wp-json\/wp\/v2\/media?parent=68884"}],"wp:term":[{"taxonomy":"category","embeddable":true,"href":"https:\/\/gastronomicament.cat\/de\/wp-json\/wp\/v2\/categories?post=68884"},{"taxonomy":"post_tag","embeddable":true,"href":"https:\/\/gastronomicament.cat\/de\/wp-json\/wp\/v2\/tags?post=68884"},{"taxonomy":"author","embeddable":true,"href":"https:\/\/gastronomicament.cat\/de\/wp-json\/wp\/v2\/coauthors?post=68884"}],"curies":[{"name":"wp","href":"https:\/\/api.w.org\/{rel}","templated":true}]}}