{"id":69133,"date":"2017-11-14T10:42:46","date_gmt":"2017-11-14T09:42:46","guid":{"rendered":"https:\/\/gastronomicament.cat\/la-fira-de-loliva-de-caimari-celebra-20-anys"},"modified":"2022-04-09T10:30:23","modified_gmt":"2022-04-09T08:30:23","slug":"la-fira-de-loliva-de-caimari-celebra-20-anys","status":"publish","type":"post","link":"https:\/\/gastronomicament.cat\/de\/la-fira-de-loliva-de-caimari-celebra-20-anys","title":{"rendered":"La Fira de l&#8217;Oliva de Caimari celebra 20 anys"},"content":{"rendered":"<p><em>Es far\u00e0 els dies 18 i 19 de novembre<\/em><\/p>\n<p>Caimari celebra festa grossa pel mes de novembre amb motiu de la Fira de l&#8217;Oliva. Una gran proposta d&#8217;activitats per aprofundir en el pilar de la dieta mediterr\u00e0nia. Per celebrar aquestes dues d\u00e8cades de fira, hi trobareu un ventall amplia d&#8217;activitats, a m\u00e9s de poder comprar oli i oliva directament als productors mallorquins a bon preu.<\/p>\n<p>Els bars i restaurant de Caimari tamb\u00e9 han preparat diferents opcions per assaborir tan dissabte com diumenge. A continuaci\u00f3 podeu consultar els plats de cada establiment i, tamb\u00e9, les activitats previstes al programa de la Fira de l&#8217;Oliva de Caimari 2017.<\/p>\n<p>Els bars i restaurants han preparat diferents men\u00fas i propostes:<\/p>\n<p>[ezcol_1half]<\/p>\n<p><strong>Ses Deveres\u00a0<\/strong><\/p>\n<p><em>Cam\u00ed Vell de Moscari, s\/n (Devora el Parc Etnol\u00f2gic)\u00a0<strong>Reserves: 618 267 709<\/strong><\/em><\/p>\n<p>A pocs metres de la pla\u00e7a baixant per un cam\u00ed peatonal podeu trobar el nostre restaurant. Ximeneia per si fa fred i terrasseta per si fa bon temps. Berenars, dinars i sopars. Cuina mallorquina i de temporada.<\/p>\n<p>&nbsp;<\/p>\n<p>Per a aquests dies de fira han preparat: Caragols; Frit de verdures amb picornells; Frit de marisc; Sopes mallorquines; Aguiat de pilotes amb s\u00edpia; Cabrit; Bacall\u00e0 gratinat amb all i oli; Pa amb oli de llom amb esclata-sangs i Pa amb olis\u2026<\/p>\n<p>&nbsp;<\/p>\n<p><strong>Ca na Toneta<\/strong><\/p>\n<p><a href=\"https:\/\/maps.google.com\/?q=C\/+Horitz%C3%B3,+21+%C2%B7+Caimari&amp;entry=gmail&amp;source=g\">C\/ Horitz\u00f3, 21 \u00b7 Caimari<\/a>\u00a0<strong>Reserves: 971 515 226<\/strong>\u00a0<a href=\"http:\/\/www.canatoneta.com\/\">www.canatoneta.com<\/a><\/p>\n<p>A Ca na Toneta tot el que ofereixn surt del seu hort familiar; la carn \u00e9s mallorquina i el peix com ha de ser, de la mar. Per\u00f2 res d\u2019aix\u00f2 seria el que \u00e9s sense el tresor de Caimari: l\u2019oli que ens fa ser qui som.<\/p>\n<p>&nbsp;<\/p>\n<p>Plats especials per a la fira: Sopes mallorquines, coca de bolets, peix al forn, porcella de porc negre rostida amb salsa de magranes agres i gat\u00f3 de pl\u00e0tan amb bess\u00f3 d\u2019ametlles.<\/p>\n<p>&nbsp;<\/p>\n<p><strong>Sa Tafona de Caimari Restaurant<\/strong><\/p>\n<p><em>Ctra Inca &#8211; Lluc, km 6 &#8211; Caimari\u00a0<strong>Reserves: 971 873 724 &#8211; 680 831 990<\/strong><\/em><\/p>\n<p>Per aquests dies de fira ofereixen: Tombet de carn Amanida d\u2019olivada amb formatge mallorqu\u00ed i confitura de tom\u00e0tiga Frit de porc Hamburguesa casolana de s\u00edpia Pa amb oli de: Llom amb esclata-sangs Costelles de m\u00e8 De fira: llom, esclata-sangs, botifarr\u00f3 i xulla Mallorqu\u00ed: llonganissa, formatge, esclata-sangs i xulla. Sa Tafona: formatge, cuixot salat, tonyina i sobrassada. Men\u00fa de nins: croquetes amb patates.<\/p>\n<p>[\/ezcol_1half] [ezcol_1half_end]<\/p>\n<p><strong>Bar Can Tomeu<\/strong><\/p>\n<p><em><a href=\"https:\/\/maps.google.com\/?q=C\/+Ses+Tavernes,+9+%C2%B7+Caimari&amp;entry=gmail&amp;source=g\">C\/ Ses Tavernes, 9 \u00b7 Caimari<\/a>\u00a0<strong>Tel\u00e8fon 971 515 361<\/strong><\/em><\/p>\n<p>Plats que hi trobereu: \u2022 Frit de porc \u2022 Plat de muntanya \u2022 Variat mallorqu\u00ed \u2022 Pa amb oli de llom i esclata-sangs.<\/p>\n<p>&nbsp;<\/p>\n<p><strong>Bar Can Vil\u00e0<\/strong><\/p>\n<p><em>C\/ Nostra Sra. de Lluc, 57 \u00b7 Caimari<\/em><\/p>\n<p>Plats que trobareu per la Fira:\u00a0 Frit de porc, Frit de me, Llom amb esclata-sangs Pa amb oli variats<\/p>\n<p>&nbsp;<\/p>\n<p><strong>Bar s&#8217;Aturada<\/strong><\/p>\n<p><em><a href=\"https:\/\/maps.google.com\/?q=C\/+Ca+s%E2%80%99Hereu,+25+%C2%B7+Caimari&amp;entry=gmail&amp;source=g\">C\/ Ca s\u2019Hereu, 25 \u00b7 Caimari<\/a>\u00a0<strong>Tel\u00e8fon: 871 707 695<\/strong><\/em><\/p>\n<p>Per berenar: \u2022 Variats<\/p>\n<p>Per dinar i sopar: \u2022 sopes de matances \u2022 caragols \u2022 bacall\u00e0 amb pebres torrat<\/p>\n<p>[\/ezcol_1half_end]<\/p>\n<p>Aquest \u00e9s el programa d&#8217;activitats:<\/p>\n<p><strong>Disssabte, 18 de novembre<\/strong><\/p>\n<ul>\n<li>A les 10.00 h: Al Comellar de Son Albert\u00ed, recepci\u00f3 de les autoritats i inauguraci\u00f3 oficial de la XX Fira de s\u2019Oliva. Acte d\u2019homenatge a Pere Segu\u00ed Caimari batle de Caimari entre els anys 1995 i 2014, creador i impulsor de la Fira de s\u2019Oliva des de la seva primera edici\u00f3. Visita al recinte firal acompanyat dels xeremiers.<\/li>\n<li>A les 11.00 h: \u2022 A la Pla\u00e7a Major, demostraci\u00f3 del proc\u00e9s d\u2019elaboraci\u00f3 de l\u2019oliva (collir, porgar, triar, trencar i salar). durant tot el dissabte i el diumenge:<br \/>\nA la Pla\u00e7a Major, exposici\u00f3 d\u2019eines i utensilis per collir oliva.<br \/>\n\u2022 A la Pla\u00e7a Major, demostraci\u00f3 de fabricaci\u00f3 d\u2019ormetjos i guarnicions per a b\u00edsties.<br \/>\n\u2022 A la Pla\u00e7a Major, demostraci\u00f3 d\u2019elaboraci\u00f3 de senalles i senalletes de llatra. \u2022 Visita al parc Etnol\u00f2gic amb l\u2019exposici\u00f3 d\u2019una sitja i barraca de carboner, casa de neu, forn de cal\u00e7 i coll de tords.<br \/>\n\u2022 Visita a sa Tafona de Caimari, amb venda i degustaci\u00f3 d\u2019oli d\u2019oliva verge extra Sim\u00f3 Mateu. La tafona compta amb aparcament propi.<br \/>\n\u2022 Obertura al p\u00fablic i visita a l\u2019antiga trencadora d\u2019ametlles de Ca na Bielona.<br \/>\n\u2022 Obertura al p\u00fablic i visita a la Tafona-museu de Caimari.<br \/>\n\u2022 Degustaci\u00f3 i venda de crespells de farina de garrova en benefici del CEIP Ses Roques.<br \/>\n\u2022 A la Placeta Vella, mostra de cans de bestiar, a c\u00e0rrec del Club Nacional del Pastor Mallorqu\u00edn.<br \/>\n\u2022 Degustaci\u00f3 d\u2019olives negres, pansides i trencades i oli novell per gentilesa de Conserves Bernad de Cal Reiet.<br \/>\n\u2022 Degustaci\u00f3 d\u2019olives de tota casta per gentilesa de J. Pericas.<br \/>\n\u2022 Venda i degustaci\u00f3 d\u2019oli d\u2019oliva verge extra per gentilesa d\u2019Oli Caimari.<br \/>\n\u2022 Venda i degustaci\u00f3 d\u2019oli d\u2019oliva verge extra amb D.O. per gentilesa dels olis Verderol.<br \/>\n\u2022 Venda i degustaci\u00f3 d\u2019oli d\u2019oliva verge extra amb D.O. per gentilesa dels olis Sa Resclosa.<br \/>\n\u2022 Venda i degustaci\u00f3 d\u2019oli d\u2019oliva verge extra amb D.O. per gentilesa dels olis Solivellas.<br \/>\n\u2022 Degustaci\u00f3 i venda d\u2019oli d\u2019oliva verge extra, d\u2019ametlles i de bess\u00f3 torrat de Mallorca per gentilesa de Ca\u00b4s Col\u00b7lector.<br \/>\n\u2022 Exposici\u00f3 de cotxes i motos antics de Mallorca, a c\u00e0rrec de Jaume Dami\u00e0 i Joan Vallcaneras. \u2022 Exposicions de pintura a l\u2019Esgl\u00e9sia Vella.<\/li>\n<li>A les 16.00 h: \u2022 A la Finca de Cas Roget, tir de Fona, competici\u00f3 puntuable pel Campionat de Mallorca, modalitat pilota.<\/li>\n<li>A les 17.15 h: \u2022 A la Pla\u00e7a Major, demostraci\u00f3 del proc\u00e9s d\u2019elaboraci\u00f3 de l\u2019oliva (collir, porgar, triar, trencar i salar).<\/li>\n<li>A les 18.00 h: \u2022 A la Pla\u00e7a Major, ballada popular a c\u00e0rrec del grup folkl\u00f2ric els Revetlers de s\u2019Alqueria Blanca i Calonge.<\/li>\n<\/ul>\n<p><strong>Diumenge, 19 de novembre<\/strong><\/p>\n<ul>\n<li>A l\u2019entrada del recinte firal hi haur\u00e0 degustacions d\u2019oli i olives, com tamb\u00e9 de crespells de farina de garrova<\/li>\n<li>A les 11.00 h: \u2022 A la finca de la fam\u00edlia Mateu Mairata (a darrera l\u2019esgl\u00e9sia), VI concurs de cans per arreplegar ovelles.<\/li>\n<li>A les 12.30 h: \u2022 A la Pla\u00e7a Major, demostraci\u00f3 del proc\u00e9s d\u2019elaboraci\u00f3 de l\u2019oliva (collir, porgar, triar, trencar i salar).<\/li>\n<li>A les 17.00 h: \u2022 A la Pla\u00e7a Major, combat de glosadors.<\/li>\n<li>A les 18.30 h: Cloenda XX Fira de l&#8217;Oliva, amb un passacarrers amb una colla de xeremiers i tamborils.<\/li>\n<\/ul>\n","protected":false},"excerpt":{"rendered":"<p>Caimari celebra festa grossa pel mes de novembre amb motiu de la Fira de l&#8217;Oliva. Una&hellip;<\/p>\n","protected":false},"author":1,"featured_media":60192,"comment_status":"open","ping_status":"closed","sticky":false,"template":"","format":"standard","meta":{"_acf_changed":false,"_swt_meta_header_display":false,"_swt_meta_footer_display":false,"_swt_meta_site_title_display":false,"_swt_meta_sticky_header":false,"_swt_meta_transparent_header":false,"footnotes":""},"categories":[1050,1473],"tags":[],"coauthors":[],"class_list":["post-69133","post","type-post","status-publish","format-standard","has-post-thumbnail","hentry","category-actualitat-es-de","category-fires-i-rutes-de"],"acf":{"gallery":null,"home_date":{"home_begin_date":null,"home_end_date":null}},"yoast_head":"<!-- This site is optimized with the Yoast SEO plugin v27.4 - https:\/\/yoast.com\/product\/yoast-seo-wordpress\/ -->\n<title>La Fira de l&#039;Oliva de Caimari celebra 20 anys - Gastron\u00f2micament<\/title>\n<meta name=\"description\" content=\"La Fira de l&#039;Oliva de Caimari celebra 20 anys Actualitat, Fires i rutes Caimari celebra festa grossa pel mes de novembre amb motiu de la Fira de l&#039;Oliva. Una gran proposta d&#039;activitats per aprofundir en el pilar de la dieta mediterr\u00e0nia. Per celebrar aquestes dues d\u00e8cades de fira, hi trobareu un ventall amplia d&#039;activitats, a m\u00e9s de poder comprar oli i oliva directament als productors mallorquins a bon preu\" \/>\n<meta name=\"robots\" content=\"index, follow, max-snippet:-1, max-image-preview:large, max-video-preview:-1\" \/>\n<link rel=\"canonical\" href=\"https:\/\/gastronomicament.cat\/de\/la-fira-de-loliva-de-caimari-celebra-20-anys\" \/>\n<meta property=\"og:locale\" content=\"de_DE\" \/>\n<meta property=\"og:type\" content=\"article\" \/>\n<meta property=\"og:title\" content=\"La Fira de l&#039;Oliva de Caimari celebra 20 anys - Gastron\u00f2micament\" \/>\n<meta property=\"og:description\" content=\"La Fira de l&#039;Oliva de Caimari celebra 20 anys Actualitat, Fires i rutes Caimari celebra festa grossa pel mes de novembre amb motiu de la Fira de l&#039;Oliva. Una gran proposta d&#039;activitats per aprofundir en el pilar de la dieta mediterr\u00e0nia. Per celebrar aquestes dues d\u00e8cades de fira, hi trobareu un ventall amplia d&#039;activitats, a m\u00e9s de poder comprar oli i oliva directament als productors mallorquins a bon preu\" \/>\n<meta property=\"og:url\" content=\"https:\/\/gastronomicament.cat\/de\/la-fira-de-loliva-de-caimari-celebra-20-anys\" \/>\n<meta property=\"og:site_name\" content=\"Gastron\u00f2micament\" \/>\n<meta property=\"article:published_time\" content=\"2017-11-14T09:42:46+00:00\" \/>\n<meta property=\"article:modified_time\" content=\"2022-04-09T08:30:23+00:00\" \/>\n<meta property=\"og:image\" content=\"https:\/\/gastronomicament.cat\/wp-content\/uploads\/2017\/11\/Fira-Oliva-Caimari-2017.jpg\" \/>\n\t<meta property=\"og:image:width\" content=\"950\" \/>\n\t<meta property=\"og:image:height\" content=\"545\" \/>\n\t<meta property=\"og:image:type\" content=\"image\/jpeg\" \/>\n<meta name=\"author\" content=\"Redacci\u00f3\" \/>\n<meta name=\"twitter:card\" content=\"summary_large_image\" \/>\n<meta name=\"twitter:creator\" content=\"@gastronomicamen\" \/>\n<meta name=\"twitter:site\" content=\"@gastronomicamen\" \/>\n<meta name=\"twitter:label1\" content=\"Verfasst von\" \/>\n\t<meta name=\"twitter:data1\" content=\"Redacci\u00f3\" \/>\n\t<meta name=\"twitter:label2\" content=\"Gesch\u00e4tzte Lesezeit\" \/>\n\t<meta name=\"twitter:data2\" content=\"5\u00a0Minuten\" \/>\n\t<meta name=\"twitter:label3\" content=\"Written by\" \/>\n\t<meta name=\"twitter:data3\" content=\"Redacci\u00f3\" \/>\n<script type=\"application\/ld+json\" class=\"yoast-schema-graph\">{\"@context\":\"https:\\\/\\\/schema.org\",\"@graph\":[{\"@type\":\"Article\",\"@id\":\"https:\\\/\\\/gastronomicament.cat\\\/de\\\/la-fira-de-loliva-de-caimari-celebra-20-anys#article\",\"isPartOf\":{\"@id\":\"https:\\\/\\\/gastronomicament.cat\\\/de\\\/la-fira-de-loliva-de-caimari-celebra-20-anys\"},\"author\":{\"name\":\"Redacci\u00f3\",\"@id\":\"https:\\\/\\\/gastronomicament.cat\\\/de\\\/#\\\/schema\\\/person\\\/a7c85c537a1ed62799a5b8e0f686a37f\"},\"headline\":\"La Fira de l&#8217;Oliva de Caimari celebra 20 anys\",\"datePublished\":\"2017-11-14T09:42:46+00:00\",\"dateModified\":\"2022-04-09T08:30:23+00:00\",\"mainEntityOfPage\":{\"@id\":\"https:\\\/\\\/gastronomicament.cat\\\/de\\\/la-fira-de-loliva-de-caimari-celebra-20-anys\"},\"wordCount\":1047,\"commentCount\":0,\"publisher\":{\"@id\":\"https:\\\/\\\/gastronomicament.cat\\\/de\\\/#organization\"},\"image\":{\"@id\":\"https:\\\/\\\/gastronomicament.cat\\\/de\\\/la-fira-de-loliva-de-caimari-celebra-20-anys#primaryimage\"},\"thumbnailUrl\":\"https:\\\/\\\/gastronomicament.cat\\\/wp-content\\\/uploads\\\/2017\\\/11\\\/Fira-Oliva-Caimari-2017.jpg\",\"articleSection\":[\"Actualitat\",\"Fires i rutes\"],\"inLanguage\":\"de\",\"potentialAction\":[{\"@type\":\"CommentAction\",\"name\":\"Comment\",\"target\":[\"https:\\\/\\\/gastronomicament.cat\\\/de\\\/la-fira-de-loliva-de-caimari-celebra-20-anys#respond\"]}]},{\"@type\":\"WebPage\",\"@id\":\"https:\\\/\\\/gastronomicament.cat\\\/de\\\/la-fira-de-loliva-de-caimari-celebra-20-anys\",\"url\":\"https:\\\/\\\/gastronomicament.cat\\\/de\\\/la-fira-de-loliva-de-caimari-celebra-20-anys\",\"name\":\"La Fira de l'Oliva de Caimari celebra 20 anys - Gastron\u00f2micament\",\"isPartOf\":{\"@id\":\"https:\\\/\\\/gastronomicament.cat\\\/de\\\/#website\"},\"primaryImageOfPage\":{\"@id\":\"https:\\\/\\\/gastronomicament.cat\\\/de\\\/la-fira-de-loliva-de-caimari-celebra-20-anys#primaryimage\"},\"image\":{\"@id\":\"https:\\\/\\\/gastronomicament.cat\\\/de\\\/la-fira-de-loliva-de-caimari-celebra-20-anys#primaryimage\"},\"thumbnailUrl\":\"https:\\\/\\\/gastronomicament.cat\\\/wp-content\\\/uploads\\\/2017\\\/11\\\/Fira-Oliva-Caimari-2017.jpg\",\"datePublished\":\"2017-11-14T09:42:46+00:00\",\"dateModified\":\"2022-04-09T08:30:23+00:00\",\"description\":\"La Fira de l'Oliva de Caimari celebra 20 anys Actualitat, Fires i rutes Caimari celebra festa grossa pel mes de novembre amb motiu de la Fira de l'Oliva. Una gran proposta d'activitats per aprofundir en el pilar de la dieta mediterr\u00e0nia. Per celebrar aquestes dues d\u00e8cades de fira, hi trobareu un ventall amplia d'activitats, a m\u00e9s de poder comprar oli i oliva directament als productors mallorquins a bon preu\",\"inLanguage\":\"de\",\"potentialAction\":[{\"@type\":\"ReadAction\",\"target\":[\"https:\\\/\\\/gastronomicament.cat\\\/de\\\/la-fira-de-loliva-de-caimari-celebra-20-anys\"]}]},{\"@type\":\"ImageObject\",\"inLanguage\":\"de\",\"@id\":\"https:\\\/\\\/gastronomicament.cat\\\/de\\\/la-fira-de-loliva-de-caimari-celebra-20-anys#primaryimage\",\"url\":\"https:\\\/\\\/gastronomicament.cat\\\/wp-content\\\/uploads\\\/2017\\\/11\\\/Fira-Oliva-Caimari-2017.jpg\",\"contentUrl\":\"https:\\\/\\\/gastronomicament.cat\\\/wp-content\\\/uploads\\\/2017\\\/11\\\/Fira-Oliva-Caimari-2017.jpg\",\"width\":950,\"height\":545},{\"@type\":\"WebSite\",\"@id\":\"https:\\\/\\\/gastronomicament.cat\\\/de\\\/#website\",\"url\":\"https:\\\/\\\/gastronomicament.cat\\\/de\\\/\",\"name\":\"Gastron\u00f2micament\",\"description\":\"Portal de restaurants, receptes i actualitat gastron\u00f2mica\",\"publisher\":{\"@id\":\"https:\\\/\\\/gastronomicament.cat\\\/de\\\/#organization\"},\"potentialAction\":[{\"@type\":\"SearchAction\",\"target\":{\"@type\":\"EntryPoint\",\"urlTemplate\":\"https:\\\/\\\/gastronomicament.cat\\\/de\\\/?s={search_term_string}\"},\"query-input\":{\"@type\":\"PropertyValueSpecification\",\"valueRequired\":true,\"valueName\":\"search_term_string\"}}],\"inLanguage\":\"de\"},{\"@type\":\"Organization\",\"@id\":\"https:\\\/\\\/gastronomicament.cat\\\/de\\\/#organization\",\"name\":\"Gastron\u00f2micament\",\"url\":\"https:\\\/\\\/gastronomicament.cat\\\/de\\\/\",\"logo\":{\"@type\":\"ImageObject\",\"inLanguage\":\"de\",\"@id\":\"https:\\\/\\\/gastronomicament.cat\\\/de\\\/#\\\/schema\\\/logo\\\/image\\\/\",\"url\":\"https:\\\/\\\/gastronomicament.cat\\\/wp-content\\\/uploads\\\/2016\\\/09\\\/header-logo.jpg\",\"contentUrl\":\"https:\\\/\\\/gastronomicament.cat\\\/wp-content\\\/uploads\\\/2016\\\/09\\\/header-logo.jpg\",\"width\":277,\"height\":39,\"caption\":\"Gastron\u00f2micament\"},\"image\":{\"@id\":\"https:\\\/\\\/gastronomicament.cat\\\/de\\\/#\\\/schema\\\/logo\\\/image\\\/\"},\"sameAs\":[\"https:\\\/\\\/x.com\\\/gastronomicamen\"]},{\"@type\":\"Person\",\"@id\":\"https:\\\/\\\/gastronomicament.cat\\\/de\\\/#\\\/schema\\\/person\\\/a7c85c537a1ed62799a5b8e0f686a37f\",\"name\":\"Redacci\u00f3\",\"image\":{\"@type\":\"ImageObject\",\"inLanguage\":\"de\",\"@id\":\"https:\\\/\\\/secure.gravatar.com\\\/avatar\\\/9489a485c464fd611d33825daae651d13db70c4e74c65c94937a15a9d4c3ee14?s=96&d=mm&r=g69fea3cce3645dfa2166e7293e22955e\",\"url\":\"https:\\\/\\\/secure.gravatar.com\\\/avatar\\\/9489a485c464fd611d33825daae651d13db70c4e74c65c94937a15a9d4c3ee14?s=96&d=mm&r=g\",\"contentUrl\":\"https:\\\/\\\/secure.gravatar.com\\\/avatar\\\/9489a485c464fd611d33825daae651d13db70c4e74c65c94937a15a9d4c3ee14?s=96&d=mm&r=g\",\"caption\":\"Redacci\u00f3\"},\"sameAs\":[\"http:\\\/\\\/gastronomicament.cat\"],\"url\":\"https:\\\/\\\/gastronomicament.cat\\\/de\\\/author\\\/admin\"}]}<\/script>\n<!-- \/ Yoast SEO plugin. -->","yoast_head_json":{"title":"La Fira de l'Oliva de Caimari celebra 20 anys - Gastron\u00f2micament","description":"La Fira de l'Oliva de Caimari celebra 20 anys Actualitat, Fires i rutes Caimari celebra festa grossa pel mes de novembre amb motiu de la Fira de l'Oliva. Una gran proposta d'activitats per aprofundir en el pilar de la dieta mediterr\u00e0nia. Per celebrar aquestes dues d\u00e8cades de fira, hi trobareu un ventall amplia d'activitats, a m\u00e9s de poder comprar oli i oliva directament als productors mallorquins a bon preu","robots":{"index":"index","follow":"follow","max-snippet":"max-snippet:-1","max-image-preview":"max-image-preview:large","max-video-preview":"max-video-preview:-1"},"canonical":"https:\/\/gastronomicament.cat\/de\/la-fira-de-loliva-de-caimari-celebra-20-anys","og_locale":"de_DE","og_type":"article","og_title":"La Fira de l'Oliva de Caimari celebra 20 anys - Gastron\u00f2micament","og_description":"La Fira de l'Oliva de Caimari celebra 20 anys Actualitat, Fires i rutes Caimari celebra festa grossa pel mes de novembre amb motiu de la Fira de l'Oliva. Una gran proposta d'activitats per aprofundir en el pilar de la dieta mediterr\u00e0nia. Per celebrar aquestes dues d\u00e8cades de fira, hi trobareu un ventall amplia d'activitats, a m\u00e9s de poder comprar oli i oliva directament als productors mallorquins a bon preu","og_url":"https:\/\/gastronomicament.cat\/de\/la-fira-de-loliva-de-caimari-celebra-20-anys","og_site_name":"Gastron\u00f2micament","article_published_time":"2017-11-14T09:42:46+00:00","article_modified_time":"2022-04-09T08:30:23+00:00","og_image":[{"width":950,"height":545,"url":"https:\/\/gastronomicament.cat\/wp-content\/uploads\/2017\/11\/Fira-Oliva-Caimari-2017.jpg","type":"image\/jpeg"}],"author":"Redacci\u00f3","twitter_card":"summary_large_image","twitter_creator":"@gastronomicamen","twitter_site":"@gastronomicamen","twitter_misc":{"Verfasst von":"Redacci\u00f3","Gesch\u00e4tzte Lesezeit":"5\u00a0Minuten","Written by":"Redacci\u00f3"},"schema":{"@context":"https:\/\/schema.org","@graph":[{"@type":"Article","@id":"https:\/\/gastronomicament.cat\/de\/la-fira-de-loliva-de-caimari-celebra-20-anys#article","isPartOf":{"@id":"https:\/\/gastronomicament.cat\/de\/la-fira-de-loliva-de-caimari-celebra-20-anys"},"author":{"name":"Redacci\u00f3","@id":"https:\/\/gastronomicament.cat\/de\/#\/schema\/person\/a7c85c537a1ed62799a5b8e0f686a37f"},"headline":"La Fira de l&#8217;Oliva de Caimari celebra 20 anys","datePublished":"2017-11-14T09:42:46+00:00","dateModified":"2022-04-09T08:30:23+00:00","mainEntityOfPage":{"@id":"https:\/\/gastronomicament.cat\/de\/la-fira-de-loliva-de-caimari-celebra-20-anys"},"wordCount":1047,"commentCount":0,"publisher":{"@id":"https:\/\/gastronomicament.cat\/de\/#organization"},"image":{"@id":"https:\/\/gastronomicament.cat\/de\/la-fira-de-loliva-de-caimari-celebra-20-anys#primaryimage"},"thumbnailUrl":"https:\/\/gastronomicament.cat\/wp-content\/uploads\/2017\/11\/Fira-Oliva-Caimari-2017.jpg","articleSection":["Actualitat","Fires i rutes"],"inLanguage":"de","potentialAction":[{"@type":"CommentAction","name":"Comment","target":["https:\/\/gastronomicament.cat\/de\/la-fira-de-loliva-de-caimari-celebra-20-anys#respond"]}]},{"@type":"WebPage","@id":"https:\/\/gastronomicament.cat\/de\/la-fira-de-loliva-de-caimari-celebra-20-anys","url":"https:\/\/gastronomicament.cat\/de\/la-fira-de-loliva-de-caimari-celebra-20-anys","name":"La Fira de l'Oliva de Caimari celebra 20 anys - Gastron\u00f2micament","isPartOf":{"@id":"https:\/\/gastronomicament.cat\/de\/#website"},"primaryImageOfPage":{"@id":"https:\/\/gastronomicament.cat\/de\/la-fira-de-loliva-de-caimari-celebra-20-anys#primaryimage"},"image":{"@id":"https:\/\/gastronomicament.cat\/de\/la-fira-de-loliva-de-caimari-celebra-20-anys#primaryimage"},"thumbnailUrl":"https:\/\/gastronomicament.cat\/wp-content\/uploads\/2017\/11\/Fira-Oliva-Caimari-2017.jpg","datePublished":"2017-11-14T09:42:46+00:00","dateModified":"2022-04-09T08:30:23+00:00","description":"La Fira de l'Oliva de Caimari celebra 20 anys Actualitat, Fires i rutes Caimari celebra festa grossa pel mes de novembre amb motiu de la Fira de l'Oliva. Una gran proposta d'activitats per aprofundir en el pilar de la dieta mediterr\u00e0nia. Per celebrar aquestes dues d\u00e8cades de fira, hi trobareu un ventall amplia d'activitats, a m\u00e9s de poder comprar oli i oliva directament als productors mallorquins a bon preu","inLanguage":"de","potentialAction":[{"@type":"ReadAction","target":["https:\/\/gastronomicament.cat\/de\/la-fira-de-loliva-de-caimari-celebra-20-anys"]}]},{"@type":"ImageObject","inLanguage":"de","@id":"https:\/\/gastronomicament.cat\/de\/la-fira-de-loliva-de-caimari-celebra-20-anys#primaryimage","url":"https:\/\/gastronomicament.cat\/wp-content\/uploads\/2017\/11\/Fira-Oliva-Caimari-2017.jpg","contentUrl":"https:\/\/gastronomicament.cat\/wp-content\/uploads\/2017\/11\/Fira-Oliva-Caimari-2017.jpg","width":950,"height":545},{"@type":"WebSite","@id":"https:\/\/gastronomicament.cat\/de\/#website","url":"https:\/\/gastronomicament.cat\/de\/","name":"Gastron\u00f2micament","description":"Portal de restaurants, receptes i actualitat gastron\u00f2mica","publisher":{"@id":"https:\/\/gastronomicament.cat\/de\/#organization"},"potentialAction":[{"@type":"SearchAction","target":{"@type":"EntryPoint","urlTemplate":"https:\/\/gastronomicament.cat\/de\/?s={search_term_string}"},"query-input":{"@type":"PropertyValueSpecification","valueRequired":true,"valueName":"search_term_string"}}],"inLanguage":"de"},{"@type":"Organization","@id":"https:\/\/gastronomicament.cat\/de\/#organization","name":"Gastron\u00f2micament","url":"https:\/\/gastronomicament.cat\/de\/","logo":{"@type":"ImageObject","inLanguage":"de","@id":"https:\/\/gastronomicament.cat\/de\/#\/schema\/logo\/image\/","url":"https:\/\/gastronomicament.cat\/wp-content\/uploads\/2016\/09\/header-logo.jpg","contentUrl":"https:\/\/gastronomicament.cat\/wp-content\/uploads\/2016\/09\/header-logo.jpg","width":277,"height":39,"caption":"Gastron\u00f2micament"},"image":{"@id":"https:\/\/gastronomicament.cat\/de\/#\/schema\/logo\/image\/"},"sameAs":["https:\/\/x.com\/gastronomicamen"]},{"@type":"Person","@id":"https:\/\/gastronomicament.cat\/de\/#\/schema\/person\/a7c85c537a1ed62799a5b8e0f686a37f","name":"Redacci\u00f3","image":{"@type":"ImageObject","inLanguage":"de","@id":"https:\/\/secure.gravatar.com\/avatar\/9489a485c464fd611d33825daae651d13db70c4e74c65c94937a15a9d4c3ee14?s=96&d=mm&r=g69fea3cce3645dfa2166e7293e22955e","url":"https:\/\/secure.gravatar.com\/avatar\/9489a485c464fd611d33825daae651d13db70c4e74c65c94937a15a9d4c3ee14?s=96&d=mm&r=g","contentUrl":"https:\/\/secure.gravatar.com\/avatar\/9489a485c464fd611d33825daae651d13db70c4e74c65c94937a15a9d4c3ee14?s=96&d=mm&r=g","caption":"Redacci\u00f3"},"sameAs":["http:\/\/gastronomicament.cat"],"url":"https:\/\/gastronomicament.cat\/de\/author\/admin"}]}},"_links":{"self":[{"href":"https:\/\/gastronomicament.cat\/de\/wp-json\/wp\/v2\/posts\/69133","targetHints":{"allow":["GET"]}}],"collection":[{"href":"https:\/\/gastronomicament.cat\/de\/wp-json\/wp\/v2\/posts"}],"about":[{"href":"https:\/\/gastronomicament.cat\/de\/wp-json\/wp\/v2\/types\/post"}],"author":[{"embeddable":true,"href":"https:\/\/gastronomicament.cat\/de\/wp-json\/wp\/v2\/users\/1"}],"replies":[{"embeddable":true,"href":"https:\/\/gastronomicament.cat\/de\/wp-json\/wp\/v2\/comments?post=69133"}],"version-history":[{"count":0,"href":"https:\/\/gastronomicament.cat\/de\/wp-json\/wp\/v2\/posts\/69133\/revisions"}],"wp:featuredmedia":[{"embeddable":true,"href":"https:\/\/gastronomicament.cat\/de\/wp-json\/wp\/v2\/media\/60192"}],"wp:attachment":[{"href":"https:\/\/gastronomicament.cat\/de\/wp-json\/wp\/v2\/media?parent=69133"}],"wp:term":[{"taxonomy":"category","embeddable":true,"href":"https:\/\/gastronomicament.cat\/de\/wp-json\/wp\/v2\/categories?post=69133"},{"taxonomy":"post_tag","embeddable":true,"href":"https:\/\/gastronomicament.cat\/de\/wp-json\/wp\/v2\/tags?post=69133"},{"taxonomy":"author","embeddable":true,"href":"https:\/\/gastronomicament.cat\/de\/wp-json\/wp\/v2\/coauthors?post=69133"}],"curies":[{"name":"wp","href":"https:\/\/api.w.org\/{rel}","templated":true}]}}