{"id":69377,"date":"2017-07-20T12:45:07","date_gmt":"2017-07-20T10:45:07","guid":{"rendered":"https:\/\/gastronomicament.cat\/ha-mort-el-fundador-de-la-gelateria-can-miquel-de-palma"},"modified":"2022-04-09T10:33:51","modified_gmt":"2022-04-09T08:33:51","slug":"ha-mort-el-fundador-de-la-gelateria-can-miquel-de-palma","status":"publish","type":"post","link":"https:\/\/gastronomicament.cat\/de\/ha-mort-el-fundador-de-la-gelateria-can-miquel-de-palma","title":{"rendered":"Ha mort el fundador de la Gelateria Can Miquel de Palma"},"content":{"rendered":"<blockquote><p><em>\u00c9s la gelateria m\u00e9s popular de Palma<\/em><\/p><\/blockquote>\n<p>Miquel Solivellas, el gelater i fundador de la Gelateria Can Miquel de Palma ha mort aquest mes de juliol, amb 81 anys. Justament ara feia 6 anys que havia inaugurat el nou local del carrer Montcades de Palma.<\/p>\n<p>Nascut a Caimari, va comen\u00e7ar la seva carrera en els anys 50 com a pastisser, fins que l&#8217;any 1979 va obrir la gelateria Can Miquel a l&#8217;avinguda de Jaume III de Palma. All\u00e0 es va fer popular per la qualitat dels gelats que elaborava artesanalment i, tamb\u00e9, per la gran varietat de gustos que hi oferia, entre els que no hi faltaven els d&#8217;oli d&#8217;oliva, com a homenatge al poble que el va veure n\u00e9ixer.<\/p>\n<p>Actualment duen el negoci la seva filla Teresa Solivellas i el seu gendre Joan Valero, amb la col\u00b7laboraci\u00f3 dels seus n\u00e9ts.\u00a0 L&#8217;actual local, ubicat al carrer Montcades, n\u00famero 9, \u00e9s l&#8217;\u00fanic que actualment t\u00e9 en marxa la fam\u00edlia, ja que l&#8217;any 2015 varen decidir tancar el que tenien a Jaume III. Aquest nou espai \u00e9s ampli i ofereix una variada i saborosa carta de gelats, com tamb\u00e9 una oferta complement\u00e0ria en dol\u00e7os, caf\u00e8s i infusions.<\/p>\n<p>Com a curiositat, us deixam aquest v\u00eddeo antic publicitari sobre la gelateria m\u00e9s popular de Palma:<\/p>\n<p><iframe src=\"https:\/\/www.youtube.com\/embed\/p3XoA5kmHuY\" width=\"560\" height=\"315\" frameborder=\"0\" allowfullscreen=\"allowfullscreen\"><\/iframe><\/p>\n","protected":false},"excerpt":{"rendered":"<p>Miquel Solivellas, el gelater i fundador de la Gelateria Can Miquel de Palma ha mort aquest&hellip;<\/p>\n","protected":false},"author":1,"featured_media":58499,"comment_status":"open","ping_status":"closed","sticky":false,"template":"","format":"standard","meta":{"_acf_changed":false,"_swt_meta_header_display":false,"_swt_meta_footer_display":false,"_swt_meta_site_title_display":false,"_swt_meta_sticky_header":false,"_swt_meta_transparent_header":false,"footnotes":""},"categories":[1050,1476],"tags":[],"coauthors":[],"class_list":["post-69377","post","type-post","status-publish","format-standard","has-post-thumbnail","hentry","category-actualitat-es-de","category-reportatges-i-novetats-de"],"acf":{"gallery":null,"home_date":{"home_begin_date":null,"home_end_date":null}},"yoast_head":"<!-- This site is optimized with the Yoast SEO plugin v27.4 - https:\/\/yoast.com\/product\/yoast-seo-wordpress\/ -->\n<title>Ha mort el fundador de la Gelateria Can Miquel de Palma - Gastron\u00f2micament<\/title>\n<meta name=\"description\" content=\"Ha mort el fundador de la Gelateria Can Miquel de Palma Actualitat, Reportatges i novetats Miquel Solivellas, el gelater i fundador de la Gelateria Can Miquel de Palma ha mort aquest mes de juliol, amb 81 anys\" \/>\n<meta name=\"robots\" content=\"index, follow, max-snippet:-1, max-image-preview:large, max-video-preview:-1\" \/>\n<link rel=\"canonical\" href=\"https:\/\/gastronomicament.cat\/de\/ha-mort-el-fundador-de-la-gelateria-can-miquel-de-palma\" \/>\n<meta property=\"og:locale\" content=\"de_DE\" \/>\n<meta property=\"og:type\" content=\"article\" \/>\n<meta property=\"og:title\" content=\"Ha mort el fundador de la Gelateria Can Miquel de Palma - Gastron\u00f2micament\" \/>\n<meta property=\"og:description\" content=\"Ha mort el fundador de la Gelateria Can Miquel de Palma Actualitat, Reportatges i novetats Miquel Solivellas, el gelater i fundador de la Gelateria Can Miquel de Palma ha mort aquest mes de juliol, amb 81 anys\" \/>\n<meta property=\"og:url\" content=\"https:\/\/gastronomicament.cat\/de\/ha-mort-el-fundador-de-la-gelateria-can-miquel-de-palma\" \/>\n<meta property=\"og:site_name\" content=\"Gastron\u00f2micament\" \/>\n<meta property=\"article:published_time\" content=\"2017-07-20T10:45:07+00:00\" \/>\n<meta property=\"article:modified_time\" content=\"2022-04-09T08:33:51+00:00\" \/>\n<meta property=\"og:image\" content=\"https:\/\/gastronomicament.cat\/wp-content\/uploads\/2017\/07\/Gelateria-Can-Miquel-Palma.jpg\" \/>\n\t<meta property=\"og:image:width\" content=\"950\" \/>\n\t<meta property=\"og:image:height\" content=\"545\" \/>\n\t<meta property=\"og:image:type\" content=\"image\/jpeg\" \/>\n<meta name=\"author\" content=\"Redacci\u00f3\" \/>\n<meta name=\"twitter:card\" content=\"summary_large_image\" \/>\n<meta name=\"twitter:creator\" content=\"@gastronomicamen\" \/>\n<meta name=\"twitter:site\" content=\"@gastronomicamen\" \/>\n<meta name=\"twitter:label1\" content=\"Verfasst von\" \/>\n\t<meta name=\"twitter:data1\" content=\"Redacci\u00f3\" \/>\n\t<meta name=\"twitter:label2\" content=\"Gesch\u00e4tzte Lesezeit\" \/>\n\t<meta name=\"twitter:data2\" content=\"1\u00a0Minute\" \/>\n\t<meta name=\"twitter:label3\" content=\"Written by\" \/>\n\t<meta name=\"twitter:data3\" content=\"Redacci\u00f3\" \/>\n<script type=\"application\/ld+json\" class=\"yoast-schema-graph\">{\"@context\":\"https:\\\/\\\/schema.org\",\"@graph\":[{\"@type\":\"Article\",\"@id\":\"https:\\\/\\\/gastronomicament.cat\\\/de\\\/ha-mort-el-fundador-de-la-gelateria-can-miquel-de-palma#article\",\"isPartOf\":{\"@id\":\"https:\\\/\\\/gastronomicament.cat\\\/de\\\/ha-mort-el-fundador-de-la-gelateria-can-miquel-de-palma\"},\"author\":{\"name\":\"Redacci\u00f3\",\"@id\":\"https:\\\/\\\/gastronomicament.cat\\\/de\\\/#\\\/schema\\\/person\\\/a7c85c537a1ed62799a5b8e0f686a37f\"},\"headline\":\"Ha mort el fundador de la Gelateria Can Miquel de Palma\",\"datePublished\":\"2017-07-20T10:45:07+00:00\",\"dateModified\":\"2022-04-09T08:33:51+00:00\",\"mainEntityOfPage\":{\"@id\":\"https:\\\/\\\/gastronomicament.cat\\\/de\\\/ha-mort-el-fundador-de-la-gelateria-can-miquel-de-palma\"},\"wordCount\":229,\"commentCount\":0,\"publisher\":{\"@id\":\"https:\\\/\\\/gastronomicament.cat\\\/de\\\/#organization\"},\"image\":{\"@id\":\"https:\\\/\\\/gastronomicament.cat\\\/de\\\/ha-mort-el-fundador-de-la-gelateria-can-miquel-de-palma#primaryimage\"},\"thumbnailUrl\":\"https:\\\/\\\/gastronomicament.cat\\\/wp-content\\\/uploads\\\/2017\\\/07\\\/Gelateria-Can-Miquel-Palma.jpg\",\"articleSection\":[\"Actualitat\",\"Reportatges i novetats\"],\"inLanguage\":\"de\",\"potentialAction\":[{\"@type\":\"CommentAction\",\"name\":\"Comment\",\"target\":[\"https:\\\/\\\/gastronomicament.cat\\\/de\\\/ha-mort-el-fundador-de-la-gelateria-can-miquel-de-palma#respond\"]}]},{\"@type\":\"WebPage\",\"@id\":\"https:\\\/\\\/gastronomicament.cat\\\/de\\\/ha-mort-el-fundador-de-la-gelateria-can-miquel-de-palma\",\"url\":\"https:\\\/\\\/gastronomicament.cat\\\/de\\\/ha-mort-el-fundador-de-la-gelateria-can-miquel-de-palma\",\"name\":\"Ha mort el fundador de la Gelateria Can Miquel de Palma - Gastron\u00f2micament\",\"isPartOf\":{\"@id\":\"https:\\\/\\\/gastronomicament.cat\\\/de\\\/#website\"},\"primaryImageOfPage\":{\"@id\":\"https:\\\/\\\/gastronomicament.cat\\\/de\\\/ha-mort-el-fundador-de-la-gelateria-can-miquel-de-palma#primaryimage\"},\"image\":{\"@id\":\"https:\\\/\\\/gastronomicament.cat\\\/de\\\/ha-mort-el-fundador-de-la-gelateria-can-miquel-de-palma#primaryimage\"},\"thumbnailUrl\":\"https:\\\/\\\/gastronomicament.cat\\\/wp-content\\\/uploads\\\/2017\\\/07\\\/Gelateria-Can-Miquel-Palma.jpg\",\"datePublished\":\"2017-07-20T10:45:07+00:00\",\"dateModified\":\"2022-04-09T08:33:51+00:00\",\"description\":\"Ha mort el fundador de la Gelateria Can Miquel de Palma Actualitat, Reportatges i novetats Miquel Solivellas, el gelater i fundador de la Gelateria Can Miquel de Palma ha mort aquest mes de juliol, amb 81 anys\",\"inLanguage\":\"de\",\"potentialAction\":[{\"@type\":\"ReadAction\",\"target\":[\"https:\\\/\\\/gastronomicament.cat\\\/de\\\/ha-mort-el-fundador-de-la-gelateria-can-miquel-de-palma\"]}]},{\"@type\":\"ImageObject\",\"inLanguage\":\"de\",\"@id\":\"https:\\\/\\\/gastronomicament.cat\\\/de\\\/ha-mort-el-fundador-de-la-gelateria-can-miquel-de-palma#primaryimage\",\"url\":\"https:\\\/\\\/gastronomicament.cat\\\/wp-content\\\/uploads\\\/2017\\\/07\\\/Gelateria-Can-Miquel-Palma.jpg\",\"contentUrl\":\"https:\\\/\\\/gastronomicament.cat\\\/wp-content\\\/uploads\\\/2017\\\/07\\\/Gelateria-Can-Miquel-Palma.jpg\",\"width\":950,\"height\":545},{\"@type\":\"WebSite\",\"@id\":\"https:\\\/\\\/gastronomicament.cat\\\/de\\\/#website\",\"url\":\"https:\\\/\\\/gastronomicament.cat\\\/de\\\/\",\"name\":\"Gastron\u00f2micament\",\"description\":\"Portal de restaurants, receptes i actualitat gastron\u00f2mica\",\"publisher\":{\"@id\":\"https:\\\/\\\/gastronomicament.cat\\\/de\\\/#organization\"},\"potentialAction\":[{\"@type\":\"SearchAction\",\"target\":{\"@type\":\"EntryPoint\",\"urlTemplate\":\"https:\\\/\\\/gastronomicament.cat\\\/de\\\/?s={search_term_string}\"},\"query-input\":{\"@type\":\"PropertyValueSpecification\",\"valueRequired\":true,\"valueName\":\"search_term_string\"}}],\"inLanguage\":\"de\"},{\"@type\":\"Organization\",\"@id\":\"https:\\\/\\\/gastronomicament.cat\\\/de\\\/#organization\",\"name\":\"Gastron\u00f2micament\",\"url\":\"https:\\\/\\\/gastronomicament.cat\\\/de\\\/\",\"logo\":{\"@type\":\"ImageObject\",\"inLanguage\":\"de\",\"@id\":\"https:\\\/\\\/gastronomicament.cat\\\/de\\\/#\\\/schema\\\/logo\\\/image\\\/\",\"url\":\"https:\\\/\\\/gastronomicament.cat\\\/wp-content\\\/uploads\\\/2016\\\/09\\\/header-logo.jpg\",\"contentUrl\":\"https:\\\/\\\/gastronomicament.cat\\\/wp-content\\\/uploads\\\/2016\\\/09\\\/header-logo.jpg\",\"width\":277,\"height\":39,\"caption\":\"Gastron\u00f2micament\"},\"image\":{\"@id\":\"https:\\\/\\\/gastronomicament.cat\\\/de\\\/#\\\/schema\\\/logo\\\/image\\\/\"},\"sameAs\":[\"https:\\\/\\\/x.com\\\/gastronomicamen\"]},{\"@type\":\"Person\",\"@id\":\"https:\\\/\\\/gastronomicament.cat\\\/de\\\/#\\\/schema\\\/person\\\/a7c85c537a1ed62799a5b8e0f686a37f\",\"name\":\"Redacci\u00f3\",\"image\":{\"@type\":\"ImageObject\",\"inLanguage\":\"de\",\"@id\":\"https:\\\/\\\/secure.gravatar.com\\\/avatar\\\/9489a485c464fd611d33825daae651d13db70c4e74c65c94937a15a9d4c3ee14?s=96&d=mm&r=g69fea3cce3645dfa2166e7293e22955e\",\"url\":\"https:\\\/\\\/secure.gravatar.com\\\/avatar\\\/9489a485c464fd611d33825daae651d13db70c4e74c65c94937a15a9d4c3ee14?s=96&d=mm&r=g\",\"contentUrl\":\"https:\\\/\\\/secure.gravatar.com\\\/avatar\\\/9489a485c464fd611d33825daae651d13db70c4e74c65c94937a15a9d4c3ee14?s=96&d=mm&r=g\",\"caption\":\"Redacci\u00f3\"},\"sameAs\":[\"http:\\\/\\\/gastronomicament.cat\"],\"url\":\"https:\\\/\\\/gastronomicament.cat\\\/de\\\/author\\\/admin\"}]}<\/script>\n<!-- \/ Yoast SEO plugin. -->","yoast_head_json":{"title":"Ha mort el fundador de la Gelateria Can Miquel de Palma - Gastron\u00f2micament","description":"Ha mort el fundador de la Gelateria Can Miquel de Palma Actualitat, Reportatges i novetats Miquel Solivellas, el gelater i fundador de la Gelateria Can Miquel de Palma ha mort aquest mes de juliol, amb 81 anys","robots":{"index":"index","follow":"follow","max-snippet":"max-snippet:-1","max-image-preview":"max-image-preview:large","max-video-preview":"max-video-preview:-1"},"canonical":"https:\/\/gastronomicament.cat\/de\/ha-mort-el-fundador-de-la-gelateria-can-miquel-de-palma","og_locale":"de_DE","og_type":"article","og_title":"Ha mort el fundador de la Gelateria Can Miquel de Palma - Gastron\u00f2micament","og_description":"Ha mort el fundador de la Gelateria Can Miquel de Palma Actualitat, Reportatges i novetats Miquel Solivellas, el gelater i fundador de la Gelateria Can Miquel de Palma ha mort aquest mes de juliol, amb 81 anys","og_url":"https:\/\/gastronomicament.cat\/de\/ha-mort-el-fundador-de-la-gelateria-can-miquel-de-palma","og_site_name":"Gastron\u00f2micament","article_published_time":"2017-07-20T10:45:07+00:00","article_modified_time":"2022-04-09T08:33:51+00:00","og_image":[{"width":950,"height":545,"url":"https:\/\/gastronomicament.cat\/wp-content\/uploads\/2017\/07\/Gelateria-Can-Miquel-Palma.jpg","type":"image\/jpeg"}],"author":"Redacci\u00f3","twitter_card":"summary_large_image","twitter_creator":"@gastronomicamen","twitter_site":"@gastronomicamen","twitter_misc":{"Verfasst von":"Redacci\u00f3","Gesch\u00e4tzte Lesezeit":"1\u00a0Minute","Written by":"Redacci\u00f3"},"schema":{"@context":"https:\/\/schema.org","@graph":[{"@type":"Article","@id":"https:\/\/gastronomicament.cat\/de\/ha-mort-el-fundador-de-la-gelateria-can-miquel-de-palma#article","isPartOf":{"@id":"https:\/\/gastronomicament.cat\/de\/ha-mort-el-fundador-de-la-gelateria-can-miquel-de-palma"},"author":{"name":"Redacci\u00f3","@id":"https:\/\/gastronomicament.cat\/de\/#\/schema\/person\/a7c85c537a1ed62799a5b8e0f686a37f"},"headline":"Ha mort el fundador de la Gelateria Can Miquel de Palma","datePublished":"2017-07-20T10:45:07+00:00","dateModified":"2022-04-09T08:33:51+00:00","mainEntityOfPage":{"@id":"https:\/\/gastronomicament.cat\/de\/ha-mort-el-fundador-de-la-gelateria-can-miquel-de-palma"},"wordCount":229,"commentCount":0,"publisher":{"@id":"https:\/\/gastronomicament.cat\/de\/#organization"},"image":{"@id":"https:\/\/gastronomicament.cat\/de\/ha-mort-el-fundador-de-la-gelateria-can-miquel-de-palma#primaryimage"},"thumbnailUrl":"https:\/\/gastronomicament.cat\/wp-content\/uploads\/2017\/07\/Gelateria-Can-Miquel-Palma.jpg","articleSection":["Actualitat","Reportatges i novetats"],"inLanguage":"de","potentialAction":[{"@type":"CommentAction","name":"Comment","target":["https:\/\/gastronomicament.cat\/de\/ha-mort-el-fundador-de-la-gelateria-can-miquel-de-palma#respond"]}]},{"@type":"WebPage","@id":"https:\/\/gastronomicament.cat\/de\/ha-mort-el-fundador-de-la-gelateria-can-miquel-de-palma","url":"https:\/\/gastronomicament.cat\/de\/ha-mort-el-fundador-de-la-gelateria-can-miquel-de-palma","name":"Ha mort el fundador de la Gelateria Can Miquel de Palma - Gastron\u00f2micament","isPartOf":{"@id":"https:\/\/gastronomicament.cat\/de\/#website"},"primaryImageOfPage":{"@id":"https:\/\/gastronomicament.cat\/de\/ha-mort-el-fundador-de-la-gelateria-can-miquel-de-palma#primaryimage"},"image":{"@id":"https:\/\/gastronomicament.cat\/de\/ha-mort-el-fundador-de-la-gelateria-can-miquel-de-palma#primaryimage"},"thumbnailUrl":"https:\/\/gastronomicament.cat\/wp-content\/uploads\/2017\/07\/Gelateria-Can-Miquel-Palma.jpg","datePublished":"2017-07-20T10:45:07+00:00","dateModified":"2022-04-09T08:33:51+00:00","description":"Ha mort el fundador de la Gelateria Can Miquel de Palma Actualitat, Reportatges i novetats Miquel Solivellas, el gelater i fundador de la Gelateria Can Miquel de Palma ha mort aquest mes de juliol, amb 81 anys","inLanguage":"de","potentialAction":[{"@type":"ReadAction","target":["https:\/\/gastronomicament.cat\/de\/ha-mort-el-fundador-de-la-gelateria-can-miquel-de-palma"]}]},{"@type":"ImageObject","inLanguage":"de","@id":"https:\/\/gastronomicament.cat\/de\/ha-mort-el-fundador-de-la-gelateria-can-miquel-de-palma#primaryimage","url":"https:\/\/gastronomicament.cat\/wp-content\/uploads\/2017\/07\/Gelateria-Can-Miquel-Palma.jpg","contentUrl":"https:\/\/gastronomicament.cat\/wp-content\/uploads\/2017\/07\/Gelateria-Can-Miquel-Palma.jpg","width":950,"height":545},{"@type":"WebSite","@id":"https:\/\/gastronomicament.cat\/de\/#website","url":"https:\/\/gastronomicament.cat\/de\/","name":"Gastron\u00f2micament","description":"Portal de restaurants, receptes i actualitat gastron\u00f2mica","publisher":{"@id":"https:\/\/gastronomicament.cat\/de\/#organization"},"potentialAction":[{"@type":"SearchAction","target":{"@type":"EntryPoint","urlTemplate":"https:\/\/gastronomicament.cat\/de\/?s={search_term_string}"},"query-input":{"@type":"PropertyValueSpecification","valueRequired":true,"valueName":"search_term_string"}}],"inLanguage":"de"},{"@type":"Organization","@id":"https:\/\/gastronomicament.cat\/de\/#organization","name":"Gastron\u00f2micament","url":"https:\/\/gastronomicament.cat\/de\/","logo":{"@type":"ImageObject","inLanguage":"de","@id":"https:\/\/gastronomicament.cat\/de\/#\/schema\/logo\/image\/","url":"https:\/\/gastronomicament.cat\/wp-content\/uploads\/2016\/09\/header-logo.jpg","contentUrl":"https:\/\/gastronomicament.cat\/wp-content\/uploads\/2016\/09\/header-logo.jpg","width":277,"height":39,"caption":"Gastron\u00f2micament"},"image":{"@id":"https:\/\/gastronomicament.cat\/de\/#\/schema\/logo\/image\/"},"sameAs":["https:\/\/x.com\/gastronomicamen"]},{"@type":"Person","@id":"https:\/\/gastronomicament.cat\/de\/#\/schema\/person\/a7c85c537a1ed62799a5b8e0f686a37f","name":"Redacci\u00f3","image":{"@type":"ImageObject","inLanguage":"de","@id":"https:\/\/secure.gravatar.com\/avatar\/9489a485c464fd611d33825daae651d13db70c4e74c65c94937a15a9d4c3ee14?s=96&d=mm&r=g69fea3cce3645dfa2166e7293e22955e","url":"https:\/\/secure.gravatar.com\/avatar\/9489a485c464fd611d33825daae651d13db70c4e74c65c94937a15a9d4c3ee14?s=96&d=mm&r=g","contentUrl":"https:\/\/secure.gravatar.com\/avatar\/9489a485c464fd611d33825daae651d13db70c4e74c65c94937a15a9d4c3ee14?s=96&d=mm&r=g","caption":"Redacci\u00f3"},"sameAs":["http:\/\/gastronomicament.cat"],"url":"https:\/\/gastronomicament.cat\/de\/author\/admin"}]}},"_links":{"self":[{"href":"https:\/\/gastronomicament.cat\/de\/wp-json\/wp\/v2\/posts\/69377","targetHints":{"allow":["GET"]}}],"collection":[{"href":"https:\/\/gastronomicament.cat\/de\/wp-json\/wp\/v2\/posts"}],"about":[{"href":"https:\/\/gastronomicament.cat\/de\/wp-json\/wp\/v2\/types\/post"}],"author":[{"embeddable":true,"href":"https:\/\/gastronomicament.cat\/de\/wp-json\/wp\/v2\/users\/1"}],"replies":[{"embeddable":true,"href":"https:\/\/gastronomicament.cat\/de\/wp-json\/wp\/v2\/comments?post=69377"}],"version-history":[{"count":0,"href":"https:\/\/gastronomicament.cat\/de\/wp-json\/wp\/v2\/posts\/69377\/revisions"}],"wp:featuredmedia":[{"embeddable":true,"href":"https:\/\/gastronomicament.cat\/de\/wp-json\/wp\/v2\/media\/58499"}],"wp:attachment":[{"href":"https:\/\/gastronomicament.cat\/de\/wp-json\/wp\/v2\/media?parent=69377"}],"wp:term":[{"taxonomy":"category","embeddable":true,"href":"https:\/\/gastronomicament.cat\/de\/wp-json\/wp\/v2\/categories?post=69377"},{"taxonomy":"post_tag","embeddable":true,"href":"https:\/\/gastronomicament.cat\/de\/wp-json\/wp\/v2\/tags?post=69377"},{"taxonomy":"author","embeddable":true,"href":"https:\/\/gastronomicament.cat\/de\/wp-json\/wp\/v2\/coauthors?post=69377"}],"curies":[{"name":"wp","href":"https:\/\/api.w.org\/{rel}","templated":true}]}}