{"id":69489,"date":"2017-05-30T10:10:07","date_gmt":"2017-05-30T08:10:07","guid":{"rendered":"https:\/\/gastronomicament.cat\/mes-de-80-plats-per-tastar-durant-la-fira-nocturna-de-la-patata"},"modified":"2017-05-30T10:10:07","modified_gmt":"2017-05-30T08:10:07","slug":"mes-de-80-plats-per-tastar-durant-la-fira-nocturna-de-la-patata","status":"publish","type":"post","link":"https:\/\/gastronomicament.cat\/de\/mes-de-80-plats-per-tastar-durant-la-fira-nocturna-de-la-patata","title":{"rendered":"M\u00e9s de 80 plats per tastar durant la Fira Nocturna de la Patata"},"content":{"rendered":"<blockquote><p><em>Se celebra a sa Pobla, els dies 2 i 3 de juny, a partir de les 19.30 hores.<\/em><\/p><\/blockquote>\n<p>Els dies 2 i 3 de juny, la Pla\u00e7a Major de sa Pobla tornar\u00e0 a concentrar un dels principals actes gastron\u00f2mics de Mallorca: la Fira Nocturna de la Patata.<\/p>\n<p>A partir de les 19.30 hores, hi podreu tastar prop de 80 plats\u00a0\u00a0fets amb patata de sa Pobla. Se serviran a les 21 paradetes de restaurants, cafeteries i entitats ubicades a la Pla\u00e7a Major, a m\u00e9s dels 3 establiments que serviran les propostes als seus restaurants, que estan ubicats a les immediacions de la pla\u00e7a.<\/p>\n<p>La Fira Nocturna de la Patata, que compta amb el suport de l&#8217;Ajuntament de sa Pobla, va n\u00e9ixer l&#8217;any 2008 i de llavors en\u00e7\u00e0 s&#8217;ha convertit en una cita indispensable del calendari culinari de Mallorca. A m\u00e9s de les propostes culin\u00e0ries, hi trobareu vi mallorqu\u00ed fet a Estellencs, cervesa natural i artesana feta a Galilea, els bunyols de mad\u00f2 Banyeta i, una s\u00e8rie d&#8217;activitats paral\u00b7leles com el Shopping sa Pobla, gr\u00e0cies al qual\u00a0\u00a0tots els comer\u00e7os de sa Pobla tindran obert fins a les 21 hores, tant divendres com dissabte.<\/p>\n<p>Cal recordar que fires com aquesta no serien possible sense l&#8217;esfor\u00e7 i feina dels pagesos i exportadors de patata, un dels productes de Mallorca m\u00e9s valorats arreu del m\u00f3n.<\/p>\n<p><center><iframe style=\"border: none; overflow: hidden;\" src=\"https:\/\/www.facebook.com\/plugins\/video.php?href=https%3A%2F%2Fwww.facebook.com%2Fajsapobla%2Fvideos%2F1361938473843340%2F&amp;show_text=0&amp;width=560\" width=\"560\" height=\"315\" frameborder=\"0\" scrolling=\"no\" allowfullscreen=\"allowfullscreen\"><\/iframe><\/center><\/p>\n<p><a href=\"http:\/\/gastronomicament.cat\/wp-content\/uploads\/2017\/05\/Fira-Patata-sa-Pobla-2017.jpg\"><img decoding=\"async\" class=\"aligncenter size-full wp-image-19484\" src=\"http:\/\/gastronomicament.cat\/wp-content\/uploads\/2017\/05\/Fira-Patata-sa-Pobla-2017.jpg\" alt=\"\" width=\"639\" height=\"764\" srcset=\"https:\/\/gastronomicament.cat\/wp-content\/uploads\/2017\/05\/Fira-Patata-sa-Pobla-2017.jpg 639w, https:\/\/gastronomicament.cat\/wp-content\/uploads\/2017\/05\/Fira-Patata-sa-Pobla-2017-251x300.jpg 251w, https:\/\/gastronomicament.cat\/wp-content\/uploads\/2017\/05\/Fira-Patata-sa-Pobla-2017-42x50.jpg 42w\" sizes=\"(max-width: 639px) 100vw, 639px\" \/><\/a><\/p>\n<h4><strong>OFERTA GASTRON\u00d2MICA FIRA DE LA PATATA 2017<\/strong><\/h4>\n<p>1\u00a0<strong>PLA\u00c7A VUIT\u00a0<\/strong><\/p>\n<ul>\n<li>Gelat de coca de patata 2,00<\/li>\n<li>Sorpresa de patata 3,00<\/li>\n<\/ul>\n<p>&nbsp;<\/p>\n<p>2\u00a0<strong>LA PENYA GOURMET\u00a0<\/strong><\/p>\n<ul>\n<li>Mini hamburguesa amb patata palla 1,50<\/li>\n<li>Pop de fira 3,50<\/li>\n<li>Ensalada russa amb gambes a l\u2019allada 3,00<\/li>\n<\/ul>\n<p>&nbsp;<\/p>\n<p>3\u00a0<strong>CARAGOL BOVER\u00a0<\/strong><\/p>\n<ul>\n<li>Caragols cuinats amb herbes i allioli de patata 2,50<\/li>\n<li>Caragols fregits amb roman\u00ed i allioli de patata 2,50<\/li>\n<\/ul>\n<p>&nbsp;<\/p>\n<p>4\u00a0<strong>BAR CASA MISS\u00a0<\/strong><\/p>\n<ul>\n<li>Ensalada russa amb llom i xampinyons 3,00<\/li>\n<li>Ensalada russa amb s\u00e8pia (pica pica) 3,00<\/li>\n<\/ul>\n<p>&nbsp;<\/p>\n<p>5\u00a0<strong>FONDA EUROPA\u00a0<\/strong><\/p>\n<ul>\n<li>Pop amb ceba i patata 3,00<\/li>\n<li>Frit de me 3,00<\/li>\n<li>Caragols amb allioli de patata 3,00<\/li>\n<\/ul>\n<p>&nbsp;<\/p>\n<p>6\u00a0<strong>BAR REST. SES AFORES\u00a0<\/strong><\/p>\n<ul>\n<li>Tombet de rap 4,00<\/li>\n<li>Espinagada de patata, llom i col 4,00<\/li>\n<li>Sorpresa de patata 2,50<\/li>\n<li>Truita de patata 3,00<\/li>\n<\/ul>\n<p>&nbsp;<\/p>\n<p>7\u00a0<strong>BAR REST. SA POBLA\u00a0<\/strong><\/p>\n<ul>\n<li>Pizza de patata amb cuixot dol\u00e7 i formatge 2,00<\/li>\n<li>Frit de me 3,00<\/li>\n<\/ul>\n<p>&nbsp;<\/p>\n<p>8\u00a0<strong>SUMA\u00a0<\/strong><\/p>\n<ul>\n<li>Ikkuyaki (raoletes de patata i calamar amb salsa fina d\u2019alls i ostres) 2,00<\/li>\n<li>Toriyaki (raoletes de patata i pollastre amb salsa agredol\u00e7a de pinya i pebres coents) 2,00<\/li>\n<li>Korokke (Medall\u00f3 de verdures amb salsa de soja caramel\u00b7litzada) 2,00<\/li>\n<li>Dango (Bombons de patata i arr\u00f2s) 2,00<\/li>\n<\/ul>\n<p>&nbsp;<\/p>\n<p>9\u00a0<strong>MATEU EXPORT<\/strong><\/p>\n<ul>\n<li>Capseta negra de patat\u00f3 soprano amb pollastre marinat 3,50<\/li>\n<li>Calippo de xocolata i patata soprano 1,50<\/li>\n<li>Calippo de pinya i herba-sana amb patata soprano 1,50<\/li>\n<\/ul>\n<p>&nbsp;<\/p>\n<p>10\u00a0<strong>BAR DES TREN<\/strong><\/p>\n<ul>\n<li>Frit de porc 3,00 \u2022 Frit de pop 3,50<\/li>\n<li>Ensaladilla russa amb banderilles 3,00<\/li>\n<li>Coca de patata i albercoc 2,00<\/li>\n<\/ul>\n<p>&nbsp;<\/p>\n<p>11\u00a0<strong>C\u00c0TERING SALA REX\u00a0<\/strong><\/p>\n<ul>\n<li>Gratinat de patata farcit de sobrassada i ceba caramel\u00b7litzada 2,00<\/li>\n<li>Bomba de patata farcida de ceba caramel\u00b7litzada\u00a0 a la taronja i formatge de cabra 2,50<\/li>\n<li>Farcit de patata, pollastre, pernil dol\u00e7 i allioli 2,50<\/li>\n<li>Cupcakes variades 1,50<\/li>\n<\/ul>\n<p>&nbsp;<\/p>\n<p>12\u00a0<strong>\u00c0NIMA\u00a0<\/strong><\/p>\n<ul>\n<li>Frit de porc negre 2,50<\/li>\n<li>Frit de verdures amb tofu 2,50<\/li>\n<li>Nuggets de pollastre cassolans amb patata 2,50<\/li>\n<li>Raoles de ceba i patata amb formatge 2,50<\/li>\n<\/ul>\n<p>&nbsp;<\/p>\n<p>13\u00a0<strong>ANTIC CELLER CAN COT\u00c0\u00a0<\/strong><\/p>\n<ul>\n<li>Bomba de patata coenta 4,00<\/li>\n<li>Croquetes de bacall\u00e0 i patata (6 unitats) 3,00<\/li>\n<li>Milfulls de patata amb bacall\u00e0 gratinat d\u2019allioli 4,00<\/li>\n<li>Milfulls de patata amb bacall\u00e0 gratinat de sobrassada 4,00<\/li>\n<li>Pintxos freds variats de patata 2,00<\/li>\n<li>Tassonets de patata i carabassa gratinats de formatge 3,00<\/li>\n<\/ul>\n<p>&nbsp;<\/p>\n<p>14\u00a0<strong>VAUMAR CAF\u00c8\u00a0<\/strong><\/p>\n<ul>\n<li>Pintxos d\u2019anguila i patata 4,00<\/li>\n<li>Tapa d\u2019anguila i patata 2,00<\/li>\n<li>Aranchini farcit de formatge i pernil dol\u00e7 2,00<\/li>\n<li>Tapa de truita de patata 1,50<\/li>\n<li>Coca d\u2019albercoc 1,50<\/li>\n<li>Gambes arrebossades de pur\u00e9 de patata 2,00<\/li>\n<li>Past\u00eds de carn amb patata 3,00<\/li>\n<\/ul>\n<p>&nbsp;<\/p>\n<p>15\u00a0<strong>BAR SA PLACETA<\/strong><\/p>\n<ul>\n<li>Past\u00eds de patata i bolets 2,00<\/li>\n<li>Past\u00eds de carn i patata 2,00<\/li>\n<li>Bacall\u00e0 gratinat amb alioli damunt llit de patata laminada 2,00<\/li>\n<\/ul>\n<p>&nbsp;<\/p>\n<p>16\u00a0<strong>RESTAURANT MARINA<\/strong><\/p>\n<ul>\n<li>Frit de pop 4,00<\/li>\n<li>Coca de patata amb albercoc 2,00<\/li>\n<\/ul>\n<p>&nbsp;<\/p>\n<p>17\u00a0<strong>BAR SA VIA\u00a0<\/strong><\/p>\n<ul>\n<li>Frit de matances 3,00<\/li>\n<li>Bacall\u00e0 gratinat amb salsa de porro 3,00<\/li>\n<\/ul>\n<p>&nbsp;<\/p>\n<p>18\u00a0<strong>CONGELATS SA RONDA\u00a0<\/strong><\/p>\n<ul>\n<li>Nuggets de pollastre cruixent amb patates 3,00<\/li>\n<li>Aletes coentes de pollastre arrebossades amb patates 3,00<\/li>\n<\/ul>\n<p>&nbsp;<\/p>\n<p>19\u00a0<strong>BAR RESTAURANT SA FONA\u00a0<\/strong><\/p>\n<ul>\n<li>Caragols amb allioli de patata 3,00<\/li>\n<li>Patata farcida amb sobrassada i mel 2,00<\/li>\n<li>Lasanya de patata 3,00<\/li>\n<li>Coca de patata amb albercoc 2,00<\/li>\n<\/ul>\n<p>&nbsp;<\/p>\n<p>20\u00a0<strong>\u00c0GORA16\u00a0<\/strong><\/p>\n<ul>\n<li>Croquetes d\u2019espinacs (1u) 1,00<\/li>\n<li>Croquetes de tonyina (1u) 1,00<\/li>\n<li>Croquetes de pernil (1u) 1,00<\/li>\n<li>Croquetes de pollastre (1u) 1,00<\/li>\n<li>Ensaladilla 2,00<\/li>\n<li>Gelat de patata amb coca 3,00<\/li>\n<\/ul>\n<p>&nbsp;<\/p>\n<p>21\u00a0<strong>ASSOCIACI\u00d3 GENT COM TU\u00a0<\/strong><\/p>\n<ul>\n<li>Gelat de patata 1,50<\/li>\n<li>Strudel farcit de compota de patata i poma 2,00<\/li>\n<li>Gat\u00f3 de patata i ametlla 3,00<\/li>\n<li>Coca dol\u00e7a de patata i xocolata negra 2,00<\/li>\n<\/ul>\n<p>&nbsp;<\/p>\n<p>A1\u00a0<strong>SA TAVERNETA\u00a0<\/strong>(al seu establiment)<\/p>\n<ul>\n<li>Frit de matances 3,00<\/li>\n<li>Frit vegetari\u00e0 3,00<\/li>\n<li>Patates braves 2,00<\/li>\n<li>Nuggets amb patates 3,00<\/li>\n<\/ul>\n<p>&nbsp;<\/p>\n<p>A2\u00a0<strong>BAR TONI COTXER<\/strong>\u00a0(al seu establiment)<\/p>\n<ul>\n<li>Ensalada russa amb popets 3,00<\/li>\n<li>Ensalada russa amb banderilles 3,00<\/li>\n<li>Ensalada russa i variat 3,00<\/li>\n<\/ul>\n<p>&nbsp;<\/p>\n<p>A3<strong>\u00a0BAR JOVENT<\/strong>\u00a0(al seu establiment)<\/p>\n<ul>\n<li>Frit de porc + beguda + caf\u00e8 + postres 9,00<\/li>\n<li>Frit de me + beguda + caf\u00e8 + postres 9,00<\/li>\n<li>Frit de pop + beguda + caf\u00e8 + postres 9,00<\/li>\n<\/ul>\n<p>&nbsp;<\/p>\n<h4><strong>OFERTA COMPLEMENT\u00c0RIA\u00a0<\/strong><\/h4>\n<p>22\u00a0<strong>MAD\u00d2 BANYETA<\/strong>: Bunyols<\/p>\n<p>23\u00a0<strong>BODEGUES TOMEU ISERN<\/strong>: Vi<\/p>\n<p>24\u00a0<strong>CAS CERVESER<\/strong>: Cervesa artesana Galilea<\/p>\n<p>25\u00a0<strong>AEG SA MARJAL<\/strong>: Canya, refresc i aigua<\/p>\n<p>26<strong>\u00a0GRUP D\u2019ESPLAI JARD\u00cd M\u00c0GIC<\/strong>: Canya, refresc i aigua<\/p>\n<p>27\u00a0<strong>SORBITO<\/strong>: Caf\u00e8<\/p>\n<p>28\u00a0<strong>GEL ILLENC<\/strong>\u00a0\u2022 Degustaci\u00f3 de cocteleria de patata amb gla\u00e7ons de patata.<\/p>\n<h4><strong>ACTIVITATS RELACIONADES AMB LA FIRA\u00a0<\/strong><\/h4>\n<p><strong>Divendres, dia 2 de juny<\/strong>:<\/p>\n<ul>\n<li>A les 19:30 h. A la pla\u00e7a Major, inauguraci\u00f3 de la Fira amb l\u2019actuaci\u00f3 de la Banda de M\u00fasica de sa Pobla.<\/li>\n<\/ul>\n<p><strong>Dissabte, dia 3 de juny<\/strong>:<\/p>\n<ul>\n<li>De 11 a 12 h. A la pla\u00e7a Alexandre Ballester, jocs populars a c\u00e0rrec del Grup d\u2019Esplai Jard\u00ed M\u00e0gic i l\u2019Agrupament Escolta i Guia sa Marjal (AEG)<\/li>\n<li>A partir de les 19.30 h animaci\u00f3 a la pla\u00e7a Major c\u00e0rrec de la Batukada d\u2019Albop\u00e0s.<\/li>\n<\/ul>\n<p><strong>SHOPPING SA POBLA<\/strong><\/p>\n<ul>\n<li>Divendres 2 i dissabte 3 de juny els comer\u00e7os estaran oberts fins les 21 h, i el diumenge 4, de les 10 h fins les 13.30 h.<\/li>\n<\/ul>\n","protected":false},"excerpt":{"rendered":"<p>Se celebra a sa Pobla, els dies 2 i 3 de juny, a partir de les&hellip;<\/p>\n","protected":false},"author":1,"featured_media":58204,"comment_status":"open","ping_status":"closed","sticky":false,"template":"","format":"gallery","meta":{"_acf_changed":false,"_swt_meta_header_display":false,"_swt_meta_footer_display":false,"_swt_meta_site_title_display":false,"_swt_meta_sticky_header":false,"_swt_meta_transparent_header":false,"footnotes":""},"categories":[1050],"tags":[],"coauthors":[],"class_list":["post-69489","post","type-post","status-publish","format-gallery","has-post-thumbnail","hentry","category-actualitat-es-de","post_format-post-format-gallery"],"acf":{"gallery":null,"home_date":{"home_begin_date":null,"home_end_date":null}},"yoast_head":"<!-- This site is optimized with the Yoast SEO plugin v27.4 - https:\/\/yoast.com\/product\/yoast-seo-wordpress\/ -->\n<title>M\u00e9s de 80 plats per tastar durant la Fira Nocturna de la Patata - Gastron\u00f2micament<\/title>\n<meta name=\"description\" content=\"M\u00e9s de 80 plats per tastar durant la Fira Nocturna de la Patata Actualitat Se celebra a sa Pobla, els dies 2 i 3 de juny, a partir de les 19.30 hores.\" \/>\n<meta name=\"robots\" content=\"index, follow, max-snippet:-1, max-image-preview:large, max-video-preview:-1\" \/>\n<link rel=\"canonical\" href=\"https:\/\/gastronomicament.cat\/de\/mes-de-80-plats-per-tastar-durant-la-fira-nocturna-de-la-patata\" \/>\n<meta property=\"og:locale\" content=\"de_DE\" \/>\n<meta property=\"og:type\" content=\"article\" \/>\n<meta property=\"og:title\" content=\"M\u00e9s de 80 plats per tastar durant la Fira Nocturna de la Patata - Gastron\u00f2micament\" \/>\n<meta property=\"og:description\" content=\"M\u00e9s de 80 plats per tastar durant la Fira Nocturna de la Patata Actualitat Se celebra a sa Pobla, els dies 2 i 3 de juny, a partir de les 19.30 hores.\" \/>\n<meta property=\"og:url\" content=\"https:\/\/gastronomicament.cat\/de\/mes-de-80-plats-per-tastar-durant-la-fira-nocturna-de-la-patata\" \/>\n<meta property=\"og:site_name\" content=\"Gastron\u00f2micament\" \/>\n<meta property=\"article:published_time\" content=\"2017-05-30T08:10:07+00:00\" \/>\n<meta property=\"og:image\" content=\"https:\/\/gastronomicament.cat\/wp-content\/uploads\/2017\/05\/Fira-Nocturna-de-la-Patata-sa-Pobla-Mallorca-2017.jpg\" \/>\n\t<meta property=\"og:image:width\" content=\"640\" \/>\n\t<meta property=\"og:image:height\" content=\"300\" \/>\n\t<meta property=\"og:image:type\" content=\"image\/jpeg\" \/>\n<meta name=\"author\" content=\"Redacci\u00f3\" \/>\n<meta name=\"twitter:card\" content=\"summary_large_image\" \/>\n<meta name=\"twitter:creator\" content=\"@gastronomicamen\" \/>\n<meta name=\"twitter:site\" content=\"@gastronomicamen\" \/>\n<meta name=\"twitter:label1\" content=\"Verfasst von\" \/>\n\t<meta name=\"twitter:data1\" content=\"Redacci\u00f3\" \/>\n\t<meta name=\"twitter:label2\" content=\"Gesch\u00e4tzte Lesezeit\" \/>\n\t<meta name=\"twitter:data2\" content=\"5\u00a0Minuten\" \/>\n\t<meta name=\"twitter:label3\" content=\"Written by\" \/>\n\t<meta name=\"twitter:data3\" content=\"Redacci\u00f3\" \/>\n<script type=\"application\/ld+json\" class=\"yoast-schema-graph\">{\"@context\":\"https:\\\/\\\/schema.org\",\"@graph\":[{\"@type\":\"Article\",\"@id\":\"https:\\\/\\\/gastronomicament.cat\\\/de\\\/mes-de-80-plats-per-tastar-durant-la-fira-nocturna-de-la-patata#article\",\"isPartOf\":{\"@id\":\"https:\\\/\\\/gastronomicament.cat\\\/de\\\/mes-de-80-plats-per-tastar-durant-la-fira-nocturna-de-la-patata\"},\"author\":{\"name\":\"Redacci\u00f3\",\"@id\":\"https:\\\/\\\/gastronomicament.cat\\\/de\\\/#\\\/schema\\\/person\\\/a7c85c537a1ed62799a5b8e0f686a37f\"},\"headline\":\"M\u00e9s de 80 plats per tastar durant la Fira Nocturna de la Patata\",\"datePublished\":\"2017-05-30T08:10:07+00:00\",\"mainEntityOfPage\":{\"@id\":\"https:\\\/\\\/gastronomicament.cat\\\/de\\\/mes-de-80-plats-per-tastar-durant-la-fira-nocturna-de-la-patata\"},\"wordCount\":965,\"commentCount\":0,\"publisher\":{\"@id\":\"https:\\\/\\\/gastronomicament.cat\\\/de\\\/#organization\"},\"image\":{\"@id\":\"https:\\\/\\\/gastronomicament.cat\\\/de\\\/mes-de-80-plats-per-tastar-durant-la-fira-nocturna-de-la-patata#primaryimage\"},\"thumbnailUrl\":\"https:\\\/\\\/gastronomicament.cat\\\/wp-content\\\/uploads\\\/2017\\\/05\\\/Fira-Nocturna-de-la-Patata-sa-Pobla-Mallorca-2017.jpg\",\"articleSection\":[\"Actualitat\"],\"inLanguage\":\"de\",\"potentialAction\":[{\"@type\":\"CommentAction\",\"name\":\"Comment\",\"target\":[\"https:\\\/\\\/gastronomicament.cat\\\/de\\\/mes-de-80-plats-per-tastar-durant-la-fira-nocturna-de-la-patata#respond\"]}]},{\"@type\":\"WebPage\",\"@id\":\"https:\\\/\\\/gastronomicament.cat\\\/de\\\/mes-de-80-plats-per-tastar-durant-la-fira-nocturna-de-la-patata\",\"url\":\"https:\\\/\\\/gastronomicament.cat\\\/de\\\/mes-de-80-plats-per-tastar-durant-la-fira-nocturna-de-la-patata\",\"name\":\"M\u00e9s de 80 plats per tastar durant la Fira Nocturna de la Patata - Gastron\u00f2micament\",\"isPartOf\":{\"@id\":\"https:\\\/\\\/gastronomicament.cat\\\/de\\\/#website\"},\"primaryImageOfPage\":{\"@id\":\"https:\\\/\\\/gastronomicament.cat\\\/de\\\/mes-de-80-plats-per-tastar-durant-la-fira-nocturna-de-la-patata#primaryimage\"},\"image\":{\"@id\":\"https:\\\/\\\/gastronomicament.cat\\\/de\\\/mes-de-80-plats-per-tastar-durant-la-fira-nocturna-de-la-patata#primaryimage\"},\"thumbnailUrl\":\"https:\\\/\\\/gastronomicament.cat\\\/wp-content\\\/uploads\\\/2017\\\/05\\\/Fira-Nocturna-de-la-Patata-sa-Pobla-Mallorca-2017.jpg\",\"datePublished\":\"2017-05-30T08:10:07+00:00\",\"description\":\"M\u00e9s de 80 plats per tastar durant la Fira Nocturna de la Patata Actualitat Se celebra a sa Pobla, els dies 2 i 3 de juny, a partir de les 19.30 hores.\",\"inLanguage\":\"de\",\"potentialAction\":[{\"@type\":\"ReadAction\",\"target\":[\"https:\\\/\\\/gastronomicament.cat\\\/de\\\/mes-de-80-plats-per-tastar-durant-la-fira-nocturna-de-la-patata\"]}]},{\"@type\":\"ImageObject\",\"inLanguage\":\"de\",\"@id\":\"https:\\\/\\\/gastronomicament.cat\\\/de\\\/mes-de-80-plats-per-tastar-durant-la-fira-nocturna-de-la-patata#primaryimage\",\"url\":\"https:\\\/\\\/gastronomicament.cat\\\/wp-content\\\/uploads\\\/2017\\\/05\\\/Fira-Nocturna-de-la-Patata-sa-Pobla-Mallorca-2017.jpg\",\"contentUrl\":\"https:\\\/\\\/gastronomicament.cat\\\/wp-content\\\/uploads\\\/2017\\\/05\\\/Fira-Nocturna-de-la-Patata-sa-Pobla-Mallorca-2017.jpg\",\"width\":640,\"height\":300},{\"@type\":\"WebSite\",\"@id\":\"https:\\\/\\\/gastronomicament.cat\\\/de\\\/#website\",\"url\":\"https:\\\/\\\/gastronomicament.cat\\\/de\\\/\",\"name\":\"Gastron\u00f2micament\",\"description\":\"Portal de restaurants, receptes i actualitat gastron\u00f2mica\",\"publisher\":{\"@id\":\"https:\\\/\\\/gastronomicament.cat\\\/de\\\/#organization\"},\"potentialAction\":[{\"@type\":\"SearchAction\",\"target\":{\"@type\":\"EntryPoint\",\"urlTemplate\":\"https:\\\/\\\/gastronomicament.cat\\\/de\\\/?s={search_term_string}\"},\"query-input\":{\"@type\":\"PropertyValueSpecification\",\"valueRequired\":true,\"valueName\":\"search_term_string\"}}],\"inLanguage\":\"de\"},{\"@type\":\"Organization\",\"@id\":\"https:\\\/\\\/gastronomicament.cat\\\/de\\\/#organization\",\"name\":\"Gastron\u00f2micament\",\"url\":\"https:\\\/\\\/gastronomicament.cat\\\/de\\\/\",\"logo\":{\"@type\":\"ImageObject\",\"inLanguage\":\"de\",\"@id\":\"https:\\\/\\\/gastronomicament.cat\\\/de\\\/#\\\/schema\\\/logo\\\/image\\\/\",\"url\":\"https:\\\/\\\/gastronomicament.cat\\\/wp-content\\\/uploads\\\/2016\\\/09\\\/header-logo.jpg\",\"contentUrl\":\"https:\\\/\\\/gastronomicament.cat\\\/wp-content\\\/uploads\\\/2016\\\/09\\\/header-logo.jpg\",\"width\":277,\"height\":39,\"caption\":\"Gastron\u00f2micament\"},\"image\":{\"@id\":\"https:\\\/\\\/gastronomicament.cat\\\/de\\\/#\\\/schema\\\/logo\\\/image\\\/\"},\"sameAs\":[\"https:\\\/\\\/x.com\\\/gastronomicamen\"]},{\"@type\":\"Person\",\"@id\":\"https:\\\/\\\/gastronomicament.cat\\\/de\\\/#\\\/schema\\\/person\\\/a7c85c537a1ed62799a5b8e0f686a37f\",\"name\":\"Redacci\u00f3\",\"image\":{\"@type\":\"ImageObject\",\"inLanguage\":\"de\",\"@id\":\"https:\\\/\\\/secure.gravatar.com\\\/avatar\\\/9489a485c464fd611d33825daae651d13db70c4e74c65c94937a15a9d4c3ee14?s=96&d=mm&r=g69fea3cce3645dfa2166e7293e22955e\",\"url\":\"https:\\\/\\\/secure.gravatar.com\\\/avatar\\\/9489a485c464fd611d33825daae651d13db70c4e74c65c94937a15a9d4c3ee14?s=96&d=mm&r=g\",\"contentUrl\":\"https:\\\/\\\/secure.gravatar.com\\\/avatar\\\/9489a485c464fd611d33825daae651d13db70c4e74c65c94937a15a9d4c3ee14?s=96&d=mm&r=g\",\"caption\":\"Redacci\u00f3\"},\"sameAs\":[\"http:\\\/\\\/gastronomicament.cat\"],\"url\":\"https:\\\/\\\/gastronomicament.cat\\\/de\\\/author\\\/admin\"}]}<\/script>\n<!-- \/ Yoast SEO plugin. -->","yoast_head_json":{"title":"M\u00e9s de 80 plats per tastar durant la Fira Nocturna de la Patata - Gastron\u00f2micament","description":"M\u00e9s de 80 plats per tastar durant la Fira Nocturna de la Patata Actualitat Se celebra a sa Pobla, els dies 2 i 3 de juny, a partir de les 19.30 hores.","robots":{"index":"index","follow":"follow","max-snippet":"max-snippet:-1","max-image-preview":"max-image-preview:large","max-video-preview":"max-video-preview:-1"},"canonical":"https:\/\/gastronomicament.cat\/de\/mes-de-80-plats-per-tastar-durant-la-fira-nocturna-de-la-patata","og_locale":"de_DE","og_type":"article","og_title":"M\u00e9s de 80 plats per tastar durant la Fira Nocturna de la Patata - Gastron\u00f2micament","og_description":"M\u00e9s de 80 plats per tastar durant la Fira Nocturna de la Patata Actualitat Se celebra a sa Pobla, els dies 2 i 3 de juny, a partir de les 19.30 hores.","og_url":"https:\/\/gastronomicament.cat\/de\/mes-de-80-plats-per-tastar-durant-la-fira-nocturna-de-la-patata","og_site_name":"Gastron\u00f2micament","article_published_time":"2017-05-30T08:10:07+00:00","og_image":[{"width":640,"height":300,"url":"https:\/\/gastronomicament.cat\/wp-content\/uploads\/2017\/05\/Fira-Nocturna-de-la-Patata-sa-Pobla-Mallorca-2017.jpg","type":"image\/jpeg"}],"author":"Redacci\u00f3","twitter_card":"summary_large_image","twitter_creator":"@gastronomicamen","twitter_site":"@gastronomicamen","twitter_misc":{"Verfasst von":"Redacci\u00f3","Gesch\u00e4tzte Lesezeit":"5\u00a0Minuten","Written by":"Redacci\u00f3"},"schema":{"@context":"https:\/\/schema.org","@graph":[{"@type":"Article","@id":"https:\/\/gastronomicament.cat\/de\/mes-de-80-plats-per-tastar-durant-la-fira-nocturna-de-la-patata#article","isPartOf":{"@id":"https:\/\/gastronomicament.cat\/de\/mes-de-80-plats-per-tastar-durant-la-fira-nocturna-de-la-patata"},"author":{"name":"Redacci\u00f3","@id":"https:\/\/gastronomicament.cat\/de\/#\/schema\/person\/a7c85c537a1ed62799a5b8e0f686a37f"},"headline":"M\u00e9s de 80 plats per tastar durant la Fira Nocturna de la Patata","datePublished":"2017-05-30T08:10:07+00:00","mainEntityOfPage":{"@id":"https:\/\/gastronomicament.cat\/de\/mes-de-80-plats-per-tastar-durant-la-fira-nocturna-de-la-patata"},"wordCount":965,"commentCount":0,"publisher":{"@id":"https:\/\/gastronomicament.cat\/de\/#organization"},"image":{"@id":"https:\/\/gastronomicament.cat\/de\/mes-de-80-plats-per-tastar-durant-la-fira-nocturna-de-la-patata#primaryimage"},"thumbnailUrl":"https:\/\/gastronomicament.cat\/wp-content\/uploads\/2017\/05\/Fira-Nocturna-de-la-Patata-sa-Pobla-Mallorca-2017.jpg","articleSection":["Actualitat"],"inLanguage":"de","potentialAction":[{"@type":"CommentAction","name":"Comment","target":["https:\/\/gastronomicament.cat\/de\/mes-de-80-plats-per-tastar-durant-la-fira-nocturna-de-la-patata#respond"]}]},{"@type":"WebPage","@id":"https:\/\/gastronomicament.cat\/de\/mes-de-80-plats-per-tastar-durant-la-fira-nocturna-de-la-patata","url":"https:\/\/gastronomicament.cat\/de\/mes-de-80-plats-per-tastar-durant-la-fira-nocturna-de-la-patata","name":"M\u00e9s de 80 plats per tastar durant la Fira Nocturna de la Patata - Gastron\u00f2micament","isPartOf":{"@id":"https:\/\/gastronomicament.cat\/de\/#website"},"primaryImageOfPage":{"@id":"https:\/\/gastronomicament.cat\/de\/mes-de-80-plats-per-tastar-durant-la-fira-nocturna-de-la-patata#primaryimage"},"image":{"@id":"https:\/\/gastronomicament.cat\/de\/mes-de-80-plats-per-tastar-durant-la-fira-nocturna-de-la-patata#primaryimage"},"thumbnailUrl":"https:\/\/gastronomicament.cat\/wp-content\/uploads\/2017\/05\/Fira-Nocturna-de-la-Patata-sa-Pobla-Mallorca-2017.jpg","datePublished":"2017-05-30T08:10:07+00:00","description":"M\u00e9s de 80 plats per tastar durant la Fira Nocturna de la Patata Actualitat Se celebra a sa Pobla, els dies 2 i 3 de juny, a partir de les 19.30 hores.","inLanguage":"de","potentialAction":[{"@type":"ReadAction","target":["https:\/\/gastronomicament.cat\/de\/mes-de-80-plats-per-tastar-durant-la-fira-nocturna-de-la-patata"]}]},{"@type":"ImageObject","inLanguage":"de","@id":"https:\/\/gastronomicament.cat\/de\/mes-de-80-plats-per-tastar-durant-la-fira-nocturna-de-la-patata#primaryimage","url":"https:\/\/gastronomicament.cat\/wp-content\/uploads\/2017\/05\/Fira-Nocturna-de-la-Patata-sa-Pobla-Mallorca-2017.jpg","contentUrl":"https:\/\/gastronomicament.cat\/wp-content\/uploads\/2017\/05\/Fira-Nocturna-de-la-Patata-sa-Pobla-Mallorca-2017.jpg","width":640,"height":300},{"@type":"WebSite","@id":"https:\/\/gastronomicament.cat\/de\/#website","url":"https:\/\/gastronomicament.cat\/de\/","name":"Gastron\u00f2micament","description":"Portal de restaurants, receptes i actualitat gastron\u00f2mica","publisher":{"@id":"https:\/\/gastronomicament.cat\/de\/#organization"},"potentialAction":[{"@type":"SearchAction","target":{"@type":"EntryPoint","urlTemplate":"https:\/\/gastronomicament.cat\/de\/?s={search_term_string}"},"query-input":{"@type":"PropertyValueSpecification","valueRequired":true,"valueName":"search_term_string"}}],"inLanguage":"de"},{"@type":"Organization","@id":"https:\/\/gastronomicament.cat\/de\/#organization","name":"Gastron\u00f2micament","url":"https:\/\/gastronomicament.cat\/de\/","logo":{"@type":"ImageObject","inLanguage":"de","@id":"https:\/\/gastronomicament.cat\/de\/#\/schema\/logo\/image\/","url":"https:\/\/gastronomicament.cat\/wp-content\/uploads\/2016\/09\/header-logo.jpg","contentUrl":"https:\/\/gastronomicament.cat\/wp-content\/uploads\/2016\/09\/header-logo.jpg","width":277,"height":39,"caption":"Gastron\u00f2micament"},"image":{"@id":"https:\/\/gastronomicament.cat\/de\/#\/schema\/logo\/image\/"},"sameAs":["https:\/\/x.com\/gastronomicamen"]},{"@type":"Person","@id":"https:\/\/gastronomicament.cat\/de\/#\/schema\/person\/a7c85c537a1ed62799a5b8e0f686a37f","name":"Redacci\u00f3","image":{"@type":"ImageObject","inLanguage":"de","@id":"https:\/\/secure.gravatar.com\/avatar\/9489a485c464fd611d33825daae651d13db70c4e74c65c94937a15a9d4c3ee14?s=96&d=mm&r=g69fea3cce3645dfa2166e7293e22955e","url":"https:\/\/secure.gravatar.com\/avatar\/9489a485c464fd611d33825daae651d13db70c4e74c65c94937a15a9d4c3ee14?s=96&d=mm&r=g","contentUrl":"https:\/\/secure.gravatar.com\/avatar\/9489a485c464fd611d33825daae651d13db70c4e74c65c94937a15a9d4c3ee14?s=96&d=mm&r=g","caption":"Redacci\u00f3"},"sameAs":["http:\/\/gastronomicament.cat"],"url":"https:\/\/gastronomicament.cat\/de\/author\/admin"}]}},"_links":{"self":[{"href":"https:\/\/gastronomicament.cat\/de\/wp-json\/wp\/v2\/posts\/69489","targetHints":{"allow":["GET"]}}],"collection":[{"href":"https:\/\/gastronomicament.cat\/de\/wp-json\/wp\/v2\/posts"}],"about":[{"href":"https:\/\/gastronomicament.cat\/de\/wp-json\/wp\/v2\/types\/post"}],"author":[{"embeddable":true,"href":"https:\/\/gastronomicament.cat\/de\/wp-json\/wp\/v2\/users\/1"}],"replies":[{"embeddable":true,"href":"https:\/\/gastronomicament.cat\/de\/wp-json\/wp\/v2\/comments?post=69489"}],"version-history":[{"count":0,"href":"https:\/\/gastronomicament.cat\/de\/wp-json\/wp\/v2\/posts\/69489\/revisions"}],"wp:featuredmedia":[{"embeddable":true,"href":"https:\/\/gastronomicament.cat\/de\/wp-json\/wp\/v2\/media\/58204"}],"wp:attachment":[{"href":"https:\/\/gastronomicament.cat\/de\/wp-json\/wp\/v2\/media?parent=69489"}],"wp:term":[{"taxonomy":"category","embeddable":true,"href":"https:\/\/gastronomicament.cat\/de\/wp-json\/wp\/v2\/categories?post=69489"},{"taxonomy":"post_tag","embeddable":true,"href":"https:\/\/gastronomicament.cat\/de\/wp-json\/wp\/v2\/tags?post=69489"},{"taxonomy":"author","embeddable":true,"href":"https:\/\/gastronomicament.cat\/de\/wp-json\/wp\/v2\/coauthors?post=69489"}],"curies":[{"name":"wp","href":"https:\/\/api.w.org\/{rel}","templated":true}]}}