{"id":69510,"date":"2017-05-19T10:32:31","date_gmt":"2017-05-19T08:32:31","guid":{"rendered":"https:\/\/gastronomicament.cat\/fira-ecologica-ruta-gastronomica-puigpunyent"},"modified":"2017-05-19T10:32:31","modified_gmt":"2017-05-19T08:32:31","slug":"fira-ecologica-ruta-gastronomica-puigpunyent","status":"publish","type":"post","link":"https:\/\/gastronomicament.cat\/de\/fira-ecologica-ruta-gastronomica-puigpunyent","title":{"rendered":"Fira Ecol\u00f2gica i ruta gastron\u00f2mica a Puigpunyent"},"content":{"rendered":"<blockquote><p><em>Dissabte 27 i diumenge 28 tendr\u00e0 lloc la Fira Ecol\u00f2gica i Artesana amb m\u00fasica, producte local, tall amb verduc i taller d&#8217;herbes<\/em><\/p><\/blockquote>\n<p>Tot est\u00e0 preparat per celebrar la Fira Ecol\u00f2gica i Artesana de Puigpunyent, que tendr\u00e0 lloc els dies 27 i 28 de maig.<\/p>\n<p>El sus es donar\u00e0 dissabte capvespre,\u00a0<strong>dia 27 de maig<\/strong>, amb el format nocturn de la Fira, a partir de les 18 hores. Hi haur\u00e0 activitats infantils, un concert de bols tibetans i un taller de m\u00fasiques i danses d\u2019\u00c0frica.<\/p>\n<p>L&#8217;accent gastron\u00f2mic el posar\u00e0, el<strong>\u00a0taller d\u2019herbes<\/strong>\u00a0de mestre Biel, que es far\u00e0 a la Pla\u00e7a de l&#8217;Ajuntament, a les 19 hores. Nom\u00e9s heu de dur una botella de vidre d&#8217;1 litre. L&#8217;encarregada d&#8217;impartir-lo ser\u00e0 Margalida Ballester. El preu \u00e9s de 8 \u20ac.<\/p>\n<p>Tamb\u00e9 cal destacar el\u00a0<strong>sopar de fira Fet a Puigpunyent<\/strong>, on hi tastareu els productes que es fan al municipi: pa de xeixa del Forn s\u2019Estanc, oli Son Ferretjans, sobrassada Can Ribas, cireres de Son Puig, cervesa Galilea, vins dels cellers Son Puig i Son Vic de Superna, a m\u00e9s de formatge ecol\u00f2gic Son Jover. El preu \u00e9s de 8 euros i tendr\u00e0 lloc a les 21:30 h del mateix dissabte 27 de maig.\u00a0Els tiquests es vendran a l&#8217;Ajuntament fins dia 25 de maig.<\/p>\n<p><strong>Diumenge, dia 28<\/strong>, a partir de les\u00a010 hores, hi trobareu la fira ecol\u00f2gica, amb, artesania, xeremiers, tir amb fona, ballada i ruta gastron\u00f2mica.<\/p>\n<p><strong>Ruta Gastron\u00f2mica Ecol\u00f2gica<\/strong><\/p>\n<p>Un total de 6 restaurants de Puigpunyent participen a la Ruta Gastron\u00f2mica Ecol\u00f2gica, que tendr\u00e0 lloc diumenge 28, a partir de les 13.30 hores. Aquests s\u00f3n els restaurants i els plats que hi oferiran:<\/p>\n<ul>\n<li><strong>La Vila<\/strong>: espatlla de me ecol\u00f2gic al forn<\/li>\n<li><strong>Ca sa Nina<\/strong>: lasanya de verdures ecol\u00f2giques i past\u00eds de llimona ecol\u00f2gica<\/li>\n<li><strong>Es Pont<\/strong>: frit de verdures ecol\u00f2giques<\/li>\n<li><strong>Bistro the Rose<\/strong>: hamburguesa de black angus amb pa ecol\u00f2gic i past\u00eds de poma ecol\u00f2gica<\/li>\n<li><strong>Can Jordi<\/strong>: hamburguesa de quinoa ecol\u00f2gica amb verdures de temporada ecol\u00f2giques i past\u00eds de cervesa negra ecol\u00f2gica<\/li>\n<li><strong>Ses Cotxeries<\/strong>: frit mallorqu\u00ed ecol\u00f2gic<\/li>\n<\/ul>\n<p>La jornada acabar\u00e0 amb el\u00a0<strong>concurs de verduc<\/strong>, a les 16.30 hores, a la Pla\u00e7a de l&#8217;Ajuntament; i\u00a0amb la posterior actuaci\u00f3 de la batucada Malaka i l&#8217;estrena de la batucada Mini-Malaka.<\/p>\n<p>Consultau tot el programa a:\u00a0<a href=\"http:\/\/www.puigpunyent.cat\/documents\/popup.pdf\">www.puigpunyent.cat<\/a><\/p>\n","protected":false},"excerpt":{"rendered":"<p>Dissabte 27 i diumenge 28 tendr\u00e0 lloc la Fira Ecol\u00f2gica i Artesana amb m\u00fasica, producte local,&hellip;<\/p>\n","protected":false},"author":1,"featured_media":58110,"comment_status":"open","ping_status":"closed","sticky":false,"template":"","format":"standard","meta":{"_acf_changed":false,"_swt_meta_header_display":false,"_swt_meta_footer_display":false,"_swt_meta_site_title_display":false,"_swt_meta_sticky_header":false,"_swt_meta_transparent_header":false,"footnotes":""},"categories":[1050],"tags":[],"coauthors":[],"class_list":["post-69510","post","type-post","status-publish","format-standard","has-post-thumbnail","hentry","category-actualitat-es-de"],"acf":{"gallery":null,"home_date":{"home_begin_date":null,"home_end_date":null}},"yoast_head":"<!-- This site is optimized with the Yoast SEO plugin v27.4 - https:\/\/yoast.com\/product\/yoast-seo-wordpress\/ -->\n<title>Fira Ecol\u00f2gica i ruta gastron\u00f2mica a Puigpunyent - Gastron\u00f2micament<\/title>\n<meta name=\"description\" content=\"Fira Ecol\u00f2gica i ruta gastron\u00f2mica a Puigpunyent Actualitat Dissabte 27 i diumenge 28 tendr\u00e0 lloc la Fira Ecol\u00f2gica i Artesana amb m\u00fasica, producte local, tall amb verduc i taller d&#039;herbes\" \/>\n<meta name=\"robots\" content=\"index, follow, max-snippet:-1, max-image-preview:large, max-video-preview:-1\" \/>\n<link rel=\"canonical\" href=\"https:\/\/gastronomicament.cat\/de\/fira-ecologica-ruta-gastronomica-puigpunyent\" \/>\n<meta property=\"og:locale\" content=\"de_DE\" \/>\n<meta property=\"og:type\" content=\"article\" \/>\n<meta property=\"og:title\" content=\"Fira Ecol\u00f2gica i ruta gastron\u00f2mica a Puigpunyent - Gastron\u00f2micament\" \/>\n<meta property=\"og:description\" content=\"Fira Ecol\u00f2gica i ruta gastron\u00f2mica a Puigpunyent Actualitat Dissabte 27 i diumenge 28 tendr\u00e0 lloc la Fira Ecol\u00f2gica i Artesana amb m\u00fasica, producte local, tall amb verduc i taller d&#039;herbes\" \/>\n<meta property=\"og:url\" content=\"https:\/\/gastronomicament.cat\/de\/fira-ecologica-ruta-gastronomica-puigpunyent\" \/>\n<meta property=\"og:site_name\" content=\"Gastron\u00f2micament\" \/>\n<meta property=\"article:published_time\" content=\"2017-05-19T08:32:31+00:00\" \/>\n<meta property=\"og:image\" content=\"https:\/\/gastronomicament.cat\/wp-content\/uploads\/2017\/05\/Fira-Ecologia-de-Puigpunyent-2017.jpg\" \/>\n\t<meta property=\"og:image:width\" content=\"945\" \/>\n\t<meta property=\"og:image:height\" content=\"550\" \/>\n\t<meta property=\"og:image:type\" content=\"image\/jpeg\" \/>\n<meta name=\"author\" content=\"Redacci\u00f3\" \/>\n<meta name=\"twitter:card\" content=\"summary_large_image\" \/>\n<meta name=\"twitter:creator\" content=\"@gastronomicamen\" \/>\n<meta name=\"twitter:site\" content=\"@gastronomicamen\" \/>\n<meta name=\"twitter:label1\" content=\"Verfasst von\" \/>\n\t<meta name=\"twitter:data1\" content=\"Redacci\u00f3\" \/>\n\t<meta name=\"twitter:label2\" content=\"Gesch\u00e4tzte Lesezeit\" \/>\n\t<meta name=\"twitter:data2\" content=\"2\u00a0Minuten\" \/>\n\t<meta name=\"twitter:label3\" content=\"Written by\" \/>\n\t<meta name=\"twitter:data3\" content=\"Redacci\u00f3\" \/>\n<script type=\"application\/ld+json\" class=\"yoast-schema-graph\">{\"@context\":\"https:\\\/\\\/schema.org\",\"@graph\":[{\"@type\":\"Article\",\"@id\":\"https:\\\/\\\/gastronomicament.cat\\\/de\\\/fira-ecologica-ruta-gastronomica-puigpunyent#article\",\"isPartOf\":{\"@id\":\"https:\\\/\\\/gastronomicament.cat\\\/de\\\/fira-ecologica-ruta-gastronomica-puigpunyent\"},\"author\":{\"name\":\"Redacci\u00f3\",\"@id\":\"https:\\\/\\\/gastronomicament.cat\\\/de\\\/#\\\/schema\\\/person\\\/a7c85c537a1ed62799a5b8e0f686a37f\"},\"headline\":\"Fira Ecol\u00f2gica i ruta gastron\u00f2mica a Puigpunyent\",\"datePublished\":\"2017-05-19T08:32:31+00:00\",\"mainEntityOfPage\":{\"@id\":\"https:\\\/\\\/gastronomicament.cat\\\/de\\\/fira-ecologica-ruta-gastronomica-puigpunyent\"},\"wordCount\":399,\"commentCount\":0,\"publisher\":{\"@id\":\"https:\\\/\\\/gastronomicament.cat\\\/de\\\/#organization\"},\"image\":{\"@id\":\"https:\\\/\\\/gastronomicament.cat\\\/de\\\/fira-ecologica-ruta-gastronomica-puigpunyent#primaryimage\"},\"thumbnailUrl\":\"https:\\\/\\\/gastronomicament.cat\\\/wp-content\\\/uploads\\\/2017\\\/05\\\/Fira-Ecologia-de-Puigpunyent-2017.jpg\",\"articleSection\":[\"Actualitat\"],\"inLanguage\":\"de\",\"potentialAction\":[{\"@type\":\"CommentAction\",\"name\":\"Comment\",\"target\":[\"https:\\\/\\\/gastronomicament.cat\\\/de\\\/fira-ecologica-ruta-gastronomica-puigpunyent#respond\"]}]},{\"@type\":\"WebPage\",\"@id\":\"https:\\\/\\\/gastronomicament.cat\\\/de\\\/fira-ecologica-ruta-gastronomica-puigpunyent\",\"url\":\"https:\\\/\\\/gastronomicament.cat\\\/de\\\/fira-ecologica-ruta-gastronomica-puigpunyent\",\"name\":\"Fira Ecol\u00f2gica i ruta gastron\u00f2mica a Puigpunyent - Gastron\u00f2micament\",\"isPartOf\":{\"@id\":\"https:\\\/\\\/gastronomicament.cat\\\/de\\\/#website\"},\"primaryImageOfPage\":{\"@id\":\"https:\\\/\\\/gastronomicament.cat\\\/de\\\/fira-ecologica-ruta-gastronomica-puigpunyent#primaryimage\"},\"image\":{\"@id\":\"https:\\\/\\\/gastronomicament.cat\\\/de\\\/fira-ecologica-ruta-gastronomica-puigpunyent#primaryimage\"},\"thumbnailUrl\":\"https:\\\/\\\/gastronomicament.cat\\\/wp-content\\\/uploads\\\/2017\\\/05\\\/Fira-Ecologia-de-Puigpunyent-2017.jpg\",\"datePublished\":\"2017-05-19T08:32:31+00:00\",\"description\":\"Fira Ecol\u00f2gica i ruta gastron\u00f2mica a Puigpunyent Actualitat Dissabte 27 i diumenge 28 tendr\u00e0 lloc la Fira Ecol\u00f2gica i Artesana amb m\u00fasica, producte local, tall amb verduc i taller d'herbes\",\"inLanguage\":\"de\",\"potentialAction\":[{\"@type\":\"ReadAction\",\"target\":[\"https:\\\/\\\/gastronomicament.cat\\\/de\\\/fira-ecologica-ruta-gastronomica-puigpunyent\"]}]},{\"@type\":\"ImageObject\",\"inLanguage\":\"de\",\"@id\":\"https:\\\/\\\/gastronomicament.cat\\\/de\\\/fira-ecologica-ruta-gastronomica-puigpunyent#primaryimage\",\"url\":\"https:\\\/\\\/gastronomicament.cat\\\/wp-content\\\/uploads\\\/2017\\\/05\\\/Fira-Ecologia-de-Puigpunyent-2017.jpg\",\"contentUrl\":\"https:\\\/\\\/gastronomicament.cat\\\/wp-content\\\/uploads\\\/2017\\\/05\\\/Fira-Ecologia-de-Puigpunyent-2017.jpg\",\"width\":945,\"height\":550},{\"@type\":\"WebSite\",\"@id\":\"https:\\\/\\\/gastronomicament.cat\\\/de\\\/#website\",\"url\":\"https:\\\/\\\/gastronomicament.cat\\\/de\\\/\",\"name\":\"Gastron\u00f2micament\",\"description\":\"Portal de restaurants, receptes i actualitat gastron\u00f2mica\",\"publisher\":{\"@id\":\"https:\\\/\\\/gastronomicament.cat\\\/de\\\/#organization\"},\"potentialAction\":[{\"@type\":\"SearchAction\",\"target\":{\"@type\":\"EntryPoint\",\"urlTemplate\":\"https:\\\/\\\/gastronomicament.cat\\\/de\\\/?s={search_term_string}\"},\"query-input\":{\"@type\":\"PropertyValueSpecification\",\"valueRequired\":true,\"valueName\":\"search_term_string\"}}],\"inLanguage\":\"de\"},{\"@type\":\"Organization\",\"@id\":\"https:\\\/\\\/gastronomicament.cat\\\/de\\\/#organization\",\"name\":\"Gastron\u00f2micament\",\"url\":\"https:\\\/\\\/gastronomicament.cat\\\/de\\\/\",\"logo\":{\"@type\":\"ImageObject\",\"inLanguage\":\"de\",\"@id\":\"https:\\\/\\\/gastronomicament.cat\\\/de\\\/#\\\/schema\\\/logo\\\/image\\\/\",\"url\":\"https:\\\/\\\/gastronomicament.cat\\\/wp-content\\\/uploads\\\/2016\\\/09\\\/header-logo.jpg\",\"contentUrl\":\"https:\\\/\\\/gastronomicament.cat\\\/wp-content\\\/uploads\\\/2016\\\/09\\\/header-logo.jpg\",\"width\":277,\"height\":39,\"caption\":\"Gastron\u00f2micament\"},\"image\":{\"@id\":\"https:\\\/\\\/gastronomicament.cat\\\/de\\\/#\\\/schema\\\/logo\\\/image\\\/\"},\"sameAs\":[\"https:\\\/\\\/x.com\\\/gastronomicamen\"]},{\"@type\":\"Person\",\"@id\":\"https:\\\/\\\/gastronomicament.cat\\\/de\\\/#\\\/schema\\\/person\\\/a7c85c537a1ed62799a5b8e0f686a37f\",\"name\":\"Redacci\u00f3\",\"image\":{\"@type\":\"ImageObject\",\"inLanguage\":\"de\",\"@id\":\"https:\\\/\\\/secure.gravatar.com\\\/avatar\\\/9489a485c464fd611d33825daae651d13db70c4e74c65c94937a15a9d4c3ee14?s=96&d=mm&r=g69fea3cce3645dfa2166e7293e22955e\",\"url\":\"https:\\\/\\\/secure.gravatar.com\\\/avatar\\\/9489a485c464fd611d33825daae651d13db70c4e74c65c94937a15a9d4c3ee14?s=96&d=mm&r=g\",\"contentUrl\":\"https:\\\/\\\/secure.gravatar.com\\\/avatar\\\/9489a485c464fd611d33825daae651d13db70c4e74c65c94937a15a9d4c3ee14?s=96&d=mm&r=g\",\"caption\":\"Redacci\u00f3\"},\"sameAs\":[\"http:\\\/\\\/gastronomicament.cat\"],\"url\":\"https:\\\/\\\/gastronomicament.cat\\\/de\\\/author\\\/admin\"}]}<\/script>\n<!-- \/ Yoast SEO plugin. -->","yoast_head_json":{"title":"Fira Ecol\u00f2gica i ruta gastron\u00f2mica a Puigpunyent - Gastron\u00f2micament","description":"Fira Ecol\u00f2gica i ruta gastron\u00f2mica a Puigpunyent Actualitat Dissabte 27 i diumenge 28 tendr\u00e0 lloc la Fira Ecol\u00f2gica i Artesana amb m\u00fasica, producte local, tall amb verduc i taller d'herbes","robots":{"index":"index","follow":"follow","max-snippet":"max-snippet:-1","max-image-preview":"max-image-preview:large","max-video-preview":"max-video-preview:-1"},"canonical":"https:\/\/gastronomicament.cat\/de\/fira-ecologica-ruta-gastronomica-puigpunyent","og_locale":"de_DE","og_type":"article","og_title":"Fira Ecol\u00f2gica i ruta gastron\u00f2mica a Puigpunyent - Gastron\u00f2micament","og_description":"Fira Ecol\u00f2gica i ruta gastron\u00f2mica a Puigpunyent Actualitat Dissabte 27 i diumenge 28 tendr\u00e0 lloc la Fira Ecol\u00f2gica i Artesana amb m\u00fasica, producte local, tall amb verduc i taller d'herbes","og_url":"https:\/\/gastronomicament.cat\/de\/fira-ecologica-ruta-gastronomica-puigpunyent","og_site_name":"Gastron\u00f2micament","article_published_time":"2017-05-19T08:32:31+00:00","og_image":[{"width":945,"height":550,"url":"https:\/\/gastronomicament.cat\/wp-content\/uploads\/2017\/05\/Fira-Ecologia-de-Puigpunyent-2017.jpg","type":"image\/jpeg"}],"author":"Redacci\u00f3","twitter_card":"summary_large_image","twitter_creator":"@gastronomicamen","twitter_site":"@gastronomicamen","twitter_misc":{"Verfasst von":"Redacci\u00f3","Gesch\u00e4tzte Lesezeit":"2\u00a0Minuten","Written by":"Redacci\u00f3"},"schema":{"@context":"https:\/\/schema.org","@graph":[{"@type":"Article","@id":"https:\/\/gastronomicament.cat\/de\/fira-ecologica-ruta-gastronomica-puigpunyent#article","isPartOf":{"@id":"https:\/\/gastronomicament.cat\/de\/fira-ecologica-ruta-gastronomica-puigpunyent"},"author":{"name":"Redacci\u00f3","@id":"https:\/\/gastronomicament.cat\/de\/#\/schema\/person\/a7c85c537a1ed62799a5b8e0f686a37f"},"headline":"Fira Ecol\u00f2gica i ruta gastron\u00f2mica a Puigpunyent","datePublished":"2017-05-19T08:32:31+00:00","mainEntityOfPage":{"@id":"https:\/\/gastronomicament.cat\/de\/fira-ecologica-ruta-gastronomica-puigpunyent"},"wordCount":399,"commentCount":0,"publisher":{"@id":"https:\/\/gastronomicament.cat\/de\/#organization"},"image":{"@id":"https:\/\/gastronomicament.cat\/de\/fira-ecologica-ruta-gastronomica-puigpunyent#primaryimage"},"thumbnailUrl":"https:\/\/gastronomicament.cat\/wp-content\/uploads\/2017\/05\/Fira-Ecologia-de-Puigpunyent-2017.jpg","articleSection":["Actualitat"],"inLanguage":"de","potentialAction":[{"@type":"CommentAction","name":"Comment","target":["https:\/\/gastronomicament.cat\/de\/fira-ecologica-ruta-gastronomica-puigpunyent#respond"]}]},{"@type":"WebPage","@id":"https:\/\/gastronomicament.cat\/de\/fira-ecologica-ruta-gastronomica-puigpunyent","url":"https:\/\/gastronomicament.cat\/de\/fira-ecologica-ruta-gastronomica-puigpunyent","name":"Fira Ecol\u00f2gica i ruta gastron\u00f2mica a Puigpunyent - Gastron\u00f2micament","isPartOf":{"@id":"https:\/\/gastronomicament.cat\/de\/#website"},"primaryImageOfPage":{"@id":"https:\/\/gastronomicament.cat\/de\/fira-ecologica-ruta-gastronomica-puigpunyent#primaryimage"},"image":{"@id":"https:\/\/gastronomicament.cat\/de\/fira-ecologica-ruta-gastronomica-puigpunyent#primaryimage"},"thumbnailUrl":"https:\/\/gastronomicament.cat\/wp-content\/uploads\/2017\/05\/Fira-Ecologia-de-Puigpunyent-2017.jpg","datePublished":"2017-05-19T08:32:31+00:00","description":"Fira Ecol\u00f2gica i ruta gastron\u00f2mica a Puigpunyent Actualitat Dissabte 27 i diumenge 28 tendr\u00e0 lloc la Fira Ecol\u00f2gica i Artesana amb m\u00fasica, producte local, tall amb verduc i taller d'herbes","inLanguage":"de","potentialAction":[{"@type":"ReadAction","target":["https:\/\/gastronomicament.cat\/de\/fira-ecologica-ruta-gastronomica-puigpunyent"]}]},{"@type":"ImageObject","inLanguage":"de","@id":"https:\/\/gastronomicament.cat\/de\/fira-ecologica-ruta-gastronomica-puigpunyent#primaryimage","url":"https:\/\/gastronomicament.cat\/wp-content\/uploads\/2017\/05\/Fira-Ecologia-de-Puigpunyent-2017.jpg","contentUrl":"https:\/\/gastronomicament.cat\/wp-content\/uploads\/2017\/05\/Fira-Ecologia-de-Puigpunyent-2017.jpg","width":945,"height":550},{"@type":"WebSite","@id":"https:\/\/gastronomicament.cat\/de\/#website","url":"https:\/\/gastronomicament.cat\/de\/","name":"Gastron\u00f2micament","description":"Portal de restaurants, receptes i actualitat gastron\u00f2mica","publisher":{"@id":"https:\/\/gastronomicament.cat\/de\/#organization"},"potentialAction":[{"@type":"SearchAction","target":{"@type":"EntryPoint","urlTemplate":"https:\/\/gastronomicament.cat\/de\/?s={search_term_string}"},"query-input":{"@type":"PropertyValueSpecification","valueRequired":true,"valueName":"search_term_string"}}],"inLanguage":"de"},{"@type":"Organization","@id":"https:\/\/gastronomicament.cat\/de\/#organization","name":"Gastron\u00f2micament","url":"https:\/\/gastronomicament.cat\/de\/","logo":{"@type":"ImageObject","inLanguage":"de","@id":"https:\/\/gastronomicament.cat\/de\/#\/schema\/logo\/image\/","url":"https:\/\/gastronomicament.cat\/wp-content\/uploads\/2016\/09\/header-logo.jpg","contentUrl":"https:\/\/gastronomicament.cat\/wp-content\/uploads\/2016\/09\/header-logo.jpg","width":277,"height":39,"caption":"Gastron\u00f2micament"},"image":{"@id":"https:\/\/gastronomicament.cat\/de\/#\/schema\/logo\/image\/"},"sameAs":["https:\/\/x.com\/gastronomicamen"]},{"@type":"Person","@id":"https:\/\/gastronomicament.cat\/de\/#\/schema\/person\/a7c85c537a1ed62799a5b8e0f686a37f","name":"Redacci\u00f3","image":{"@type":"ImageObject","inLanguage":"de","@id":"https:\/\/secure.gravatar.com\/avatar\/9489a485c464fd611d33825daae651d13db70c4e74c65c94937a15a9d4c3ee14?s=96&d=mm&r=g69fea3cce3645dfa2166e7293e22955e","url":"https:\/\/secure.gravatar.com\/avatar\/9489a485c464fd611d33825daae651d13db70c4e74c65c94937a15a9d4c3ee14?s=96&d=mm&r=g","contentUrl":"https:\/\/secure.gravatar.com\/avatar\/9489a485c464fd611d33825daae651d13db70c4e74c65c94937a15a9d4c3ee14?s=96&d=mm&r=g","caption":"Redacci\u00f3"},"sameAs":["http:\/\/gastronomicament.cat"],"url":"https:\/\/gastronomicament.cat\/de\/author\/admin"}]}},"_links":{"self":[{"href":"https:\/\/gastronomicament.cat\/de\/wp-json\/wp\/v2\/posts\/69510","targetHints":{"allow":["GET"]}}],"collection":[{"href":"https:\/\/gastronomicament.cat\/de\/wp-json\/wp\/v2\/posts"}],"about":[{"href":"https:\/\/gastronomicament.cat\/de\/wp-json\/wp\/v2\/types\/post"}],"author":[{"embeddable":true,"href":"https:\/\/gastronomicament.cat\/de\/wp-json\/wp\/v2\/users\/1"}],"replies":[{"embeddable":true,"href":"https:\/\/gastronomicament.cat\/de\/wp-json\/wp\/v2\/comments?post=69510"}],"version-history":[{"count":0,"href":"https:\/\/gastronomicament.cat\/de\/wp-json\/wp\/v2\/posts\/69510\/revisions"}],"wp:featuredmedia":[{"embeddable":true,"href":"https:\/\/gastronomicament.cat\/de\/wp-json\/wp\/v2\/media\/58110"}],"wp:attachment":[{"href":"https:\/\/gastronomicament.cat\/de\/wp-json\/wp\/v2\/media?parent=69510"}],"wp:term":[{"taxonomy":"category","embeddable":true,"href":"https:\/\/gastronomicament.cat\/de\/wp-json\/wp\/v2\/categories?post=69510"},{"taxonomy":"post_tag","embeddable":true,"href":"https:\/\/gastronomicament.cat\/de\/wp-json\/wp\/v2\/tags?post=69510"},{"taxonomy":"author","embeddable":true,"href":"https:\/\/gastronomicament.cat\/de\/wp-json\/wp\/v2\/coauthors?post=69510"}],"curies":[{"name":"wp","href":"https:\/\/api.w.org\/{rel}","templated":true}]}}