{"id":69563,"date":"2017-04-26T13:41:04","date_gmt":"2017-04-26T11:41:04","guid":{"rendered":"https:\/\/gastronomicament.cat\/nace-farmersco-menorca-la-primera-y-unica-franquicia-de-productos-del-campo-de-menorca"},"modified":"2017-04-26T13:41:04","modified_gmt":"2017-04-26T11:41:04","slug":"nace-farmersco-menorca-la-primera-y-unica-franquicia-de-productos-del-campo-de-menorca","status":"publish","type":"post","link":"https:\/\/gastronomicament.cat\/de\/nace-farmersco-menorca-la-primera-y-unica-franquicia-de-productos-del-campo-de-menorca","title":{"rendered":"Neix Farmers&#038;Co Menorca, la primera i \u00fanica franqu\u00edcia de productes del camp de Menorca"},"content":{"rendered":"<p>Sa Cooperativa del Camp de Menorca, entitat amb m\u00e9s de 600 socis productors i l\u00edder en la distribuci\u00f3 de productes agroalimentaris de Menorca, innova en el seu sector amb el llan\u00e7ament d&#8217;un nou model de negoci, Farmers&amp;Co Menorca, la seva franqu\u00edcia de productes del camp de Menorca.<\/p>\n<p>Els aliments que ofereix el camp de l&#8217;illa i la gran varietat i singularitat de productes artesans directes de productor, s\u00f3n la gran proposta de valor de les franqu\u00edcies Farmers&amp;Co Menorca.<\/p>\n<p>Formatges i embotits artesans, carn de Menorca, fruites i verdures de temporada, rebosteria tradicional, condiments i infusions, vins i licors i artesania, aix\u00ed com la possibilitat de complementar el negoci amb una barra de degustaci\u00f3 o la comercialitzaci\u00f3 d&#8217;experi\u00e8ncies rurals a Menorca, directament relacionades amb els seus productors.<\/p>\n<p><strong>Farmers&amp;Co Menorca preveu dos models de franqu\u00edcia diferents<\/strong>. D&#8217;una banda, el format Corner, un espai redu\u00eft dins d&#8217;un altre negoci que permet complementar o expandir un comer\u00e7 que ja estigui en marxa. D&#8217;altra banda, el format Botiga, m\u00e9s enfocat a aquelles persones que busquin invertir en un negoci de vida. Farmers&amp;Co Menorca inicia la seva estrat\u00e8gia d&#8217;expansi\u00f3 nacional amb la participaci\u00f3 en Expofranquicia, una fira de refer\u00e8ncia en el sector que compta enguany amb m\u00e9s de 500 expositors i una previsi\u00f3 d&#8217;assist\u00e8ncia de 15.000 visitants.<\/p>\n<p>La xarxa de franqu\u00edcies creada, impulsada i avalada per Sa Cooperativa del Camp d\u00f3na resposta al seu\u00a0<strong>comprom\u00eds de donar visibilitat al sector rural de l&#8217;illa i obrir-se a nous mercats per assegurar-ne la viabilitat futura<\/strong>.<\/p>\n<p>Podeu con\u00e8ixer de m\u00e9s a prop Farmers&amp;Co Menorca a:\u00a0<a href=\"http:\/\/www.farmersandco.es\/\" target=\"_blank\" rel=\"noopener noreferrer\">www.farmersandco.es<\/a><\/p>\n<p><strong>Sobre Sa Cooperativa del Camp de Menorca<\/strong><\/p>\n<p>Sa Cooperativa del Camp de Menorca \u00e9s fruit de la fusi\u00f3 de les cooperatives agr\u00edcoles de Sant Guillem i Santa Escol\u00e0stica, de Ciutadella, i de la de Sant Lloren\u00e7, d&#8217;Alaior, conegudes popularment com &#8222;les cooperatives dels pagesos&#8220;, que propietaris i pagesos van constituir a mitjans del segle XX perqu\u00e8 les explotacions agr\u00edcoles i ramaderes de l&#8217;illa poguessin fer front a la gran p\u00e8rdua econ\u00f2mica que va representar l&#8217;escassetat de menjar per al bestiar i l&#8217;augment del preu del pinso.<\/p>\n","protected":false},"excerpt":{"rendered":"<p>Sa Cooperativa del Camp de Menorca, entitat amb m\u00e9s de 600 socis productors i l\u00edder en&hellip;<\/p>\n","protected":false},"author":1,"featured_media":57705,"comment_status":"open","ping_status":"closed","sticky":false,"template":"","format":"gallery","meta":{"_acf_changed":false,"_swt_meta_header_display":false,"_swt_meta_footer_display":false,"_swt_meta_site_title_display":false,"_swt_meta_sticky_header":false,"_swt_meta_transparent_header":false,"footnotes":""},"categories":[1050],"tags":[],"coauthors":[],"class_list":["post-69563","post","type-post","status-publish","format-gallery","has-post-thumbnail","hentry","category-actualitat-es-de","post_format-post-format-gallery"],"acf":{"gallery":null,"home_date":{"home_begin_date":null,"home_end_date":null}},"yoast_head":"<!-- This site is optimized with the Yoast SEO plugin v27.4 - https:\/\/yoast.com\/product\/yoast-seo-wordpress\/ -->\n<title>Neix Farmers&amp;Co Menorca, la primera i \u00fanica franqu\u00edcia de productes del camp de Menorca - Gastron\u00f2micament<\/title>\n<meta name=\"description\" content=\"Neix Farmers&amp;Co Menorca, la primera i \u00fanica franqu\u00edcia de productes del camp de Menorca Actualitat Sa Cooperativa del Camp de Menorca, entitat amb m\u00e9s de 600 socis productors i l\u00edder en la distribuci\u00f3 de productes agroalimentaris de Menorca, innova en el seu sector amb el llan\u00e7ament d&#039;un nou model de negoci, Farmers&amp;Co Menorca, la seva franqu\u00edcia de productes del camp de Menorca\" \/>\n<meta name=\"robots\" content=\"index, follow, max-snippet:-1, max-image-preview:large, max-video-preview:-1\" \/>\n<link rel=\"canonical\" href=\"https:\/\/gastronomicament.cat\/de\/nace-farmersco-menorca-la-primera-y-unica-franquicia-de-productos-del-campo-de-menorca\" \/>\n<meta property=\"og:locale\" content=\"de_DE\" \/>\n<meta property=\"og:type\" content=\"article\" \/>\n<meta property=\"og:title\" content=\"Neix Farmers&amp;Co Menorca, la primera i \u00fanica franqu\u00edcia de productes del camp de Menorca - Gastron\u00f2micament\" \/>\n<meta property=\"og:description\" content=\"Neix Farmers&amp;Co Menorca, la primera i \u00fanica franqu\u00edcia de productes del camp de Menorca Actualitat Sa Cooperativa del Camp de Menorca, entitat amb m\u00e9s de 600 socis productors i l\u00edder en la distribuci\u00f3 de productes agroalimentaris de Menorca, innova en el seu sector amb el llan\u00e7ament d&#039;un nou model de negoci, Farmers&amp;Co Menorca, la seva franqu\u00edcia de productes del camp de Menorca\" \/>\n<meta property=\"og:url\" content=\"https:\/\/gastronomicament.cat\/de\/nace-farmersco-menorca-la-primera-y-unica-franquicia-de-productos-del-campo-de-menorca\" \/>\n<meta property=\"og:site_name\" content=\"Gastron\u00f2micament\" \/>\n<meta property=\"article:published_time\" content=\"2017-04-26T11:41:04+00:00\" \/>\n<meta property=\"og:image\" content=\"https:\/\/gastronomicament.cat\/wp-content\/uploads\/2017\/04\/formato-franquicia-farmers-co-menorca.jpg\" \/>\n\t<meta property=\"og:image:width\" content=\"655\" \/>\n\t<meta property=\"og:image:height\" content=\"272\" \/>\n\t<meta property=\"og:image:type\" content=\"image\/jpeg\" \/>\n<meta name=\"author\" content=\"Redacci\u00f3\" \/>\n<meta name=\"twitter:card\" content=\"summary_large_image\" \/>\n<meta name=\"twitter:creator\" content=\"@gastronomicamen\" \/>\n<meta name=\"twitter:site\" content=\"@gastronomicamen\" \/>\n<meta name=\"twitter:label1\" content=\"Verfasst von\" \/>\n\t<meta name=\"twitter:data1\" content=\"Redacci\u00f3\" \/>\n\t<meta name=\"twitter:label2\" content=\"Gesch\u00e4tzte Lesezeit\" \/>\n\t<meta name=\"twitter:data2\" content=\"2\u00a0Minuten\" \/>\n\t<meta name=\"twitter:label3\" content=\"Written by\" \/>\n\t<meta name=\"twitter:data3\" content=\"Redacci\u00f3\" \/>\n<script type=\"application\/ld+json\" class=\"yoast-schema-graph\">{\"@context\":\"https:\\\/\\\/schema.org\",\"@graph\":[{\"@type\":\"Article\",\"@id\":\"https:\\\/\\\/gastronomicament.cat\\\/de\\\/nace-farmersco-menorca-la-primera-y-unica-franquicia-de-productos-del-campo-de-menorca#article\",\"isPartOf\":{\"@id\":\"https:\\\/\\\/gastronomicament.cat\\\/de\\\/nace-farmersco-menorca-la-primera-y-unica-franquicia-de-productos-del-campo-de-menorca\"},\"author\":{\"name\":\"Redacci\u00f3\",\"@id\":\"https:\\\/\\\/gastronomicament.cat\\\/de\\\/#\\\/schema\\\/person\\\/a7c85c537a1ed62799a5b8e0f686a37f\"},\"headline\":\"Neix Farmers&#038;Co Menorca, la primera i \u00fanica franqu\u00edcia de productes del camp de Menorca\",\"datePublished\":\"2017-04-26T11:41:04+00:00\",\"mainEntityOfPage\":{\"@id\":\"https:\\\/\\\/gastronomicament.cat\\\/de\\\/nace-farmersco-menorca-la-primera-y-unica-franquicia-de-productos-del-campo-de-menorca\"},\"wordCount\":392,\"commentCount\":0,\"publisher\":{\"@id\":\"https:\\\/\\\/gastronomicament.cat\\\/de\\\/#organization\"},\"image\":{\"@id\":\"https:\\\/\\\/gastronomicament.cat\\\/de\\\/nace-farmersco-menorca-la-primera-y-unica-franquicia-de-productos-del-campo-de-menorca#primaryimage\"},\"thumbnailUrl\":\"https:\\\/\\\/gastronomicament.cat\\\/wp-content\\\/uploads\\\/2017\\\/04\\\/formato-franquicia-farmers-co-menorca.jpg\",\"articleSection\":[\"Actualitat\"],\"inLanguage\":\"de\",\"potentialAction\":[{\"@type\":\"CommentAction\",\"name\":\"Comment\",\"target\":[\"https:\\\/\\\/gastronomicament.cat\\\/de\\\/nace-farmersco-menorca-la-primera-y-unica-franquicia-de-productos-del-campo-de-menorca#respond\"]}]},{\"@type\":\"WebPage\",\"@id\":\"https:\\\/\\\/gastronomicament.cat\\\/de\\\/nace-farmersco-menorca-la-primera-y-unica-franquicia-de-productos-del-campo-de-menorca\",\"url\":\"https:\\\/\\\/gastronomicament.cat\\\/de\\\/nace-farmersco-menorca-la-primera-y-unica-franquicia-de-productos-del-campo-de-menorca\",\"name\":\"Neix Farmers&Co Menorca, la primera i \u00fanica franqu\u00edcia de productes del camp de Menorca - Gastron\u00f2micament\",\"isPartOf\":{\"@id\":\"https:\\\/\\\/gastronomicament.cat\\\/de\\\/#website\"},\"primaryImageOfPage\":{\"@id\":\"https:\\\/\\\/gastronomicament.cat\\\/de\\\/nace-farmersco-menorca-la-primera-y-unica-franquicia-de-productos-del-campo-de-menorca#primaryimage\"},\"image\":{\"@id\":\"https:\\\/\\\/gastronomicament.cat\\\/de\\\/nace-farmersco-menorca-la-primera-y-unica-franquicia-de-productos-del-campo-de-menorca#primaryimage\"},\"thumbnailUrl\":\"https:\\\/\\\/gastronomicament.cat\\\/wp-content\\\/uploads\\\/2017\\\/04\\\/formato-franquicia-farmers-co-menorca.jpg\",\"datePublished\":\"2017-04-26T11:41:04+00:00\",\"description\":\"Neix Farmers&Co Menorca, la primera i \u00fanica franqu\u00edcia de productes del camp de Menorca Actualitat Sa Cooperativa del Camp de Menorca, entitat amb m\u00e9s de 600 socis productors i l\u00edder en la distribuci\u00f3 de productes agroalimentaris de Menorca, innova en el seu sector amb el llan\u00e7ament d'un nou model de negoci, Farmers&Co Menorca, la seva franqu\u00edcia de productes del camp de Menorca\",\"inLanguage\":\"de\",\"potentialAction\":[{\"@type\":\"ReadAction\",\"target\":[\"https:\\\/\\\/gastronomicament.cat\\\/de\\\/nace-farmersco-menorca-la-primera-y-unica-franquicia-de-productos-del-campo-de-menorca\"]}]},{\"@type\":\"ImageObject\",\"inLanguage\":\"de\",\"@id\":\"https:\\\/\\\/gastronomicament.cat\\\/de\\\/nace-farmersco-menorca-la-primera-y-unica-franquicia-de-productos-del-campo-de-menorca#primaryimage\",\"url\":\"https:\\\/\\\/gastronomicament.cat\\\/wp-content\\\/uploads\\\/2017\\\/04\\\/formato-franquicia-farmers-co-menorca.jpg\",\"contentUrl\":\"https:\\\/\\\/gastronomicament.cat\\\/wp-content\\\/uploads\\\/2017\\\/04\\\/formato-franquicia-farmers-co-menorca.jpg\",\"width\":655,\"height\":272},{\"@type\":\"WebSite\",\"@id\":\"https:\\\/\\\/gastronomicament.cat\\\/de\\\/#website\",\"url\":\"https:\\\/\\\/gastronomicament.cat\\\/de\\\/\",\"name\":\"Gastron\u00f2micament\",\"description\":\"Portal de restaurants, receptes i actualitat gastron\u00f2mica\",\"publisher\":{\"@id\":\"https:\\\/\\\/gastronomicament.cat\\\/de\\\/#organization\"},\"potentialAction\":[{\"@type\":\"SearchAction\",\"target\":{\"@type\":\"EntryPoint\",\"urlTemplate\":\"https:\\\/\\\/gastronomicament.cat\\\/de\\\/?s={search_term_string}\"},\"query-input\":{\"@type\":\"PropertyValueSpecification\",\"valueRequired\":true,\"valueName\":\"search_term_string\"}}],\"inLanguage\":\"de\"},{\"@type\":\"Organization\",\"@id\":\"https:\\\/\\\/gastronomicament.cat\\\/de\\\/#organization\",\"name\":\"Gastron\u00f2micament\",\"url\":\"https:\\\/\\\/gastronomicament.cat\\\/de\\\/\",\"logo\":{\"@type\":\"ImageObject\",\"inLanguage\":\"de\",\"@id\":\"https:\\\/\\\/gastronomicament.cat\\\/de\\\/#\\\/schema\\\/logo\\\/image\\\/\",\"url\":\"https:\\\/\\\/gastronomicament.cat\\\/wp-content\\\/uploads\\\/2016\\\/09\\\/header-logo.jpg\",\"contentUrl\":\"https:\\\/\\\/gastronomicament.cat\\\/wp-content\\\/uploads\\\/2016\\\/09\\\/header-logo.jpg\",\"width\":277,\"height\":39,\"caption\":\"Gastron\u00f2micament\"},\"image\":{\"@id\":\"https:\\\/\\\/gastronomicament.cat\\\/de\\\/#\\\/schema\\\/logo\\\/image\\\/\"},\"sameAs\":[\"https:\\\/\\\/x.com\\\/gastronomicamen\"]},{\"@type\":\"Person\",\"@id\":\"https:\\\/\\\/gastronomicament.cat\\\/de\\\/#\\\/schema\\\/person\\\/a7c85c537a1ed62799a5b8e0f686a37f\",\"name\":\"Redacci\u00f3\",\"image\":{\"@type\":\"ImageObject\",\"inLanguage\":\"de\",\"@id\":\"https:\\\/\\\/secure.gravatar.com\\\/avatar\\\/9489a485c464fd611d33825daae651d13db70c4e74c65c94937a15a9d4c3ee14?s=96&d=mm&r=g69fea3cce3645dfa2166e7293e22955e\",\"url\":\"https:\\\/\\\/secure.gravatar.com\\\/avatar\\\/9489a485c464fd611d33825daae651d13db70c4e74c65c94937a15a9d4c3ee14?s=96&d=mm&r=g\",\"contentUrl\":\"https:\\\/\\\/secure.gravatar.com\\\/avatar\\\/9489a485c464fd611d33825daae651d13db70c4e74c65c94937a15a9d4c3ee14?s=96&d=mm&r=g\",\"caption\":\"Redacci\u00f3\"},\"sameAs\":[\"http:\\\/\\\/gastronomicament.cat\"],\"url\":\"https:\\\/\\\/gastronomicament.cat\\\/de\\\/author\\\/admin\"}]}<\/script>\n<!-- \/ Yoast SEO plugin. -->","yoast_head_json":{"title":"Neix Farmers&Co Menorca, la primera i \u00fanica franqu\u00edcia de productes del camp de Menorca - Gastron\u00f2micament","description":"Neix Farmers&Co Menorca, la primera i \u00fanica franqu\u00edcia de productes del camp de Menorca Actualitat Sa Cooperativa del Camp de Menorca, entitat amb m\u00e9s de 600 socis productors i l\u00edder en la distribuci\u00f3 de productes agroalimentaris de Menorca, innova en el seu sector amb el llan\u00e7ament d'un nou model de negoci, Farmers&Co Menorca, la seva franqu\u00edcia de productes del camp de Menorca","robots":{"index":"index","follow":"follow","max-snippet":"max-snippet:-1","max-image-preview":"max-image-preview:large","max-video-preview":"max-video-preview:-1"},"canonical":"https:\/\/gastronomicament.cat\/de\/nace-farmersco-menorca-la-primera-y-unica-franquicia-de-productos-del-campo-de-menorca","og_locale":"de_DE","og_type":"article","og_title":"Neix Farmers&Co Menorca, la primera i \u00fanica franqu\u00edcia de productes del camp de Menorca - Gastron\u00f2micament","og_description":"Neix Farmers&Co Menorca, la primera i \u00fanica franqu\u00edcia de productes del camp de Menorca Actualitat Sa Cooperativa del Camp de Menorca, entitat amb m\u00e9s de 600 socis productors i l\u00edder en la distribuci\u00f3 de productes agroalimentaris de Menorca, innova en el seu sector amb el llan\u00e7ament d'un nou model de negoci, Farmers&Co Menorca, la seva franqu\u00edcia de productes del camp de Menorca","og_url":"https:\/\/gastronomicament.cat\/de\/nace-farmersco-menorca-la-primera-y-unica-franquicia-de-productos-del-campo-de-menorca","og_site_name":"Gastron\u00f2micament","article_published_time":"2017-04-26T11:41:04+00:00","og_image":[{"width":655,"height":272,"url":"https:\/\/gastronomicament.cat\/wp-content\/uploads\/2017\/04\/formato-franquicia-farmers-co-menorca.jpg","type":"image\/jpeg"}],"author":"Redacci\u00f3","twitter_card":"summary_large_image","twitter_creator":"@gastronomicamen","twitter_site":"@gastronomicamen","twitter_misc":{"Verfasst von":"Redacci\u00f3","Gesch\u00e4tzte Lesezeit":"2\u00a0Minuten","Written by":"Redacci\u00f3"},"schema":{"@context":"https:\/\/schema.org","@graph":[{"@type":"Article","@id":"https:\/\/gastronomicament.cat\/de\/nace-farmersco-menorca-la-primera-y-unica-franquicia-de-productos-del-campo-de-menorca#article","isPartOf":{"@id":"https:\/\/gastronomicament.cat\/de\/nace-farmersco-menorca-la-primera-y-unica-franquicia-de-productos-del-campo-de-menorca"},"author":{"name":"Redacci\u00f3","@id":"https:\/\/gastronomicament.cat\/de\/#\/schema\/person\/a7c85c537a1ed62799a5b8e0f686a37f"},"headline":"Neix Farmers&#038;Co Menorca, la primera i \u00fanica franqu\u00edcia de productes del camp de Menorca","datePublished":"2017-04-26T11:41:04+00:00","mainEntityOfPage":{"@id":"https:\/\/gastronomicament.cat\/de\/nace-farmersco-menorca-la-primera-y-unica-franquicia-de-productos-del-campo-de-menorca"},"wordCount":392,"commentCount":0,"publisher":{"@id":"https:\/\/gastronomicament.cat\/de\/#organization"},"image":{"@id":"https:\/\/gastronomicament.cat\/de\/nace-farmersco-menorca-la-primera-y-unica-franquicia-de-productos-del-campo-de-menorca#primaryimage"},"thumbnailUrl":"https:\/\/gastronomicament.cat\/wp-content\/uploads\/2017\/04\/formato-franquicia-farmers-co-menorca.jpg","articleSection":["Actualitat"],"inLanguage":"de","potentialAction":[{"@type":"CommentAction","name":"Comment","target":["https:\/\/gastronomicament.cat\/de\/nace-farmersco-menorca-la-primera-y-unica-franquicia-de-productos-del-campo-de-menorca#respond"]}]},{"@type":"WebPage","@id":"https:\/\/gastronomicament.cat\/de\/nace-farmersco-menorca-la-primera-y-unica-franquicia-de-productos-del-campo-de-menorca","url":"https:\/\/gastronomicament.cat\/de\/nace-farmersco-menorca-la-primera-y-unica-franquicia-de-productos-del-campo-de-menorca","name":"Neix Farmers&Co Menorca, la primera i \u00fanica franqu\u00edcia de productes del camp de Menorca - Gastron\u00f2micament","isPartOf":{"@id":"https:\/\/gastronomicament.cat\/de\/#website"},"primaryImageOfPage":{"@id":"https:\/\/gastronomicament.cat\/de\/nace-farmersco-menorca-la-primera-y-unica-franquicia-de-productos-del-campo-de-menorca#primaryimage"},"image":{"@id":"https:\/\/gastronomicament.cat\/de\/nace-farmersco-menorca-la-primera-y-unica-franquicia-de-productos-del-campo-de-menorca#primaryimage"},"thumbnailUrl":"https:\/\/gastronomicament.cat\/wp-content\/uploads\/2017\/04\/formato-franquicia-farmers-co-menorca.jpg","datePublished":"2017-04-26T11:41:04+00:00","description":"Neix Farmers&Co Menorca, la primera i \u00fanica franqu\u00edcia de productes del camp de Menorca Actualitat Sa Cooperativa del Camp de Menorca, entitat amb m\u00e9s de 600 socis productors i l\u00edder en la distribuci\u00f3 de productes agroalimentaris de Menorca, innova en el seu sector amb el llan\u00e7ament d'un nou model de negoci, Farmers&Co Menorca, la seva franqu\u00edcia de productes del camp de Menorca","inLanguage":"de","potentialAction":[{"@type":"ReadAction","target":["https:\/\/gastronomicament.cat\/de\/nace-farmersco-menorca-la-primera-y-unica-franquicia-de-productos-del-campo-de-menorca"]}]},{"@type":"ImageObject","inLanguage":"de","@id":"https:\/\/gastronomicament.cat\/de\/nace-farmersco-menorca-la-primera-y-unica-franquicia-de-productos-del-campo-de-menorca#primaryimage","url":"https:\/\/gastronomicament.cat\/wp-content\/uploads\/2017\/04\/formato-franquicia-farmers-co-menorca.jpg","contentUrl":"https:\/\/gastronomicament.cat\/wp-content\/uploads\/2017\/04\/formato-franquicia-farmers-co-menorca.jpg","width":655,"height":272},{"@type":"WebSite","@id":"https:\/\/gastronomicament.cat\/de\/#website","url":"https:\/\/gastronomicament.cat\/de\/","name":"Gastron\u00f2micament","description":"Portal de restaurants, receptes i actualitat gastron\u00f2mica","publisher":{"@id":"https:\/\/gastronomicament.cat\/de\/#organization"},"potentialAction":[{"@type":"SearchAction","target":{"@type":"EntryPoint","urlTemplate":"https:\/\/gastronomicament.cat\/de\/?s={search_term_string}"},"query-input":{"@type":"PropertyValueSpecification","valueRequired":true,"valueName":"search_term_string"}}],"inLanguage":"de"},{"@type":"Organization","@id":"https:\/\/gastronomicament.cat\/de\/#organization","name":"Gastron\u00f2micament","url":"https:\/\/gastronomicament.cat\/de\/","logo":{"@type":"ImageObject","inLanguage":"de","@id":"https:\/\/gastronomicament.cat\/de\/#\/schema\/logo\/image\/","url":"https:\/\/gastronomicament.cat\/wp-content\/uploads\/2016\/09\/header-logo.jpg","contentUrl":"https:\/\/gastronomicament.cat\/wp-content\/uploads\/2016\/09\/header-logo.jpg","width":277,"height":39,"caption":"Gastron\u00f2micament"},"image":{"@id":"https:\/\/gastronomicament.cat\/de\/#\/schema\/logo\/image\/"},"sameAs":["https:\/\/x.com\/gastronomicamen"]},{"@type":"Person","@id":"https:\/\/gastronomicament.cat\/de\/#\/schema\/person\/a7c85c537a1ed62799a5b8e0f686a37f","name":"Redacci\u00f3","image":{"@type":"ImageObject","inLanguage":"de","@id":"https:\/\/secure.gravatar.com\/avatar\/9489a485c464fd611d33825daae651d13db70c4e74c65c94937a15a9d4c3ee14?s=96&d=mm&r=g69fea3cce3645dfa2166e7293e22955e","url":"https:\/\/secure.gravatar.com\/avatar\/9489a485c464fd611d33825daae651d13db70c4e74c65c94937a15a9d4c3ee14?s=96&d=mm&r=g","contentUrl":"https:\/\/secure.gravatar.com\/avatar\/9489a485c464fd611d33825daae651d13db70c4e74c65c94937a15a9d4c3ee14?s=96&d=mm&r=g","caption":"Redacci\u00f3"},"sameAs":["http:\/\/gastronomicament.cat"],"url":"https:\/\/gastronomicament.cat\/de\/author\/admin"}]}},"_links":{"self":[{"href":"https:\/\/gastronomicament.cat\/de\/wp-json\/wp\/v2\/posts\/69563","targetHints":{"allow":["GET"]}}],"collection":[{"href":"https:\/\/gastronomicament.cat\/de\/wp-json\/wp\/v2\/posts"}],"about":[{"href":"https:\/\/gastronomicament.cat\/de\/wp-json\/wp\/v2\/types\/post"}],"author":[{"embeddable":true,"href":"https:\/\/gastronomicament.cat\/de\/wp-json\/wp\/v2\/users\/1"}],"replies":[{"embeddable":true,"href":"https:\/\/gastronomicament.cat\/de\/wp-json\/wp\/v2\/comments?post=69563"}],"version-history":[{"count":0,"href":"https:\/\/gastronomicament.cat\/de\/wp-json\/wp\/v2\/posts\/69563\/revisions"}],"wp:featuredmedia":[{"embeddable":true,"href":"https:\/\/gastronomicament.cat\/de\/wp-json\/wp\/v2\/media\/57705"}],"wp:attachment":[{"href":"https:\/\/gastronomicament.cat\/de\/wp-json\/wp\/v2\/media?parent=69563"}],"wp:term":[{"taxonomy":"category","embeddable":true,"href":"https:\/\/gastronomicament.cat\/de\/wp-json\/wp\/v2\/categories?post=69563"},{"taxonomy":"post_tag","embeddable":true,"href":"https:\/\/gastronomicament.cat\/de\/wp-json\/wp\/v2\/tags?post=69563"},{"taxonomy":"author","embeddable":true,"href":"https:\/\/gastronomicament.cat\/de\/wp-json\/wp\/v2\/coauthors?post=69563"}],"curies":[{"name":"wp","href":"https:\/\/api.w.org\/{rel}","templated":true}]}}