{"id":69618,"date":"2017-04-05T10:07:07","date_gmt":"2017-04-05T08:07:07","guid":{"rendered":"https:\/\/gastronomicament.cat\/presentacio-dels-vins-de-la-denominacio-dorigen-binissalem-2017"},"modified":"2022-04-09T10:38:52","modified_gmt":"2022-04-09T08:38:52","slug":"presentacio-dels-vins-de-la-denominacio-dorigen-binissalem-2017","status":"publish","type":"post","link":"https:\/\/gastronomicament.cat\/de\/presentacio-dels-vins-de-la-denominacio-dorigen-binissalem-2017","title":{"rendered":"Presentaci\u00f3 dels vins de la Denominaci\u00f3 d&#8217;Origen Binissalem 2017"},"content":{"rendered":"<p><em>Part de la recaptaci\u00f3 s&#8217;ha destinat a la Fundaci\u00f3 Banc d&#8217;Aliments de Mallorca<\/em><\/p>\n<p>El \u00a0Claustre de Sant Francesc de Palma va acollir dimarts passat la presentaci\u00f3 dels vins de la Denominaci\u00f3 d&#8217;Origen Binissalem 2017<\/p>\n<p>Els professionals de la restauraci\u00f3, la premsa especialitzada i els amants del vi pogueren gaudir de les elaboracions d&#8217;11 dels 13 cellers que integren aquesta entitat. Els vins que s&#8217;elaboren sota la denominaci\u00f3 DO Binissalem tenen la varietat aut\u00f2ctona anomenada Manto Negro&#8220; com la base dels vins negres de la comarca, i com a m\u00ednim han d&#8217;estar fets per un 30% d&#8217;aquesta varietat de ra\u00efm.<\/p>\n<p>Els assistents adquiriren una copa de vi per 5 euros, amb la qual varen tastar tots els vins que volgueren. D&#8217;aquests doblers, 1\u20ac s&#8217;ha destinat a la Fundaci\u00f3 Banc d&#8217;Aliments de Mallorca.<\/p>\n<p>La DO Binissalem ha vinculat les seves accions de promoci\u00f3 a espais d&#8217;alt valor patrimonial, com el Castell de Bellver, el Baluard i, darrerament, al Palau Solleric de Palma. En aquesta ocasi\u00f3 s&#8217;ha triat el claustre g\u00f2tic del Reial Convent de Sant Francesc de Palma, perfectament, conservat i que constitueix una de les principals expressions d&#8217;aquest estil arquitect\u00f2nic a Mallorca.<\/p>\n<p>La DO Binissalem est\u00e1 integrada pels cellers Antonio Nadal, Jos\u00e9 Luis Ferrer, Jaume de Puntir\u00f3, Albaflor Vins Nadal, Ca sa Padrina, Can Ramis, Vinya Taujana, Jaume Benn\u00e0ssar, Ramany\u00e0, Sebasti\u00e0 Pastor, Biniagual, Tianna Negre i Can Verdura Viticultors.<\/p>\n","protected":false},"excerpt":{"rendered":"<p>El Claustre de Sant Francesc de Palma va acollir dimarts passat la presentaci\u00f3 dels vins de&hellip;<\/p>\n","protected":false},"author":1,"featured_media":57515,"comment_status":"open","ping_status":"closed","sticky":false,"template":"","format":"gallery","meta":{"_acf_changed":false,"_swt_meta_header_display":false,"_swt_meta_footer_display":false,"_swt_meta_site_title_display":false,"_swt_meta_sticky_header":false,"_swt_meta_transparent_header":false,"footnotes":""},"categories":[1050],"tags":[],"coauthors":[],"class_list":["post-69618","post","type-post","status-publish","format-gallery","has-post-thumbnail","hentry","category-actualitat-es-de","post_format-post-format-gallery"],"acf":{"gallery":null,"home_date":{"home_begin_date":null,"home_end_date":null}},"yoast_head":"<!-- This site is optimized with the Yoast SEO plugin v27.4 - https:\/\/yoast.com\/product\/yoast-seo-wordpress\/ -->\n<title>Presentaci\u00f3 dels vins de la Denominaci\u00f3 d&#039;Origen Binissalem 2017 - Gastron\u00f2micament<\/title>\n<meta name=\"description\" content=\"Presentaci\u00f3 dels vins de la Denominaci\u00f3 d&#039;Origen Binissalem 2017 Actualitat El Claustre de Sant Francesc de Palma va acollir dimarts passat la presentaci\u00f3 dels vins de la Denominaci\u00f3 d&#039;Origen Binissalem 2017\" \/>\n<meta name=\"robots\" content=\"index, follow, max-snippet:-1, max-image-preview:large, max-video-preview:-1\" \/>\n<link rel=\"canonical\" href=\"https:\/\/gastronomicament.cat\/de\/presentacio-dels-vins-de-la-denominacio-dorigen-binissalem-2017\" \/>\n<meta property=\"og:locale\" content=\"de_DE\" \/>\n<meta property=\"og:type\" content=\"article\" \/>\n<meta property=\"og:title\" content=\"Presentaci\u00f3 dels vins de la Denominaci\u00f3 d&#039;Origen Binissalem 2017 - Gastron\u00f2micament\" \/>\n<meta property=\"og:description\" content=\"Presentaci\u00f3 dels vins de la Denominaci\u00f3 d&#039;Origen Binissalem 2017 Actualitat El Claustre de Sant Francesc de Palma va acollir dimarts passat la presentaci\u00f3 dels vins de la Denominaci\u00f3 d&#039;Origen Binissalem 2017\" \/>\n<meta property=\"og:url\" content=\"https:\/\/gastronomicament.cat\/de\/presentacio-dels-vins-de-la-denominacio-dorigen-binissalem-2017\" \/>\n<meta property=\"og:site_name\" content=\"Gastron\u00f2micament\" \/>\n<meta property=\"article:published_time\" content=\"2017-04-05T08:07:07+00:00\" \/>\n<meta property=\"article:modified_time\" content=\"2022-04-09T08:38:52+00:00\" \/>\n<meta property=\"og:image\" content=\"https:\/\/gastronomicament.cat\/wp-content\/uploads\/2017\/04\/DO-Binissalem-Tianna-Negre.jpg\" \/>\n\t<meta property=\"og:image:width\" content=\"2000\" \/>\n\t<meta property=\"og:image:height\" content=\"1335\" \/>\n\t<meta property=\"og:image:type\" content=\"image\/jpeg\" \/>\n<meta name=\"author\" content=\"Redacci\u00f3\" \/>\n<meta name=\"twitter:card\" content=\"summary_large_image\" \/>\n<meta name=\"twitter:creator\" content=\"@gastronomicamen\" \/>\n<meta name=\"twitter:site\" content=\"@gastronomicamen\" \/>\n<meta name=\"twitter:label1\" content=\"Verfasst von\" \/>\n\t<meta name=\"twitter:data1\" content=\"Redacci\u00f3\" \/>\n\t<meta name=\"twitter:label2\" content=\"Gesch\u00e4tzte Lesezeit\" \/>\n\t<meta name=\"twitter:data2\" content=\"1\u00a0Minute\" \/>\n\t<meta name=\"twitter:label3\" content=\"Written by\" \/>\n\t<meta name=\"twitter:data3\" content=\"Redacci\u00f3\" \/>\n<script type=\"application\/ld+json\" class=\"yoast-schema-graph\">{\"@context\":\"https:\\\/\\\/schema.org\",\"@graph\":[{\"@type\":\"Article\",\"@id\":\"https:\\\/\\\/gastronomicament.cat\\\/de\\\/presentacio-dels-vins-de-la-denominacio-dorigen-binissalem-2017#article\",\"isPartOf\":{\"@id\":\"https:\\\/\\\/gastronomicament.cat\\\/de\\\/presentacio-dels-vins-de-la-denominacio-dorigen-binissalem-2017\"},\"author\":{\"name\":\"Redacci\u00f3\",\"@id\":\"https:\\\/\\\/gastronomicament.cat\\\/de\\\/#\\\/schema\\\/person\\\/a7c85c537a1ed62799a5b8e0f686a37f\"},\"headline\":\"Presentaci\u00f3 dels vins de la Denominaci\u00f3 d&#8217;Origen Binissalem 2017\",\"datePublished\":\"2017-04-05T08:07:07+00:00\",\"dateModified\":\"2022-04-09T08:38:52+00:00\",\"mainEntityOfPage\":{\"@id\":\"https:\\\/\\\/gastronomicament.cat\\\/de\\\/presentacio-dels-vins-de-la-denominacio-dorigen-binissalem-2017\"},\"wordCount\":237,\"commentCount\":0,\"publisher\":{\"@id\":\"https:\\\/\\\/gastronomicament.cat\\\/de\\\/#organization\"},\"image\":{\"@id\":\"https:\\\/\\\/gastronomicament.cat\\\/de\\\/presentacio-dels-vins-de-la-denominacio-dorigen-binissalem-2017#primaryimage\"},\"thumbnailUrl\":\"https:\\\/\\\/gastronomicament.cat\\\/wp-content\\\/uploads\\\/2017\\\/04\\\/DO-Binissalem-Tianna-Negre.jpg\",\"articleSection\":[\"Actualitat\"],\"inLanguage\":\"de\",\"potentialAction\":[{\"@type\":\"CommentAction\",\"name\":\"Comment\",\"target\":[\"https:\\\/\\\/gastronomicament.cat\\\/de\\\/presentacio-dels-vins-de-la-denominacio-dorigen-binissalem-2017#respond\"]}]},{\"@type\":\"WebPage\",\"@id\":\"https:\\\/\\\/gastronomicament.cat\\\/de\\\/presentacio-dels-vins-de-la-denominacio-dorigen-binissalem-2017\",\"url\":\"https:\\\/\\\/gastronomicament.cat\\\/de\\\/presentacio-dels-vins-de-la-denominacio-dorigen-binissalem-2017\",\"name\":\"Presentaci\u00f3 dels vins de la Denominaci\u00f3 d'Origen Binissalem 2017 - Gastron\u00f2micament\",\"isPartOf\":{\"@id\":\"https:\\\/\\\/gastronomicament.cat\\\/de\\\/#website\"},\"primaryImageOfPage\":{\"@id\":\"https:\\\/\\\/gastronomicament.cat\\\/de\\\/presentacio-dels-vins-de-la-denominacio-dorigen-binissalem-2017#primaryimage\"},\"image\":{\"@id\":\"https:\\\/\\\/gastronomicament.cat\\\/de\\\/presentacio-dels-vins-de-la-denominacio-dorigen-binissalem-2017#primaryimage\"},\"thumbnailUrl\":\"https:\\\/\\\/gastronomicament.cat\\\/wp-content\\\/uploads\\\/2017\\\/04\\\/DO-Binissalem-Tianna-Negre.jpg\",\"datePublished\":\"2017-04-05T08:07:07+00:00\",\"dateModified\":\"2022-04-09T08:38:52+00:00\",\"description\":\"Presentaci\u00f3 dels vins de la Denominaci\u00f3 d'Origen Binissalem 2017 Actualitat El Claustre de Sant Francesc de Palma va acollir dimarts passat la presentaci\u00f3 dels vins de la Denominaci\u00f3 d'Origen Binissalem 2017\",\"inLanguage\":\"de\",\"potentialAction\":[{\"@type\":\"ReadAction\",\"target\":[\"https:\\\/\\\/gastronomicament.cat\\\/de\\\/presentacio-dels-vins-de-la-denominacio-dorigen-binissalem-2017\"]}]},{\"@type\":\"ImageObject\",\"inLanguage\":\"de\",\"@id\":\"https:\\\/\\\/gastronomicament.cat\\\/de\\\/presentacio-dels-vins-de-la-denominacio-dorigen-binissalem-2017#primaryimage\",\"url\":\"https:\\\/\\\/gastronomicament.cat\\\/wp-content\\\/uploads\\\/2017\\\/04\\\/DO-Binissalem-Tianna-Negre.jpg\",\"contentUrl\":\"https:\\\/\\\/gastronomicament.cat\\\/wp-content\\\/uploads\\\/2017\\\/04\\\/DO-Binissalem-Tianna-Negre.jpg\",\"width\":2000,\"height\":1335},{\"@type\":\"WebSite\",\"@id\":\"https:\\\/\\\/gastronomicament.cat\\\/de\\\/#website\",\"url\":\"https:\\\/\\\/gastronomicament.cat\\\/de\\\/\",\"name\":\"Gastron\u00f2micament\",\"description\":\"Portal de restaurants, receptes i actualitat gastron\u00f2mica\",\"publisher\":{\"@id\":\"https:\\\/\\\/gastronomicament.cat\\\/de\\\/#organization\"},\"potentialAction\":[{\"@type\":\"SearchAction\",\"target\":{\"@type\":\"EntryPoint\",\"urlTemplate\":\"https:\\\/\\\/gastronomicament.cat\\\/de\\\/?s={search_term_string}\"},\"query-input\":{\"@type\":\"PropertyValueSpecification\",\"valueRequired\":true,\"valueName\":\"search_term_string\"}}],\"inLanguage\":\"de\"},{\"@type\":\"Organization\",\"@id\":\"https:\\\/\\\/gastronomicament.cat\\\/de\\\/#organization\",\"name\":\"Gastron\u00f2micament\",\"url\":\"https:\\\/\\\/gastronomicament.cat\\\/de\\\/\",\"logo\":{\"@type\":\"ImageObject\",\"inLanguage\":\"de\",\"@id\":\"https:\\\/\\\/gastronomicament.cat\\\/de\\\/#\\\/schema\\\/logo\\\/image\\\/\",\"url\":\"https:\\\/\\\/gastronomicament.cat\\\/wp-content\\\/uploads\\\/2016\\\/09\\\/header-logo.jpg\",\"contentUrl\":\"https:\\\/\\\/gastronomicament.cat\\\/wp-content\\\/uploads\\\/2016\\\/09\\\/header-logo.jpg\",\"width\":277,\"height\":39,\"caption\":\"Gastron\u00f2micament\"},\"image\":{\"@id\":\"https:\\\/\\\/gastronomicament.cat\\\/de\\\/#\\\/schema\\\/logo\\\/image\\\/\"},\"sameAs\":[\"https:\\\/\\\/x.com\\\/gastronomicamen\"]},{\"@type\":\"Person\",\"@id\":\"https:\\\/\\\/gastronomicament.cat\\\/de\\\/#\\\/schema\\\/person\\\/a7c85c537a1ed62799a5b8e0f686a37f\",\"name\":\"Redacci\u00f3\",\"image\":{\"@type\":\"ImageObject\",\"inLanguage\":\"de\",\"@id\":\"https:\\\/\\\/secure.gravatar.com\\\/avatar\\\/9489a485c464fd611d33825daae651d13db70c4e74c65c94937a15a9d4c3ee14?s=96&d=mm&r=g69fea3cce3645dfa2166e7293e22955e\",\"url\":\"https:\\\/\\\/secure.gravatar.com\\\/avatar\\\/9489a485c464fd611d33825daae651d13db70c4e74c65c94937a15a9d4c3ee14?s=96&d=mm&r=g\",\"contentUrl\":\"https:\\\/\\\/secure.gravatar.com\\\/avatar\\\/9489a485c464fd611d33825daae651d13db70c4e74c65c94937a15a9d4c3ee14?s=96&d=mm&r=g\",\"caption\":\"Redacci\u00f3\"},\"sameAs\":[\"http:\\\/\\\/gastronomicament.cat\"],\"url\":\"https:\\\/\\\/gastronomicament.cat\\\/de\\\/author\\\/admin\"}]}<\/script>\n<!-- \/ Yoast SEO plugin. -->","yoast_head_json":{"title":"Presentaci\u00f3 dels vins de la Denominaci\u00f3 d'Origen Binissalem 2017 - Gastron\u00f2micament","description":"Presentaci\u00f3 dels vins de la Denominaci\u00f3 d'Origen Binissalem 2017 Actualitat El Claustre de Sant Francesc de Palma va acollir dimarts passat la presentaci\u00f3 dels vins de la Denominaci\u00f3 d'Origen Binissalem 2017","robots":{"index":"index","follow":"follow","max-snippet":"max-snippet:-1","max-image-preview":"max-image-preview:large","max-video-preview":"max-video-preview:-1"},"canonical":"https:\/\/gastronomicament.cat\/de\/presentacio-dels-vins-de-la-denominacio-dorigen-binissalem-2017","og_locale":"de_DE","og_type":"article","og_title":"Presentaci\u00f3 dels vins de la Denominaci\u00f3 d'Origen Binissalem 2017 - Gastron\u00f2micament","og_description":"Presentaci\u00f3 dels vins de la Denominaci\u00f3 d'Origen Binissalem 2017 Actualitat El Claustre de Sant Francesc de Palma va acollir dimarts passat la presentaci\u00f3 dels vins de la Denominaci\u00f3 d'Origen Binissalem 2017","og_url":"https:\/\/gastronomicament.cat\/de\/presentacio-dels-vins-de-la-denominacio-dorigen-binissalem-2017","og_site_name":"Gastron\u00f2micament","article_published_time":"2017-04-05T08:07:07+00:00","article_modified_time":"2022-04-09T08:38:52+00:00","og_image":[{"width":2000,"height":1335,"url":"https:\/\/gastronomicament.cat\/wp-content\/uploads\/2017\/04\/DO-Binissalem-Tianna-Negre.jpg","type":"image\/jpeg"}],"author":"Redacci\u00f3","twitter_card":"summary_large_image","twitter_creator":"@gastronomicamen","twitter_site":"@gastronomicamen","twitter_misc":{"Verfasst von":"Redacci\u00f3","Gesch\u00e4tzte Lesezeit":"1\u00a0Minute","Written by":"Redacci\u00f3"},"schema":{"@context":"https:\/\/schema.org","@graph":[{"@type":"Article","@id":"https:\/\/gastronomicament.cat\/de\/presentacio-dels-vins-de-la-denominacio-dorigen-binissalem-2017#article","isPartOf":{"@id":"https:\/\/gastronomicament.cat\/de\/presentacio-dels-vins-de-la-denominacio-dorigen-binissalem-2017"},"author":{"name":"Redacci\u00f3","@id":"https:\/\/gastronomicament.cat\/de\/#\/schema\/person\/a7c85c537a1ed62799a5b8e0f686a37f"},"headline":"Presentaci\u00f3 dels vins de la Denominaci\u00f3 d&#8217;Origen Binissalem 2017","datePublished":"2017-04-05T08:07:07+00:00","dateModified":"2022-04-09T08:38:52+00:00","mainEntityOfPage":{"@id":"https:\/\/gastronomicament.cat\/de\/presentacio-dels-vins-de-la-denominacio-dorigen-binissalem-2017"},"wordCount":237,"commentCount":0,"publisher":{"@id":"https:\/\/gastronomicament.cat\/de\/#organization"},"image":{"@id":"https:\/\/gastronomicament.cat\/de\/presentacio-dels-vins-de-la-denominacio-dorigen-binissalem-2017#primaryimage"},"thumbnailUrl":"https:\/\/gastronomicament.cat\/wp-content\/uploads\/2017\/04\/DO-Binissalem-Tianna-Negre.jpg","articleSection":["Actualitat"],"inLanguage":"de","potentialAction":[{"@type":"CommentAction","name":"Comment","target":["https:\/\/gastronomicament.cat\/de\/presentacio-dels-vins-de-la-denominacio-dorigen-binissalem-2017#respond"]}]},{"@type":"WebPage","@id":"https:\/\/gastronomicament.cat\/de\/presentacio-dels-vins-de-la-denominacio-dorigen-binissalem-2017","url":"https:\/\/gastronomicament.cat\/de\/presentacio-dels-vins-de-la-denominacio-dorigen-binissalem-2017","name":"Presentaci\u00f3 dels vins de la Denominaci\u00f3 d'Origen Binissalem 2017 - Gastron\u00f2micament","isPartOf":{"@id":"https:\/\/gastronomicament.cat\/de\/#website"},"primaryImageOfPage":{"@id":"https:\/\/gastronomicament.cat\/de\/presentacio-dels-vins-de-la-denominacio-dorigen-binissalem-2017#primaryimage"},"image":{"@id":"https:\/\/gastronomicament.cat\/de\/presentacio-dels-vins-de-la-denominacio-dorigen-binissalem-2017#primaryimage"},"thumbnailUrl":"https:\/\/gastronomicament.cat\/wp-content\/uploads\/2017\/04\/DO-Binissalem-Tianna-Negre.jpg","datePublished":"2017-04-05T08:07:07+00:00","dateModified":"2022-04-09T08:38:52+00:00","description":"Presentaci\u00f3 dels vins de la Denominaci\u00f3 d'Origen Binissalem 2017 Actualitat El Claustre de Sant Francesc de Palma va acollir dimarts passat la presentaci\u00f3 dels vins de la Denominaci\u00f3 d'Origen Binissalem 2017","inLanguage":"de","potentialAction":[{"@type":"ReadAction","target":["https:\/\/gastronomicament.cat\/de\/presentacio-dels-vins-de-la-denominacio-dorigen-binissalem-2017"]}]},{"@type":"ImageObject","inLanguage":"de","@id":"https:\/\/gastronomicament.cat\/de\/presentacio-dels-vins-de-la-denominacio-dorigen-binissalem-2017#primaryimage","url":"https:\/\/gastronomicament.cat\/wp-content\/uploads\/2017\/04\/DO-Binissalem-Tianna-Negre.jpg","contentUrl":"https:\/\/gastronomicament.cat\/wp-content\/uploads\/2017\/04\/DO-Binissalem-Tianna-Negre.jpg","width":2000,"height":1335},{"@type":"WebSite","@id":"https:\/\/gastronomicament.cat\/de\/#website","url":"https:\/\/gastronomicament.cat\/de\/","name":"Gastron\u00f2micament","description":"Portal de restaurants, receptes i actualitat gastron\u00f2mica","publisher":{"@id":"https:\/\/gastronomicament.cat\/de\/#organization"},"potentialAction":[{"@type":"SearchAction","target":{"@type":"EntryPoint","urlTemplate":"https:\/\/gastronomicament.cat\/de\/?s={search_term_string}"},"query-input":{"@type":"PropertyValueSpecification","valueRequired":true,"valueName":"search_term_string"}}],"inLanguage":"de"},{"@type":"Organization","@id":"https:\/\/gastronomicament.cat\/de\/#organization","name":"Gastron\u00f2micament","url":"https:\/\/gastronomicament.cat\/de\/","logo":{"@type":"ImageObject","inLanguage":"de","@id":"https:\/\/gastronomicament.cat\/de\/#\/schema\/logo\/image\/","url":"https:\/\/gastronomicament.cat\/wp-content\/uploads\/2016\/09\/header-logo.jpg","contentUrl":"https:\/\/gastronomicament.cat\/wp-content\/uploads\/2016\/09\/header-logo.jpg","width":277,"height":39,"caption":"Gastron\u00f2micament"},"image":{"@id":"https:\/\/gastronomicament.cat\/de\/#\/schema\/logo\/image\/"},"sameAs":["https:\/\/x.com\/gastronomicamen"]},{"@type":"Person","@id":"https:\/\/gastronomicament.cat\/de\/#\/schema\/person\/a7c85c537a1ed62799a5b8e0f686a37f","name":"Redacci\u00f3","image":{"@type":"ImageObject","inLanguage":"de","@id":"https:\/\/secure.gravatar.com\/avatar\/9489a485c464fd611d33825daae651d13db70c4e74c65c94937a15a9d4c3ee14?s=96&d=mm&r=g69fea3cce3645dfa2166e7293e22955e","url":"https:\/\/secure.gravatar.com\/avatar\/9489a485c464fd611d33825daae651d13db70c4e74c65c94937a15a9d4c3ee14?s=96&d=mm&r=g","contentUrl":"https:\/\/secure.gravatar.com\/avatar\/9489a485c464fd611d33825daae651d13db70c4e74c65c94937a15a9d4c3ee14?s=96&d=mm&r=g","caption":"Redacci\u00f3"},"sameAs":["http:\/\/gastronomicament.cat"],"url":"https:\/\/gastronomicament.cat\/de\/author\/admin"}]}},"_links":{"self":[{"href":"https:\/\/gastronomicament.cat\/de\/wp-json\/wp\/v2\/posts\/69618","targetHints":{"allow":["GET"]}}],"collection":[{"href":"https:\/\/gastronomicament.cat\/de\/wp-json\/wp\/v2\/posts"}],"about":[{"href":"https:\/\/gastronomicament.cat\/de\/wp-json\/wp\/v2\/types\/post"}],"author":[{"embeddable":true,"href":"https:\/\/gastronomicament.cat\/de\/wp-json\/wp\/v2\/users\/1"}],"replies":[{"embeddable":true,"href":"https:\/\/gastronomicament.cat\/de\/wp-json\/wp\/v2\/comments?post=69618"}],"version-history":[{"count":0,"href":"https:\/\/gastronomicament.cat\/de\/wp-json\/wp\/v2\/posts\/69618\/revisions"}],"wp:featuredmedia":[{"embeddable":true,"href":"https:\/\/gastronomicament.cat\/de\/wp-json\/wp\/v2\/media\/57515"}],"wp:attachment":[{"href":"https:\/\/gastronomicament.cat\/de\/wp-json\/wp\/v2\/media?parent=69618"}],"wp:term":[{"taxonomy":"category","embeddable":true,"href":"https:\/\/gastronomicament.cat\/de\/wp-json\/wp\/v2\/categories?post=69618"},{"taxonomy":"post_tag","embeddable":true,"href":"https:\/\/gastronomicament.cat\/de\/wp-json\/wp\/v2\/tags?post=69618"},{"taxonomy":"author","embeddable":true,"href":"https:\/\/gastronomicament.cat\/de\/wp-json\/wp\/v2\/coauthors?post=69618"}],"curies":[{"name":"wp","href":"https:\/\/api.w.org\/{rel}","templated":true}]}}