{"id":69650,"date":"2017-03-16T09:01:40","date_gmt":"2017-03-16T08:01:40","guid":{"rendered":"https:\/\/gastronomicament.cat\/cursos-dagriculgura-ecologica-cultiu-de-lolivar-mallorca"},"modified":"2022-04-09T10:39:13","modified_gmt":"2022-04-09T08:39:13","slug":"cursos-dagriculgura-ecologica-cultiu-de-lolivar-mallorca","status":"publish","type":"post","link":"https:\/\/gastronomicament.cat\/de\/cursos-dagriculgura-ecologica-cultiu-de-lolivar-mallorca","title":{"rendered":"[:es]Cursos d&#8217;agriculgura ecol\u00f2gica i cultiu de l&#8217;olivar a Mallorca[:]"},"content":{"rendered":"<p><em>S\u00f3n gratu\u00efts i est\u00e1n organitzats per APAEMA<\/em><\/p>\n<p>L&#8217;Associaci\u00f3 de Productors d&#8217;Agricultura Ecol\u00f2gica de Mallorca (APAEMA) organitza dos cursos previstos per als propers dies. S\u00f3n dues iniciatives gratu\u00eftes que tenen com a objectiu acostar el sector primari a la societat i, tamb\u00e9, ajudar a la professionalitzaci\u00f3 del sector pag\u00e8s. Els cursos d&#8217;agricultura ecol\u00f2gica i cultiu de l&#8217;olivar s\u00f3n els seg\u00fcents:<\/p>\n<ul>\n<li><strong>Curs Cultiu de l&#8217;Olivar Ecol\u00f2gic<\/strong>. Divendres 24 de mar\u00e7 (de 16 a 21 hores, te\u00f2rica) i dissabte 25 de mar\u00e7 (de 9 a 14 hores, pr\u00e0ctica). A la Cooperativa Agr\u00edcola de Poreres (C\/ Cooperativa, 2. Porreres).<\/li>\n<\/ul>\n<p style=\"padding-left: 30px;\">T\u00e9 una durada de 10 hores. S&#8217;hi donaran a con\u00e8ixer els principis b\u00e0sics del cultiu de l&#8217;olivar ecol\u00f2gic. S&#8217;hi tractaran q\u00fcestions com el maneig del s\u00f2l, les varietats d&#8217;olivera, la fertilitzaci\u00f3 org\u00e0nica i la gesti\u00f3 de les cobertes vegetals, a m\u00e9s del manteniment de l&#8217;humitat i els diferents sistemes de reg. Tamb\u00e9 es parlar\u00e0 sobre la prevenci\u00f3 i el control de plagues i malalties i el tipus de poda m\u00e9s adients. Gratu\u00eft. L&#8217;imparteix Andreu Vila, t\u00e8cnic d&#8217;agricultura ecol\u00f2gica.<\/p>\n<ul>\n<li><strong>Curs d&#8217;Iniciaci\u00f3 a l&#8217;Agricultura Ecol\u00f2gica<\/strong>. Dies 22, 23 i 24 de mar\u00e7 (de 16 a 20 h) i dia 25 de mar\u00e7 (de 8.30 a 15 h). A l&#8217;IES la Ribera (c\/ del Martinet, 8. Palma).<\/li>\n<\/ul>\n<p style=\"padding-left: 30px;\">T\u00e9 una durada de 20 hores. S&#8217;hi donaran a con\u00e8ixer els principis b\u00e0sics de l&#8217;agricultura ecol\u00f2gica en el context de Mallorca. S&#8217;hi tractaran els punts seg\u00fcents: fonaments de l&#8217;agricultura ecol\u00f2gica, reglament de la Uni\u00f3 Europea i la certificaci\u00f3. El cultiu i maneig d&#8217;herbacis, hort\u00edcoles i fruiters; el s\u00f2l, la fertilitzaci\u00f3 i el compostatge. Rotacions i associacions de cultiu; a m\u00e9s de m\u00e8todes de prevenci\u00f3 i control de plagues i malalties; el reg i la maquin\u00e0ria, les varietats locals i les opcions de comercialitzaci\u00f3. Gratu\u00eft. L&#8217;imparteix Miquel A. Lobo.<\/p>\n<p>Els cursos s\u00f3n gratu\u00efts. Per apuntar-vos-hi heu de telefonar al 971 16 83 26, o b\u00e9 heu d&#8217;escriure a &lt;cursos.apaema[arrova]gmail [punt] com i hi heu d&#8217;especificar el nom complet, n\u00famero de document d&#8217;identitat i tel\u00e8fon de contacte.<\/p>\n","protected":false},"excerpt":{"rendered":"<p>[:es]L&#8217;Associaci\u00f3 de Productors d&#8217;Agricultura Ecol\u00f2gica de Mallorca (APAEMA) organitza dos cursos previstos per als propers dies.&hellip;<\/p>\n","protected":false},"author":1,"featured_media":57262,"comment_status":"open","ping_status":"closed","sticky":false,"template":"","format":"standard","meta":{"_acf_changed":false,"_swt_meta_header_display":false,"_swt_meta_footer_display":false,"_swt_meta_site_title_display":false,"_swt_meta_sticky_header":false,"_swt_meta_transparent_header":false,"footnotes":""},"categories":[1050],"tags":[],"coauthors":[],"class_list":["post-69650","post","type-post","status-publish","format-standard","has-post-thumbnail","hentry","category-actualitat-es-de"],"acf":{"gallery":null,"home_date":{"home_begin_date":null,"home_end_date":null}},"yoast_head":"<!-- This site is optimized with the Yoast SEO plugin v27.4 - https:\/\/yoast.com\/product\/yoast-seo-wordpress\/ -->\n<title>[:es]Cursos d&#039;agriculgura ecol\u00f2gica i cultiu de l&#039;olivar a Mallorca[:] - Gastron\u00f2micament<\/title>\n<meta name=\"description\" content=\"[:es]Cursos d&#039;agriculgura ecol\u00f2gica i cultiu de l&#039;olivar a Mallorca[:] Actualitat L&#039;Associaci\u00f3 de Productors d&#039;Agricultura Ecol\u00f2gica de Mallorca (APAEMA) organitza dos cursos previstos per als propers dies. S\u00f3n dues iniciatives gratu\u00eftes que tenen com a objectiu acostar el sector primari a la societat i, tamb\u00e9, ajudar a la professionalitzaci\u00f3 del sector pag\u00e8s\" \/>\n<meta name=\"robots\" content=\"index, follow, max-snippet:-1, max-image-preview:large, max-video-preview:-1\" \/>\n<link rel=\"canonical\" href=\"https:\/\/gastronomicament.cat\/de\/cursos-dagriculgura-ecologica-cultiu-de-lolivar-mallorca\" \/>\n<meta property=\"og:locale\" content=\"de_DE\" \/>\n<meta property=\"og:type\" content=\"article\" \/>\n<meta property=\"og:title\" content=\"[:es]Cursos d&#039;agriculgura ecol\u00f2gica i cultiu de l&#039;olivar a Mallorca[:] - Gastron\u00f2micament\" \/>\n<meta property=\"og:description\" content=\"[:es]Cursos d&#039;agriculgura ecol\u00f2gica i cultiu de l&#039;olivar a Mallorca[:] Actualitat L&#039;Associaci\u00f3 de Productors d&#039;Agricultura Ecol\u00f2gica de Mallorca (APAEMA) organitza dos cursos previstos per als propers dies. S\u00f3n dues iniciatives gratu\u00eftes que tenen com a objectiu acostar el sector primari a la societat i, tamb\u00e9, ajudar a la professionalitzaci\u00f3 del sector pag\u00e8s\" \/>\n<meta property=\"og:url\" content=\"https:\/\/gastronomicament.cat\/de\/cursos-dagriculgura-ecologica-cultiu-de-lolivar-mallorca\" \/>\n<meta property=\"og:site_name\" content=\"Gastron\u00f2micament\" \/>\n<meta property=\"article:published_time\" content=\"2017-03-16T08:01:40+00:00\" \/>\n<meta property=\"article:modified_time\" content=\"2022-04-09T08:39:13+00:00\" \/>\n<meta property=\"og:image\" content=\"https:\/\/gastronomicament.cat\/wp-content\/uploads\/2017\/03\/Cursos-agricultura-ecologica-Mallorca.jpg\" \/>\n\t<meta property=\"og:image:width\" content=\"948\" \/>\n\t<meta property=\"og:image:height\" content=\"421\" \/>\n\t<meta property=\"og:image:type\" content=\"image\/jpeg\" \/>\n<meta name=\"author\" content=\"Redacci\u00f3\" \/>\n<meta name=\"twitter:card\" content=\"summary_large_image\" \/>\n<meta name=\"twitter:creator\" content=\"@gastronomicamen\" \/>\n<meta name=\"twitter:site\" content=\"@gastronomicamen\" \/>\n<meta name=\"twitter:label1\" content=\"Verfasst von\" \/>\n\t<meta name=\"twitter:data1\" content=\"Redacci\u00f3\" \/>\n\t<meta name=\"twitter:label2\" content=\"Gesch\u00e4tzte Lesezeit\" \/>\n\t<meta name=\"twitter:data2\" content=\"2\u00a0Minuten\" \/>\n\t<meta name=\"twitter:label3\" content=\"Written by\" \/>\n\t<meta name=\"twitter:data3\" content=\"Redacci\u00f3\" \/>\n<script type=\"application\/ld+json\" class=\"yoast-schema-graph\">{\"@context\":\"https:\\\/\\\/schema.org\",\"@graph\":[{\"@type\":\"Article\",\"@id\":\"https:\\\/\\\/gastronomicament.cat\\\/de\\\/cursos-dagriculgura-ecologica-cultiu-de-lolivar-mallorca#article\",\"isPartOf\":{\"@id\":\"https:\\\/\\\/gastronomicament.cat\\\/de\\\/cursos-dagriculgura-ecologica-cultiu-de-lolivar-mallorca\"},\"author\":{\"name\":\"Redacci\u00f3\",\"@id\":\"https:\\\/\\\/gastronomicament.cat\\\/de\\\/#\\\/schema\\\/person\\\/a7c85c537a1ed62799a5b8e0f686a37f\"},\"headline\":\"[:es]Cursos d&#8217;agriculgura ecol\u00f2gica i cultiu de l&#8217;olivar a Mallorca[:]\",\"datePublished\":\"2017-03-16T08:01:40+00:00\",\"dateModified\":\"2022-04-09T08:39:13+00:00\",\"mainEntityOfPage\":{\"@id\":\"https:\\\/\\\/gastronomicament.cat\\\/de\\\/cursos-dagriculgura-ecologica-cultiu-de-lolivar-mallorca\"},\"wordCount\":368,\"commentCount\":0,\"publisher\":{\"@id\":\"https:\\\/\\\/gastronomicament.cat\\\/de\\\/#organization\"},\"image\":{\"@id\":\"https:\\\/\\\/gastronomicament.cat\\\/de\\\/cursos-dagriculgura-ecologica-cultiu-de-lolivar-mallorca#primaryimage\"},\"thumbnailUrl\":\"https:\\\/\\\/gastronomicament.cat\\\/wp-content\\\/uploads\\\/2017\\\/03\\\/Cursos-agricultura-ecologica-Mallorca.jpg\",\"articleSection\":[\"Actualitat\"],\"inLanguage\":\"de\",\"potentialAction\":[{\"@type\":\"CommentAction\",\"name\":\"Comment\",\"target\":[\"https:\\\/\\\/gastronomicament.cat\\\/de\\\/cursos-dagriculgura-ecologica-cultiu-de-lolivar-mallorca#respond\"]}]},{\"@type\":\"WebPage\",\"@id\":\"https:\\\/\\\/gastronomicament.cat\\\/de\\\/cursos-dagriculgura-ecologica-cultiu-de-lolivar-mallorca\",\"url\":\"https:\\\/\\\/gastronomicament.cat\\\/de\\\/cursos-dagriculgura-ecologica-cultiu-de-lolivar-mallorca\",\"name\":\"[:es]Cursos d'agriculgura ecol\u00f2gica i cultiu de l'olivar a Mallorca[:] - Gastron\u00f2micament\",\"isPartOf\":{\"@id\":\"https:\\\/\\\/gastronomicament.cat\\\/de\\\/#website\"},\"primaryImageOfPage\":{\"@id\":\"https:\\\/\\\/gastronomicament.cat\\\/de\\\/cursos-dagriculgura-ecologica-cultiu-de-lolivar-mallorca#primaryimage\"},\"image\":{\"@id\":\"https:\\\/\\\/gastronomicament.cat\\\/de\\\/cursos-dagriculgura-ecologica-cultiu-de-lolivar-mallorca#primaryimage\"},\"thumbnailUrl\":\"https:\\\/\\\/gastronomicament.cat\\\/wp-content\\\/uploads\\\/2017\\\/03\\\/Cursos-agricultura-ecologica-Mallorca.jpg\",\"datePublished\":\"2017-03-16T08:01:40+00:00\",\"dateModified\":\"2022-04-09T08:39:13+00:00\",\"description\":\"[:es]Cursos d'agriculgura ecol\u00f2gica i cultiu de l'olivar a Mallorca[:] Actualitat L'Associaci\u00f3 de Productors d'Agricultura Ecol\u00f2gica de Mallorca (APAEMA) organitza dos cursos previstos per als propers dies. S\u00f3n dues iniciatives gratu\u00eftes que tenen com a objectiu acostar el sector primari a la societat i, tamb\u00e9, ajudar a la professionalitzaci\u00f3 del sector pag\u00e8s\",\"inLanguage\":\"de\",\"potentialAction\":[{\"@type\":\"ReadAction\",\"target\":[\"https:\\\/\\\/gastronomicament.cat\\\/de\\\/cursos-dagriculgura-ecologica-cultiu-de-lolivar-mallorca\"]}]},{\"@type\":\"ImageObject\",\"inLanguage\":\"de\",\"@id\":\"https:\\\/\\\/gastronomicament.cat\\\/de\\\/cursos-dagriculgura-ecologica-cultiu-de-lolivar-mallorca#primaryimage\",\"url\":\"https:\\\/\\\/gastronomicament.cat\\\/wp-content\\\/uploads\\\/2017\\\/03\\\/Cursos-agricultura-ecologica-Mallorca.jpg\",\"contentUrl\":\"https:\\\/\\\/gastronomicament.cat\\\/wp-content\\\/uploads\\\/2017\\\/03\\\/Cursos-agricultura-ecologica-Mallorca.jpg\",\"width\":948,\"height\":421},{\"@type\":\"WebSite\",\"@id\":\"https:\\\/\\\/gastronomicament.cat\\\/de\\\/#website\",\"url\":\"https:\\\/\\\/gastronomicament.cat\\\/de\\\/\",\"name\":\"Gastron\u00f2micament\",\"description\":\"Portal de restaurants, receptes i actualitat gastron\u00f2mica\",\"publisher\":{\"@id\":\"https:\\\/\\\/gastronomicament.cat\\\/de\\\/#organization\"},\"potentialAction\":[{\"@type\":\"SearchAction\",\"target\":{\"@type\":\"EntryPoint\",\"urlTemplate\":\"https:\\\/\\\/gastronomicament.cat\\\/de\\\/?s={search_term_string}\"},\"query-input\":{\"@type\":\"PropertyValueSpecification\",\"valueRequired\":true,\"valueName\":\"search_term_string\"}}],\"inLanguage\":\"de\"},{\"@type\":\"Organization\",\"@id\":\"https:\\\/\\\/gastronomicament.cat\\\/de\\\/#organization\",\"name\":\"Gastron\u00f2micament\",\"url\":\"https:\\\/\\\/gastronomicament.cat\\\/de\\\/\",\"logo\":{\"@type\":\"ImageObject\",\"inLanguage\":\"de\",\"@id\":\"https:\\\/\\\/gastronomicament.cat\\\/de\\\/#\\\/schema\\\/logo\\\/image\\\/\",\"url\":\"https:\\\/\\\/gastronomicament.cat\\\/wp-content\\\/uploads\\\/2016\\\/09\\\/header-logo.jpg\",\"contentUrl\":\"https:\\\/\\\/gastronomicament.cat\\\/wp-content\\\/uploads\\\/2016\\\/09\\\/header-logo.jpg\",\"width\":277,\"height\":39,\"caption\":\"Gastron\u00f2micament\"},\"image\":{\"@id\":\"https:\\\/\\\/gastronomicament.cat\\\/de\\\/#\\\/schema\\\/logo\\\/image\\\/\"},\"sameAs\":[\"https:\\\/\\\/x.com\\\/gastronomicamen\"]},{\"@type\":\"Person\",\"@id\":\"https:\\\/\\\/gastronomicament.cat\\\/de\\\/#\\\/schema\\\/person\\\/a7c85c537a1ed62799a5b8e0f686a37f\",\"name\":\"Redacci\u00f3\",\"image\":{\"@type\":\"ImageObject\",\"inLanguage\":\"de\",\"@id\":\"https:\\\/\\\/secure.gravatar.com\\\/avatar\\\/9489a485c464fd611d33825daae651d13db70c4e74c65c94937a15a9d4c3ee14?s=96&d=mm&r=g69fea3cce3645dfa2166e7293e22955e\",\"url\":\"https:\\\/\\\/secure.gravatar.com\\\/avatar\\\/9489a485c464fd611d33825daae651d13db70c4e74c65c94937a15a9d4c3ee14?s=96&d=mm&r=g\",\"contentUrl\":\"https:\\\/\\\/secure.gravatar.com\\\/avatar\\\/9489a485c464fd611d33825daae651d13db70c4e74c65c94937a15a9d4c3ee14?s=96&d=mm&r=g\",\"caption\":\"Redacci\u00f3\"},\"sameAs\":[\"http:\\\/\\\/gastronomicament.cat\"],\"url\":\"https:\\\/\\\/gastronomicament.cat\\\/de\\\/author\\\/admin\"}]}<\/script>\n<!-- \/ Yoast SEO plugin. -->","yoast_head_json":{"title":"[:es]Cursos d'agriculgura ecol\u00f2gica i cultiu de l'olivar a Mallorca[:] - Gastron\u00f2micament","description":"[:es]Cursos d'agriculgura ecol\u00f2gica i cultiu de l'olivar a Mallorca[:] Actualitat L'Associaci\u00f3 de Productors d'Agricultura Ecol\u00f2gica de Mallorca (APAEMA) organitza dos cursos previstos per als propers dies. S\u00f3n dues iniciatives gratu\u00eftes que tenen com a objectiu acostar el sector primari a la societat i, tamb\u00e9, ajudar a la professionalitzaci\u00f3 del sector pag\u00e8s","robots":{"index":"index","follow":"follow","max-snippet":"max-snippet:-1","max-image-preview":"max-image-preview:large","max-video-preview":"max-video-preview:-1"},"canonical":"https:\/\/gastronomicament.cat\/de\/cursos-dagriculgura-ecologica-cultiu-de-lolivar-mallorca","og_locale":"de_DE","og_type":"article","og_title":"[:es]Cursos d'agriculgura ecol\u00f2gica i cultiu de l'olivar a Mallorca[:] - Gastron\u00f2micament","og_description":"[:es]Cursos d'agriculgura ecol\u00f2gica i cultiu de l'olivar a Mallorca[:] Actualitat L'Associaci\u00f3 de Productors d'Agricultura Ecol\u00f2gica de Mallorca (APAEMA) organitza dos cursos previstos per als propers dies. S\u00f3n dues iniciatives gratu\u00eftes que tenen com a objectiu acostar el sector primari a la societat i, tamb\u00e9, ajudar a la professionalitzaci\u00f3 del sector pag\u00e8s","og_url":"https:\/\/gastronomicament.cat\/de\/cursos-dagriculgura-ecologica-cultiu-de-lolivar-mallorca","og_site_name":"Gastron\u00f2micament","article_published_time":"2017-03-16T08:01:40+00:00","article_modified_time":"2022-04-09T08:39:13+00:00","og_image":[{"width":948,"height":421,"url":"https:\/\/gastronomicament.cat\/wp-content\/uploads\/2017\/03\/Cursos-agricultura-ecologica-Mallorca.jpg","type":"image\/jpeg"}],"author":"Redacci\u00f3","twitter_card":"summary_large_image","twitter_creator":"@gastronomicamen","twitter_site":"@gastronomicamen","twitter_misc":{"Verfasst von":"Redacci\u00f3","Gesch\u00e4tzte Lesezeit":"2\u00a0Minuten","Written by":"Redacci\u00f3"},"schema":{"@context":"https:\/\/schema.org","@graph":[{"@type":"Article","@id":"https:\/\/gastronomicament.cat\/de\/cursos-dagriculgura-ecologica-cultiu-de-lolivar-mallorca#article","isPartOf":{"@id":"https:\/\/gastronomicament.cat\/de\/cursos-dagriculgura-ecologica-cultiu-de-lolivar-mallorca"},"author":{"name":"Redacci\u00f3","@id":"https:\/\/gastronomicament.cat\/de\/#\/schema\/person\/a7c85c537a1ed62799a5b8e0f686a37f"},"headline":"[:es]Cursos d&#8217;agriculgura ecol\u00f2gica i cultiu de l&#8217;olivar a Mallorca[:]","datePublished":"2017-03-16T08:01:40+00:00","dateModified":"2022-04-09T08:39:13+00:00","mainEntityOfPage":{"@id":"https:\/\/gastronomicament.cat\/de\/cursos-dagriculgura-ecologica-cultiu-de-lolivar-mallorca"},"wordCount":368,"commentCount":0,"publisher":{"@id":"https:\/\/gastronomicament.cat\/de\/#organization"},"image":{"@id":"https:\/\/gastronomicament.cat\/de\/cursos-dagriculgura-ecologica-cultiu-de-lolivar-mallorca#primaryimage"},"thumbnailUrl":"https:\/\/gastronomicament.cat\/wp-content\/uploads\/2017\/03\/Cursos-agricultura-ecologica-Mallorca.jpg","articleSection":["Actualitat"],"inLanguage":"de","potentialAction":[{"@type":"CommentAction","name":"Comment","target":["https:\/\/gastronomicament.cat\/de\/cursos-dagriculgura-ecologica-cultiu-de-lolivar-mallorca#respond"]}]},{"@type":"WebPage","@id":"https:\/\/gastronomicament.cat\/de\/cursos-dagriculgura-ecologica-cultiu-de-lolivar-mallorca","url":"https:\/\/gastronomicament.cat\/de\/cursos-dagriculgura-ecologica-cultiu-de-lolivar-mallorca","name":"[:es]Cursos d'agriculgura ecol\u00f2gica i cultiu de l'olivar a Mallorca[:] - Gastron\u00f2micament","isPartOf":{"@id":"https:\/\/gastronomicament.cat\/de\/#website"},"primaryImageOfPage":{"@id":"https:\/\/gastronomicament.cat\/de\/cursos-dagriculgura-ecologica-cultiu-de-lolivar-mallorca#primaryimage"},"image":{"@id":"https:\/\/gastronomicament.cat\/de\/cursos-dagriculgura-ecologica-cultiu-de-lolivar-mallorca#primaryimage"},"thumbnailUrl":"https:\/\/gastronomicament.cat\/wp-content\/uploads\/2017\/03\/Cursos-agricultura-ecologica-Mallorca.jpg","datePublished":"2017-03-16T08:01:40+00:00","dateModified":"2022-04-09T08:39:13+00:00","description":"[:es]Cursos d'agriculgura ecol\u00f2gica i cultiu de l'olivar a Mallorca[:] Actualitat L'Associaci\u00f3 de Productors d'Agricultura Ecol\u00f2gica de Mallorca (APAEMA) organitza dos cursos previstos per als propers dies. S\u00f3n dues iniciatives gratu\u00eftes que tenen com a objectiu acostar el sector primari a la societat i, tamb\u00e9, ajudar a la professionalitzaci\u00f3 del sector pag\u00e8s","inLanguage":"de","potentialAction":[{"@type":"ReadAction","target":["https:\/\/gastronomicament.cat\/de\/cursos-dagriculgura-ecologica-cultiu-de-lolivar-mallorca"]}]},{"@type":"ImageObject","inLanguage":"de","@id":"https:\/\/gastronomicament.cat\/de\/cursos-dagriculgura-ecologica-cultiu-de-lolivar-mallorca#primaryimage","url":"https:\/\/gastronomicament.cat\/wp-content\/uploads\/2017\/03\/Cursos-agricultura-ecologica-Mallorca.jpg","contentUrl":"https:\/\/gastronomicament.cat\/wp-content\/uploads\/2017\/03\/Cursos-agricultura-ecologica-Mallorca.jpg","width":948,"height":421},{"@type":"WebSite","@id":"https:\/\/gastronomicament.cat\/de\/#website","url":"https:\/\/gastronomicament.cat\/de\/","name":"Gastron\u00f2micament","description":"Portal de restaurants, receptes i actualitat gastron\u00f2mica","publisher":{"@id":"https:\/\/gastronomicament.cat\/de\/#organization"},"potentialAction":[{"@type":"SearchAction","target":{"@type":"EntryPoint","urlTemplate":"https:\/\/gastronomicament.cat\/de\/?s={search_term_string}"},"query-input":{"@type":"PropertyValueSpecification","valueRequired":true,"valueName":"search_term_string"}}],"inLanguage":"de"},{"@type":"Organization","@id":"https:\/\/gastronomicament.cat\/de\/#organization","name":"Gastron\u00f2micament","url":"https:\/\/gastronomicament.cat\/de\/","logo":{"@type":"ImageObject","inLanguage":"de","@id":"https:\/\/gastronomicament.cat\/de\/#\/schema\/logo\/image\/","url":"https:\/\/gastronomicament.cat\/wp-content\/uploads\/2016\/09\/header-logo.jpg","contentUrl":"https:\/\/gastronomicament.cat\/wp-content\/uploads\/2016\/09\/header-logo.jpg","width":277,"height":39,"caption":"Gastron\u00f2micament"},"image":{"@id":"https:\/\/gastronomicament.cat\/de\/#\/schema\/logo\/image\/"},"sameAs":["https:\/\/x.com\/gastronomicamen"]},{"@type":"Person","@id":"https:\/\/gastronomicament.cat\/de\/#\/schema\/person\/a7c85c537a1ed62799a5b8e0f686a37f","name":"Redacci\u00f3","image":{"@type":"ImageObject","inLanguage":"de","@id":"https:\/\/secure.gravatar.com\/avatar\/9489a485c464fd611d33825daae651d13db70c4e74c65c94937a15a9d4c3ee14?s=96&d=mm&r=g69fea3cce3645dfa2166e7293e22955e","url":"https:\/\/secure.gravatar.com\/avatar\/9489a485c464fd611d33825daae651d13db70c4e74c65c94937a15a9d4c3ee14?s=96&d=mm&r=g","contentUrl":"https:\/\/secure.gravatar.com\/avatar\/9489a485c464fd611d33825daae651d13db70c4e74c65c94937a15a9d4c3ee14?s=96&d=mm&r=g","caption":"Redacci\u00f3"},"sameAs":["http:\/\/gastronomicament.cat"],"url":"https:\/\/gastronomicament.cat\/de\/author\/admin"}]}},"_links":{"self":[{"href":"https:\/\/gastronomicament.cat\/de\/wp-json\/wp\/v2\/posts\/69650","targetHints":{"allow":["GET"]}}],"collection":[{"href":"https:\/\/gastronomicament.cat\/de\/wp-json\/wp\/v2\/posts"}],"about":[{"href":"https:\/\/gastronomicament.cat\/de\/wp-json\/wp\/v2\/types\/post"}],"author":[{"embeddable":true,"href":"https:\/\/gastronomicament.cat\/de\/wp-json\/wp\/v2\/users\/1"}],"replies":[{"embeddable":true,"href":"https:\/\/gastronomicament.cat\/de\/wp-json\/wp\/v2\/comments?post=69650"}],"version-history":[{"count":0,"href":"https:\/\/gastronomicament.cat\/de\/wp-json\/wp\/v2\/posts\/69650\/revisions"}],"wp:featuredmedia":[{"embeddable":true,"href":"https:\/\/gastronomicament.cat\/de\/wp-json\/wp\/v2\/media\/57262"}],"wp:attachment":[{"href":"https:\/\/gastronomicament.cat\/de\/wp-json\/wp\/v2\/media?parent=69650"}],"wp:term":[{"taxonomy":"category","embeddable":true,"href":"https:\/\/gastronomicament.cat\/de\/wp-json\/wp\/v2\/categories?post=69650"},{"taxonomy":"post_tag","embeddable":true,"href":"https:\/\/gastronomicament.cat\/de\/wp-json\/wp\/v2\/tags?post=69650"},{"taxonomy":"author","embeddable":true,"href":"https:\/\/gastronomicament.cat\/de\/wp-json\/wp\/v2\/coauthors?post=69650"}],"curies":[{"name":"wp","href":"https:\/\/api.w.org\/{rel}","templated":true}]}}