{"id":69807,"date":"2016-12-29T18:36:43","date_gmt":"2016-12-29T17:36:43","guid":{"rendered":"https:\/\/gastronomicament.cat\/tasts-2017"},"modified":"2022-04-09T10:42:52","modified_gmt":"2022-04-09T08:42:52","slug":"tasts-2017","status":"publish","type":"post","link":"https:\/\/gastronomicament.cat\/de\/tasts-2017","title":{"rendered":"VII edici\u00f3 dels Tasts Gastron\u00f2mics"},"content":{"rendered":"<p>Us convidam a con\u00e8ixer els productes de Mallorca, en unes sessions agradables amb els responsables de les empreses m\u00e9s destacades de l&#8217;illa. Ells mateixos us presentaran i us convidaran a tastar uns aliments que es caracteritzen per la qualitat i l&#8217;exquisidesa.<\/p>\n<p><em>Des d&#8217;aquesta p\u00e0gina us hi podeu apuntar gratu\u00eftament. Nom\u00e9s cal que cliqueu la icona <img decoding=\"async\" title=\"Icona inscripci\u00f3\" src=\"http:\/\/gastronomicament.cat\/wp-content\/themes\/oshin_child\/images\/icon_register.gif\" alt=\"\" width=\"27\" height=\"27\" \/>\u00a0del tast que voleu anar i empleneu les vostres dades.<\/em><\/p>\n<p>En aquesta setena edici\u00f3, hi participen 21 empreses: Agromallorca, Antigues Neules, Bodega \u00c0ngel, Caf\u00e8s Bay, Celler 7103, Celler Binigrau, Cervesa del Pla, Embotits Can Company, Formatge Son Jover, Formatges Burguera, Formatges Serra de Llodr\u00e0, Gelats Valls, Licors Moy\u00e0, Oli de Jornets, Oli de Son Barbassa, Oli Verderol, Plat\u00f2nic, Sobrassada Can Ribas, Vins Butxet, Vins Jaume de Puntir\u00f3 i Vins Son Bordils.<\/p>\n<p>Els tasts se celebren a 5 municipis de Mallorca: Palma, Es Capdell\u00e0 (Calvi\u00e0), Esporles, Santa Maria del Cam\u00ed i Vilafranca.<\/p>\n<p>Al final de cada tast, tamb\u00e9 tendreu l&#8217;oportunitat de comprar els productes.<\/p>\n<p>Organitzaci\u00f3:\u00a0<a href=\"http:\/\/gastronomicament.cat\">Gastron\u00f2micament<\/a>\u00a0i\u00a0<a title=\"Obra Cultural Balear\" href=\"http:\/\/www.ocb.cat\">Obra Cultural Balear<\/a>.<\/p>\n<p>La\u00a0<strong>programaci\u00f3<\/strong>\u00a0\u00e9s la seg\u00fcent:<\/p>\n<p><em>En aquest desplegable podeu consultar els tasts per empreses, dates i municipis<\/em><br \/>\n[tasts2017 tasts2017_select=&#8220;juny&#8220;]<br \/>\n<a name=\"formulariinscripcio\"><\/a><\/p>\n<h4>Inscripci\u00f3<\/h4>\n<p>Les inscripcions s\u00f3n personals.\u00a0Cada persona s&#8217;hi ha d&#8217;apuntar individualment.<\/p>\n<p>Inscripcions del 2017 tancades<\/p>\n","protected":false},"excerpt":{"rendered":"<p>Us convidam a con\u00e8ixer els productes de Mallorca, en unes sessions agradables amb els responsables de&hellip;<\/p>\n","protected":false},"author":1,"featured_media":56499,"comment_status":"open","ping_status":"closed","sticky":false,"template":"","format":"standard","meta":{"_acf_changed":false,"_swt_meta_header_display":false,"_swt_meta_footer_display":false,"_swt_meta_site_title_display":false,"_swt_meta_sticky_header":false,"_swt_meta_transparent_header":false,"footnotes":""},"categories":[1050,1517],"tags":[],"coauthors":[],"class_list":["post-69807","post","type-post","status-publish","format-standard","has-post-thumbnail","hentry","category-actualitat-es-de","category-tasts-gastronomics-de"],"acf":{"gallery":null,"home_date":{"home_begin_date":null,"home_end_date":null}},"yoast_head":"<!-- This site is optimized with the Yoast SEO plugin v27.4 - https:\/\/yoast.com\/product\/yoast-seo-wordpress\/ -->\n<title>VII edici\u00f3 dels Tasts Gastron\u00f2mics - Gastron\u00f2micament<\/title>\n<meta name=\"description\" content=\"VII edici\u00f3 dels Tasts Gastron\u00f2mics Actualitat, Tasts Gastron\u00f2mics Us convidam a con\u00e8ixer els productes de Mallorca, en unes sessions agradables amb els responsables de les empreses m\u00e9s destacades de l&#039;illa. Ells mateixos us presentaran i us convidaran a tastar uns aliments que es caracteritzen per la qualitat i l&#039;exquisidesa.\" \/>\n<meta name=\"robots\" content=\"index, follow, max-snippet:-1, max-image-preview:large, max-video-preview:-1\" \/>\n<link rel=\"canonical\" href=\"https:\/\/gastronomicament.cat\/de\/tasts-2017\" \/>\n<meta property=\"og:locale\" content=\"de_DE\" \/>\n<meta property=\"og:type\" content=\"article\" \/>\n<meta property=\"og:title\" content=\"VII edici\u00f3 dels Tasts Gastron\u00f2mics - Gastron\u00f2micament\" \/>\n<meta property=\"og:description\" content=\"VII edici\u00f3 dels Tasts Gastron\u00f2mics Actualitat, Tasts Gastron\u00f2mics Us convidam a con\u00e8ixer els productes de Mallorca, en unes sessions agradables amb els responsables de les empreses m\u00e9s destacades de l&#039;illa. Ells mateixos us presentaran i us convidaran a tastar uns aliments que es caracteritzen per la qualitat i l&#039;exquisidesa.\" \/>\n<meta property=\"og:url\" content=\"https:\/\/gastronomicament.cat\/de\/tasts-2017\" \/>\n<meta property=\"og:site_name\" content=\"Gastron\u00f2micament\" \/>\n<meta property=\"article:published_time\" content=\"2016-12-29T17:36:43+00:00\" \/>\n<meta property=\"article:modified_time\" content=\"2022-04-09T08:42:52+00:00\" \/>\n<meta property=\"og:image\" content=\"https:\/\/gastronomicament.cat\/wp-content\/uploads\/2016\/12\/tast2017.jpg\" \/>\n\t<meta property=\"og:image:width\" content=\"640\" \/>\n\t<meta property=\"og:image:height\" content=\"300\" \/>\n\t<meta property=\"og:image:type\" content=\"image\/jpeg\" \/>\n<meta name=\"author\" content=\"Redacci\u00f3\" \/>\n<meta name=\"twitter:card\" content=\"summary_large_image\" \/>\n<meta name=\"twitter:creator\" content=\"@gastronomicamen\" \/>\n<meta name=\"twitter:site\" content=\"@gastronomicamen\" \/>\n<meta name=\"twitter:label1\" content=\"Verfasst von\" \/>\n\t<meta name=\"twitter:data1\" content=\"Redacci\u00f3\" \/>\n\t<meta name=\"twitter:label2\" content=\"Gesch\u00e4tzte Lesezeit\" \/>\n\t<meta name=\"twitter:data2\" content=\"1\u00a0Minute\" \/>\n\t<meta name=\"twitter:label3\" content=\"Written by\" \/>\n\t<meta name=\"twitter:data3\" content=\"Redacci\u00f3\" \/>\n<script type=\"application\/ld+json\" class=\"yoast-schema-graph\">{\"@context\":\"https:\\\/\\\/schema.org\",\"@graph\":[{\"@type\":\"Article\",\"@id\":\"https:\\\/\\\/gastronomicament.cat\\\/de\\\/tasts-2017#article\",\"isPartOf\":{\"@id\":\"https:\\\/\\\/gastronomicament.cat\\\/de\\\/tasts-2017\"},\"author\":{\"name\":\"Redacci\u00f3\",\"@id\":\"https:\\\/\\\/gastronomicament.cat\\\/de\\\/#\\\/schema\\\/person\\\/a7c85c537a1ed62799a5b8e0f686a37f\"},\"headline\":\"VII edici\u00f3 dels Tasts Gastron\u00f2mics\",\"datePublished\":\"2016-12-29T17:36:43+00:00\",\"dateModified\":\"2022-04-09T08:42:52+00:00\",\"mainEntityOfPage\":{\"@id\":\"https:\\\/\\\/gastronomicament.cat\\\/de\\\/tasts-2017\"},\"wordCount\":212,\"commentCount\":0,\"publisher\":{\"@id\":\"https:\\\/\\\/gastronomicament.cat\\\/de\\\/#organization\"},\"image\":{\"@id\":\"https:\\\/\\\/gastronomicament.cat\\\/de\\\/tasts-2017#primaryimage\"},\"thumbnailUrl\":\"https:\\\/\\\/gastronomicament.cat\\\/wp-content\\\/uploads\\\/2016\\\/12\\\/tast2017.jpg\",\"articleSection\":[\"Actualitat\",\"Tasts Gastron\u00f2mics\"],\"inLanguage\":\"de\",\"potentialAction\":[{\"@type\":\"CommentAction\",\"name\":\"Comment\",\"target\":[\"https:\\\/\\\/gastronomicament.cat\\\/de\\\/tasts-2017#respond\"]}]},{\"@type\":\"WebPage\",\"@id\":\"https:\\\/\\\/gastronomicament.cat\\\/de\\\/tasts-2017\",\"url\":\"https:\\\/\\\/gastronomicament.cat\\\/de\\\/tasts-2017\",\"name\":\"VII edici\u00f3 dels Tasts Gastron\u00f2mics - Gastron\u00f2micament\",\"isPartOf\":{\"@id\":\"https:\\\/\\\/gastronomicament.cat\\\/de\\\/#website\"},\"primaryImageOfPage\":{\"@id\":\"https:\\\/\\\/gastronomicament.cat\\\/de\\\/tasts-2017#primaryimage\"},\"image\":{\"@id\":\"https:\\\/\\\/gastronomicament.cat\\\/de\\\/tasts-2017#primaryimage\"},\"thumbnailUrl\":\"https:\\\/\\\/gastronomicament.cat\\\/wp-content\\\/uploads\\\/2016\\\/12\\\/tast2017.jpg\",\"datePublished\":\"2016-12-29T17:36:43+00:00\",\"dateModified\":\"2022-04-09T08:42:52+00:00\",\"description\":\"VII edici\u00f3 dels Tasts Gastron\u00f2mics Actualitat, Tasts Gastron\u00f2mics Us convidam a con\u00e8ixer els productes de Mallorca, en unes sessions agradables amb els responsables de les empreses m\u00e9s destacades de l'illa. Ells mateixos us presentaran i us convidaran a tastar uns aliments que es caracteritzen per la qualitat i l'exquisidesa.\",\"inLanguage\":\"de\",\"potentialAction\":[{\"@type\":\"ReadAction\",\"target\":[\"https:\\\/\\\/gastronomicament.cat\\\/de\\\/tasts-2017\"]}]},{\"@type\":\"ImageObject\",\"inLanguage\":\"de\",\"@id\":\"https:\\\/\\\/gastronomicament.cat\\\/de\\\/tasts-2017#primaryimage\",\"url\":\"https:\\\/\\\/gastronomicament.cat\\\/wp-content\\\/uploads\\\/2016\\\/12\\\/tast2017.jpg\",\"contentUrl\":\"https:\\\/\\\/gastronomicament.cat\\\/wp-content\\\/uploads\\\/2016\\\/12\\\/tast2017.jpg\",\"width\":640,\"height\":300},{\"@type\":\"WebSite\",\"@id\":\"https:\\\/\\\/gastronomicament.cat\\\/de\\\/#website\",\"url\":\"https:\\\/\\\/gastronomicament.cat\\\/de\\\/\",\"name\":\"Gastron\u00f2micament\",\"description\":\"Portal de restaurants, receptes i actualitat gastron\u00f2mica\",\"publisher\":{\"@id\":\"https:\\\/\\\/gastronomicament.cat\\\/de\\\/#organization\"},\"potentialAction\":[{\"@type\":\"SearchAction\",\"target\":{\"@type\":\"EntryPoint\",\"urlTemplate\":\"https:\\\/\\\/gastronomicament.cat\\\/de\\\/?s={search_term_string}\"},\"query-input\":{\"@type\":\"PropertyValueSpecification\",\"valueRequired\":true,\"valueName\":\"search_term_string\"}}],\"inLanguage\":\"de\"},{\"@type\":\"Organization\",\"@id\":\"https:\\\/\\\/gastronomicament.cat\\\/de\\\/#organization\",\"name\":\"Gastron\u00f2micament\",\"url\":\"https:\\\/\\\/gastronomicament.cat\\\/de\\\/\",\"logo\":{\"@type\":\"ImageObject\",\"inLanguage\":\"de\",\"@id\":\"https:\\\/\\\/gastronomicament.cat\\\/de\\\/#\\\/schema\\\/logo\\\/image\\\/\",\"url\":\"https:\\\/\\\/gastronomicament.cat\\\/wp-content\\\/uploads\\\/2016\\\/09\\\/header-logo.jpg\",\"contentUrl\":\"https:\\\/\\\/gastronomicament.cat\\\/wp-content\\\/uploads\\\/2016\\\/09\\\/header-logo.jpg\",\"width\":277,\"height\":39,\"caption\":\"Gastron\u00f2micament\"},\"image\":{\"@id\":\"https:\\\/\\\/gastronomicament.cat\\\/de\\\/#\\\/schema\\\/logo\\\/image\\\/\"},\"sameAs\":[\"https:\\\/\\\/x.com\\\/gastronomicamen\"]},{\"@type\":\"Person\",\"@id\":\"https:\\\/\\\/gastronomicament.cat\\\/de\\\/#\\\/schema\\\/person\\\/a7c85c537a1ed62799a5b8e0f686a37f\",\"name\":\"Redacci\u00f3\",\"image\":{\"@type\":\"ImageObject\",\"inLanguage\":\"de\",\"@id\":\"https:\\\/\\\/secure.gravatar.com\\\/avatar\\\/9489a485c464fd611d33825daae651d13db70c4e74c65c94937a15a9d4c3ee14?s=96&d=mm&r=g69fea3cce3645dfa2166e7293e22955e\",\"url\":\"https:\\\/\\\/secure.gravatar.com\\\/avatar\\\/9489a485c464fd611d33825daae651d13db70c4e74c65c94937a15a9d4c3ee14?s=96&d=mm&r=g\",\"contentUrl\":\"https:\\\/\\\/secure.gravatar.com\\\/avatar\\\/9489a485c464fd611d33825daae651d13db70c4e74c65c94937a15a9d4c3ee14?s=96&d=mm&r=g\",\"caption\":\"Redacci\u00f3\"},\"sameAs\":[\"http:\\\/\\\/gastronomicament.cat\"],\"url\":\"https:\\\/\\\/gastronomicament.cat\\\/de\\\/author\\\/admin\"}]}<\/script>\n<!-- \/ Yoast SEO plugin. -->","yoast_head_json":{"title":"VII edici\u00f3 dels Tasts Gastron\u00f2mics - Gastron\u00f2micament","description":"VII edici\u00f3 dels Tasts Gastron\u00f2mics Actualitat, Tasts Gastron\u00f2mics Us convidam a con\u00e8ixer els productes de Mallorca, en unes sessions agradables amb els responsables de les empreses m\u00e9s destacades de l'illa. Ells mateixos us presentaran i us convidaran a tastar uns aliments que es caracteritzen per la qualitat i l'exquisidesa.","robots":{"index":"index","follow":"follow","max-snippet":"max-snippet:-1","max-image-preview":"max-image-preview:large","max-video-preview":"max-video-preview:-1"},"canonical":"https:\/\/gastronomicament.cat\/de\/tasts-2017","og_locale":"de_DE","og_type":"article","og_title":"VII edici\u00f3 dels Tasts Gastron\u00f2mics - Gastron\u00f2micament","og_description":"VII edici\u00f3 dels Tasts Gastron\u00f2mics Actualitat, Tasts Gastron\u00f2mics Us convidam a con\u00e8ixer els productes de Mallorca, en unes sessions agradables amb els responsables de les empreses m\u00e9s destacades de l'illa. Ells mateixos us presentaran i us convidaran a tastar uns aliments que es caracteritzen per la qualitat i l'exquisidesa.","og_url":"https:\/\/gastronomicament.cat\/de\/tasts-2017","og_site_name":"Gastron\u00f2micament","article_published_time":"2016-12-29T17:36:43+00:00","article_modified_time":"2022-04-09T08:42:52+00:00","og_image":[{"width":640,"height":300,"url":"https:\/\/gastronomicament.cat\/wp-content\/uploads\/2016\/12\/tast2017.jpg","type":"image\/jpeg"}],"author":"Redacci\u00f3","twitter_card":"summary_large_image","twitter_creator":"@gastronomicamen","twitter_site":"@gastronomicamen","twitter_misc":{"Verfasst von":"Redacci\u00f3","Gesch\u00e4tzte Lesezeit":"1\u00a0Minute","Written by":"Redacci\u00f3"},"schema":{"@context":"https:\/\/schema.org","@graph":[{"@type":"Article","@id":"https:\/\/gastronomicament.cat\/de\/tasts-2017#article","isPartOf":{"@id":"https:\/\/gastronomicament.cat\/de\/tasts-2017"},"author":{"name":"Redacci\u00f3","@id":"https:\/\/gastronomicament.cat\/de\/#\/schema\/person\/a7c85c537a1ed62799a5b8e0f686a37f"},"headline":"VII edici\u00f3 dels Tasts Gastron\u00f2mics","datePublished":"2016-12-29T17:36:43+00:00","dateModified":"2022-04-09T08:42:52+00:00","mainEntityOfPage":{"@id":"https:\/\/gastronomicament.cat\/de\/tasts-2017"},"wordCount":212,"commentCount":0,"publisher":{"@id":"https:\/\/gastronomicament.cat\/de\/#organization"},"image":{"@id":"https:\/\/gastronomicament.cat\/de\/tasts-2017#primaryimage"},"thumbnailUrl":"https:\/\/gastronomicament.cat\/wp-content\/uploads\/2016\/12\/tast2017.jpg","articleSection":["Actualitat","Tasts Gastron\u00f2mics"],"inLanguage":"de","potentialAction":[{"@type":"CommentAction","name":"Comment","target":["https:\/\/gastronomicament.cat\/de\/tasts-2017#respond"]}]},{"@type":"WebPage","@id":"https:\/\/gastronomicament.cat\/de\/tasts-2017","url":"https:\/\/gastronomicament.cat\/de\/tasts-2017","name":"VII edici\u00f3 dels Tasts Gastron\u00f2mics - Gastron\u00f2micament","isPartOf":{"@id":"https:\/\/gastronomicament.cat\/de\/#website"},"primaryImageOfPage":{"@id":"https:\/\/gastronomicament.cat\/de\/tasts-2017#primaryimage"},"image":{"@id":"https:\/\/gastronomicament.cat\/de\/tasts-2017#primaryimage"},"thumbnailUrl":"https:\/\/gastronomicament.cat\/wp-content\/uploads\/2016\/12\/tast2017.jpg","datePublished":"2016-12-29T17:36:43+00:00","dateModified":"2022-04-09T08:42:52+00:00","description":"VII edici\u00f3 dels Tasts Gastron\u00f2mics Actualitat, Tasts Gastron\u00f2mics Us convidam a con\u00e8ixer els productes de Mallorca, en unes sessions agradables amb els responsables de les empreses m\u00e9s destacades de l'illa. Ells mateixos us presentaran i us convidaran a tastar uns aliments que es caracteritzen per la qualitat i l'exquisidesa.","inLanguage":"de","potentialAction":[{"@type":"ReadAction","target":["https:\/\/gastronomicament.cat\/de\/tasts-2017"]}]},{"@type":"ImageObject","inLanguage":"de","@id":"https:\/\/gastronomicament.cat\/de\/tasts-2017#primaryimage","url":"https:\/\/gastronomicament.cat\/wp-content\/uploads\/2016\/12\/tast2017.jpg","contentUrl":"https:\/\/gastronomicament.cat\/wp-content\/uploads\/2016\/12\/tast2017.jpg","width":640,"height":300},{"@type":"WebSite","@id":"https:\/\/gastronomicament.cat\/de\/#website","url":"https:\/\/gastronomicament.cat\/de\/","name":"Gastron\u00f2micament","description":"Portal de restaurants, receptes i actualitat gastron\u00f2mica","publisher":{"@id":"https:\/\/gastronomicament.cat\/de\/#organization"},"potentialAction":[{"@type":"SearchAction","target":{"@type":"EntryPoint","urlTemplate":"https:\/\/gastronomicament.cat\/de\/?s={search_term_string}"},"query-input":{"@type":"PropertyValueSpecification","valueRequired":true,"valueName":"search_term_string"}}],"inLanguage":"de"},{"@type":"Organization","@id":"https:\/\/gastronomicament.cat\/de\/#organization","name":"Gastron\u00f2micament","url":"https:\/\/gastronomicament.cat\/de\/","logo":{"@type":"ImageObject","inLanguage":"de","@id":"https:\/\/gastronomicament.cat\/de\/#\/schema\/logo\/image\/","url":"https:\/\/gastronomicament.cat\/wp-content\/uploads\/2016\/09\/header-logo.jpg","contentUrl":"https:\/\/gastronomicament.cat\/wp-content\/uploads\/2016\/09\/header-logo.jpg","width":277,"height":39,"caption":"Gastron\u00f2micament"},"image":{"@id":"https:\/\/gastronomicament.cat\/de\/#\/schema\/logo\/image\/"},"sameAs":["https:\/\/x.com\/gastronomicamen"]},{"@type":"Person","@id":"https:\/\/gastronomicament.cat\/de\/#\/schema\/person\/a7c85c537a1ed62799a5b8e0f686a37f","name":"Redacci\u00f3","image":{"@type":"ImageObject","inLanguage":"de","@id":"https:\/\/secure.gravatar.com\/avatar\/9489a485c464fd611d33825daae651d13db70c4e74c65c94937a15a9d4c3ee14?s=96&d=mm&r=g69fea3cce3645dfa2166e7293e22955e","url":"https:\/\/secure.gravatar.com\/avatar\/9489a485c464fd611d33825daae651d13db70c4e74c65c94937a15a9d4c3ee14?s=96&d=mm&r=g","contentUrl":"https:\/\/secure.gravatar.com\/avatar\/9489a485c464fd611d33825daae651d13db70c4e74c65c94937a15a9d4c3ee14?s=96&d=mm&r=g","caption":"Redacci\u00f3"},"sameAs":["http:\/\/gastronomicament.cat"],"url":"https:\/\/gastronomicament.cat\/de\/author\/admin"}]}},"_links":{"self":[{"href":"https:\/\/gastronomicament.cat\/de\/wp-json\/wp\/v2\/posts\/69807","targetHints":{"allow":["GET"]}}],"collection":[{"href":"https:\/\/gastronomicament.cat\/de\/wp-json\/wp\/v2\/posts"}],"about":[{"href":"https:\/\/gastronomicament.cat\/de\/wp-json\/wp\/v2\/types\/post"}],"author":[{"embeddable":true,"href":"https:\/\/gastronomicament.cat\/de\/wp-json\/wp\/v2\/users\/1"}],"replies":[{"embeddable":true,"href":"https:\/\/gastronomicament.cat\/de\/wp-json\/wp\/v2\/comments?post=69807"}],"version-history":[{"count":0,"href":"https:\/\/gastronomicament.cat\/de\/wp-json\/wp\/v2\/posts\/69807\/revisions"}],"wp:featuredmedia":[{"embeddable":true,"href":"https:\/\/gastronomicament.cat\/de\/wp-json\/wp\/v2\/media\/56499"}],"wp:attachment":[{"href":"https:\/\/gastronomicament.cat\/de\/wp-json\/wp\/v2\/media?parent=69807"}],"wp:term":[{"taxonomy":"category","embeddable":true,"href":"https:\/\/gastronomicament.cat\/de\/wp-json\/wp\/v2\/categories?post=69807"},{"taxonomy":"post_tag","embeddable":true,"href":"https:\/\/gastronomicament.cat\/de\/wp-json\/wp\/v2\/tags?post=69807"},{"taxonomy":"author","embeddable":true,"href":"https:\/\/gastronomicament.cat\/de\/wp-json\/wp\/v2\/coauthors?post=69807"}],"curies":[{"name":"wp","href":"https:\/\/api.w.org\/{rel}","templated":true}]}}