{"id":70185,"date":"2016-05-27T02:46:03","date_gmt":"2016-05-27T00:46:03","guid":{"rendered":"https:\/\/gastronomicament.cat\/fira-nocturna-de-la-patata-a-sa-pobla-2016"},"modified":"2022-04-09T10:51:01","modified_gmt":"2022-04-09T08:51:01","slug":"fira-nocturna-de-la-patata-a-sa-pobla-2016","status":"publish","type":"post","link":"https:\/\/gastronomicament.cat\/de\/fira-nocturna-de-la-patata-a-sa-pobla-2016","title":{"rendered":"Fira Nocturna de la Patata a sa Pobla 2016"},"content":{"rendered":"<p>La Pla\u00e7a Major de sa Pobla esdevindr\u00e0 una aut\u00e8ntica mostra gastron\u00f2mica de la patata durant els dies <strong>3 i 4 de juny, a partir de les 19.30 hores.<\/strong><\/p>\n<p>La <strong>Fira Nocturna de la Patata de sa Pobla 2016<\/strong> comptar\u00e0 amb m\u00e9s de 80 propostes de 25 bars i restaurants:<\/p>\n<p>L&#8217;Ajuntament de sa Pobla vol agrair a totes les persones i entitats que fan possible aquesta fira i donar la benvinguda a tots els visitants; a m\u00e9s agrair la feina que fan tots els pagesos que durant tot l&#8217;any treballen tan durament per aconseguir un producte tan caracter\u00edstic de sa Pobla i de Mallorca i apreciat arreu del m\u00f3n: la patata.<\/p>\n<p>No hi faltaran els<strong> bunyols de Mad\u00f2 Banyeta<\/strong>, el vi del <strong>celler Tomeu Isern<\/strong>, les cerveses naturals de <strong>Cas Cerveser<\/strong>, a m\u00e9s de <strong>caf\u00e8 Sorbito<\/strong> i propostes de l&#8217;Agrupaci\u00f3 Escolta i Guia sa Marjal i el Grup d&#8217;Esplai Jard\u00ed M\u00e0gic.<\/p>\n<p>Hi participen presencialment portals exportadors de patata que donaran a con\u00e8ixer una mostra de les diferents varietats de patates que es conreen a sa Pobla:<\/p>\n<p>[ezcol_1third]<\/p>\n<p><strong>Viuda d&#8217;Antoni Serra<\/strong><br \/>\n<strong>UCO sa Pobla<\/strong><\/p>\n<p>[\/ezcol_1third]<\/p>\n<p>[ezcol_1third]<\/p>\n<p><strong>Esplet\/SAT<\/strong><br \/>\n<strong>Illacamp<\/strong><\/p>\n<p>[\/ezcol_1third]<\/p>\n<p>[ezcol_1third_end]<\/p>\n<p><strong>Mateu Export<\/strong><br \/>\n<strong>Merco Semillas<\/strong><\/p>\n<p>[\/ezcol_1third_end]<\/p>\n<h4>Plats i tapes de la Fira Nocturna de la Patata de sa Pobla<\/h4>\n<p>[ezcol_1half]<\/p>\n<p><strong>PLA\u00c7A VUIT<\/strong><br \/>\nDel\u00edcies de patata i funghi porcinni: 2 \u20ac<br \/>\nBacall\u00e0 amb patata i allioli verd: 2 \u20ac<br \/>\nGelat de coca de patata: 1,5<\/p>\n<p><strong>LA PENYA GOURMET<\/strong><br \/>\nMinihamburguesa amb patata palla: 1,5 \u20ac<br \/>\nPop de fira_ 3,5 \u20ac<br \/>\nEnsalada russa amb gambes amb alls: 3 \u20ac<\/p>\n<p><strong>CARAGOL BOVER<\/strong><br \/>\nCaragols amb herbes i allioli de patata: 2,5 \u20ac<br \/>\nCaragols fregits amb roman\u00ed i allioli de patata: 2,5 \u20ac<\/p>\n<p><strong>BAR CASA MISS<\/strong><br \/>\nEnsalada russa amb banderilles: 3 \u20ac<br \/>\nEnsalada russa amb llom i xampinyons: 3 \u20ac<br \/>\nEnsalada russa amb pica-pica: 3 \u20ac<\/p>\n<p><strong>FONDA EUROPA<\/strong><br \/>\nPop amb ceba i patata: 3 \u20ac<br \/>\nS\u00edpia torrada amb patata i tremp\u00f3: 3 \u20ac<br \/>\nCaragols amb allioli de patata: 3 \u20ac<br \/>\nEnsalada de patata amb tonyina i ou bullit: 3 \u20ac<\/p>\n<p><strong>BAR RESTAURANT SES AFORES<\/strong><br \/>\nTombet de rap: 3,5 \u20ac<br \/>\nTruita marinera: 3 \u20ac<br \/>\nEspiganaga de patata, llom i col: 3,5 \u20ac<\/p>\n<p><strong>SUMA DOHO<\/strong><br \/>\nIkuyakis (raoletes de calamar amb patata): 2 \u20ac<br \/>\nToriyakis (raoletes de pollastre amb patata): 2 \u20ac<br \/>\nKoroke (medall\u00f3 vegetari\u00e0 amb patata): 2 \u20ac<\/p>\n<p><strong>BAR SA SINI<\/strong><br \/>\nFrit de porc negre mallorqu\u00ed: 2,5 \u20ac<br \/>\nFrit de verdures amb tofu: 2,5 \u20ac<br \/>\nNuggets de pollastre casolans amb patata fregida: 2,5 \u20ac<\/p>\n<p><strong>BAR RESTAURANT SA POBLA<\/strong><br \/>\nPizza de patata amb cuixot dol\u00e7: 2 \u20ac<br \/>\nMinihamburguesa amb patata panadera: 2,5 \u20ac<br \/>\nPatat\u00f3 farcit de crema de formatge embolicat amb rostbeef: 3 \u20ac<br \/>\nCocarrois de patata: 2 \u20ac<\/p>\n<p><strong>MATEU EXPORT<\/strong><br \/>\nCapseta negra de porc marinat i trinxat amb patatons m\u00fasica: 3\u00a0\u20ac<br \/>\nCalippo de xocolata i patata soprano: 1,5\u00a0\u20ac<br \/>\nCalippo de llet preparada i patata soprano: 1,5\u00a0\u20ac<\/p>\n<p><strong>BAR DES TREN<\/strong><br \/>\nBacall\u00e0 gratinat amb allioli de poma \u00e0cida i saf`ra damunt llit de patata: 3\u00a0\u20ac<br \/>\nFrit de porc: 3\u00a0\u20ac<br \/>\nFrit de pop: 3\u00a0\u20ac<br \/>\nCoca de patata amb albercoc: 2\u00a0\u20ac<\/p>\n<p><strong>CATERING SALA REX<\/strong><br \/>\nCroquet\u00f3 de patata amb llom i pebre bo: 2,5 \u20ac<br \/>\nBomba de patata farcida de ceba caramel\u00b7litzada amb taronja i formatge de cabra: 2,5 \u20ac<br \/>\nCroqueta de patata amb sobrassada i mel: 1,5 \u20ac<br \/>\nCupcakes variades: 1,5\u00a0\u20ac<\/p>\n<p><strong>\u00c0NIMA 76<\/strong><br \/>\nMussaca: 3 \u20ac<br \/>\nPatata farcida amb pesto i formatge gratinat: 2 \u20ac<br \/>\nCupcake de patata i xocolata: 2\u00a0\u20ac<\/p>\n<p>[\/ezcol_1half]<\/p>\n<p>[ezcol_1half_end]<\/p>\n<p><strong>ANTIC CELLER CAN COT\u00c0<\/strong><br \/>\nBomba de patata coenta: 3,5 \u20ac<br \/>\nGrat\u00e9n de patata amb ceba caramel\u00b7litzada i rellom d&#8217;ib\u00e8ric: 4 \u20ac<br \/>\nTassonets de patata farcits de bacall\u00e0: 2 \u20ac<br \/>\nEnsalada freda de patata i marisc: 2,5 \u20ac<br \/>\nMinihamburguesa amb entrep\u00e0 de patata: 2 \u20ac<\/p>\n<p><strong>VAUMAR CAF\u00c8<\/strong> (entre 1 i 3 \u20ac)<br \/>\nPintxos d&#8217;anguila i patata<br \/>\nPintxos de truita de patata<br \/>\nCoca de patata<br \/>\nCoca d&#8217;albercoc<br \/>\nGambes arrebossades de pur\u00e9 de patata<br \/>\nPast\u00eds de carn amb patata<\/p>\n<p><strong>CAPRITXOS<\/strong><br \/>\nOus romputs amb oli d&#8217;oliva: 1,5 \u20ac<br \/>\nPatata escumejada amb bacall\u00e0: 1,5 \u20ac<br \/>\nCoca de patata &#8218;Padrina Corrona: 1 \u20ac<\/p>\n<p><strong>BAR SA PLACETA<\/strong><br \/>\nAssortiment de tapes variades amb patata 1-2 \u20ac<\/p>\n<p><strong>RESTAURANT MARINA<\/strong><br \/>\nCoquetes de patata amb gelat d&#8217;ametlla 3 \u20ac<br \/>\nBroqueta marinera amb crema de patata amb fonoll: 3 \u20ac<\/p>\n<p><strong>BAR SA VIA<\/strong><br \/>\nFrit de matances: 3 \u20ac<br \/>\nBacall\u00e0 gratinat amb allioli: 3 \u20ac<\/p>\n<p><strong>BAR RESTAURANT SA FONA<\/strong><br \/>\nPatata farcida de carn: 3 \u20ac<br \/>\nPintxo de patata gratinat amb allioli i gamba: 2 \u20ac<br \/>\nCoca de patata amb albercoc: 2 \u20ac<\/p>\n<p><strong>CONGELATS SA RONDA<\/strong><br \/>\nDel\u00edcies nuggets de pollastre cruixent amb patates: 3 \u20ac<br \/>\nAletes coentes de pollastre arrebossades amb patates: 3 \u20ac<\/p>\n<p><strong>SIROPE<\/strong><br \/>\nEnsalada russa de patata: 1,5 \u20ac<br \/>\nCroquetes de patata i pern\u00edl ib\u00e8ric: 2 \u20ac<br \/>\nCoca de patata amb gelats variats: 3 \u20ac<\/p>\n<p><strong>ASSOCIACI\u00d3 GENT COM TU<\/strong><br \/>\nGelat de patata: 1,5 \u20ac<br \/>\nEnsa\u00efmada farcida de confitura de patata: 2 \u20ac<br \/>\nStrudel farcit de confitura de patata i poma: 2 \u20ac<br \/>\nGreixonera de patata: 2 \u20ac<br \/>\nPot de confitura de patata: 2,5 \u20ac<\/p>\n<p><strong>SA TAVERNETA<\/strong> (al seu local)<br \/>\nFrit de porc: 3 \u20ac<br \/>\nPatates braves: 2 \u20ac<br \/>\nNuggets amb patates: 3 \u20ac<br \/>\nCoca de patata amb albercoc: 2 \u20ac<br \/>\nFrit vegetari\u00e0: 3 \u20ac<\/p>\n<p><strong>BAR TONI COTXER<\/strong> (al seu local)<br \/>\nEnsalada russa amb popets: 3 \u20ac<br \/>\nLlit de patata amb gambes: 3 \u20ac<\/p>\n<p>[\/ezcol_1half_end]<\/p>\n<p>Bon profit i que vagi de gust!<!--more--><\/p>\n","protected":false},"excerpt":{"rendered":"<p>M\u00e9s de 80 tapes amb patata de 25 bars i restaurants.<\/p>\n","protected":false},"author":1,"featured_media":55789,"comment_status":"open","ping_status":"closed","sticky":false,"template":"","format":"standard","meta":{"_acf_changed":false,"_swt_meta_header_display":false,"_swt_meta_footer_display":false,"_swt_meta_site_title_display":false,"_swt_meta_sticky_header":false,"_swt_meta_transparent_header":false,"footnotes":""},"categories":[1050],"tags":[],"coauthors":[],"class_list":["post-70185","post","type-post","status-publish","format-standard","has-post-thumbnail","hentry","category-actualitat-es-de"],"acf":{"gallery":null,"home_date":{"home_begin_date":null,"home_end_date":null}},"yoast_head":"<!-- This site is optimized with the Yoast SEO plugin v27.4 - https:\/\/yoast.com\/product\/yoast-seo-wordpress\/ -->\n<title>Fira Nocturna de la Patata a sa Pobla 2016<\/title>\n<meta name=\"description\" content=\"Fira Nocturna de la Patata a sa Pobla 2016\" \/>\n<meta name=\"robots\" content=\"index, follow, max-snippet:-1, max-image-preview:large, max-video-preview:-1\" \/>\n<link rel=\"canonical\" href=\"https:\/\/gastronomicament.cat\/de\/fira-nocturna-de-la-patata-a-sa-pobla-2016\" \/>\n<meta property=\"og:locale\" content=\"de_DE\" \/>\n<meta property=\"og:type\" content=\"article\" \/>\n<meta property=\"og:title\" content=\"Fira Nocturna de la Patata a sa Pobla 2016\" \/>\n<meta property=\"og:description\" content=\"Fira Nocturna de la Patata a sa Pobla 2016\" \/>\n<meta property=\"og:url\" content=\"https:\/\/gastronomicament.cat\/de\/fira-nocturna-de-la-patata-a-sa-pobla-2016\" \/>\n<meta property=\"og:site_name\" content=\"Gastron\u00f2micament\" \/>\n<meta property=\"article:published_time\" content=\"2016-05-27T00:46:03+00:00\" \/>\n<meta property=\"article:modified_time\" content=\"2022-04-09T08:51:01+00:00\" \/>\n<meta property=\"og:image\" content=\"https:\/\/gastronomicament.cat\/wp-content\/uploads\/2016\/05\/fira-nocturna-de-la-patata-sa-pobla-2016.jpg\" \/>\n\t<meta property=\"og:image:width\" content=\"640\" \/>\n\t<meta property=\"og:image:height\" content=\"300\" \/>\n\t<meta property=\"og:image:type\" content=\"image\/jpeg\" \/>\n<meta name=\"author\" content=\"Redacci\u00f3\" \/>\n<meta name=\"twitter:card\" content=\"summary_large_image\" \/>\n<meta name=\"twitter:creator\" content=\"@gastronomicamen\" \/>\n<meta name=\"twitter:site\" content=\"@gastronomicamen\" \/>\n<meta name=\"twitter:label1\" content=\"Verfasst von\" \/>\n\t<meta name=\"twitter:data1\" content=\"Redacci\u00f3\" \/>\n\t<meta name=\"twitter:label2\" content=\"Gesch\u00e4tzte Lesezeit\" \/>\n\t<meta name=\"twitter:data2\" content=\"4\u00a0Minuten\" \/>\n\t<meta name=\"twitter:label3\" content=\"Written by\" \/>\n\t<meta name=\"twitter:data3\" content=\"Redacci\u00f3\" \/>\n<script type=\"application\/ld+json\" class=\"yoast-schema-graph\">{\"@context\":\"https:\\\/\\\/schema.org\",\"@graph\":[{\"@type\":\"Article\",\"@id\":\"https:\\\/\\\/gastronomicament.cat\\\/de\\\/fira-nocturna-de-la-patata-a-sa-pobla-2016#article\",\"isPartOf\":{\"@id\":\"https:\\\/\\\/gastronomicament.cat\\\/de\\\/fira-nocturna-de-la-patata-a-sa-pobla-2016\"},\"author\":{\"name\":\"Redacci\u00f3\",\"@id\":\"https:\\\/\\\/gastronomicament.cat\\\/de\\\/#\\\/schema\\\/person\\\/a7c85c537a1ed62799a5b8e0f686a37f\"},\"headline\":\"Fira Nocturna de la Patata a sa Pobla 2016\",\"datePublished\":\"2016-05-27T00:46:03+00:00\",\"dateModified\":\"2022-04-09T08:51:01+00:00\",\"mainEntityOfPage\":{\"@id\":\"https:\\\/\\\/gastronomicament.cat\\\/de\\\/fira-nocturna-de-la-patata-a-sa-pobla-2016\"},\"wordCount\":765,\"commentCount\":0,\"publisher\":{\"@id\":\"https:\\\/\\\/gastronomicament.cat\\\/de\\\/#organization\"},\"image\":{\"@id\":\"https:\\\/\\\/gastronomicament.cat\\\/de\\\/fira-nocturna-de-la-patata-a-sa-pobla-2016#primaryimage\"},\"thumbnailUrl\":\"https:\\\/\\\/gastronomicament.cat\\\/wp-content\\\/uploads\\\/2016\\\/05\\\/fira-nocturna-de-la-patata-sa-pobla-2016.jpg\",\"articleSection\":[\"Actualitat\"],\"inLanguage\":\"de\",\"potentialAction\":[{\"@type\":\"CommentAction\",\"name\":\"Comment\",\"target\":[\"https:\\\/\\\/gastronomicament.cat\\\/de\\\/fira-nocturna-de-la-patata-a-sa-pobla-2016#respond\"]}]},{\"@type\":\"WebPage\",\"@id\":\"https:\\\/\\\/gastronomicament.cat\\\/de\\\/fira-nocturna-de-la-patata-a-sa-pobla-2016\",\"url\":\"https:\\\/\\\/gastronomicament.cat\\\/de\\\/fira-nocturna-de-la-patata-a-sa-pobla-2016\",\"name\":\"Fira Nocturna de la Patata a sa Pobla 2016\",\"isPartOf\":{\"@id\":\"https:\\\/\\\/gastronomicament.cat\\\/de\\\/#website\"},\"primaryImageOfPage\":{\"@id\":\"https:\\\/\\\/gastronomicament.cat\\\/de\\\/fira-nocturna-de-la-patata-a-sa-pobla-2016#primaryimage\"},\"image\":{\"@id\":\"https:\\\/\\\/gastronomicament.cat\\\/de\\\/fira-nocturna-de-la-patata-a-sa-pobla-2016#primaryimage\"},\"thumbnailUrl\":\"https:\\\/\\\/gastronomicament.cat\\\/wp-content\\\/uploads\\\/2016\\\/05\\\/fira-nocturna-de-la-patata-sa-pobla-2016.jpg\",\"datePublished\":\"2016-05-27T00:46:03+00:00\",\"dateModified\":\"2022-04-09T08:51:01+00:00\",\"description\":\"Fira Nocturna de la Patata a sa Pobla 2016\",\"inLanguage\":\"de\",\"potentialAction\":[{\"@type\":\"ReadAction\",\"target\":[\"https:\\\/\\\/gastronomicament.cat\\\/de\\\/fira-nocturna-de-la-patata-a-sa-pobla-2016\"]}]},{\"@type\":\"ImageObject\",\"inLanguage\":\"de\",\"@id\":\"https:\\\/\\\/gastronomicament.cat\\\/de\\\/fira-nocturna-de-la-patata-a-sa-pobla-2016#primaryimage\",\"url\":\"https:\\\/\\\/gastronomicament.cat\\\/wp-content\\\/uploads\\\/2016\\\/05\\\/fira-nocturna-de-la-patata-sa-pobla-2016.jpg\",\"contentUrl\":\"https:\\\/\\\/gastronomicament.cat\\\/wp-content\\\/uploads\\\/2016\\\/05\\\/fira-nocturna-de-la-patata-sa-pobla-2016.jpg\",\"width\":640,\"height\":300},{\"@type\":\"WebSite\",\"@id\":\"https:\\\/\\\/gastronomicament.cat\\\/de\\\/#website\",\"url\":\"https:\\\/\\\/gastronomicament.cat\\\/de\\\/\",\"name\":\"Gastron\u00f2micament\",\"description\":\"Portal de restaurants, receptes i actualitat gastron\u00f2mica\",\"publisher\":{\"@id\":\"https:\\\/\\\/gastronomicament.cat\\\/de\\\/#organization\"},\"potentialAction\":[{\"@type\":\"SearchAction\",\"target\":{\"@type\":\"EntryPoint\",\"urlTemplate\":\"https:\\\/\\\/gastronomicament.cat\\\/de\\\/?s={search_term_string}\"},\"query-input\":{\"@type\":\"PropertyValueSpecification\",\"valueRequired\":true,\"valueName\":\"search_term_string\"}}],\"inLanguage\":\"de\"},{\"@type\":\"Organization\",\"@id\":\"https:\\\/\\\/gastronomicament.cat\\\/de\\\/#organization\",\"name\":\"Gastron\u00f2micament\",\"url\":\"https:\\\/\\\/gastronomicament.cat\\\/de\\\/\",\"logo\":{\"@type\":\"ImageObject\",\"inLanguage\":\"de\",\"@id\":\"https:\\\/\\\/gastronomicament.cat\\\/de\\\/#\\\/schema\\\/logo\\\/image\\\/\",\"url\":\"https:\\\/\\\/gastronomicament.cat\\\/wp-content\\\/uploads\\\/2016\\\/09\\\/header-logo.jpg\",\"contentUrl\":\"https:\\\/\\\/gastronomicament.cat\\\/wp-content\\\/uploads\\\/2016\\\/09\\\/header-logo.jpg\",\"width\":277,\"height\":39,\"caption\":\"Gastron\u00f2micament\"},\"image\":{\"@id\":\"https:\\\/\\\/gastronomicament.cat\\\/de\\\/#\\\/schema\\\/logo\\\/image\\\/\"},\"sameAs\":[\"https:\\\/\\\/x.com\\\/gastronomicamen\"]},{\"@type\":\"Person\",\"@id\":\"https:\\\/\\\/gastronomicament.cat\\\/de\\\/#\\\/schema\\\/person\\\/a7c85c537a1ed62799a5b8e0f686a37f\",\"name\":\"Redacci\u00f3\",\"image\":{\"@type\":\"ImageObject\",\"inLanguage\":\"de\",\"@id\":\"https:\\\/\\\/secure.gravatar.com\\\/avatar\\\/9489a485c464fd611d33825daae651d13db70c4e74c65c94937a15a9d4c3ee14?s=96&d=mm&r=g69fea3cce3645dfa2166e7293e22955e\",\"url\":\"https:\\\/\\\/secure.gravatar.com\\\/avatar\\\/9489a485c464fd611d33825daae651d13db70c4e74c65c94937a15a9d4c3ee14?s=96&d=mm&r=g\",\"contentUrl\":\"https:\\\/\\\/secure.gravatar.com\\\/avatar\\\/9489a485c464fd611d33825daae651d13db70c4e74c65c94937a15a9d4c3ee14?s=96&d=mm&r=g\",\"caption\":\"Redacci\u00f3\"},\"sameAs\":[\"http:\\\/\\\/gastronomicament.cat\"],\"url\":\"https:\\\/\\\/gastronomicament.cat\\\/de\\\/author\\\/admin\"}]}<\/script>\n<!-- \/ Yoast SEO plugin. -->","yoast_head_json":{"title":"Fira Nocturna de la Patata a sa Pobla 2016","description":"Fira Nocturna de la Patata a sa Pobla 2016","robots":{"index":"index","follow":"follow","max-snippet":"max-snippet:-1","max-image-preview":"max-image-preview:large","max-video-preview":"max-video-preview:-1"},"canonical":"https:\/\/gastronomicament.cat\/de\/fira-nocturna-de-la-patata-a-sa-pobla-2016","og_locale":"de_DE","og_type":"article","og_title":"Fira Nocturna de la Patata a sa Pobla 2016","og_description":"Fira Nocturna de la Patata a sa Pobla 2016","og_url":"https:\/\/gastronomicament.cat\/de\/fira-nocturna-de-la-patata-a-sa-pobla-2016","og_site_name":"Gastron\u00f2micament","article_published_time":"2016-05-27T00:46:03+00:00","article_modified_time":"2022-04-09T08:51:01+00:00","og_image":[{"width":640,"height":300,"url":"https:\/\/gastronomicament.cat\/wp-content\/uploads\/2016\/05\/fira-nocturna-de-la-patata-sa-pobla-2016.jpg","type":"image\/jpeg"}],"author":"Redacci\u00f3","twitter_card":"summary_large_image","twitter_creator":"@gastronomicamen","twitter_site":"@gastronomicamen","twitter_misc":{"Verfasst von":"Redacci\u00f3","Gesch\u00e4tzte Lesezeit":"4\u00a0Minuten","Written by":"Redacci\u00f3"},"schema":{"@context":"https:\/\/schema.org","@graph":[{"@type":"Article","@id":"https:\/\/gastronomicament.cat\/de\/fira-nocturna-de-la-patata-a-sa-pobla-2016#article","isPartOf":{"@id":"https:\/\/gastronomicament.cat\/de\/fira-nocturna-de-la-patata-a-sa-pobla-2016"},"author":{"name":"Redacci\u00f3","@id":"https:\/\/gastronomicament.cat\/de\/#\/schema\/person\/a7c85c537a1ed62799a5b8e0f686a37f"},"headline":"Fira Nocturna de la Patata a sa Pobla 2016","datePublished":"2016-05-27T00:46:03+00:00","dateModified":"2022-04-09T08:51:01+00:00","mainEntityOfPage":{"@id":"https:\/\/gastronomicament.cat\/de\/fira-nocturna-de-la-patata-a-sa-pobla-2016"},"wordCount":765,"commentCount":0,"publisher":{"@id":"https:\/\/gastronomicament.cat\/de\/#organization"},"image":{"@id":"https:\/\/gastronomicament.cat\/de\/fira-nocturna-de-la-patata-a-sa-pobla-2016#primaryimage"},"thumbnailUrl":"https:\/\/gastronomicament.cat\/wp-content\/uploads\/2016\/05\/fira-nocturna-de-la-patata-sa-pobla-2016.jpg","articleSection":["Actualitat"],"inLanguage":"de","potentialAction":[{"@type":"CommentAction","name":"Comment","target":["https:\/\/gastronomicament.cat\/de\/fira-nocturna-de-la-patata-a-sa-pobla-2016#respond"]}]},{"@type":"WebPage","@id":"https:\/\/gastronomicament.cat\/de\/fira-nocturna-de-la-patata-a-sa-pobla-2016","url":"https:\/\/gastronomicament.cat\/de\/fira-nocturna-de-la-patata-a-sa-pobla-2016","name":"Fira Nocturna de la Patata a sa Pobla 2016","isPartOf":{"@id":"https:\/\/gastronomicament.cat\/de\/#website"},"primaryImageOfPage":{"@id":"https:\/\/gastronomicament.cat\/de\/fira-nocturna-de-la-patata-a-sa-pobla-2016#primaryimage"},"image":{"@id":"https:\/\/gastronomicament.cat\/de\/fira-nocturna-de-la-patata-a-sa-pobla-2016#primaryimage"},"thumbnailUrl":"https:\/\/gastronomicament.cat\/wp-content\/uploads\/2016\/05\/fira-nocturna-de-la-patata-sa-pobla-2016.jpg","datePublished":"2016-05-27T00:46:03+00:00","dateModified":"2022-04-09T08:51:01+00:00","description":"Fira Nocturna de la Patata a sa Pobla 2016","inLanguage":"de","potentialAction":[{"@type":"ReadAction","target":["https:\/\/gastronomicament.cat\/de\/fira-nocturna-de-la-patata-a-sa-pobla-2016"]}]},{"@type":"ImageObject","inLanguage":"de","@id":"https:\/\/gastronomicament.cat\/de\/fira-nocturna-de-la-patata-a-sa-pobla-2016#primaryimage","url":"https:\/\/gastronomicament.cat\/wp-content\/uploads\/2016\/05\/fira-nocturna-de-la-patata-sa-pobla-2016.jpg","contentUrl":"https:\/\/gastronomicament.cat\/wp-content\/uploads\/2016\/05\/fira-nocturna-de-la-patata-sa-pobla-2016.jpg","width":640,"height":300},{"@type":"WebSite","@id":"https:\/\/gastronomicament.cat\/de\/#website","url":"https:\/\/gastronomicament.cat\/de\/","name":"Gastron\u00f2micament","description":"Portal de restaurants, receptes i actualitat gastron\u00f2mica","publisher":{"@id":"https:\/\/gastronomicament.cat\/de\/#organization"},"potentialAction":[{"@type":"SearchAction","target":{"@type":"EntryPoint","urlTemplate":"https:\/\/gastronomicament.cat\/de\/?s={search_term_string}"},"query-input":{"@type":"PropertyValueSpecification","valueRequired":true,"valueName":"search_term_string"}}],"inLanguage":"de"},{"@type":"Organization","@id":"https:\/\/gastronomicament.cat\/de\/#organization","name":"Gastron\u00f2micament","url":"https:\/\/gastronomicament.cat\/de\/","logo":{"@type":"ImageObject","inLanguage":"de","@id":"https:\/\/gastronomicament.cat\/de\/#\/schema\/logo\/image\/","url":"https:\/\/gastronomicament.cat\/wp-content\/uploads\/2016\/09\/header-logo.jpg","contentUrl":"https:\/\/gastronomicament.cat\/wp-content\/uploads\/2016\/09\/header-logo.jpg","width":277,"height":39,"caption":"Gastron\u00f2micament"},"image":{"@id":"https:\/\/gastronomicament.cat\/de\/#\/schema\/logo\/image\/"},"sameAs":["https:\/\/x.com\/gastronomicamen"]},{"@type":"Person","@id":"https:\/\/gastronomicament.cat\/de\/#\/schema\/person\/a7c85c537a1ed62799a5b8e0f686a37f","name":"Redacci\u00f3","image":{"@type":"ImageObject","inLanguage":"de","@id":"https:\/\/secure.gravatar.com\/avatar\/9489a485c464fd611d33825daae651d13db70c4e74c65c94937a15a9d4c3ee14?s=96&d=mm&r=g69fea3cce3645dfa2166e7293e22955e","url":"https:\/\/secure.gravatar.com\/avatar\/9489a485c464fd611d33825daae651d13db70c4e74c65c94937a15a9d4c3ee14?s=96&d=mm&r=g","contentUrl":"https:\/\/secure.gravatar.com\/avatar\/9489a485c464fd611d33825daae651d13db70c4e74c65c94937a15a9d4c3ee14?s=96&d=mm&r=g","caption":"Redacci\u00f3"},"sameAs":["http:\/\/gastronomicament.cat"],"url":"https:\/\/gastronomicament.cat\/de\/author\/admin"}]}},"_links":{"self":[{"href":"https:\/\/gastronomicament.cat\/de\/wp-json\/wp\/v2\/posts\/70185","targetHints":{"allow":["GET"]}}],"collection":[{"href":"https:\/\/gastronomicament.cat\/de\/wp-json\/wp\/v2\/posts"}],"about":[{"href":"https:\/\/gastronomicament.cat\/de\/wp-json\/wp\/v2\/types\/post"}],"author":[{"embeddable":true,"href":"https:\/\/gastronomicament.cat\/de\/wp-json\/wp\/v2\/users\/1"}],"replies":[{"embeddable":true,"href":"https:\/\/gastronomicament.cat\/de\/wp-json\/wp\/v2\/comments?post=70185"}],"version-history":[{"count":0,"href":"https:\/\/gastronomicament.cat\/de\/wp-json\/wp\/v2\/posts\/70185\/revisions"}],"wp:featuredmedia":[{"embeddable":true,"href":"https:\/\/gastronomicament.cat\/de\/wp-json\/wp\/v2\/media\/55789"}],"wp:attachment":[{"href":"https:\/\/gastronomicament.cat\/de\/wp-json\/wp\/v2\/media?parent=70185"}],"wp:term":[{"taxonomy":"category","embeddable":true,"href":"https:\/\/gastronomicament.cat\/de\/wp-json\/wp\/v2\/categories?post=70185"},{"taxonomy":"post_tag","embeddable":true,"href":"https:\/\/gastronomicament.cat\/de\/wp-json\/wp\/v2\/tags?post=70185"},{"taxonomy":"author","embeddable":true,"href":"https:\/\/gastronomicament.cat\/de\/wp-json\/wp\/v2\/coauthors?post=70185"}],"curies":[{"name":"wp","href":"https:\/\/api.w.org\/{rel}","templated":true}]}}