{"id":70280,"date":"2016-04-18T02:27:30","date_gmt":"2016-04-18T00:27:30","guid":{"rendered":"https:\/\/gastronomicament.cat\/la-fira-de-santa-maria-celebra-150-anys"},"modified":"2022-04-09T10:51:55","modified_gmt":"2022-04-09T08:51:55","slug":"la-fira-de-santa-maria-celebra-150-anys","status":"publish","type":"post","link":"https:\/\/gastronomicament.cat\/de\/la-fira-de-santa-maria-celebra-150-anys","title":{"rendered":"La Fira de Santa Maria celebra 150 anys"},"content":{"rendered":"<p>Aquest cap de setmana podeu gaudir d&#8217;una fira de primera perqu\u00e8 la Fira de Santa Maria celebra 150 anys.<\/p>\n<p>Els actes programats comprenen del dissabte 16 d&#8217;abril al dilluns dia 25 d&#8217;abril, dia del Fir\u00f3.<\/p>\n<p>Teniu en compte els actes seg\u00fcents:<\/p>\n<p><strong>Divendres, 22 d\u2019abril<\/strong><\/p>\n<p><strong><\/strong>VETLADA DE FRIT<\/p>\n<p>A partir de les 21 hores, a l\u2019avinguda Josep Verd Sastre. Amb la col\u00b7laboraci\u00f3 de les entitats i les associacions del poble. Amenitzada pels Xeremiers de Santa Maria del Cam\u00ed. Venda anticipada de tiquets: Divendres 22, de 9 a 13 hores a l\u2019Ajuntament i de les 17.30 a les 20 hores al mateix recinte del frit. Preu 1 \u20ac a benefici dels refugiats de S\u00edria mitjan\u00e7ant el Fons Mallorqu\u00ed de Solidaritat i Cooperaci\u00f3. Per mantenir el poble net, tothom ha de dur plat, tass\u00f3 i coberts. No hi haur\u00e0 tassons ni plats de lloguer.<\/p>\n<p><strong>Diumenge, 24 d&#8217;abril<\/strong><\/p>\n<p>FIRA, a partir de les 9 hores.<\/p>\n<p><strong>Dilluns, 25 d&#8217;abril<\/strong><\/p>\n<p>FIR\u00d3, a partir 10 hores.<\/p>\n<p>MOSTRA I DEGUSTACI\u00d3 DE COQUES DOLCES I SALADES. A les 19.30 hores, a la Pla\u00e7a de la Vila. Recepci\u00f3 de les coques (obsequi per a tots els participants)<\/p>\n<p>Consultau tot el programa a:\u00a0<a title=\"Fira Santa Maria 2016\" href=\"http:\/\/www.ajsantamariadelcami.org\/fira-2016\/\" target=\"_blank\" rel=\"noopener\">http:\/\/www.ajsantamariadelcami.org\/fira-2016\/<\/a><\/p>\n<p>&nbsp;<!--more--><\/p>\n","protected":false},"excerpt":{"rendered":"<p>Els actes programats comprenen del dissabte 16 d&#8217;abril al dilluns dia 25 d&#8217;abril.<\/p>\n","protected":false},"author":1,"featured_media":55603,"comment_status":"open","ping_status":"closed","sticky":false,"template":"","format":"standard","meta":{"_acf_changed":false,"_swt_meta_header_display":false,"_swt_meta_footer_display":false,"_swt_meta_site_title_display":false,"_swt_meta_sticky_header":false,"_swt_meta_transparent_header":false,"footnotes":""},"categories":[1050],"tags":[],"coauthors":[],"class_list":["post-70280","post","type-post","status-publish","format-standard","has-post-thumbnail","hentry","category-actualitat-es-de"],"acf":{"gallery":null,"home_date":{"home_begin_date":null,"home_end_date":null}},"yoast_head":"<!-- This site is optimized with the Yoast SEO plugin v27.4 - https:\/\/yoast.com\/product\/yoast-seo-wordpress\/ -->\n<title>La Fira de Santa Maria celebra 150 anys<\/title>\n<meta name=\"description\" content=\"La Fira de Santa Maria celebra 150 anys\" \/>\n<meta name=\"robots\" content=\"index, follow, max-snippet:-1, max-image-preview:large, max-video-preview:-1\" \/>\n<link rel=\"canonical\" href=\"https:\/\/gastronomicament.cat\/de\/la-fira-de-santa-maria-celebra-150-anys\" \/>\n<meta property=\"og:locale\" content=\"de_DE\" \/>\n<meta property=\"og:type\" content=\"article\" \/>\n<meta property=\"og:title\" content=\"La Fira de Santa Maria celebra 150 anys\" \/>\n<meta property=\"og:description\" content=\"La Fira de Santa Maria celebra 150 anys\" \/>\n<meta property=\"og:url\" content=\"https:\/\/gastronomicament.cat\/de\/la-fira-de-santa-maria-celebra-150-anys\" \/>\n<meta property=\"og:site_name\" content=\"Gastron\u00f2micament\" \/>\n<meta property=\"article:published_time\" content=\"2016-04-18T00:27:30+00:00\" \/>\n<meta property=\"article:modified_time\" content=\"2022-04-09T08:51:55+00:00\" \/>\n<meta property=\"og:image\" content=\"https:\/\/gastronomicament.cat\/wp-content\/uploads\/2016\/04\/fira-de-santa-maria-del-cami-150-anys-2016.jpg\" \/>\n\t<meta property=\"og:image:width\" content=\"640\" \/>\n\t<meta property=\"og:image:height\" content=\"300\" \/>\n\t<meta property=\"og:image:type\" content=\"image\/jpeg\" \/>\n<meta name=\"author\" content=\"Redacci\u00f3\" \/>\n<meta name=\"twitter:card\" content=\"summary_large_image\" \/>\n<meta name=\"twitter:creator\" content=\"@gastronomicamen\" \/>\n<meta name=\"twitter:site\" content=\"@gastronomicamen\" \/>\n<meta name=\"twitter:label1\" content=\"Verfasst von\" \/>\n\t<meta name=\"twitter:data1\" content=\"Redacci\u00f3\" \/>\n\t<meta name=\"twitter:label2\" content=\"Gesch\u00e4tzte Lesezeit\" \/>\n\t<meta name=\"twitter:data2\" content=\"1\u00a0Minute\" \/>\n\t<meta name=\"twitter:label3\" content=\"Written by\" \/>\n\t<meta name=\"twitter:data3\" content=\"Redacci\u00f3\" \/>\n<script type=\"application\/ld+json\" class=\"yoast-schema-graph\">{\"@context\":\"https:\\\/\\\/schema.org\",\"@graph\":[{\"@type\":\"Article\",\"@id\":\"https:\\\/\\\/gastronomicament.cat\\\/de\\\/la-fira-de-santa-maria-celebra-150-anys#article\",\"isPartOf\":{\"@id\":\"https:\\\/\\\/gastronomicament.cat\\\/de\\\/la-fira-de-santa-maria-celebra-150-anys\"},\"author\":{\"name\":\"Redacci\u00f3\",\"@id\":\"https:\\\/\\\/gastronomicament.cat\\\/de\\\/#\\\/schema\\\/person\\\/a7c85c537a1ed62799a5b8e0f686a37f\"},\"headline\":\"La Fira de Santa Maria celebra 150 anys\",\"datePublished\":\"2016-04-18T00:27:30+00:00\",\"dateModified\":\"2022-04-09T08:51:55+00:00\",\"mainEntityOfPage\":{\"@id\":\"https:\\\/\\\/gastronomicament.cat\\\/de\\\/la-fira-de-santa-maria-celebra-150-anys\"},\"wordCount\":196,\"commentCount\":0,\"publisher\":{\"@id\":\"https:\\\/\\\/gastronomicament.cat\\\/de\\\/#organization\"},\"image\":{\"@id\":\"https:\\\/\\\/gastronomicament.cat\\\/de\\\/la-fira-de-santa-maria-celebra-150-anys#primaryimage\"},\"thumbnailUrl\":\"https:\\\/\\\/gastronomicament.cat\\\/wp-content\\\/uploads\\\/2016\\\/04\\\/fira-de-santa-maria-del-cami-150-anys-2016.jpg\",\"articleSection\":[\"Actualitat\"],\"inLanguage\":\"de\",\"potentialAction\":[{\"@type\":\"CommentAction\",\"name\":\"Comment\",\"target\":[\"https:\\\/\\\/gastronomicament.cat\\\/de\\\/la-fira-de-santa-maria-celebra-150-anys#respond\"]}]},{\"@type\":\"WebPage\",\"@id\":\"https:\\\/\\\/gastronomicament.cat\\\/de\\\/la-fira-de-santa-maria-celebra-150-anys\",\"url\":\"https:\\\/\\\/gastronomicament.cat\\\/de\\\/la-fira-de-santa-maria-celebra-150-anys\",\"name\":\"La Fira de Santa Maria celebra 150 anys\",\"isPartOf\":{\"@id\":\"https:\\\/\\\/gastronomicament.cat\\\/de\\\/#website\"},\"primaryImageOfPage\":{\"@id\":\"https:\\\/\\\/gastronomicament.cat\\\/de\\\/la-fira-de-santa-maria-celebra-150-anys#primaryimage\"},\"image\":{\"@id\":\"https:\\\/\\\/gastronomicament.cat\\\/de\\\/la-fira-de-santa-maria-celebra-150-anys#primaryimage\"},\"thumbnailUrl\":\"https:\\\/\\\/gastronomicament.cat\\\/wp-content\\\/uploads\\\/2016\\\/04\\\/fira-de-santa-maria-del-cami-150-anys-2016.jpg\",\"datePublished\":\"2016-04-18T00:27:30+00:00\",\"dateModified\":\"2022-04-09T08:51:55+00:00\",\"description\":\"La Fira de Santa Maria celebra 150 anys\",\"inLanguage\":\"de\",\"potentialAction\":[{\"@type\":\"ReadAction\",\"target\":[\"https:\\\/\\\/gastronomicament.cat\\\/de\\\/la-fira-de-santa-maria-celebra-150-anys\"]}]},{\"@type\":\"ImageObject\",\"inLanguage\":\"de\",\"@id\":\"https:\\\/\\\/gastronomicament.cat\\\/de\\\/la-fira-de-santa-maria-celebra-150-anys#primaryimage\",\"url\":\"https:\\\/\\\/gastronomicament.cat\\\/wp-content\\\/uploads\\\/2016\\\/04\\\/fira-de-santa-maria-del-cami-150-anys-2016.jpg\",\"contentUrl\":\"https:\\\/\\\/gastronomicament.cat\\\/wp-content\\\/uploads\\\/2016\\\/04\\\/fira-de-santa-maria-del-cami-150-anys-2016.jpg\",\"width\":640,\"height\":300},{\"@type\":\"WebSite\",\"@id\":\"https:\\\/\\\/gastronomicament.cat\\\/de\\\/#website\",\"url\":\"https:\\\/\\\/gastronomicament.cat\\\/de\\\/\",\"name\":\"Gastron\u00f2micament\",\"description\":\"Portal de restaurants, receptes i actualitat gastron\u00f2mica\",\"publisher\":{\"@id\":\"https:\\\/\\\/gastronomicament.cat\\\/de\\\/#organization\"},\"potentialAction\":[{\"@type\":\"SearchAction\",\"target\":{\"@type\":\"EntryPoint\",\"urlTemplate\":\"https:\\\/\\\/gastronomicament.cat\\\/de\\\/?s={search_term_string}\"},\"query-input\":{\"@type\":\"PropertyValueSpecification\",\"valueRequired\":true,\"valueName\":\"search_term_string\"}}],\"inLanguage\":\"de\"},{\"@type\":\"Organization\",\"@id\":\"https:\\\/\\\/gastronomicament.cat\\\/de\\\/#organization\",\"name\":\"Gastron\u00f2micament\",\"url\":\"https:\\\/\\\/gastronomicament.cat\\\/de\\\/\",\"logo\":{\"@type\":\"ImageObject\",\"inLanguage\":\"de\",\"@id\":\"https:\\\/\\\/gastronomicament.cat\\\/de\\\/#\\\/schema\\\/logo\\\/image\\\/\",\"url\":\"https:\\\/\\\/gastronomicament.cat\\\/wp-content\\\/uploads\\\/2016\\\/09\\\/header-logo.jpg\",\"contentUrl\":\"https:\\\/\\\/gastronomicament.cat\\\/wp-content\\\/uploads\\\/2016\\\/09\\\/header-logo.jpg\",\"width\":277,\"height\":39,\"caption\":\"Gastron\u00f2micament\"},\"image\":{\"@id\":\"https:\\\/\\\/gastronomicament.cat\\\/de\\\/#\\\/schema\\\/logo\\\/image\\\/\"},\"sameAs\":[\"https:\\\/\\\/x.com\\\/gastronomicamen\"]},{\"@type\":\"Person\",\"@id\":\"https:\\\/\\\/gastronomicament.cat\\\/de\\\/#\\\/schema\\\/person\\\/a7c85c537a1ed62799a5b8e0f686a37f\",\"name\":\"Redacci\u00f3\",\"image\":{\"@type\":\"ImageObject\",\"inLanguage\":\"de\",\"@id\":\"https:\\\/\\\/secure.gravatar.com\\\/avatar\\\/9489a485c464fd611d33825daae651d13db70c4e74c65c94937a15a9d4c3ee14?s=96&d=mm&r=g69fea3cce3645dfa2166e7293e22955e\",\"url\":\"https:\\\/\\\/secure.gravatar.com\\\/avatar\\\/9489a485c464fd611d33825daae651d13db70c4e74c65c94937a15a9d4c3ee14?s=96&d=mm&r=g\",\"contentUrl\":\"https:\\\/\\\/secure.gravatar.com\\\/avatar\\\/9489a485c464fd611d33825daae651d13db70c4e74c65c94937a15a9d4c3ee14?s=96&d=mm&r=g\",\"caption\":\"Redacci\u00f3\"},\"sameAs\":[\"http:\\\/\\\/gastronomicament.cat\"],\"url\":\"https:\\\/\\\/gastronomicament.cat\\\/de\\\/author\\\/admin\"}]}<\/script>\n<!-- \/ Yoast SEO plugin. -->","yoast_head_json":{"title":"La Fira de Santa Maria celebra 150 anys","description":"La Fira de Santa Maria celebra 150 anys","robots":{"index":"index","follow":"follow","max-snippet":"max-snippet:-1","max-image-preview":"max-image-preview:large","max-video-preview":"max-video-preview:-1"},"canonical":"https:\/\/gastronomicament.cat\/de\/la-fira-de-santa-maria-celebra-150-anys","og_locale":"de_DE","og_type":"article","og_title":"La Fira de Santa Maria celebra 150 anys","og_description":"La Fira de Santa Maria celebra 150 anys","og_url":"https:\/\/gastronomicament.cat\/de\/la-fira-de-santa-maria-celebra-150-anys","og_site_name":"Gastron\u00f2micament","article_published_time":"2016-04-18T00:27:30+00:00","article_modified_time":"2022-04-09T08:51:55+00:00","og_image":[{"width":640,"height":300,"url":"https:\/\/gastronomicament.cat\/wp-content\/uploads\/2016\/04\/fira-de-santa-maria-del-cami-150-anys-2016.jpg","type":"image\/jpeg"}],"author":"Redacci\u00f3","twitter_card":"summary_large_image","twitter_creator":"@gastronomicamen","twitter_site":"@gastronomicamen","twitter_misc":{"Verfasst von":"Redacci\u00f3","Gesch\u00e4tzte Lesezeit":"1\u00a0Minute","Written by":"Redacci\u00f3"},"schema":{"@context":"https:\/\/schema.org","@graph":[{"@type":"Article","@id":"https:\/\/gastronomicament.cat\/de\/la-fira-de-santa-maria-celebra-150-anys#article","isPartOf":{"@id":"https:\/\/gastronomicament.cat\/de\/la-fira-de-santa-maria-celebra-150-anys"},"author":{"name":"Redacci\u00f3","@id":"https:\/\/gastronomicament.cat\/de\/#\/schema\/person\/a7c85c537a1ed62799a5b8e0f686a37f"},"headline":"La Fira de Santa Maria celebra 150 anys","datePublished":"2016-04-18T00:27:30+00:00","dateModified":"2022-04-09T08:51:55+00:00","mainEntityOfPage":{"@id":"https:\/\/gastronomicament.cat\/de\/la-fira-de-santa-maria-celebra-150-anys"},"wordCount":196,"commentCount":0,"publisher":{"@id":"https:\/\/gastronomicament.cat\/de\/#organization"},"image":{"@id":"https:\/\/gastronomicament.cat\/de\/la-fira-de-santa-maria-celebra-150-anys#primaryimage"},"thumbnailUrl":"https:\/\/gastronomicament.cat\/wp-content\/uploads\/2016\/04\/fira-de-santa-maria-del-cami-150-anys-2016.jpg","articleSection":["Actualitat"],"inLanguage":"de","potentialAction":[{"@type":"CommentAction","name":"Comment","target":["https:\/\/gastronomicament.cat\/de\/la-fira-de-santa-maria-celebra-150-anys#respond"]}]},{"@type":"WebPage","@id":"https:\/\/gastronomicament.cat\/de\/la-fira-de-santa-maria-celebra-150-anys","url":"https:\/\/gastronomicament.cat\/de\/la-fira-de-santa-maria-celebra-150-anys","name":"La Fira de Santa Maria celebra 150 anys","isPartOf":{"@id":"https:\/\/gastronomicament.cat\/de\/#website"},"primaryImageOfPage":{"@id":"https:\/\/gastronomicament.cat\/de\/la-fira-de-santa-maria-celebra-150-anys#primaryimage"},"image":{"@id":"https:\/\/gastronomicament.cat\/de\/la-fira-de-santa-maria-celebra-150-anys#primaryimage"},"thumbnailUrl":"https:\/\/gastronomicament.cat\/wp-content\/uploads\/2016\/04\/fira-de-santa-maria-del-cami-150-anys-2016.jpg","datePublished":"2016-04-18T00:27:30+00:00","dateModified":"2022-04-09T08:51:55+00:00","description":"La Fira de Santa Maria celebra 150 anys","inLanguage":"de","potentialAction":[{"@type":"ReadAction","target":["https:\/\/gastronomicament.cat\/de\/la-fira-de-santa-maria-celebra-150-anys"]}]},{"@type":"ImageObject","inLanguage":"de","@id":"https:\/\/gastronomicament.cat\/de\/la-fira-de-santa-maria-celebra-150-anys#primaryimage","url":"https:\/\/gastronomicament.cat\/wp-content\/uploads\/2016\/04\/fira-de-santa-maria-del-cami-150-anys-2016.jpg","contentUrl":"https:\/\/gastronomicament.cat\/wp-content\/uploads\/2016\/04\/fira-de-santa-maria-del-cami-150-anys-2016.jpg","width":640,"height":300},{"@type":"WebSite","@id":"https:\/\/gastronomicament.cat\/de\/#website","url":"https:\/\/gastronomicament.cat\/de\/","name":"Gastron\u00f2micament","description":"Portal de restaurants, receptes i actualitat gastron\u00f2mica","publisher":{"@id":"https:\/\/gastronomicament.cat\/de\/#organization"},"potentialAction":[{"@type":"SearchAction","target":{"@type":"EntryPoint","urlTemplate":"https:\/\/gastronomicament.cat\/de\/?s={search_term_string}"},"query-input":{"@type":"PropertyValueSpecification","valueRequired":true,"valueName":"search_term_string"}}],"inLanguage":"de"},{"@type":"Organization","@id":"https:\/\/gastronomicament.cat\/de\/#organization","name":"Gastron\u00f2micament","url":"https:\/\/gastronomicament.cat\/de\/","logo":{"@type":"ImageObject","inLanguage":"de","@id":"https:\/\/gastronomicament.cat\/de\/#\/schema\/logo\/image\/","url":"https:\/\/gastronomicament.cat\/wp-content\/uploads\/2016\/09\/header-logo.jpg","contentUrl":"https:\/\/gastronomicament.cat\/wp-content\/uploads\/2016\/09\/header-logo.jpg","width":277,"height":39,"caption":"Gastron\u00f2micament"},"image":{"@id":"https:\/\/gastronomicament.cat\/de\/#\/schema\/logo\/image\/"},"sameAs":["https:\/\/x.com\/gastronomicamen"]},{"@type":"Person","@id":"https:\/\/gastronomicament.cat\/de\/#\/schema\/person\/a7c85c537a1ed62799a5b8e0f686a37f","name":"Redacci\u00f3","image":{"@type":"ImageObject","inLanguage":"de","@id":"https:\/\/secure.gravatar.com\/avatar\/9489a485c464fd611d33825daae651d13db70c4e74c65c94937a15a9d4c3ee14?s=96&d=mm&r=g69fea3cce3645dfa2166e7293e22955e","url":"https:\/\/secure.gravatar.com\/avatar\/9489a485c464fd611d33825daae651d13db70c4e74c65c94937a15a9d4c3ee14?s=96&d=mm&r=g","contentUrl":"https:\/\/secure.gravatar.com\/avatar\/9489a485c464fd611d33825daae651d13db70c4e74c65c94937a15a9d4c3ee14?s=96&d=mm&r=g","caption":"Redacci\u00f3"},"sameAs":["http:\/\/gastronomicament.cat"],"url":"https:\/\/gastronomicament.cat\/de\/author\/admin"}]}},"_links":{"self":[{"href":"https:\/\/gastronomicament.cat\/de\/wp-json\/wp\/v2\/posts\/70280","targetHints":{"allow":["GET"]}}],"collection":[{"href":"https:\/\/gastronomicament.cat\/de\/wp-json\/wp\/v2\/posts"}],"about":[{"href":"https:\/\/gastronomicament.cat\/de\/wp-json\/wp\/v2\/types\/post"}],"author":[{"embeddable":true,"href":"https:\/\/gastronomicament.cat\/de\/wp-json\/wp\/v2\/users\/1"}],"replies":[{"embeddable":true,"href":"https:\/\/gastronomicament.cat\/de\/wp-json\/wp\/v2\/comments?post=70280"}],"version-history":[{"count":0,"href":"https:\/\/gastronomicament.cat\/de\/wp-json\/wp\/v2\/posts\/70280\/revisions"}],"wp:featuredmedia":[{"embeddable":true,"href":"https:\/\/gastronomicament.cat\/de\/wp-json\/wp\/v2\/media\/55603"}],"wp:attachment":[{"href":"https:\/\/gastronomicament.cat\/de\/wp-json\/wp\/v2\/media?parent=70280"}],"wp:term":[{"taxonomy":"category","embeddable":true,"href":"https:\/\/gastronomicament.cat\/de\/wp-json\/wp\/v2\/categories?post=70280"},{"taxonomy":"post_tag","embeddable":true,"href":"https:\/\/gastronomicament.cat\/de\/wp-json\/wp\/v2\/tags?post=70280"},{"taxonomy":"author","embeddable":true,"href":"https:\/\/gastronomicament.cat\/de\/wp-json\/wp\/v2\/coauthors?post=70280"}],"curies":[{"name":"wp","href":"https:\/\/api.w.org\/{rel}","templated":true}]}}