{"id":70364,"date":"2016-02-24T17:01:32","date_gmt":"2016-02-24T16:01:32","guid":{"rendered":"https:\/\/gastronomicament.cat\/actitivitats-gastronomiques-i-de-cuina-de-la-diada-de-les-illes-balears"},"modified":"2022-04-09T10:56:07","modified_gmt":"2022-04-09T08:56:07","slug":"actitivitats-gastronomiques-i-de-cuina-de-la-diada-de-les-illes-balears","status":"publish","type":"post","link":"https:\/\/gastronomicament.cat\/de\/actitivitats-gastronomiques-i-de-cuina-de-la-diada-de-les-illes-balears","title":{"rendered":"Actitivitats gastron\u00f2miques i de cuina de la Diada de les Illes Balears"},"content":{"rendered":"<p>S&#8217;han preparat diferents actitivitats gastron\u00f2miques i de cuina amb motiu de la Diada de les Illes Balears<br \/>\n<strong>III Mostra de Cuina de les Illes Balears<\/strong><br \/>\n26 febrer 18.30 a 22.00 h<br \/>\n27, 28 i 29 febrer i 1 mar\u00e7 12.00 a<br \/>\n16.00 h i de 19.00 a 22.00 h<br \/>\nHi participen de 10 restaurants<\/p>\n<p><a href=\"http:\/\/gastronomicament.cat\/torna-peccata-minuta-a-palma-i-ciutadella\"><strong>Pecatta Minuta<\/strong> <\/a><br \/>\nEdici\u00f3 Limitada organitzat per Chefs(in)<br \/>\n29 de febrer de les 21.00 a les\u00a0 24,.00h al Palau March<br \/>\nM\u00e9s informaci\u00f3: <a href=\"http:\/\/gastronomicament.cat\/torna-peccata-minuta-a-palma-i-ciutadella\">http:\/\/gastronomicament.cat\/torna-peccata-minuta-a-palma-i-ciutadella<\/a><\/p>\n<p><strong>Setmana de les Illes Balears a l\u2019Escola d\u2019Hoteleria de les Illes Balears<\/strong> (EHIB)<br \/>\nInauguraci\u00f3\u00a0 26 de febrer. Consultau el programa aqu\u00ed: <a href=\"http:\/\/www.ehib.es\/novadocuments\/IllesBalears2016.pdf\" target=\"_blank\" rel=\"noopener\">http:\/\/www.ehib.es\/novadocuments\/IllesBalears2016.pdf<\/a><\/p>\n<p><strong>Mostra de Cases Regionals<\/strong><br \/>\n26 febrer 18.30 a 23.00 h<br \/>\n27, 28 i 29 febrer 10.00 a 23.00h<br \/>\n1 mar\u00e7 10.00 a 20.00h<br \/>\n10 cases regionals oferiran productes t\u00edpics<\/p>\n<p><strong>Esdeveniment gastron\u00f2mic-creatiu<\/strong><br \/>\n(Gabinet de la Presid\u00e8ncia)<br \/>\nDel 27 al 29 de febrer de 13.30 a 14.30hal pati del Consolat de Mar<\/p>\n<p><strong>Federaci\u00f3 Hotelera<\/strong> (FEHM)<br \/>\nDel 26 de febrer al 2 de mar\u00e7:<br \/>\nParticipaci\u00f3 dels restaurants dels establiments FEHM a les Jornades<br \/>\nGastron\u00f2miques de la Diada amb un men\u00fa especial t\u00edpic.<br \/>\nEstabliments adherits:<br \/>\nAmic Horizonte- Restaurante Joan Mir\u00f3: Buffet especial Dia de les Illes<br \/>\nBalears 15\u20ac adults i 10\u20ac infants.\u00a0 Tel. 902400661<\/p>\n<p><strong>Rutes agroturistes de les Illes Balears<\/strong>. Productes ecol\u00f2gics (SEMILLA)<br \/>\n&#8211; Del dia 27 de febrer\u00a0 a 1 de mar\u00e7 de 9.30 a 13.30h Rutes a Gust-Rutes agrotur\u00edstiques amb productes ecol\u00f2gics amb sortides i arribades al Moll Vell de Palma.<\/p>\n<p><strong>Tapes amb Oli de Mallorca<\/strong><br \/>\nDia 27 de febrer a les 12.00 h, a la Pla\u00e7a de la Feixina<br \/>\nShowcooking a la Pla\u00e7a de la Feixina amb degustaci\u00f3 de tapes amb oli de Mallorca amb el xef Jos\u00e9 Cort\u00e8s i c\u00f2ctels amb oli de Mallorca amb Rafa Mart\u00edn (Brassclub)<\/p>\n<p>Les elaboracions seran:<br \/>\n&#8211;\u00a0 Xot amb crem\u00f3s de patates, textures de tom\u00e0tiga, verduretes i Oli de Mallorca<br \/>\n(Jos\u00e9 Cort\u00e9s)<br \/>\n&#8211; Or de Mallorca (Rafa Martin)<\/p>\n<p>Inscripci\u00f3 pr\u00e8via a info@olidemallorcaa.es<\/p>\n<p><strong>Projecte Fira de Denominaci\u00f3 d\u2019Origen<\/strong> (Tot Espectacle)<br \/>\nDia 27 a 1 mar\u00e7 de febrer de 18.30 a 22.00 h a l\u2019Esplanada del Parc de la Mar<\/p>\n<p><strong>Casa Lloren\u00e7 Villalonga- Museu Literari<\/strong><br \/>\nDia 27 de febrer a les 12.00h Presentaci\u00f3 de vins i vinyes amb visita al<br \/>\nCeller de Can Sabater i tast dirigit de la D.O Binissalem a c\u00e0rrec de Marga Amat.<\/p>\n<p>Dia 27 de febrer a les 13.00h Presentaci\u00f3 de <em>Vi i cultura a Mallorca<\/em> i<br \/>\n<em>Glosadors de Mallorca<\/em> a c\u00e0rrec de Felip Munar. Lectura d\u2019una selecci\u00f3 de <em>Gloses d\u2019un xafarder<\/em> de Lloren\u00e7 Moy\u00e0.<!--more--><\/p>\n","protected":false},"excerpt":{"rendered":"<p>S&#8217;han preparat diferents actitivitats gastron\u00f2miques i de cuina amb motiu de la Diada de les Illes&hellip;<\/p>\n","protected":false},"author":1,"featured_media":55441,"comment_status":"open","ping_status":"closed","sticky":false,"template":"","format":"standard","meta":{"_acf_changed":false,"_swt_meta_header_display":false,"_swt_meta_footer_display":false,"_swt_meta_site_title_display":false,"_swt_meta_sticky_header":false,"_swt_meta_transparent_header":false,"footnotes":""},"categories":[1050],"tags":[],"coauthors":[],"class_list":["post-70364","post","type-post","status-publish","format-standard","has-post-thumbnail","hentry","category-actualitat-es-de"],"acf":{"gallery":null,"home_date":{"home_begin_date":null,"home_end_date":null}},"yoast_head":"<!-- This site is optimized with the Yoast SEO plugin v27.4 - https:\/\/yoast.com\/product\/yoast-seo-wordpress\/ -->\n<title>Actitivitats gastron\u00f2miques i de cuina de Diada de les Illes Balears<\/title>\n<meta name=\"description\" content=\"Actitivitats gastron\u00f2miques i de cuina de la Diada de les Illes Balears\" \/>\n<meta name=\"robots\" content=\"index, follow, max-snippet:-1, max-image-preview:large, max-video-preview:-1\" \/>\n<link rel=\"canonical\" href=\"https:\/\/gastronomicament.cat\/de\/actitivitats-gastronomiques-i-de-cuina-de-la-diada-de-les-illes-balears\" \/>\n<meta property=\"og:locale\" content=\"de_DE\" \/>\n<meta property=\"og:type\" content=\"article\" \/>\n<meta property=\"og:title\" content=\"Actitivitats gastron\u00f2miques i de cuina de Diada de les Illes Balears\" \/>\n<meta property=\"og:description\" content=\"Actitivitats gastron\u00f2miques i de cuina de la Diada de les Illes Balears\" \/>\n<meta property=\"og:url\" content=\"https:\/\/gastronomicament.cat\/de\/actitivitats-gastronomiques-i-de-cuina-de-la-diada-de-les-illes-balears\" \/>\n<meta property=\"og:site_name\" content=\"Gastron\u00f2micament\" \/>\n<meta property=\"article:published_time\" content=\"2016-02-24T16:01:32+00:00\" \/>\n<meta property=\"article:modified_time\" content=\"2022-04-09T08:56:07+00:00\" \/>\n<meta property=\"og:image\" content=\"https:\/\/gastronomicament.cat\/wp-content\/uploads\/2016\/02\/activitats-gastronomiques-i-de-cuina-dia-de-les-illes-balears.jpg\" \/>\n\t<meta property=\"og:image:width\" content=\"640\" \/>\n\t<meta property=\"og:image:height\" content=\"298\" \/>\n\t<meta property=\"og:image:type\" content=\"image\/jpeg\" \/>\n<meta name=\"author\" content=\"Redacci\u00f3\" \/>\n<meta name=\"twitter:card\" content=\"summary_large_image\" \/>\n<meta name=\"twitter:creator\" content=\"@gastronomicamen\" \/>\n<meta name=\"twitter:site\" content=\"@gastronomicamen\" \/>\n<meta name=\"twitter:label1\" content=\"Verfasst von\" \/>\n\t<meta name=\"twitter:data1\" content=\"Redacci\u00f3\" \/>\n\t<meta name=\"twitter:label2\" content=\"Gesch\u00e4tzte Lesezeit\" \/>\n\t<meta name=\"twitter:data2\" content=\"2\u00a0Minuten\" \/>\n\t<meta name=\"twitter:label3\" content=\"Written by\" \/>\n\t<meta name=\"twitter:data3\" content=\"Redacci\u00f3\" \/>\n<script type=\"application\/ld+json\" class=\"yoast-schema-graph\">{\"@context\":\"https:\\\/\\\/schema.org\",\"@graph\":[{\"@type\":\"Article\",\"@id\":\"https:\\\/\\\/gastronomicament.cat\\\/de\\\/actitivitats-gastronomiques-i-de-cuina-de-la-diada-de-les-illes-balears#article\",\"isPartOf\":{\"@id\":\"https:\\\/\\\/gastronomicament.cat\\\/de\\\/actitivitats-gastronomiques-i-de-cuina-de-la-diada-de-les-illes-balears\"},\"author\":{\"name\":\"Redacci\u00f3\",\"@id\":\"https:\\\/\\\/gastronomicament.cat\\\/de\\\/#\\\/schema\\\/person\\\/a7c85c537a1ed62799a5b8e0f686a37f\"},\"headline\":\"Actitivitats gastron\u00f2miques i de cuina de la Diada de les Illes Balears\",\"datePublished\":\"2016-02-24T16:01:32+00:00\",\"dateModified\":\"2022-04-09T08:56:07+00:00\",\"mainEntityOfPage\":{\"@id\":\"https:\\\/\\\/gastronomicament.cat\\\/de\\\/actitivitats-gastronomiques-i-de-cuina-de-la-diada-de-les-illes-balears\"},\"wordCount\":419,\"commentCount\":0,\"publisher\":{\"@id\":\"https:\\\/\\\/gastronomicament.cat\\\/de\\\/#organization\"},\"image\":{\"@id\":\"https:\\\/\\\/gastronomicament.cat\\\/de\\\/actitivitats-gastronomiques-i-de-cuina-de-la-diada-de-les-illes-balears#primaryimage\"},\"thumbnailUrl\":\"https:\\\/\\\/gastronomicament.cat\\\/wp-content\\\/uploads\\\/2016\\\/02\\\/activitats-gastronomiques-i-de-cuina-dia-de-les-illes-balears.jpg\",\"articleSection\":[\"Actualitat\"],\"inLanguage\":\"de\",\"potentialAction\":[{\"@type\":\"CommentAction\",\"name\":\"Comment\",\"target\":[\"https:\\\/\\\/gastronomicament.cat\\\/de\\\/actitivitats-gastronomiques-i-de-cuina-de-la-diada-de-les-illes-balears#respond\"]}]},{\"@type\":\"WebPage\",\"@id\":\"https:\\\/\\\/gastronomicament.cat\\\/de\\\/actitivitats-gastronomiques-i-de-cuina-de-la-diada-de-les-illes-balears\",\"url\":\"https:\\\/\\\/gastronomicament.cat\\\/de\\\/actitivitats-gastronomiques-i-de-cuina-de-la-diada-de-les-illes-balears\",\"name\":\"Actitivitats gastron\u00f2miques i de cuina de Diada de les Illes Balears\",\"isPartOf\":{\"@id\":\"https:\\\/\\\/gastronomicament.cat\\\/de\\\/#website\"},\"primaryImageOfPage\":{\"@id\":\"https:\\\/\\\/gastronomicament.cat\\\/de\\\/actitivitats-gastronomiques-i-de-cuina-de-la-diada-de-les-illes-balears#primaryimage\"},\"image\":{\"@id\":\"https:\\\/\\\/gastronomicament.cat\\\/de\\\/actitivitats-gastronomiques-i-de-cuina-de-la-diada-de-les-illes-balears#primaryimage\"},\"thumbnailUrl\":\"https:\\\/\\\/gastronomicament.cat\\\/wp-content\\\/uploads\\\/2016\\\/02\\\/activitats-gastronomiques-i-de-cuina-dia-de-les-illes-balears.jpg\",\"datePublished\":\"2016-02-24T16:01:32+00:00\",\"dateModified\":\"2022-04-09T08:56:07+00:00\",\"description\":\"Actitivitats gastron\u00f2miques i de cuina de la Diada de les Illes Balears\",\"inLanguage\":\"de\",\"potentialAction\":[{\"@type\":\"ReadAction\",\"target\":[\"https:\\\/\\\/gastronomicament.cat\\\/de\\\/actitivitats-gastronomiques-i-de-cuina-de-la-diada-de-les-illes-balears\"]}]},{\"@type\":\"ImageObject\",\"inLanguage\":\"de\",\"@id\":\"https:\\\/\\\/gastronomicament.cat\\\/de\\\/actitivitats-gastronomiques-i-de-cuina-de-la-diada-de-les-illes-balears#primaryimage\",\"url\":\"https:\\\/\\\/gastronomicament.cat\\\/wp-content\\\/uploads\\\/2016\\\/02\\\/activitats-gastronomiques-i-de-cuina-dia-de-les-illes-balears.jpg\",\"contentUrl\":\"https:\\\/\\\/gastronomicament.cat\\\/wp-content\\\/uploads\\\/2016\\\/02\\\/activitats-gastronomiques-i-de-cuina-dia-de-les-illes-balears.jpg\",\"width\":640,\"height\":298},{\"@type\":\"WebSite\",\"@id\":\"https:\\\/\\\/gastronomicament.cat\\\/de\\\/#website\",\"url\":\"https:\\\/\\\/gastronomicament.cat\\\/de\\\/\",\"name\":\"Gastron\u00f2micament\",\"description\":\"Portal de restaurants, receptes i actualitat gastron\u00f2mica\",\"publisher\":{\"@id\":\"https:\\\/\\\/gastronomicament.cat\\\/de\\\/#organization\"},\"potentialAction\":[{\"@type\":\"SearchAction\",\"target\":{\"@type\":\"EntryPoint\",\"urlTemplate\":\"https:\\\/\\\/gastronomicament.cat\\\/de\\\/?s={search_term_string}\"},\"query-input\":{\"@type\":\"PropertyValueSpecification\",\"valueRequired\":true,\"valueName\":\"search_term_string\"}}],\"inLanguage\":\"de\"},{\"@type\":\"Organization\",\"@id\":\"https:\\\/\\\/gastronomicament.cat\\\/de\\\/#organization\",\"name\":\"Gastron\u00f2micament\",\"url\":\"https:\\\/\\\/gastronomicament.cat\\\/de\\\/\",\"logo\":{\"@type\":\"ImageObject\",\"inLanguage\":\"de\",\"@id\":\"https:\\\/\\\/gastronomicament.cat\\\/de\\\/#\\\/schema\\\/logo\\\/image\\\/\",\"url\":\"https:\\\/\\\/gastronomicament.cat\\\/wp-content\\\/uploads\\\/2016\\\/09\\\/header-logo.jpg\",\"contentUrl\":\"https:\\\/\\\/gastronomicament.cat\\\/wp-content\\\/uploads\\\/2016\\\/09\\\/header-logo.jpg\",\"width\":277,\"height\":39,\"caption\":\"Gastron\u00f2micament\"},\"image\":{\"@id\":\"https:\\\/\\\/gastronomicament.cat\\\/de\\\/#\\\/schema\\\/logo\\\/image\\\/\"},\"sameAs\":[\"https:\\\/\\\/x.com\\\/gastronomicamen\"]},{\"@type\":\"Person\",\"@id\":\"https:\\\/\\\/gastronomicament.cat\\\/de\\\/#\\\/schema\\\/person\\\/a7c85c537a1ed62799a5b8e0f686a37f\",\"name\":\"Redacci\u00f3\",\"image\":{\"@type\":\"ImageObject\",\"inLanguage\":\"de\",\"@id\":\"https:\\\/\\\/secure.gravatar.com\\\/avatar\\\/9489a485c464fd611d33825daae651d13db70c4e74c65c94937a15a9d4c3ee14?s=96&d=mm&r=g69fea3cce3645dfa2166e7293e22955e\",\"url\":\"https:\\\/\\\/secure.gravatar.com\\\/avatar\\\/9489a485c464fd611d33825daae651d13db70c4e74c65c94937a15a9d4c3ee14?s=96&d=mm&r=g\",\"contentUrl\":\"https:\\\/\\\/secure.gravatar.com\\\/avatar\\\/9489a485c464fd611d33825daae651d13db70c4e74c65c94937a15a9d4c3ee14?s=96&d=mm&r=g\",\"caption\":\"Redacci\u00f3\"},\"sameAs\":[\"http:\\\/\\\/gastronomicament.cat\"],\"url\":\"https:\\\/\\\/gastronomicament.cat\\\/de\\\/author\\\/admin\"}]}<\/script>\n<!-- \/ Yoast SEO plugin. -->","yoast_head_json":{"title":"Actitivitats gastron\u00f2miques i de cuina de Diada de les Illes Balears","description":"Actitivitats gastron\u00f2miques i de cuina de la Diada de les Illes Balears","robots":{"index":"index","follow":"follow","max-snippet":"max-snippet:-1","max-image-preview":"max-image-preview:large","max-video-preview":"max-video-preview:-1"},"canonical":"https:\/\/gastronomicament.cat\/de\/actitivitats-gastronomiques-i-de-cuina-de-la-diada-de-les-illes-balears","og_locale":"de_DE","og_type":"article","og_title":"Actitivitats gastron\u00f2miques i de cuina de Diada de les Illes Balears","og_description":"Actitivitats gastron\u00f2miques i de cuina de la Diada de les Illes Balears","og_url":"https:\/\/gastronomicament.cat\/de\/actitivitats-gastronomiques-i-de-cuina-de-la-diada-de-les-illes-balears","og_site_name":"Gastron\u00f2micament","article_published_time":"2016-02-24T16:01:32+00:00","article_modified_time":"2022-04-09T08:56:07+00:00","og_image":[{"width":640,"height":298,"url":"https:\/\/gastronomicament.cat\/wp-content\/uploads\/2016\/02\/activitats-gastronomiques-i-de-cuina-dia-de-les-illes-balears.jpg","type":"image\/jpeg"}],"author":"Redacci\u00f3","twitter_card":"summary_large_image","twitter_creator":"@gastronomicamen","twitter_site":"@gastronomicamen","twitter_misc":{"Verfasst von":"Redacci\u00f3","Gesch\u00e4tzte Lesezeit":"2\u00a0Minuten","Written by":"Redacci\u00f3"},"schema":{"@context":"https:\/\/schema.org","@graph":[{"@type":"Article","@id":"https:\/\/gastronomicament.cat\/de\/actitivitats-gastronomiques-i-de-cuina-de-la-diada-de-les-illes-balears#article","isPartOf":{"@id":"https:\/\/gastronomicament.cat\/de\/actitivitats-gastronomiques-i-de-cuina-de-la-diada-de-les-illes-balears"},"author":{"name":"Redacci\u00f3","@id":"https:\/\/gastronomicament.cat\/de\/#\/schema\/person\/a7c85c537a1ed62799a5b8e0f686a37f"},"headline":"Actitivitats gastron\u00f2miques i de cuina de la Diada de les Illes Balears","datePublished":"2016-02-24T16:01:32+00:00","dateModified":"2022-04-09T08:56:07+00:00","mainEntityOfPage":{"@id":"https:\/\/gastronomicament.cat\/de\/actitivitats-gastronomiques-i-de-cuina-de-la-diada-de-les-illes-balears"},"wordCount":419,"commentCount":0,"publisher":{"@id":"https:\/\/gastronomicament.cat\/de\/#organization"},"image":{"@id":"https:\/\/gastronomicament.cat\/de\/actitivitats-gastronomiques-i-de-cuina-de-la-diada-de-les-illes-balears#primaryimage"},"thumbnailUrl":"https:\/\/gastronomicament.cat\/wp-content\/uploads\/2016\/02\/activitats-gastronomiques-i-de-cuina-dia-de-les-illes-balears.jpg","articleSection":["Actualitat"],"inLanguage":"de","potentialAction":[{"@type":"CommentAction","name":"Comment","target":["https:\/\/gastronomicament.cat\/de\/actitivitats-gastronomiques-i-de-cuina-de-la-diada-de-les-illes-balears#respond"]}]},{"@type":"WebPage","@id":"https:\/\/gastronomicament.cat\/de\/actitivitats-gastronomiques-i-de-cuina-de-la-diada-de-les-illes-balears","url":"https:\/\/gastronomicament.cat\/de\/actitivitats-gastronomiques-i-de-cuina-de-la-diada-de-les-illes-balears","name":"Actitivitats gastron\u00f2miques i de cuina de Diada de les Illes Balears","isPartOf":{"@id":"https:\/\/gastronomicament.cat\/de\/#website"},"primaryImageOfPage":{"@id":"https:\/\/gastronomicament.cat\/de\/actitivitats-gastronomiques-i-de-cuina-de-la-diada-de-les-illes-balears#primaryimage"},"image":{"@id":"https:\/\/gastronomicament.cat\/de\/actitivitats-gastronomiques-i-de-cuina-de-la-diada-de-les-illes-balears#primaryimage"},"thumbnailUrl":"https:\/\/gastronomicament.cat\/wp-content\/uploads\/2016\/02\/activitats-gastronomiques-i-de-cuina-dia-de-les-illes-balears.jpg","datePublished":"2016-02-24T16:01:32+00:00","dateModified":"2022-04-09T08:56:07+00:00","description":"Actitivitats gastron\u00f2miques i de cuina de la Diada de les Illes Balears","inLanguage":"de","potentialAction":[{"@type":"ReadAction","target":["https:\/\/gastronomicament.cat\/de\/actitivitats-gastronomiques-i-de-cuina-de-la-diada-de-les-illes-balears"]}]},{"@type":"ImageObject","inLanguage":"de","@id":"https:\/\/gastronomicament.cat\/de\/actitivitats-gastronomiques-i-de-cuina-de-la-diada-de-les-illes-balears#primaryimage","url":"https:\/\/gastronomicament.cat\/wp-content\/uploads\/2016\/02\/activitats-gastronomiques-i-de-cuina-dia-de-les-illes-balears.jpg","contentUrl":"https:\/\/gastronomicament.cat\/wp-content\/uploads\/2016\/02\/activitats-gastronomiques-i-de-cuina-dia-de-les-illes-balears.jpg","width":640,"height":298},{"@type":"WebSite","@id":"https:\/\/gastronomicament.cat\/de\/#website","url":"https:\/\/gastronomicament.cat\/de\/","name":"Gastron\u00f2micament","description":"Portal de restaurants, receptes i actualitat gastron\u00f2mica","publisher":{"@id":"https:\/\/gastronomicament.cat\/de\/#organization"},"potentialAction":[{"@type":"SearchAction","target":{"@type":"EntryPoint","urlTemplate":"https:\/\/gastronomicament.cat\/de\/?s={search_term_string}"},"query-input":{"@type":"PropertyValueSpecification","valueRequired":true,"valueName":"search_term_string"}}],"inLanguage":"de"},{"@type":"Organization","@id":"https:\/\/gastronomicament.cat\/de\/#organization","name":"Gastron\u00f2micament","url":"https:\/\/gastronomicament.cat\/de\/","logo":{"@type":"ImageObject","inLanguage":"de","@id":"https:\/\/gastronomicament.cat\/de\/#\/schema\/logo\/image\/","url":"https:\/\/gastronomicament.cat\/wp-content\/uploads\/2016\/09\/header-logo.jpg","contentUrl":"https:\/\/gastronomicament.cat\/wp-content\/uploads\/2016\/09\/header-logo.jpg","width":277,"height":39,"caption":"Gastron\u00f2micament"},"image":{"@id":"https:\/\/gastronomicament.cat\/de\/#\/schema\/logo\/image\/"},"sameAs":["https:\/\/x.com\/gastronomicamen"]},{"@type":"Person","@id":"https:\/\/gastronomicament.cat\/de\/#\/schema\/person\/a7c85c537a1ed62799a5b8e0f686a37f","name":"Redacci\u00f3","image":{"@type":"ImageObject","inLanguage":"de","@id":"https:\/\/secure.gravatar.com\/avatar\/9489a485c464fd611d33825daae651d13db70c4e74c65c94937a15a9d4c3ee14?s=96&d=mm&r=g69fea3cce3645dfa2166e7293e22955e","url":"https:\/\/secure.gravatar.com\/avatar\/9489a485c464fd611d33825daae651d13db70c4e74c65c94937a15a9d4c3ee14?s=96&d=mm&r=g","contentUrl":"https:\/\/secure.gravatar.com\/avatar\/9489a485c464fd611d33825daae651d13db70c4e74c65c94937a15a9d4c3ee14?s=96&d=mm&r=g","caption":"Redacci\u00f3"},"sameAs":["http:\/\/gastronomicament.cat"],"url":"https:\/\/gastronomicament.cat\/de\/author\/admin"}]}},"_links":{"self":[{"href":"https:\/\/gastronomicament.cat\/de\/wp-json\/wp\/v2\/posts\/70364","targetHints":{"allow":["GET"]}}],"collection":[{"href":"https:\/\/gastronomicament.cat\/de\/wp-json\/wp\/v2\/posts"}],"about":[{"href":"https:\/\/gastronomicament.cat\/de\/wp-json\/wp\/v2\/types\/post"}],"author":[{"embeddable":true,"href":"https:\/\/gastronomicament.cat\/de\/wp-json\/wp\/v2\/users\/1"}],"replies":[{"embeddable":true,"href":"https:\/\/gastronomicament.cat\/de\/wp-json\/wp\/v2\/comments?post=70364"}],"version-history":[{"count":0,"href":"https:\/\/gastronomicament.cat\/de\/wp-json\/wp\/v2\/posts\/70364\/revisions"}],"wp:featuredmedia":[{"embeddable":true,"href":"https:\/\/gastronomicament.cat\/de\/wp-json\/wp\/v2\/media\/55441"}],"wp:attachment":[{"href":"https:\/\/gastronomicament.cat\/de\/wp-json\/wp\/v2\/media?parent=70364"}],"wp:term":[{"taxonomy":"category","embeddable":true,"href":"https:\/\/gastronomicament.cat\/de\/wp-json\/wp\/v2\/categories?post=70364"},{"taxonomy":"post_tag","embeddable":true,"href":"https:\/\/gastronomicament.cat\/de\/wp-json\/wp\/v2\/tags?post=70364"},{"taxonomy":"author","embeddable":true,"href":"https:\/\/gastronomicament.cat\/de\/wp-json\/wp\/v2\/coauthors?post=70364"}],"curies":[{"name":"wp","href":"https:\/\/api.w.org\/{rel}","templated":true}]}}