{"id":70371,"date":"2016-02-24T11:23:34","date_gmt":"2016-02-24T10:23:34","guid":{"rendered":"https:\/\/gastronomicament.cat\/torna-peccata-minuta-a-palma-i-ciutadella"},"modified":"2016-02-24T11:23:34","modified_gmt":"2016-02-24T10:23:34","slug":"torna-peccata-minuta-a-palma-i-ciutadella","status":"publish","type":"post","link":"https:\/\/gastronomicament.cat\/de\/torna-peccata-minuta-a-palma-i-ciutadella","title":{"rendered":"Torna Peccata Minuta a Palma i Ciutadella"},"content":{"rendered":"<p>Torna una nova edici\u00f3 de Peccata Minuta, la ruta de tapes gurmet de Chefsin, que se celebra simult\u00e0niament a Palma i a Ciutadella per commemorar el Dia de les Illes Balears. Ser\u00e0 el dilluns 29 de febrer, a les 21 hores, amb aforament limitat.<\/p>\n<p>A Palma, 7 xefs de Mallorca i Menorca prepararan un sopar de tapes al Palau March. I a Ciutadella, 6 xefs menorquins i un <em>bartender<\/em> faran el mateix al Mercat des Peix. L&#8217;entrada \u00e9s limitada perqu\u00e8 la gent que hi vagi a sopar gaudeixi de m\u00e9s comoditat. Els tiquets es poden adquirir al web de Chefsin (<a href=\"http:\/\/www.chefsin.es\/peccataminuta\">www.chefsin.es\/peccataminuta<\/a>).<\/p>\n<p>El Peccata Minuta \u00e9s una gran oportunitat per tastar les creacions dels millors xefs de les illes i fer-ho, a m\u00e9s en un lloc diferent i emblem\u00e0tic.<\/p>\n<p>Fins ara a Mallorca, s&#8217;han celebrado altres edicions del Peccata Minuta al Mercat de Santa Catalina, al Mercat de l&#8217;Olivar, al claustre de Sant Domingo d&#8217;Inca o al Parc de la Mar. I a Menorca, al Mercat des Peix de Ciutadella i al Mercat Femenia- Peixateria de Ma\u00f3.<\/p>\n<p><strong>Els xefs de Palma<\/strong><br \/>\nEls xefs que assistiran al Palau March s\u00f3n Miquel Gelabert (Can March, Manacor), V\u00edctor Garc\u00eda (La Fortaleza, Cap Rocat, Llucmajor), Tomeu Mart\u00ed (Arume, Palma), Marga Coll (Miceli, Selva), Patrick James (Pan y vino, Sant Llu\u00eds), Miquel S\u00e1nchez (Smoix, Ciutadella), Joan Marc (Joan Marc Restaurant, Inca). El sopar estar\u00e0 maridat amb vins seleccionats per Vinamica i cervesa artesana mallorquina de Boscana.<br \/>\nPreu: 30 \u20ac<\/p>\n<p><strong>Els xefs de Ciutadella<\/strong><br \/>\nEls xefs del Mercat des Peix s\u00f3n V\u00edctor Bayo (Alcaufar Vell); Tom\u00e1s Cano (Royal Son Bou); \u00d3scar Torrens (Alma Canalla); Joan Canals (<em>bartender<\/em> d&#8217;Ulisses; Joan Bagur (Rels Restaurant); S\u00edlvia Anglada (Es Tast de na Silvia); Matteo Voccia (La Gruta) que prepararan i serviran els\u00a0 plats en contacte amb la gent. El sopar estar\u00e0 maridat amb vins de Binifadet.<br \/>\nPreu: 25 \u20ac<!--more--><\/p>\n","protected":false},"excerpt":{"rendered":"<p>Ser\u00e0 el dilluns 29 de febrer, a les 21 hores, amb aforament limitat.<\/p>\n","protected":false},"author":1,"featured_media":55427,"comment_status":"open","ping_status":"closed","sticky":false,"template":"","format":"gallery","meta":{"_acf_changed":false,"_swt_meta_header_display":false,"_swt_meta_footer_display":false,"_swt_meta_site_title_display":false,"_swt_meta_sticky_header":false,"_swt_meta_transparent_header":false,"footnotes":""},"categories":[1050],"tags":[],"coauthors":[],"class_list":["post-70371","post","type-post","status-publish","format-gallery","has-post-thumbnail","hentry","category-actualitat-es-de","post_format-post-format-gallery"],"acf":{"gallery":null,"home_date":{"home_begin_date":null,"home_end_date":null}},"yoast_head":"<!-- This site is optimized with the Yoast SEO plugin v27.4 - https:\/\/yoast.com\/product\/yoast-seo-wordpress\/ -->\n<title>Torna Peccata Minuta a Palma i Ciutadella -Vuelve Peccata Minuta<\/title>\n<meta name=\"description\" content=\"Torna Peccata Minuta a Palma i Ciutadella -Vuelve Peccata Minuta en Palma y Ciutadella\" \/>\n<meta name=\"robots\" content=\"index, follow, max-snippet:-1, max-image-preview:large, max-video-preview:-1\" \/>\n<link rel=\"canonical\" href=\"https:\/\/gastronomicament.cat\/de\/torna-peccata-minuta-a-palma-i-ciutadella\" \/>\n<meta property=\"og:locale\" content=\"de_DE\" \/>\n<meta property=\"og:type\" content=\"article\" \/>\n<meta property=\"og:title\" content=\"Torna Peccata Minuta a Palma i Ciutadella -Vuelve Peccata Minuta\" \/>\n<meta property=\"og:description\" content=\"Torna Peccata Minuta a Palma i Ciutadella -Vuelve Peccata Minuta en Palma y Ciutadella\" \/>\n<meta property=\"og:url\" content=\"https:\/\/gastronomicament.cat\/de\/torna-peccata-minuta-a-palma-i-ciutadella\" \/>\n<meta property=\"og:site_name\" content=\"Gastron\u00f2micament\" \/>\n<meta property=\"article:published_time\" content=\"2016-02-24T10:23:34+00:00\" \/>\n<meta property=\"og:image\" content=\"https:\/\/gastronomicament.cat\/wp-content\/uploads\/2016\/02\/peccata-minuta.jpg\" \/>\n\t<meta property=\"og:image:width\" content=\"732\" \/>\n\t<meta property=\"og:image:height\" content=\"349\" \/>\n\t<meta property=\"og:image:type\" content=\"image\/jpeg\" \/>\n<meta name=\"author\" content=\"Redacci\u00f3\" \/>\n<meta name=\"twitter:card\" content=\"summary_large_image\" \/>\n<meta name=\"twitter:creator\" content=\"@gastronomicamen\" \/>\n<meta name=\"twitter:site\" content=\"@gastronomicamen\" \/>\n<meta name=\"twitter:label1\" content=\"Verfasst von\" \/>\n\t<meta name=\"twitter:data1\" content=\"Redacci\u00f3\" \/>\n\t<meta name=\"twitter:label2\" content=\"Gesch\u00e4tzte Lesezeit\" \/>\n\t<meta name=\"twitter:data2\" content=\"2\u00a0Minuten\" \/>\n\t<meta name=\"twitter:label3\" content=\"Written by\" \/>\n\t<meta name=\"twitter:data3\" content=\"Redacci\u00f3\" \/>\n<script type=\"application\/ld+json\" class=\"yoast-schema-graph\">{\"@context\":\"https:\\\/\\\/schema.org\",\"@graph\":[{\"@type\":\"Article\",\"@id\":\"https:\\\/\\\/gastronomicament.cat\\\/de\\\/torna-peccata-minuta-a-palma-i-ciutadella#article\",\"isPartOf\":{\"@id\":\"https:\\\/\\\/gastronomicament.cat\\\/de\\\/torna-peccata-minuta-a-palma-i-ciutadella\"},\"author\":{\"name\":\"Redacci\u00f3\",\"@id\":\"https:\\\/\\\/gastronomicament.cat\\\/de\\\/#\\\/schema\\\/person\\\/a7c85c537a1ed62799a5b8e0f686a37f\"},\"headline\":\"Torna Peccata Minuta a Palma i Ciutadella\",\"datePublished\":\"2016-02-24T10:23:34+00:00\",\"mainEntityOfPage\":{\"@id\":\"https:\\\/\\\/gastronomicament.cat\\\/de\\\/torna-peccata-minuta-a-palma-i-ciutadella\"},\"wordCount\":323,\"commentCount\":0,\"publisher\":{\"@id\":\"https:\\\/\\\/gastronomicament.cat\\\/de\\\/#organization\"},\"image\":{\"@id\":\"https:\\\/\\\/gastronomicament.cat\\\/de\\\/torna-peccata-minuta-a-palma-i-ciutadella#primaryimage\"},\"thumbnailUrl\":\"https:\\\/\\\/gastronomicament.cat\\\/wp-content\\\/uploads\\\/2016\\\/02\\\/peccata-minuta.jpg\",\"articleSection\":[\"Actualitat\"],\"inLanguage\":\"de\",\"potentialAction\":[{\"@type\":\"CommentAction\",\"name\":\"Comment\",\"target\":[\"https:\\\/\\\/gastronomicament.cat\\\/de\\\/torna-peccata-minuta-a-palma-i-ciutadella#respond\"]}]},{\"@type\":\"WebPage\",\"@id\":\"https:\\\/\\\/gastronomicament.cat\\\/de\\\/torna-peccata-minuta-a-palma-i-ciutadella\",\"url\":\"https:\\\/\\\/gastronomicament.cat\\\/de\\\/torna-peccata-minuta-a-palma-i-ciutadella\",\"name\":\"Torna Peccata Minuta a Palma i Ciutadella -Vuelve Peccata Minuta\",\"isPartOf\":{\"@id\":\"https:\\\/\\\/gastronomicament.cat\\\/de\\\/#website\"},\"primaryImageOfPage\":{\"@id\":\"https:\\\/\\\/gastronomicament.cat\\\/de\\\/torna-peccata-minuta-a-palma-i-ciutadella#primaryimage\"},\"image\":{\"@id\":\"https:\\\/\\\/gastronomicament.cat\\\/de\\\/torna-peccata-minuta-a-palma-i-ciutadella#primaryimage\"},\"thumbnailUrl\":\"https:\\\/\\\/gastronomicament.cat\\\/wp-content\\\/uploads\\\/2016\\\/02\\\/peccata-minuta.jpg\",\"datePublished\":\"2016-02-24T10:23:34+00:00\",\"description\":\"Torna Peccata Minuta a Palma i Ciutadella -Vuelve Peccata Minuta en Palma y Ciutadella\",\"inLanguage\":\"de\",\"potentialAction\":[{\"@type\":\"ReadAction\",\"target\":[\"https:\\\/\\\/gastronomicament.cat\\\/de\\\/torna-peccata-minuta-a-palma-i-ciutadella\"]}]},{\"@type\":\"ImageObject\",\"inLanguage\":\"de\",\"@id\":\"https:\\\/\\\/gastronomicament.cat\\\/de\\\/torna-peccata-minuta-a-palma-i-ciutadella#primaryimage\",\"url\":\"https:\\\/\\\/gastronomicament.cat\\\/wp-content\\\/uploads\\\/2016\\\/02\\\/peccata-minuta.jpg\",\"contentUrl\":\"https:\\\/\\\/gastronomicament.cat\\\/wp-content\\\/uploads\\\/2016\\\/02\\\/peccata-minuta.jpg\",\"width\":732,\"height\":349},{\"@type\":\"WebSite\",\"@id\":\"https:\\\/\\\/gastronomicament.cat\\\/de\\\/#website\",\"url\":\"https:\\\/\\\/gastronomicament.cat\\\/de\\\/\",\"name\":\"Gastron\u00f2micament\",\"description\":\"Portal de restaurants, receptes i actualitat gastron\u00f2mica\",\"publisher\":{\"@id\":\"https:\\\/\\\/gastronomicament.cat\\\/de\\\/#organization\"},\"potentialAction\":[{\"@type\":\"SearchAction\",\"target\":{\"@type\":\"EntryPoint\",\"urlTemplate\":\"https:\\\/\\\/gastronomicament.cat\\\/de\\\/?s={search_term_string}\"},\"query-input\":{\"@type\":\"PropertyValueSpecification\",\"valueRequired\":true,\"valueName\":\"search_term_string\"}}],\"inLanguage\":\"de\"},{\"@type\":\"Organization\",\"@id\":\"https:\\\/\\\/gastronomicament.cat\\\/de\\\/#organization\",\"name\":\"Gastron\u00f2micament\",\"url\":\"https:\\\/\\\/gastronomicament.cat\\\/de\\\/\",\"logo\":{\"@type\":\"ImageObject\",\"inLanguage\":\"de\",\"@id\":\"https:\\\/\\\/gastronomicament.cat\\\/de\\\/#\\\/schema\\\/logo\\\/image\\\/\",\"url\":\"https:\\\/\\\/gastronomicament.cat\\\/wp-content\\\/uploads\\\/2016\\\/09\\\/header-logo.jpg\",\"contentUrl\":\"https:\\\/\\\/gastronomicament.cat\\\/wp-content\\\/uploads\\\/2016\\\/09\\\/header-logo.jpg\",\"width\":277,\"height\":39,\"caption\":\"Gastron\u00f2micament\"},\"image\":{\"@id\":\"https:\\\/\\\/gastronomicament.cat\\\/de\\\/#\\\/schema\\\/logo\\\/image\\\/\"},\"sameAs\":[\"https:\\\/\\\/x.com\\\/gastronomicamen\"]},{\"@type\":\"Person\",\"@id\":\"https:\\\/\\\/gastronomicament.cat\\\/de\\\/#\\\/schema\\\/person\\\/a7c85c537a1ed62799a5b8e0f686a37f\",\"name\":\"Redacci\u00f3\",\"image\":{\"@type\":\"ImageObject\",\"inLanguage\":\"de\",\"@id\":\"https:\\\/\\\/secure.gravatar.com\\\/avatar\\\/9489a485c464fd611d33825daae651d13db70c4e74c65c94937a15a9d4c3ee14?s=96&d=mm&r=g69fea3cce3645dfa2166e7293e22955e\",\"url\":\"https:\\\/\\\/secure.gravatar.com\\\/avatar\\\/9489a485c464fd611d33825daae651d13db70c4e74c65c94937a15a9d4c3ee14?s=96&d=mm&r=g\",\"contentUrl\":\"https:\\\/\\\/secure.gravatar.com\\\/avatar\\\/9489a485c464fd611d33825daae651d13db70c4e74c65c94937a15a9d4c3ee14?s=96&d=mm&r=g\",\"caption\":\"Redacci\u00f3\"},\"sameAs\":[\"http:\\\/\\\/gastronomicament.cat\"],\"url\":\"https:\\\/\\\/gastronomicament.cat\\\/de\\\/author\\\/admin\"}]}<\/script>\n<!-- \/ Yoast SEO plugin. -->","yoast_head_json":{"title":"Torna Peccata Minuta a Palma i Ciutadella -Vuelve Peccata Minuta","description":"Torna Peccata Minuta a Palma i Ciutadella -Vuelve Peccata Minuta en Palma y Ciutadella","robots":{"index":"index","follow":"follow","max-snippet":"max-snippet:-1","max-image-preview":"max-image-preview:large","max-video-preview":"max-video-preview:-1"},"canonical":"https:\/\/gastronomicament.cat\/de\/torna-peccata-minuta-a-palma-i-ciutadella","og_locale":"de_DE","og_type":"article","og_title":"Torna Peccata Minuta a Palma i Ciutadella -Vuelve Peccata Minuta","og_description":"Torna Peccata Minuta a Palma i Ciutadella -Vuelve Peccata Minuta en Palma y Ciutadella","og_url":"https:\/\/gastronomicament.cat\/de\/torna-peccata-minuta-a-palma-i-ciutadella","og_site_name":"Gastron\u00f2micament","article_published_time":"2016-02-24T10:23:34+00:00","og_image":[{"width":732,"height":349,"url":"https:\/\/gastronomicament.cat\/wp-content\/uploads\/2016\/02\/peccata-minuta.jpg","type":"image\/jpeg"}],"author":"Redacci\u00f3","twitter_card":"summary_large_image","twitter_creator":"@gastronomicamen","twitter_site":"@gastronomicamen","twitter_misc":{"Verfasst von":"Redacci\u00f3","Gesch\u00e4tzte Lesezeit":"2\u00a0Minuten","Written by":"Redacci\u00f3"},"schema":{"@context":"https:\/\/schema.org","@graph":[{"@type":"Article","@id":"https:\/\/gastronomicament.cat\/de\/torna-peccata-minuta-a-palma-i-ciutadella#article","isPartOf":{"@id":"https:\/\/gastronomicament.cat\/de\/torna-peccata-minuta-a-palma-i-ciutadella"},"author":{"name":"Redacci\u00f3","@id":"https:\/\/gastronomicament.cat\/de\/#\/schema\/person\/a7c85c537a1ed62799a5b8e0f686a37f"},"headline":"Torna Peccata Minuta a Palma i Ciutadella","datePublished":"2016-02-24T10:23:34+00:00","mainEntityOfPage":{"@id":"https:\/\/gastronomicament.cat\/de\/torna-peccata-minuta-a-palma-i-ciutadella"},"wordCount":323,"commentCount":0,"publisher":{"@id":"https:\/\/gastronomicament.cat\/de\/#organization"},"image":{"@id":"https:\/\/gastronomicament.cat\/de\/torna-peccata-minuta-a-palma-i-ciutadella#primaryimage"},"thumbnailUrl":"https:\/\/gastronomicament.cat\/wp-content\/uploads\/2016\/02\/peccata-minuta.jpg","articleSection":["Actualitat"],"inLanguage":"de","potentialAction":[{"@type":"CommentAction","name":"Comment","target":["https:\/\/gastronomicament.cat\/de\/torna-peccata-minuta-a-palma-i-ciutadella#respond"]}]},{"@type":"WebPage","@id":"https:\/\/gastronomicament.cat\/de\/torna-peccata-minuta-a-palma-i-ciutadella","url":"https:\/\/gastronomicament.cat\/de\/torna-peccata-minuta-a-palma-i-ciutadella","name":"Torna Peccata Minuta a Palma i Ciutadella -Vuelve Peccata Minuta","isPartOf":{"@id":"https:\/\/gastronomicament.cat\/de\/#website"},"primaryImageOfPage":{"@id":"https:\/\/gastronomicament.cat\/de\/torna-peccata-minuta-a-palma-i-ciutadella#primaryimage"},"image":{"@id":"https:\/\/gastronomicament.cat\/de\/torna-peccata-minuta-a-palma-i-ciutadella#primaryimage"},"thumbnailUrl":"https:\/\/gastronomicament.cat\/wp-content\/uploads\/2016\/02\/peccata-minuta.jpg","datePublished":"2016-02-24T10:23:34+00:00","description":"Torna Peccata Minuta a Palma i Ciutadella -Vuelve Peccata Minuta en Palma y Ciutadella","inLanguage":"de","potentialAction":[{"@type":"ReadAction","target":["https:\/\/gastronomicament.cat\/de\/torna-peccata-minuta-a-palma-i-ciutadella"]}]},{"@type":"ImageObject","inLanguage":"de","@id":"https:\/\/gastronomicament.cat\/de\/torna-peccata-minuta-a-palma-i-ciutadella#primaryimage","url":"https:\/\/gastronomicament.cat\/wp-content\/uploads\/2016\/02\/peccata-minuta.jpg","contentUrl":"https:\/\/gastronomicament.cat\/wp-content\/uploads\/2016\/02\/peccata-minuta.jpg","width":732,"height":349},{"@type":"WebSite","@id":"https:\/\/gastronomicament.cat\/de\/#website","url":"https:\/\/gastronomicament.cat\/de\/","name":"Gastron\u00f2micament","description":"Portal de restaurants, receptes i actualitat gastron\u00f2mica","publisher":{"@id":"https:\/\/gastronomicament.cat\/de\/#organization"},"potentialAction":[{"@type":"SearchAction","target":{"@type":"EntryPoint","urlTemplate":"https:\/\/gastronomicament.cat\/de\/?s={search_term_string}"},"query-input":{"@type":"PropertyValueSpecification","valueRequired":true,"valueName":"search_term_string"}}],"inLanguage":"de"},{"@type":"Organization","@id":"https:\/\/gastronomicament.cat\/de\/#organization","name":"Gastron\u00f2micament","url":"https:\/\/gastronomicament.cat\/de\/","logo":{"@type":"ImageObject","inLanguage":"de","@id":"https:\/\/gastronomicament.cat\/de\/#\/schema\/logo\/image\/","url":"https:\/\/gastronomicament.cat\/wp-content\/uploads\/2016\/09\/header-logo.jpg","contentUrl":"https:\/\/gastronomicament.cat\/wp-content\/uploads\/2016\/09\/header-logo.jpg","width":277,"height":39,"caption":"Gastron\u00f2micament"},"image":{"@id":"https:\/\/gastronomicament.cat\/de\/#\/schema\/logo\/image\/"},"sameAs":["https:\/\/x.com\/gastronomicamen"]},{"@type":"Person","@id":"https:\/\/gastronomicament.cat\/de\/#\/schema\/person\/a7c85c537a1ed62799a5b8e0f686a37f","name":"Redacci\u00f3","image":{"@type":"ImageObject","inLanguage":"de","@id":"https:\/\/secure.gravatar.com\/avatar\/9489a485c464fd611d33825daae651d13db70c4e74c65c94937a15a9d4c3ee14?s=96&d=mm&r=g69fea3cce3645dfa2166e7293e22955e","url":"https:\/\/secure.gravatar.com\/avatar\/9489a485c464fd611d33825daae651d13db70c4e74c65c94937a15a9d4c3ee14?s=96&d=mm&r=g","contentUrl":"https:\/\/secure.gravatar.com\/avatar\/9489a485c464fd611d33825daae651d13db70c4e74c65c94937a15a9d4c3ee14?s=96&d=mm&r=g","caption":"Redacci\u00f3"},"sameAs":["http:\/\/gastronomicament.cat"],"url":"https:\/\/gastronomicament.cat\/de\/author\/admin"}]}},"_links":{"self":[{"href":"https:\/\/gastronomicament.cat\/de\/wp-json\/wp\/v2\/posts\/70371","targetHints":{"allow":["GET"]}}],"collection":[{"href":"https:\/\/gastronomicament.cat\/de\/wp-json\/wp\/v2\/posts"}],"about":[{"href":"https:\/\/gastronomicament.cat\/de\/wp-json\/wp\/v2\/types\/post"}],"author":[{"embeddable":true,"href":"https:\/\/gastronomicament.cat\/de\/wp-json\/wp\/v2\/users\/1"}],"replies":[{"embeddable":true,"href":"https:\/\/gastronomicament.cat\/de\/wp-json\/wp\/v2\/comments?post=70371"}],"version-history":[{"count":0,"href":"https:\/\/gastronomicament.cat\/de\/wp-json\/wp\/v2\/posts\/70371\/revisions"}],"wp:featuredmedia":[{"embeddable":true,"href":"https:\/\/gastronomicament.cat\/de\/wp-json\/wp\/v2\/media\/55427"}],"wp:attachment":[{"href":"https:\/\/gastronomicament.cat\/de\/wp-json\/wp\/v2\/media?parent=70371"}],"wp:term":[{"taxonomy":"category","embeddable":true,"href":"https:\/\/gastronomicament.cat\/de\/wp-json\/wp\/v2\/categories?post=70371"},{"taxonomy":"post_tag","embeddable":true,"href":"https:\/\/gastronomicament.cat\/de\/wp-json\/wp\/v2\/tags?post=70371"},{"taxonomy":"author","embeddable":true,"href":"https:\/\/gastronomicament.cat\/de\/wp-json\/wp\/v2\/coauthors?post=70371"}],"curies":[{"name":"wp","href":"https:\/\/api.w.org\/{rel}","templated":true}]}}