{"id":70532,"date":"2015-11-09T15:57:40","date_gmt":"2015-11-09T14:57:40","guid":{"rendered":"https:\/\/gastronomicament.cat\/les-impressores-3d-daliments-el-proper-electrodomestic-de-la-cuina"},"modified":"2022-04-09T10:57:41","modified_gmt":"2022-04-09T08:57:41","slug":"les-impressores-3d-daliments-el-proper-electrodomestic-de-la-cuina","status":"publish","type":"post","link":"https:\/\/gastronomicament.cat\/de\/les-impressores-3d-daliments-el-proper-electrodomestic-de-la-cuina","title":{"rendered":"Les impressores 3D d&#8217;aliments, el proper electrodom\u00e8stic de la cuina"},"content":{"rendered":"<p>La revoluci\u00f3 tecnol\u00f2gica arribar\u00e0 ben aviat a la cuina amb les impressores 3D d&#8217;aliments. Aquest ser\u00e0 el proper electrodom\u00e8stic a la cuina gr\u00e0cies a l&#8217;empresa Natural Machines que est\u00e0 Foodini.<\/p>\n<p><strong>Foodini<\/strong> es una impressora 3D d&#8217;aliments, un model de c\u00e0psules obertes, el que significa que el consumidor prepara i col\u00b7loca els ingredients frescos a Foodini.<\/p>\n<p>Des de Natural Machines comenten que molta gent menja massa menjar preprocesat o precuinat, amb ingredients que no poden ser identificats pel consumidor, en oposici\u00f3 al menjar i aperitius sans fets a casa. El principal problema \u00e9s que la gent normalment no t\u00e9 el temps suficient per preparar el menjar a casa partint de dels ingredients. &#8222;Aqu\u00ed \u00e9s on Foodini aporta valor: <strong>un electrodom\u00e8stic que s&#8217;encarrega de les parts m\u00e9s dif\u00edcils de realitzar<\/strong>, les que requereixen molt de temps en fer-se totalment a m\u00e0. Amb la impressi\u00f3 d&#8217;aliments en 3D, s&#8217;automatitzen alguns dels passos de preparaci\u00f3 i d&#8217;acabat de la cuina casolana, de manera que \u00e9s m\u00e9s f\u00e0cil crear menjars i aperitius acabats de fer&#8220;.<\/p>\n<p>Foodini estar\u00e0 disponible per als professionals de la cuina aproximadament el mes de <strong>febrer de 2016<\/strong>. Tot i que s&#8217;adre\u00e7ar\u00e0 en un primer moment a restaurants, la intenci\u00f3 dels seus inventors \u00e9s que tamb\u00e9 sigui un electrodom\u00e8stic de la cuina dels particulars. El preu aproximat ser\u00e0 de 1.400 euros.<\/p>\n<p><strong>Un exemple de recepta<\/strong><br \/>\nAmb Foodini, Natural Machines<strong> far\u00e0 que la preparaci\u00f3 d&#8217;aliments saludables sigui m\u00e9s f\u00e0cil i molt m\u00e9s divertida<\/strong>. Per exemple uns raviolis. Ara mateix, preparar-los implica pastar, extendre la pasta i fer-ne una fina capa, afegir-hi el farcit, col\u00b7locar la capa superior de la pasta, tallar-la&#8230; Tot aix\u00f2 ho far\u00e0 Foodini. La m\u00e0quina funcionar\u00e0 a trav\u00e9s de c\u00e0psules que s&#8217;hauran de carregar de pasta i farcit. Foodini imprimir\u00e0 els raviolis individuals, evitant desordre i sense embrutar la cuina. Des de Natural Machines comenten que aix\u00ed, tendr\u00e0s m\u00e9s temps per fer altres feines.<\/p>\n<p>Podeu veure&#8217;n un prototip al v\u00eddeo seg\u00fcent:<\/p>\n<p><iframe src=\"https:\/\/www.youtube.com\/embed\/rPngd9NkX3A?rel=0&amp;showinfo=0\" frameborder=\"0\" width=\"640\" height=\"360\"><\/iframe><br \/>\nPodeu trobar m\u00e9s informaci\u00f3 de Foodini a la web: <a title=\"Foodini\" href=\"https:\/\/www.naturalmachines.com\/faq\/\" target=\"_blank\" rel=\"noopener\">https:\/\/www.naturalmachines.com\/faq\/<\/a><\/p>\n<pre>Font i fotos: <a title=\"Natural Machines\" href=\"www.naturalmachines.com\" target=\"_blank\" rel=\"noopener\">Natural Machines<\/a><\/pre>\n<p><!--more--><\/p>\n","protected":false},"excerpt":{"rendered":"<p>Amb aquest nou aparell ser\u00e0 m\u00e9s f\u00e0cil crear menjars i aperitius acabats de fer.<\/p>\n","protected":false},"author":1,"featured_media":55117,"comment_status":"open","ping_status":"closed","sticky":false,"template":"","format":"gallery","meta":{"_acf_changed":false,"_swt_meta_header_display":false,"_swt_meta_footer_display":false,"_swt_meta_site_title_display":false,"_swt_meta_sticky_header":false,"_swt_meta_transparent_header":false,"footnotes":""},"categories":[1050],"tags":[],"coauthors":[],"class_list":["post-70532","post","type-post","status-publish","format-gallery","has-post-thumbnail","hentry","category-actualitat-es-de","post_format-post-format-gallery"],"acf":{"gallery":null,"home_date":{"home_begin_date":null,"home_end_date":null}},"yoast_head":"<!-- This site is optimized with the Yoast SEO plugin v27.4 - https:\/\/yoast.com\/product\/yoast-seo-wordpress\/ -->\n<title>Les impressores 3D d&#039;aliments, el proper electrodom\u00e8stic de la cuina<\/title>\n<meta name=\"description\" content=\"Les impressores 3D d&#039;aliments, el proper electrodom\u00e8stic de la cuina\" \/>\n<meta name=\"robots\" content=\"index, follow, max-snippet:-1, max-image-preview:large, max-video-preview:-1\" \/>\n<link rel=\"canonical\" href=\"https:\/\/gastronomicament.cat\/de\/les-impressores-3d-daliments-el-proper-electrodomestic-de-la-cuina\" \/>\n<meta property=\"og:locale\" content=\"de_DE\" \/>\n<meta property=\"og:type\" content=\"article\" \/>\n<meta property=\"og:title\" content=\"Les impressores 3D d&#039;aliments, el proper electrodom\u00e8stic de la cuina\" \/>\n<meta property=\"og:description\" content=\"Les impressores 3D d&#039;aliments, el proper electrodom\u00e8stic de la cuina\" \/>\n<meta property=\"og:url\" content=\"https:\/\/gastronomicament.cat\/de\/les-impressores-3d-daliments-el-proper-electrodomestic-de-la-cuina\" \/>\n<meta property=\"og:site_name\" content=\"Gastron\u00f2micament\" \/>\n<meta property=\"article:published_time\" content=\"2015-11-09T14:57:40+00:00\" \/>\n<meta property=\"article:modified_time\" content=\"2022-04-09T08:57:41+00:00\" \/>\n<meta property=\"og:image\" content=\"https:\/\/gastronomicament.cat\/wp-content\/uploads\/2015\/11\/foodini-sera-el-nou-electrodomestic-de-la-cuina.jpg\" \/>\n\t<meta property=\"og:image:width\" content=\"4128\" \/>\n\t<meta property=\"og:image:height\" content=\"2322\" \/>\n\t<meta property=\"og:image:type\" content=\"image\/jpeg\" \/>\n<meta name=\"author\" content=\"Redacci\u00f3\" \/>\n<meta name=\"twitter:card\" content=\"summary_large_image\" \/>\n<meta name=\"twitter:creator\" content=\"@gastronomicamen\" \/>\n<meta name=\"twitter:site\" content=\"@gastronomicamen\" \/>\n<meta name=\"twitter:label1\" content=\"Verfasst von\" \/>\n\t<meta name=\"twitter:data1\" content=\"Redacci\u00f3\" \/>\n\t<meta name=\"twitter:label2\" content=\"Gesch\u00e4tzte Lesezeit\" \/>\n\t<meta name=\"twitter:data2\" content=\"2\u00a0Minuten\" \/>\n\t<meta name=\"twitter:label3\" content=\"Written by\" \/>\n\t<meta name=\"twitter:data3\" content=\"Redacci\u00f3\" \/>\n<script type=\"application\/ld+json\" class=\"yoast-schema-graph\">{\"@context\":\"https:\\\/\\\/schema.org\",\"@graph\":[{\"@type\":\"Article\",\"@id\":\"https:\\\/\\\/gastronomicament.cat\\\/de\\\/les-impressores-3d-daliments-el-proper-electrodomestic-de-la-cuina#article\",\"isPartOf\":{\"@id\":\"https:\\\/\\\/gastronomicament.cat\\\/de\\\/les-impressores-3d-daliments-el-proper-electrodomestic-de-la-cuina\"},\"author\":{\"name\":\"Redacci\u00f3\",\"@id\":\"https:\\\/\\\/gastronomicament.cat\\\/de\\\/#\\\/schema\\\/person\\\/a7c85c537a1ed62799a5b8e0f686a37f\"},\"headline\":\"Les impressores 3D d&#8217;aliments, el proper electrodom\u00e8stic de la cuina\",\"datePublished\":\"2015-11-09T14:57:40+00:00\",\"dateModified\":\"2022-04-09T08:57:41+00:00\",\"mainEntityOfPage\":{\"@id\":\"https:\\\/\\\/gastronomicament.cat\\\/de\\\/les-impressores-3d-daliments-el-proper-electrodomestic-de-la-cuina\"},\"wordCount\":368,\"commentCount\":0,\"publisher\":{\"@id\":\"https:\\\/\\\/gastronomicament.cat\\\/de\\\/#organization\"},\"image\":{\"@id\":\"https:\\\/\\\/gastronomicament.cat\\\/de\\\/les-impressores-3d-daliments-el-proper-electrodomestic-de-la-cuina#primaryimage\"},\"thumbnailUrl\":\"https:\\\/\\\/gastronomicament.cat\\\/wp-content\\\/uploads\\\/2015\\\/11\\\/foodini-sera-el-nou-electrodomestic-de-la-cuina.jpg\",\"articleSection\":[\"Actualitat\"],\"inLanguage\":\"de\",\"potentialAction\":[{\"@type\":\"CommentAction\",\"name\":\"Comment\",\"target\":[\"https:\\\/\\\/gastronomicament.cat\\\/de\\\/les-impressores-3d-daliments-el-proper-electrodomestic-de-la-cuina#respond\"]}]},{\"@type\":\"WebPage\",\"@id\":\"https:\\\/\\\/gastronomicament.cat\\\/de\\\/les-impressores-3d-daliments-el-proper-electrodomestic-de-la-cuina\",\"url\":\"https:\\\/\\\/gastronomicament.cat\\\/de\\\/les-impressores-3d-daliments-el-proper-electrodomestic-de-la-cuina\",\"name\":\"Les impressores 3D d'aliments, el proper electrodom\u00e8stic de la cuina\",\"isPartOf\":{\"@id\":\"https:\\\/\\\/gastronomicament.cat\\\/de\\\/#website\"},\"primaryImageOfPage\":{\"@id\":\"https:\\\/\\\/gastronomicament.cat\\\/de\\\/les-impressores-3d-daliments-el-proper-electrodomestic-de-la-cuina#primaryimage\"},\"image\":{\"@id\":\"https:\\\/\\\/gastronomicament.cat\\\/de\\\/les-impressores-3d-daliments-el-proper-electrodomestic-de-la-cuina#primaryimage\"},\"thumbnailUrl\":\"https:\\\/\\\/gastronomicament.cat\\\/wp-content\\\/uploads\\\/2015\\\/11\\\/foodini-sera-el-nou-electrodomestic-de-la-cuina.jpg\",\"datePublished\":\"2015-11-09T14:57:40+00:00\",\"dateModified\":\"2022-04-09T08:57:41+00:00\",\"description\":\"Les impressores 3D d'aliments, el proper electrodom\u00e8stic de la cuina\",\"inLanguage\":\"de\",\"potentialAction\":[{\"@type\":\"ReadAction\",\"target\":[\"https:\\\/\\\/gastronomicament.cat\\\/de\\\/les-impressores-3d-daliments-el-proper-electrodomestic-de-la-cuina\"]}]},{\"@type\":\"ImageObject\",\"inLanguage\":\"de\",\"@id\":\"https:\\\/\\\/gastronomicament.cat\\\/de\\\/les-impressores-3d-daliments-el-proper-electrodomestic-de-la-cuina#primaryimage\",\"url\":\"https:\\\/\\\/gastronomicament.cat\\\/wp-content\\\/uploads\\\/2015\\\/11\\\/foodini-sera-el-nou-electrodomestic-de-la-cuina.jpg\",\"contentUrl\":\"https:\\\/\\\/gastronomicament.cat\\\/wp-content\\\/uploads\\\/2015\\\/11\\\/foodini-sera-el-nou-electrodomestic-de-la-cuina.jpg\",\"width\":4128,\"height\":2322},{\"@type\":\"WebSite\",\"@id\":\"https:\\\/\\\/gastronomicament.cat\\\/de\\\/#website\",\"url\":\"https:\\\/\\\/gastronomicament.cat\\\/de\\\/\",\"name\":\"Gastron\u00f2micament\",\"description\":\"Portal de restaurants, receptes i actualitat gastron\u00f2mica\",\"publisher\":{\"@id\":\"https:\\\/\\\/gastronomicament.cat\\\/de\\\/#organization\"},\"potentialAction\":[{\"@type\":\"SearchAction\",\"target\":{\"@type\":\"EntryPoint\",\"urlTemplate\":\"https:\\\/\\\/gastronomicament.cat\\\/de\\\/?s={search_term_string}\"},\"query-input\":{\"@type\":\"PropertyValueSpecification\",\"valueRequired\":true,\"valueName\":\"search_term_string\"}}],\"inLanguage\":\"de\"},{\"@type\":\"Organization\",\"@id\":\"https:\\\/\\\/gastronomicament.cat\\\/de\\\/#organization\",\"name\":\"Gastron\u00f2micament\",\"url\":\"https:\\\/\\\/gastronomicament.cat\\\/de\\\/\",\"logo\":{\"@type\":\"ImageObject\",\"inLanguage\":\"de\",\"@id\":\"https:\\\/\\\/gastronomicament.cat\\\/de\\\/#\\\/schema\\\/logo\\\/image\\\/\",\"url\":\"https:\\\/\\\/gastronomicament.cat\\\/wp-content\\\/uploads\\\/2016\\\/09\\\/header-logo.jpg\",\"contentUrl\":\"https:\\\/\\\/gastronomicament.cat\\\/wp-content\\\/uploads\\\/2016\\\/09\\\/header-logo.jpg\",\"width\":277,\"height\":39,\"caption\":\"Gastron\u00f2micament\"},\"image\":{\"@id\":\"https:\\\/\\\/gastronomicament.cat\\\/de\\\/#\\\/schema\\\/logo\\\/image\\\/\"},\"sameAs\":[\"https:\\\/\\\/x.com\\\/gastronomicamen\"]},{\"@type\":\"Person\",\"@id\":\"https:\\\/\\\/gastronomicament.cat\\\/de\\\/#\\\/schema\\\/person\\\/a7c85c537a1ed62799a5b8e0f686a37f\",\"name\":\"Redacci\u00f3\",\"image\":{\"@type\":\"ImageObject\",\"inLanguage\":\"de\",\"@id\":\"https:\\\/\\\/secure.gravatar.com\\\/avatar\\\/9489a485c464fd611d33825daae651d13db70c4e74c65c94937a15a9d4c3ee14?s=96&d=mm&r=g69fea3cce3645dfa2166e7293e22955e\",\"url\":\"https:\\\/\\\/secure.gravatar.com\\\/avatar\\\/9489a485c464fd611d33825daae651d13db70c4e74c65c94937a15a9d4c3ee14?s=96&d=mm&r=g\",\"contentUrl\":\"https:\\\/\\\/secure.gravatar.com\\\/avatar\\\/9489a485c464fd611d33825daae651d13db70c4e74c65c94937a15a9d4c3ee14?s=96&d=mm&r=g\",\"caption\":\"Redacci\u00f3\"},\"sameAs\":[\"http:\\\/\\\/gastronomicament.cat\"],\"url\":\"https:\\\/\\\/gastronomicament.cat\\\/de\\\/author\\\/admin\"}]}<\/script>\n<!-- \/ Yoast SEO plugin. -->","yoast_head_json":{"title":"Les impressores 3D d'aliments, el proper electrodom\u00e8stic de la cuina","description":"Les impressores 3D d'aliments, el proper electrodom\u00e8stic de la cuina","robots":{"index":"index","follow":"follow","max-snippet":"max-snippet:-1","max-image-preview":"max-image-preview:large","max-video-preview":"max-video-preview:-1"},"canonical":"https:\/\/gastronomicament.cat\/de\/les-impressores-3d-daliments-el-proper-electrodomestic-de-la-cuina","og_locale":"de_DE","og_type":"article","og_title":"Les impressores 3D d'aliments, el proper electrodom\u00e8stic de la cuina","og_description":"Les impressores 3D d'aliments, el proper electrodom\u00e8stic de la cuina","og_url":"https:\/\/gastronomicament.cat\/de\/les-impressores-3d-daliments-el-proper-electrodomestic-de-la-cuina","og_site_name":"Gastron\u00f2micament","article_published_time":"2015-11-09T14:57:40+00:00","article_modified_time":"2022-04-09T08:57:41+00:00","og_image":[{"width":4128,"height":2322,"url":"https:\/\/gastronomicament.cat\/wp-content\/uploads\/2015\/11\/foodini-sera-el-nou-electrodomestic-de-la-cuina.jpg","type":"image\/jpeg"}],"author":"Redacci\u00f3","twitter_card":"summary_large_image","twitter_creator":"@gastronomicamen","twitter_site":"@gastronomicamen","twitter_misc":{"Verfasst von":"Redacci\u00f3","Gesch\u00e4tzte Lesezeit":"2\u00a0Minuten","Written by":"Redacci\u00f3"},"schema":{"@context":"https:\/\/schema.org","@graph":[{"@type":"Article","@id":"https:\/\/gastronomicament.cat\/de\/les-impressores-3d-daliments-el-proper-electrodomestic-de-la-cuina#article","isPartOf":{"@id":"https:\/\/gastronomicament.cat\/de\/les-impressores-3d-daliments-el-proper-electrodomestic-de-la-cuina"},"author":{"name":"Redacci\u00f3","@id":"https:\/\/gastronomicament.cat\/de\/#\/schema\/person\/a7c85c537a1ed62799a5b8e0f686a37f"},"headline":"Les impressores 3D d&#8217;aliments, el proper electrodom\u00e8stic de la cuina","datePublished":"2015-11-09T14:57:40+00:00","dateModified":"2022-04-09T08:57:41+00:00","mainEntityOfPage":{"@id":"https:\/\/gastronomicament.cat\/de\/les-impressores-3d-daliments-el-proper-electrodomestic-de-la-cuina"},"wordCount":368,"commentCount":0,"publisher":{"@id":"https:\/\/gastronomicament.cat\/de\/#organization"},"image":{"@id":"https:\/\/gastronomicament.cat\/de\/les-impressores-3d-daliments-el-proper-electrodomestic-de-la-cuina#primaryimage"},"thumbnailUrl":"https:\/\/gastronomicament.cat\/wp-content\/uploads\/2015\/11\/foodini-sera-el-nou-electrodomestic-de-la-cuina.jpg","articleSection":["Actualitat"],"inLanguage":"de","potentialAction":[{"@type":"CommentAction","name":"Comment","target":["https:\/\/gastronomicament.cat\/de\/les-impressores-3d-daliments-el-proper-electrodomestic-de-la-cuina#respond"]}]},{"@type":"WebPage","@id":"https:\/\/gastronomicament.cat\/de\/les-impressores-3d-daliments-el-proper-electrodomestic-de-la-cuina","url":"https:\/\/gastronomicament.cat\/de\/les-impressores-3d-daliments-el-proper-electrodomestic-de-la-cuina","name":"Les impressores 3D d'aliments, el proper electrodom\u00e8stic de la cuina","isPartOf":{"@id":"https:\/\/gastronomicament.cat\/de\/#website"},"primaryImageOfPage":{"@id":"https:\/\/gastronomicament.cat\/de\/les-impressores-3d-daliments-el-proper-electrodomestic-de-la-cuina#primaryimage"},"image":{"@id":"https:\/\/gastronomicament.cat\/de\/les-impressores-3d-daliments-el-proper-electrodomestic-de-la-cuina#primaryimage"},"thumbnailUrl":"https:\/\/gastronomicament.cat\/wp-content\/uploads\/2015\/11\/foodini-sera-el-nou-electrodomestic-de-la-cuina.jpg","datePublished":"2015-11-09T14:57:40+00:00","dateModified":"2022-04-09T08:57:41+00:00","description":"Les impressores 3D d'aliments, el proper electrodom\u00e8stic de la cuina","inLanguage":"de","potentialAction":[{"@type":"ReadAction","target":["https:\/\/gastronomicament.cat\/de\/les-impressores-3d-daliments-el-proper-electrodomestic-de-la-cuina"]}]},{"@type":"ImageObject","inLanguage":"de","@id":"https:\/\/gastronomicament.cat\/de\/les-impressores-3d-daliments-el-proper-electrodomestic-de-la-cuina#primaryimage","url":"https:\/\/gastronomicament.cat\/wp-content\/uploads\/2015\/11\/foodini-sera-el-nou-electrodomestic-de-la-cuina.jpg","contentUrl":"https:\/\/gastronomicament.cat\/wp-content\/uploads\/2015\/11\/foodini-sera-el-nou-electrodomestic-de-la-cuina.jpg","width":4128,"height":2322},{"@type":"WebSite","@id":"https:\/\/gastronomicament.cat\/de\/#website","url":"https:\/\/gastronomicament.cat\/de\/","name":"Gastron\u00f2micament","description":"Portal de restaurants, receptes i actualitat gastron\u00f2mica","publisher":{"@id":"https:\/\/gastronomicament.cat\/de\/#organization"},"potentialAction":[{"@type":"SearchAction","target":{"@type":"EntryPoint","urlTemplate":"https:\/\/gastronomicament.cat\/de\/?s={search_term_string}"},"query-input":{"@type":"PropertyValueSpecification","valueRequired":true,"valueName":"search_term_string"}}],"inLanguage":"de"},{"@type":"Organization","@id":"https:\/\/gastronomicament.cat\/de\/#organization","name":"Gastron\u00f2micament","url":"https:\/\/gastronomicament.cat\/de\/","logo":{"@type":"ImageObject","inLanguage":"de","@id":"https:\/\/gastronomicament.cat\/de\/#\/schema\/logo\/image\/","url":"https:\/\/gastronomicament.cat\/wp-content\/uploads\/2016\/09\/header-logo.jpg","contentUrl":"https:\/\/gastronomicament.cat\/wp-content\/uploads\/2016\/09\/header-logo.jpg","width":277,"height":39,"caption":"Gastron\u00f2micament"},"image":{"@id":"https:\/\/gastronomicament.cat\/de\/#\/schema\/logo\/image\/"},"sameAs":["https:\/\/x.com\/gastronomicamen"]},{"@type":"Person","@id":"https:\/\/gastronomicament.cat\/de\/#\/schema\/person\/a7c85c537a1ed62799a5b8e0f686a37f","name":"Redacci\u00f3","image":{"@type":"ImageObject","inLanguage":"de","@id":"https:\/\/secure.gravatar.com\/avatar\/9489a485c464fd611d33825daae651d13db70c4e74c65c94937a15a9d4c3ee14?s=96&d=mm&r=g69fea3cce3645dfa2166e7293e22955e","url":"https:\/\/secure.gravatar.com\/avatar\/9489a485c464fd611d33825daae651d13db70c4e74c65c94937a15a9d4c3ee14?s=96&d=mm&r=g","contentUrl":"https:\/\/secure.gravatar.com\/avatar\/9489a485c464fd611d33825daae651d13db70c4e74c65c94937a15a9d4c3ee14?s=96&d=mm&r=g","caption":"Redacci\u00f3"},"sameAs":["http:\/\/gastronomicament.cat"],"url":"https:\/\/gastronomicament.cat\/de\/author\/admin"}]}},"_links":{"self":[{"href":"https:\/\/gastronomicament.cat\/de\/wp-json\/wp\/v2\/posts\/70532","targetHints":{"allow":["GET"]}}],"collection":[{"href":"https:\/\/gastronomicament.cat\/de\/wp-json\/wp\/v2\/posts"}],"about":[{"href":"https:\/\/gastronomicament.cat\/de\/wp-json\/wp\/v2\/types\/post"}],"author":[{"embeddable":true,"href":"https:\/\/gastronomicament.cat\/de\/wp-json\/wp\/v2\/users\/1"}],"replies":[{"embeddable":true,"href":"https:\/\/gastronomicament.cat\/de\/wp-json\/wp\/v2\/comments?post=70532"}],"version-history":[{"count":0,"href":"https:\/\/gastronomicament.cat\/de\/wp-json\/wp\/v2\/posts\/70532\/revisions"}],"wp:featuredmedia":[{"embeddable":true,"href":"https:\/\/gastronomicament.cat\/de\/wp-json\/wp\/v2\/media\/55117"}],"wp:attachment":[{"href":"https:\/\/gastronomicament.cat\/de\/wp-json\/wp\/v2\/media?parent=70532"}],"wp:term":[{"taxonomy":"category","embeddable":true,"href":"https:\/\/gastronomicament.cat\/de\/wp-json\/wp\/v2\/categories?post=70532"},{"taxonomy":"post_tag","embeddable":true,"href":"https:\/\/gastronomicament.cat\/de\/wp-json\/wp\/v2\/tags?post=70532"},{"taxonomy":"author","embeddable":true,"href":"https:\/\/gastronomicament.cat\/de\/wp-json\/wp\/v2\/coauthors?post=70532"}],"curies":[{"name":"wp","href":"https:\/\/api.w.org\/{rel}","templated":true}]}}