{"id":70669,"date":"2015-07-15T14:59:07","date_gmt":"2015-07-15T12:59:07","guid":{"rendered":"https:\/\/gastronomicament.cat\/ruta-del-llonguet"},"modified":"2022-04-09T11:01:31","modified_gmt":"2022-04-09T09:01:31","slug":"ruta-del-llonguet","status":"publish","type":"post","link":"https:\/\/gastronomicament.cat\/de\/ruta-del-llonguet","title":{"rendered":"Ruta del Llonguet"},"content":{"rendered":"<p>L\u2019Associaci\u00f3 de Forners i Pastissers de les Illes Balears organitza la Ruta del Llonguet que tindr\u00e0 inici el dimecres 15 de juliol.<\/p>\n<p>Aquesta acci\u00f3 consisteix amb l\u2019oferta des dels forns i pastisseries de Palma, d\u2019entrepans de llonguet acompanyats de una beguda o refresc, <strong>per nom\u00e9s 2,5 euros<\/strong>. Te com a objectiu donar a con\u00e8ixer el llonguet al p\u00fablic en general,\u00a0i en particular als turistes, com tamb\u00e9 atreure al p\u00fablic als forns i pastisseries.<\/p>\n<p>La participaci\u00f3 \u00e9s d\u2019uns 40 establiments associats, tots el dimecres, des de 15 de juliol a 28 d\u2019octubre, que oferiran entrepans de llonguets, entre els qual n\u2019hi haur\u00e0 de Sobrassada de Mallorca.<\/p>\n<p>Durant el per\u00edode de la campanya es preveu la realitzaci\u00f3 d\u2019un concurs d\u2019entrepans de llonguet, un tast sensorial de pa de llonguet,\u00a0 entre d\u2019altres.<\/p>\n<p><iframe src=\"https:\/\/www.google.com\/maps\/d\/embed?mid=zcbpLiwnB2VM.khVL_zbCD0Rw\" width=\"640\" height=\"480\"><\/iframe><!--more--><\/p>\n","protected":false},"excerpt":{"rendered":"<p>L\u2019Associaci\u00f3 de Forners i Pastissers de les Illes Balears organitza la Ruta del Llonguet que tindr\u00e0 inici el dimecres 15 de juliol. Aquesta acci\u00f3 consisteix amb l\u2019oferta des dels forns i pastisseries de Palma, d\u2019entrepans de llonguet acompanyats de una beguda o refresc, per nom\u00e9s 2,5 euros. Te com a objectiu donar a con\u00e8ixer el [&hellip;]<\/p>\n","protected":false},"author":1,"featured_media":54895,"comment_status":"open","ping_status":"closed","sticky":false,"template":"","format":"standard","meta":{"_acf_changed":false,"_swt_meta_header_display":false,"_swt_meta_footer_display":false,"_swt_meta_site_title_display":false,"_swt_meta_sticky_header":false,"_swt_meta_transparent_header":false,"footnotes":""},"categories":[1050],"tags":[],"coauthors":[],"class_list":["post-70669","post","type-post","status-publish","format-standard","has-post-thumbnail","hentry","category-actualitat-es-de"],"acf":{"gallery":null,"home_date":{"home_begin_date":null,"home_end_date":null}},"yoast_head":"<!-- This site is optimized with the Yoast SEO plugin v27.4 - https:\/\/yoast.com\/product\/yoast-seo-wordpress\/ -->\n<title>Ruta del Llonguet<\/title>\n<meta name=\"description\" content=\"Ruta del Llonguet a Palma\" \/>\n<meta name=\"robots\" content=\"index, follow, max-snippet:-1, max-image-preview:large, max-video-preview:-1\" \/>\n<link rel=\"canonical\" href=\"https:\/\/gastronomicament.cat\/de\/ruta-del-llonguet\" \/>\n<meta property=\"og:locale\" content=\"de_DE\" \/>\n<meta property=\"og:type\" content=\"article\" \/>\n<meta property=\"og:title\" content=\"Ruta del Llonguet\" \/>\n<meta property=\"og:description\" content=\"Ruta del Llonguet a Palma\" \/>\n<meta property=\"og:url\" content=\"https:\/\/gastronomicament.cat\/de\/ruta-del-llonguet\" \/>\n<meta property=\"og:site_name\" content=\"Gastron\u00f2micament\" \/>\n<meta property=\"article:published_time\" content=\"2015-07-15T12:59:07+00:00\" \/>\n<meta property=\"article:modified_time\" content=\"2022-04-09T09:01:31+00:00\" \/>\n<meta property=\"og:image\" content=\"https:\/\/gastronomicament.cat\/wp-content\/uploads\/2015\/07\/150713-ruta-llonguet.jpg\" \/>\n\t<meta property=\"og:image:width\" content=\"640\" \/>\n\t<meta property=\"og:image:height\" content=\"300\" \/>\n\t<meta property=\"og:image:type\" content=\"image\/jpeg\" \/>\n<meta name=\"author\" content=\"Redacci\u00f3\" \/>\n<meta name=\"twitter:card\" content=\"summary_large_image\" \/>\n<meta name=\"twitter:creator\" content=\"@gastronomicamen\" \/>\n<meta name=\"twitter:site\" content=\"@gastronomicamen\" \/>\n<meta name=\"twitter:label1\" content=\"Verfasst von\" \/>\n\t<meta name=\"twitter:data1\" content=\"Redacci\u00f3\" \/>\n\t<meta name=\"twitter:label2\" content=\"Gesch\u00e4tzte Lesezeit\" \/>\n\t<meta name=\"twitter:data2\" content=\"1\u00a0Minute\" \/>\n\t<meta name=\"twitter:label3\" content=\"Written by\" \/>\n\t<meta name=\"twitter:data3\" content=\"Redacci\u00f3\" \/>\n<script type=\"application\/ld+json\" class=\"yoast-schema-graph\">{\"@context\":\"https:\\\/\\\/schema.org\",\"@graph\":[{\"@type\":\"Article\",\"@id\":\"https:\\\/\\\/gastronomicament.cat\\\/de\\\/ruta-del-llonguet#article\",\"isPartOf\":{\"@id\":\"https:\\\/\\\/gastronomicament.cat\\\/de\\\/ruta-del-llonguet\"},\"author\":{\"name\":\"Redacci\u00f3\",\"@id\":\"https:\\\/\\\/gastronomicament.cat\\\/de\\\/#\\\/schema\\\/person\\\/a7c85c537a1ed62799a5b8e0f686a37f\"},\"headline\":\"Ruta del Llonguet\",\"datePublished\":\"2015-07-15T12:59:07+00:00\",\"dateModified\":\"2022-04-09T09:01:31+00:00\",\"mainEntityOfPage\":{\"@id\":\"https:\\\/\\\/gastronomicament.cat\\\/de\\\/ruta-del-llonguet\"},\"wordCount\":142,\"commentCount\":0,\"publisher\":{\"@id\":\"https:\\\/\\\/gastronomicament.cat\\\/de\\\/#organization\"},\"image\":{\"@id\":\"https:\\\/\\\/gastronomicament.cat\\\/de\\\/ruta-del-llonguet#primaryimage\"},\"thumbnailUrl\":\"https:\\\/\\\/gastronomicament.cat\\\/wp-content\\\/uploads\\\/2015\\\/07\\\/150713-ruta-llonguet.jpg\",\"articleSection\":[\"Actualitat\"],\"inLanguage\":\"de\",\"potentialAction\":[{\"@type\":\"CommentAction\",\"name\":\"Comment\",\"target\":[\"https:\\\/\\\/gastronomicament.cat\\\/de\\\/ruta-del-llonguet#respond\"]}]},{\"@type\":\"WebPage\",\"@id\":\"https:\\\/\\\/gastronomicament.cat\\\/de\\\/ruta-del-llonguet\",\"url\":\"https:\\\/\\\/gastronomicament.cat\\\/de\\\/ruta-del-llonguet\",\"name\":\"Ruta del Llonguet\",\"isPartOf\":{\"@id\":\"https:\\\/\\\/gastronomicament.cat\\\/de\\\/#website\"},\"primaryImageOfPage\":{\"@id\":\"https:\\\/\\\/gastronomicament.cat\\\/de\\\/ruta-del-llonguet#primaryimage\"},\"image\":{\"@id\":\"https:\\\/\\\/gastronomicament.cat\\\/de\\\/ruta-del-llonguet#primaryimage\"},\"thumbnailUrl\":\"https:\\\/\\\/gastronomicament.cat\\\/wp-content\\\/uploads\\\/2015\\\/07\\\/150713-ruta-llonguet.jpg\",\"datePublished\":\"2015-07-15T12:59:07+00:00\",\"dateModified\":\"2022-04-09T09:01:31+00:00\",\"description\":\"Ruta del Llonguet a Palma\",\"inLanguage\":\"de\",\"potentialAction\":[{\"@type\":\"ReadAction\",\"target\":[\"https:\\\/\\\/gastronomicament.cat\\\/de\\\/ruta-del-llonguet\"]}]},{\"@type\":\"ImageObject\",\"inLanguage\":\"de\",\"@id\":\"https:\\\/\\\/gastronomicament.cat\\\/de\\\/ruta-del-llonguet#primaryimage\",\"url\":\"https:\\\/\\\/gastronomicament.cat\\\/wp-content\\\/uploads\\\/2015\\\/07\\\/150713-ruta-llonguet.jpg\",\"contentUrl\":\"https:\\\/\\\/gastronomicament.cat\\\/wp-content\\\/uploads\\\/2015\\\/07\\\/150713-ruta-llonguet.jpg\",\"width\":640,\"height\":300},{\"@type\":\"WebSite\",\"@id\":\"https:\\\/\\\/gastronomicament.cat\\\/de\\\/#website\",\"url\":\"https:\\\/\\\/gastronomicament.cat\\\/de\\\/\",\"name\":\"Gastron\u00f2micament\",\"description\":\"Portal de restaurants, receptes i actualitat gastron\u00f2mica\",\"publisher\":{\"@id\":\"https:\\\/\\\/gastronomicament.cat\\\/de\\\/#organization\"},\"potentialAction\":[{\"@type\":\"SearchAction\",\"target\":{\"@type\":\"EntryPoint\",\"urlTemplate\":\"https:\\\/\\\/gastronomicament.cat\\\/de\\\/?s={search_term_string}\"},\"query-input\":{\"@type\":\"PropertyValueSpecification\",\"valueRequired\":true,\"valueName\":\"search_term_string\"}}],\"inLanguage\":\"de\"},{\"@type\":\"Organization\",\"@id\":\"https:\\\/\\\/gastronomicament.cat\\\/de\\\/#organization\",\"name\":\"Gastron\u00f2micament\",\"url\":\"https:\\\/\\\/gastronomicament.cat\\\/de\\\/\",\"logo\":{\"@type\":\"ImageObject\",\"inLanguage\":\"de\",\"@id\":\"https:\\\/\\\/gastronomicament.cat\\\/de\\\/#\\\/schema\\\/logo\\\/image\\\/\",\"url\":\"https:\\\/\\\/gastronomicament.cat\\\/wp-content\\\/uploads\\\/2016\\\/09\\\/header-logo.jpg\",\"contentUrl\":\"https:\\\/\\\/gastronomicament.cat\\\/wp-content\\\/uploads\\\/2016\\\/09\\\/header-logo.jpg\",\"width\":277,\"height\":39,\"caption\":\"Gastron\u00f2micament\"},\"image\":{\"@id\":\"https:\\\/\\\/gastronomicament.cat\\\/de\\\/#\\\/schema\\\/logo\\\/image\\\/\"},\"sameAs\":[\"https:\\\/\\\/x.com\\\/gastronomicamen\"]},{\"@type\":\"Person\",\"@id\":\"https:\\\/\\\/gastronomicament.cat\\\/de\\\/#\\\/schema\\\/person\\\/a7c85c537a1ed62799a5b8e0f686a37f\",\"name\":\"Redacci\u00f3\",\"image\":{\"@type\":\"ImageObject\",\"inLanguage\":\"de\",\"@id\":\"https:\\\/\\\/secure.gravatar.com\\\/avatar\\\/9489a485c464fd611d33825daae651d13db70c4e74c65c94937a15a9d4c3ee14?s=96&d=mm&r=g69fea3cce3645dfa2166e7293e22955e\",\"url\":\"https:\\\/\\\/secure.gravatar.com\\\/avatar\\\/9489a485c464fd611d33825daae651d13db70c4e74c65c94937a15a9d4c3ee14?s=96&d=mm&r=g\",\"contentUrl\":\"https:\\\/\\\/secure.gravatar.com\\\/avatar\\\/9489a485c464fd611d33825daae651d13db70c4e74c65c94937a15a9d4c3ee14?s=96&d=mm&r=g\",\"caption\":\"Redacci\u00f3\"},\"sameAs\":[\"http:\\\/\\\/gastronomicament.cat\"],\"url\":\"https:\\\/\\\/gastronomicament.cat\\\/de\\\/author\\\/admin\"}]}<\/script>\n<!-- \/ Yoast SEO plugin. -->","yoast_head_json":{"title":"Ruta del Llonguet","description":"Ruta del Llonguet a Palma","robots":{"index":"index","follow":"follow","max-snippet":"max-snippet:-1","max-image-preview":"max-image-preview:large","max-video-preview":"max-video-preview:-1"},"canonical":"https:\/\/gastronomicament.cat\/de\/ruta-del-llonguet","og_locale":"de_DE","og_type":"article","og_title":"Ruta del Llonguet","og_description":"Ruta del Llonguet a Palma","og_url":"https:\/\/gastronomicament.cat\/de\/ruta-del-llonguet","og_site_name":"Gastron\u00f2micament","article_published_time":"2015-07-15T12:59:07+00:00","article_modified_time":"2022-04-09T09:01:31+00:00","og_image":[{"width":640,"height":300,"url":"https:\/\/gastronomicament.cat\/wp-content\/uploads\/2015\/07\/150713-ruta-llonguet.jpg","type":"image\/jpeg"}],"author":"Redacci\u00f3","twitter_card":"summary_large_image","twitter_creator":"@gastronomicamen","twitter_site":"@gastronomicamen","twitter_misc":{"Verfasst von":"Redacci\u00f3","Gesch\u00e4tzte Lesezeit":"1\u00a0Minute","Written by":"Redacci\u00f3"},"schema":{"@context":"https:\/\/schema.org","@graph":[{"@type":"Article","@id":"https:\/\/gastronomicament.cat\/de\/ruta-del-llonguet#article","isPartOf":{"@id":"https:\/\/gastronomicament.cat\/de\/ruta-del-llonguet"},"author":{"name":"Redacci\u00f3","@id":"https:\/\/gastronomicament.cat\/de\/#\/schema\/person\/a7c85c537a1ed62799a5b8e0f686a37f"},"headline":"Ruta del Llonguet","datePublished":"2015-07-15T12:59:07+00:00","dateModified":"2022-04-09T09:01:31+00:00","mainEntityOfPage":{"@id":"https:\/\/gastronomicament.cat\/de\/ruta-del-llonguet"},"wordCount":142,"commentCount":0,"publisher":{"@id":"https:\/\/gastronomicament.cat\/de\/#organization"},"image":{"@id":"https:\/\/gastronomicament.cat\/de\/ruta-del-llonguet#primaryimage"},"thumbnailUrl":"https:\/\/gastronomicament.cat\/wp-content\/uploads\/2015\/07\/150713-ruta-llonguet.jpg","articleSection":["Actualitat"],"inLanguage":"de","potentialAction":[{"@type":"CommentAction","name":"Comment","target":["https:\/\/gastronomicament.cat\/de\/ruta-del-llonguet#respond"]}]},{"@type":"WebPage","@id":"https:\/\/gastronomicament.cat\/de\/ruta-del-llonguet","url":"https:\/\/gastronomicament.cat\/de\/ruta-del-llonguet","name":"Ruta del Llonguet","isPartOf":{"@id":"https:\/\/gastronomicament.cat\/de\/#website"},"primaryImageOfPage":{"@id":"https:\/\/gastronomicament.cat\/de\/ruta-del-llonguet#primaryimage"},"image":{"@id":"https:\/\/gastronomicament.cat\/de\/ruta-del-llonguet#primaryimage"},"thumbnailUrl":"https:\/\/gastronomicament.cat\/wp-content\/uploads\/2015\/07\/150713-ruta-llonguet.jpg","datePublished":"2015-07-15T12:59:07+00:00","dateModified":"2022-04-09T09:01:31+00:00","description":"Ruta del Llonguet a Palma","inLanguage":"de","potentialAction":[{"@type":"ReadAction","target":["https:\/\/gastronomicament.cat\/de\/ruta-del-llonguet"]}]},{"@type":"ImageObject","inLanguage":"de","@id":"https:\/\/gastronomicament.cat\/de\/ruta-del-llonguet#primaryimage","url":"https:\/\/gastronomicament.cat\/wp-content\/uploads\/2015\/07\/150713-ruta-llonguet.jpg","contentUrl":"https:\/\/gastronomicament.cat\/wp-content\/uploads\/2015\/07\/150713-ruta-llonguet.jpg","width":640,"height":300},{"@type":"WebSite","@id":"https:\/\/gastronomicament.cat\/de\/#website","url":"https:\/\/gastronomicament.cat\/de\/","name":"Gastron\u00f2micament","description":"Portal de restaurants, receptes i actualitat gastron\u00f2mica","publisher":{"@id":"https:\/\/gastronomicament.cat\/de\/#organization"},"potentialAction":[{"@type":"SearchAction","target":{"@type":"EntryPoint","urlTemplate":"https:\/\/gastronomicament.cat\/de\/?s={search_term_string}"},"query-input":{"@type":"PropertyValueSpecification","valueRequired":true,"valueName":"search_term_string"}}],"inLanguage":"de"},{"@type":"Organization","@id":"https:\/\/gastronomicament.cat\/de\/#organization","name":"Gastron\u00f2micament","url":"https:\/\/gastronomicament.cat\/de\/","logo":{"@type":"ImageObject","inLanguage":"de","@id":"https:\/\/gastronomicament.cat\/de\/#\/schema\/logo\/image\/","url":"https:\/\/gastronomicament.cat\/wp-content\/uploads\/2016\/09\/header-logo.jpg","contentUrl":"https:\/\/gastronomicament.cat\/wp-content\/uploads\/2016\/09\/header-logo.jpg","width":277,"height":39,"caption":"Gastron\u00f2micament"},"image":{"@id":"https:\/\/gastronomicament.cat\/de\/#\/schema\/logo\/image\/"},"sameAs":["https:\/\/x.com\/gastronomicamen"]},{"@type":"Person","@id":"https:\/\/gastronomicament.cat\/de\/#\/schema\/person\/a7c85c537a1ed62799a5b8e0f686a37f","name":"Redacci\u00f3","image":{"@type":"ImageObject","inLanguage":"de","@id":"https:\/\/secure.gravatar.com\/avatar\/9489a485c464fd611d33825daae651d13db70c4e74c65c94937a15a9d4c3ee14?s=96&d=mm&r=g69fea3cce3645dfa2166e7293e22955e","url":"https:\/\/secure.gravatar.com\/avatar\/9489a485c464fd611d33825daae651d13db70c4e74c65c94937a15a9d4c3ee14?s=96&d=mm&r=g","contentUrl":"https:\/\/secure.gravatar.com\/avatar\/9489a485c464fd611d33825daae651d13db70c4e74c65c94937a15a9d4c3ee14?s=96&d=mm&r=g","caption":"Redacci\u00f3"},"sameAs":["http:\/\/gastronomicament.cat"],"url":"https:\/\/gastronomicament.cat\/de\/author\/admin"}]}},"_links":{"self":[{"href":"https:\/\/gastronomicament.cat\/de\/wp-json\/wp\/v2\/posts\/70669","targetHints":{"allow":["GET"]}}],"collection":[{"href":"https:\/\/gastronomicament.cat\/de\/wp-json\/wp\/v2\/posts"}],"about":[{"href":"https:\/\/gastronomicament.cat\/de\/wp-json\/wp\/v2\/types\/post"}],"author":[{"embeddable":true,"href":"https:\/\/gastronomicament.cat\/de\/wp-json\/wp\/v2\/users\/1"}],"replies":[{"embeddable":true,"href":"https:\/\/gastronomicament.cat\/de\/wp-json\/wp\/v2\/comments?post=70669"}],"version-history":[{"count":0,"href":"https:\/\/gastronomicament.cat\/de\/wp-json\/wp\/v2\/posts\/70669\/revisions"}],"wp:featuredmedia":[{"embeddable":true,"href":"https:\/\/gastronomicament.cat\/de\/wp-json\/wp\/v2\/media\/54895"}],"wp:attachment":[{"href":"https:\/\/gastronomicament.cat\/de\/wp-json\/wp\/v2\/media?parent=70669"}],"wp:term":[{"taxonomy":"category","embeddable":true,"href":"https:\/\/gastronomicament.cat\/de\/wp-json\/wp\/v2\/categories?post=70669"},{"taxonomy":"post_tag","embeddable":true,"href":"https:\/\/gastronomicament.cat\/de\/wp-json\/wp\/v2\/tags?post=70669"},{"taxonomy":"author","embeddable":true,"href":"https:\/\/gastronomicament.cat\/de\/wp-json\/wp\/v2\/coauthors?post=70669"}],"curies":[{"name":"wp","href":"https:\/\/api.w.org\/{rel}","templated":true}]}}