{"id":70804,"date":"2015-04-08T20:19:41","date_gmt":"2015-04-08T18:19:41","guid":{"rendered":"https:\/\/gastronomicament.cat\/gastronomia-i-molt-mes-a-la-fira-de-sant-francesc-de-muro"},"modified":"2015-04-08T20:19:41","modified_gmt":"2015-04-08T18:19:41","slug":"gastronomia-i-molt-mes-a-la-fira-de-sant-francesc-de-muro","status":"publish","type":"post","link":"https:\/\/gastronomicament.cat\/de\/gastronomia-i-molt-mes-a-la-fira-de-sant-francesc-de-muro","title":{"rendered":"Gastronomia i molt m\u00e9s a la Fira de Sant Francesc de Muro"},"content":{"rendered":"<p>La <strong>Fira Sant Francesc de Muro<\/strong> ja \u00e9s aqu\u00ed. <strong>Diumenge, 12 d&#8217;abril<\/strong> podreu passejar i comprar pels carrers del municipi.<\/p>\n<p><strong>Hi trobareu de tot<\/strong>: la XXVIII Mostra d\u2019artesania, manualitats i fotografia, exposici\u00f3 Tradicions i Costums de Muro, les tradicionals paradetes amb productes balears,\u00a0 exposici\u00f3 d\u2019animals: corrals de bestiar, ovella roja, cabra mallorquina, porc negre mallorqu\u00ed, animals ex\u00f2tics, etc., exhibici\u00f3 bike-trial i mini motos. A m\u00e9s d&#8217;un\u00a0 llac amb an\u00e0pides, \u00e0necs, aviram d\u2019alta selecci\u00f3, estru\u00e7os, em\u00fas, ovelles&#8230;\u00a0 i demostraci\u00f3 d\u2019aus de rapinya: cern\u00edcalo americ\u00e0, \u00e0guiles Harrys, falcons, mussols africans.<\/p>\n<p>Ara b\u00e9, la bona gastronomia hi ser\u00e0 present. <strong>Els bars i restaurants oferiran diferents plats i propostes culin\u00e0ries<\/strong>:<\/p>\n<p>[ezcol_1third]<\/p>\n<p><strong>FORN CAL REI<\/strong><br \/>\nCronuts, pastissos varis,<br \/>\nvarietat ensa\u00efmades<br \/>\nPare Alzina, 1<br \/>\nTel. 871 85 15 15<br \/>\n<strong>FORN CAN SEGURA<\/strong><br \/>\nPastisseria variada<br \/>\nPla\u00e7a Abeuradors, 6<br \/>\nTel. 971 53 70 80<br \/>\n<strong>FORN CAN MOROTO<\/strong><br \/>\nPastisseria dol\u00e7a i salada variada<br \/>\nC\/ Santa Anna, 40<br \/>\nTel. 971 53 77 51<br \/>\n<strong>FORN CAN BARCEL\u00d3<\/strong><br \/>\nEspecialitat ensa\u00efmades,<br \/>\npastisseria variada dol\u00e7a<br \/>\ni salada<br \/>\nPla\u00e7a Sant Mart\u00ed, 1<br \/>\nTel. 971 53 74 87<br \/>\n<strong>BAR CAN PALOU<\/strong><br \/>\nBacall\u00e0 amb tumbet<br \/>\nCaminants<br \/>\nTapes variades<br \/>\nC\/ Santa Anna, cantonada<br \/>\nBisbe Albert\u00ed, 2<\/p>\n<p><strong>BAR PIROSKA<\/strong><br \/>\nPrimer Plat<br \/>\nPaella<br \/>\nCaragols<br \/>\nFrit de be<br \/>\nSegon Plat<br \/>\nPorcella<br \/>\nFilet amb pebre bo<br \/>\nFilet d&#8217;orada<br \/>\nPla\u00e7a Sant Mart\u00ed, 10<br \/>\nTel. 971 53 71 98<\/p>\n<p>[\/ezcol_1third]<\/p>\n<p>[ezcol_1third]<\/p>\n<p><strong>FREIDURA <\/strong><br \/>\n<strong>CAN BERNAT<\/strong><br \/>\nFritures, variats i porcella<br \/>\nPla\u00e7a Sant Mart\u00ed, 3<br \/>\nTel. 971 53 81 45<br \/>\n<strong>COSCA<\/strong><br \/>\nVariats<br \/>\nAvda. Santa Catalina Tom\u00e1s, 2<br \/>\nTel. 971 53 73 99<\/p>\n<p><strong>LOS ARCOS<\/strong><br \/>\nVariats<br \/>\nPla\u00e7a Constituci\u00f3, 4<br \/>\nTel. 971 53 83 26<br \/>\n<strong>ES RAC\u00d3 D\u2019EN BLAI<\/strong><br \/>\nPrimer plat<br \/>\nArr\u00f2s i caragols<br \/>\nSegon plat<br \/>\nLlu\u00e7 a la marinera<br \/>\nPorcella<br \/>\nC\/ Joan Carles I,62<br \/>\nTel. 971 86 10 50<br \/>\n<strong>BAR RESTAURANT <\/strong><br \/>\n<strong>SA FONDA<\/strong><br \/>\nBuffet especial amb<br \/>\nporcella, paella, fideus<br \/>\namb anguiles&#8230;<br \/>\nPla\u00e7a Comte d\u2019Emp\u00faries<br \/>\nTel. 971 53 79 65<\/p>\n<p>[\/ezcol_1third]<\/p>\n<p>[ezcol_1third_end]<\/p>\n<p><strong>RESTAURANT <\/strong><br \/>\n<strong>S\u2019ARCADA<\/strong><br \/>\nPrimers: arr\u00f2s brut,<br \/>\ncaragols o entremeses<br \/>\nSegons: 9 plats a triar<br \/>\nC\/ Ru\u00edz Zorilla s\/n<br \/>\nTel. 971 86 04 66<br \/>\n<strong>CASABLANCA<\/strong><br \/>\nHarira (sopa marroquina)<br \/>\nTajine de pollastre amb<br \/>\nverdures, pollastre amb<br \/>\npruna, pinya i ametlla<br \/>\nC\/ M\u00e0rtirs, 1<br \/>\nTel. 971 53 73 27<br \/>\n<strong>ES POLIESPORTIU<\/strong><br \/>\nPrimer plat<br \/>\nArr\u00f2s brut o Paella negra<br \/>\nSegon plat<br \/>\nPorcella rostida<br \/>\nBacall\u00e0 a la mallorquina<br \/>\nFilet de porc farcit de<br \/>\nsobrassada<br \/>\nPoliesportiu s\/n<br \/>\nTel. 971 86 08 47<br \/>\n<strong><\/strong><br \/>\n<strong>BAR <\/strong><br \/>\n<strong>CAN MORAGUES<\/strong><br \/>\nVariats i entrepans freds<br \/>\nSanta Anna, 105<br \/>\nTel. 615 33 96 07<\/p>\n<p>[\/ezcol_1third_end]<\/p>\n<p>&nbsp;<\/p>\n<p>Consultau tot el programa de la <a title=\"Fira de Sant Francesc de Muro 2015\" href=\"http:\/\/gastronomicament.cat\/wp-content\/uploads\/2014\/05\/fira-de-sant-francesc-de-muro-2015.pdf\" target=\"_blank\" rel=\"noopener\">Fira de Sant Francesc de Muro aqu\u00ed<\/a>.<br \/>\n<strong><\/strong><!--more--><\/p>\n","protected":false},"excerpt":{"rendered":"<p>La Fira Sant Francesc de Muro ja \u00e9s aqu\u00ed. Diumenge, 12 d&#8217;abril podreu passejar i comprar pels carrers del municipi. Hi trobareu de tot: la XXVIII Mostra d\u2019artesania, manualitats i fotografia, exposici\u00f3 Tradicions i Costums de Muro, les tradicionals paradetes amb productes balears,\u00a0 exposici\u00f3 d\u2019animals: corrals de bestiar, ovella roja, cabra mallorquina, porc negre mallorqu\u00ed, [&hellip;]<\/p>\n","protected":false},"author":1,"featured_media":54643,"comment_status":"open","ping_status":"closed","sticky":false,"template":"","format":"standard","meta":{"_acf_changed":false,"_swt_meta_header_display":false,"_swt_meta_footer_display":false,"_swt_meta_site_title_display":false,"_swt_meta_sticky_header":false,"_swt_meta_transparent_header":false,"footnotes":""},"categories":[1050],"tags":[],"coauthors":[],"class_list":["post-70804","post","type-post","status-publish","format-standard","has-post-thumbnail","hentry","category-actualitat-es-de"],"acf":{"gallery":null,"home_date":{"home_begin_date":null,"home_end_date":null}},"yoast_head":"<!-- This site is optimized with the Yoast SEO plugin v27.4 - https:\/\/yoast.com\/product\/yoast-seo-wordpress\/ -->\n<title>Gastronomia i molt m\u00e9s a la Fira de Sant Francesc de Muro<\/title>\n<meta name=\"description\" content=\"Gastronomia i molt m\u00e9s a la Fira de Sant Francesc de Muro\" \/>\n<meta name=\"robots\" content=\"index, follow, max-snippet:-1, max-image-preview:large, max-video-preview:-1\" \/>\n<link rel=\"canonical\" href=\"https:\/\/gastronomicament.cat\/de\/gastronomia-i-molt-mes-a-la-fira-de-sant-francesc-de-muro\" \/>\n<meta property=\"og:locale\" content=\"de_DE\" \/>\n<meta property=\"og:type\" content=\"article\" \/>\n<meta property=\"og:title\" content=\"Gastronomia i molt m\u00e9s a la Fira de Sant Francesc de Muro\" \/>\n<meta property=\"og:description\" content=\"Gastronomia i molt m\u00e9s a la Fira de Sant Francesc de Muro\" \/>\n<meta property=\"og:url\" content=\"https:\/\/gastronomicament.cat\/de\/gastronomia-i-molt-mes-a-la-fira-de-sant-francesc-de-muro\" \/>\n<meta property=\"og:site_name\" content=\"Gastron\u00f2micament\" \/>\n<meta property=\"article:published_time\" content=\"2015-04-08T18:19:41+00:00\" \/>\n<meta property=\"og:image\" content=\"https:\/\/gastronomicament.cat\/wp-content\/uploads\/2015\/04\/fira-de-sant-francesc-muro.png\" \/>\n\t<meta property=\"og:image:width\" content=\"640\" \/>\n\t<meta property=\"og:image:height\" content=\"300\" \/>\n\t<meta property=\"og:image:type\" content=\"image\/png\" \/>\n<meta name=\"author\" content=\"Redacci\u00f3\" \/>\n<meta name=\"twitter:card\" content=\"summary_large_image\" \/>\n<meta name=\"twitter:creator\" content=\"@gastronomicamen\" \/>\n<meta name=\"twitter:site\" content=\"@gastronomicamen\" \/>\n<meta name=\"twitter:label1\" content=\"Verfasst von\" \/>\n\t<meta name=\"twitter:data1\" content=\"Redacci\u00f3\" \/>\n\t<meta name=\"twitter:label2\" content=\"Gesch\u00e4tzte Lesezeit\" \/>\n\t<meta name=\"twitter:data2\" content=\"2\u00a0Minuten\" \/>\n\t<meta name=\"twitter:label3\" content=\"Written by\" \/>\n\t<meta name=\"twitter:data3\" content=\"Redacci\u00f3\" \/>\n<script type=\"application\/ld+json\" class=\"yoast-schema-graph\">{\"@context\":\"https:\\\/\\\/schema.org\",\"@graph\":[{\"@type\":\"Article\",\"@id\":\"https:\\\/\\\/gastronomicament.cat\\\/de\\\/gastronomia-i-molt-mes-a-la-fira-de-sant-francesc-de-muro#article\",\"isPartOf\":{\"@id\":\"https:\\\/\\\/gastronomicament.cat\\\/de\\\/gastronomia-i-molt-mes-a-la-fira-de-sant-francesc-de-muro\"},\"author\":{\"name\":\"Redacci\u00f3\",\"@id\":\"https:\\\/\\\/gastronomicament.cat\\\/de\\\/#\\\/schema\\\/person\\\/a7c85c537a1ed62799a5b8e0f686a37f\"},\"headline\":\"Gastronomia i molt m\u00e9s a la Fira de Sant Francesc de Muro\",\"datePublished\":\"2015-04-08T18:19:41+00:00\",\"mainEntityOfPage\":{\"@id\":\"https:\\\/\\\/gastronomicament.cat\\\/de\\\/gastronomia-i-molt-mes-a-la-fira-de-sant-francesc-de-muro\"},\"wordCount\":393,\"commentCount\":0,\"publisher\":{\"@id\":\"https:\\\/\\\/gastronomicament.cat\\\/de\\\/#organization\"},\"image\":{\"@id\":\"https:\\\/\\\/gastronomicament.cat\\\/de\\\/gastronomia-i-molt-mes-a-la-fira-de-sant-francesc-de-muro#primaryimage\"},\"thumbnailUrl\":\"https:\\\/\\\/gastronomicament.cat\\\/wp-content\\\/uploads\\\/2015\\\/04\\\/fira-de-sant-francesc-muro.png\",\"articleSection\":[\"Actualitat\"],\"inLanguage\":\"de\",\"potentialAction\":[{\"@type\":\"CommentAction\",\"name\":\"Comment\",\"target\":[\"https:\\\/\\\/gastronomicament.cat\\\/de\\\/gastronomia-i-molt-mes-a-la-fira-de-sant-francesc-de-muro#respond\"]}]},{\"@type\":\"WebPage\",\"@id\":\"https:\\\/\\\/gastronomicament.cat\\\/de\\\/gastronomia-i-molt-mes-a-la-fira-de-sant-francesc-de-muro\",\"url\":\"https:\\\/\\\/gastronomicament.cat\\\/de\\\/gastronomia-i-molt-mes-a-la-fira-de-sant-francesc-de-muro\",\"name\":\"Gastronomia i molt m\u00e9s a la Fira de Sant Francesc de Muro\",\"isPartOf\":{\"@id\":\"https:\\\/\\\/gastronomicament.cat\\\/de\\\/#website\"},\"primaryImageOfPage\":{\"@id\":\"https:\\\/\\\/gastronomicament.cat\\\/de\\\/gastronomia-i-molt-mes-a-la-fira-de-sant-francesc-de-muro#primaryimage\"},\"image\":{\"@id\":\"https:\\\/\\\/gastronomicament.cat\\\/de\\\/gastronomia-i-molt-mes-a-la-fira-de-sant-francesc-de-muro#primaryimage\"},\"thumbnailUrl\":\"https:\\\/\\\/gastronomicament.cat\\\/wp-content\\\/uploads\\\/2015\\\/04\\\/fira-de-sant-francesc-muro.png\",\"datePublished\":\"2015-04-08T18:19:41+00:00\",\"description\":\"Gastronomia i molt m\u00e9s a la Fira de Sant Francesc de Muro\",\"inLanguage\":\"de\",\"potentialAction\":[{\"@type\":\"ReadAction\",\"target\":[\"https:\\\/\\\/gastronomicament.cat\\\/de\\\/gastronomia-i-molt-mes-a-la-fira-de-sant-francesc-de-muro\"]}]},{\"@type\":\"ImageObject\",\"inLanguage\":\"de\",\"@id\":\"https:\\\/\\\/gastronomicament.cat\\\/de\\\/gastronomia-i-molt-mes-a-la-fira-de-sant-francesc-de-muro#primaryimage\",\"url\":\"https:\\\/\\\/gastronomicament.cat\\\/wp-content\\\/uploads\\\/2015\\\/04\\\/fira-de-sant-francesc-muro.png\",\"contentUrl\":\"https:\\\/\\\/gastronomicament.cat\\\/wp-content\\\/uploads\\\/2015\\\/04\\\/fira-de-sant-francesc-muro.png\",\"width\":640,\"height\":300},{\"@type\":\"WebSite\",\"@id\":\"https:\\\/\\\/gastronomicament.cat\\\/de\\\/#website\",\"url\":\"https:\\\/\\\/gastronomicament.cat\\\/de\\\/\",\"name\":\"Gastron\u00f2micament\",\"description\":\"Portal de restaurants, receptes i actualitat gastron\u00f2mica\",\"publisher\":{\"@id\":\"https:\\\/\\\/gastronomicament.cat\\\/de\\\/#organization\"},\"potentialAction\":[{\"@type\":\"SearchAction\",\"target\":{\"@type\":\"EntryPoint\",\"urlTemplate\":\"https:\\\/\\\/gastronomicament.cat\\\/de\\\/?s={search_term_string}\"},\"query-input\":{\"@type\":\"PropertyValueSpecification\",\"valueRequired\":true,\"valueName\":\"search_term_string\"}}],\"inLanguage\":\"de\"},{\"@type\":\"Organization\",\"@id\":\"https:\\\/\\\/gastronomicament.cat\\\/de\\\/#organization\",\"name\":\"Gastron\u00f2micament\",\"url\":\"https:\\\/\\\/gastronomicament.cat\\\/de\\\/\",\"logo\":{\"@type\":\"ImageObject\",\"inLanguage\":\"de\",\"@id\":\"https:\\\/\\\/gastronomicament.cat\\\/de\\\/#\\\/schema\\\/logo\\\/image\\\/\",\"url\":\"https:\\\/\\\/gastronomicament.cat\\\/wp-content\\\/uploads\\\/2016\\\/09\\\/header-logo.jpg\",\"contentUrl\":\"https:\\\/\\\/gastronomicament.cat\\\/wp-content\\\/uploads\\\/2016\\\/09\\\/header-logo.jpg\",\"width\":277,\"height\":39,\"caption\":\"Gastron\u00f2micament\"},\"image\":{\"@id\":\"https:\\\/\\\/gastronomicament.cat\\\/de\\\/#\\\/schema\\\/logo\\\/image\\\/\"},\"sameAs\":[\"https:\\\/\\\/x.com\\\/gastronomicamen\"]},{\"@type\":\"Person\",\"@id\":\"https:\\\/\\\/gastronomicament.cat\\\/de\\\/#\\\/schema\\\/person\\\/a7c85c537a1ed62799a5b8e0f686a37f\",\"name\":\"Redacci\u00f3\",\"image\":{\"@type\":\"ImageObject\",\"inLanguage\":\"de\",\"@id\":\"https:\\\/\\\/secure.gravatar.com\\\/avatar\\\/9489a485c464fd611d33825daae651d13db70c4e74c65c94937a15a9d4c3ee14?s=96&d=mm&r=g69fea3cce3645dfa2166e7293e22955e\",\"url\":\"https:\\\/\\\/secure.gravatar.com\\\/avatar\\\/9489a485c464fd611d33825daae651d13db70c4e74c65c94937a15a9d4c3ee14?s=96&d=mm&r=g\",\"contentUrl\":\"https:\\\/\\\/secure.gravatar.com\\\/avatar\\\/9489a485c464fd611d33825daae651d13db70c4e74c65c94937a15a9d4c3ee14?s=96&d=mm&r=g\",\"caption\":\"Redacci\u00f3\"},\"sameAs\":[\"http:\\\/\\\/gastronomicament.cat\"],\"url\":\"https:\\\/\\\/gastronomicament.cat\\\/de\\\/author\\\/admin\"}]}<\/script>\n<!-- \/ Yoast SEO plugin. -->","yoast_head_json":{"title":"Gastronomia i molt m\u00e9s a la Fira de Sant Francesc de Muro","description":"Gastronomia i molt m\u00e9s a la Fira de Sant Francesc de Muro","robots":{"index":"index","follow":"follow","max-snippet":"max-snippet:-1","max-image-preview":"max-image-preview:large","max-video-preview":"max-video-preview:-1"},"canonical":"https:\/\/gastronomicament.cat\/de\/gastronomia-i-molt-mes-a-la-fira-de-sant-francesc-de-muro","og_locale":"de_DE","og_type":"article","og_title":"Gastronomia i molt m\u00e9s a la Fira de Sant Francesc de Muro","og_description":"Gastronomia i molt m\u00e9s a la Fira de Sant Francesc de Muro","og_url":"https:\/\/gastronomicament.cat\/de\/gastronomia-i-molt-mes-a-la-fira-de-sant-francesc-de-muro","og_site_name":"Gastron\u00f2micament","article_published_time":"2015-04-08T18:19:41+00:00","og_image":[{"width":640,"height":300,"url":"https:\/\/gastronomicament.cat\/wp-content\/uploads\/2015\/04\/fira-de-sant-francesc-muro.png","type":"image\/png"}],"author":"Redacci\u00f3","twitter_card":"summary_large_image","twitter_creator":"@gastronomicamen","twitter_site":"@gastronomicamen","twitter_misc":{"Verfasst von":"Redacci\u00f3","Gesch\u00e4tzte Lesezeit":"2\u00a0Minuten","Written by":"Redacci\u00f3"},"schema":{"@context":"https:\/\/schema.org","@graph":[{"@type":"Article","@id":"https:\/\/gastronomicament.cat\/de\/gastronomia-i-molt-mes-a-la-fira-de-sant-francesc-de-muro#article","isPartOf":{"@id":"https:\/\/gastronomicament.cat\/de\/gastronomia-i-molt-mes-a-la-fira-de-sant-francesc-de-muro"},"author":{"name":"Redacci\u00f3","@id":"https:\/\/gastronomicament.cat\/de\/#\/schema\/person\/a7c85c537a1ed62799a5b8e0f686a37f"},"headline":"Gastronomia i molt m\u00e9s a la Fira de Sant Francesc de Muro","datePublished":"2015-04-08T18:19:41+00:00","mainEntityOfPage":{"@id":"https:\/\/gastronomicament.cat\/de\/gastronomia-i-molt-mes-a-la-fira-de-sant-francesc-de-muro"},"wordCount":393,"commentCount":0,"publisher":{"@id":"https:\/\/gastronomicament.cat\/de\/#organization"},"image":{"@id":"https:\/\/gastronomicament.cat\/de\/gastronomia-i-molt-mes-a-la-fira-de-sant-francesc-de-muro#primaryimage"},"thumbnailUrl":"https:\/\/gastronomicament.cat\/wp-content\/uploads\/2015\/04\/fira-de-sant-francesc-muro.png","articleSection":["Actualitat"],"inLanguage":"de","potentialAction":[{"@type":"CommentAction","name":"Comment","target":["https:\/\/gastronomicament.cat\/de\/gastronomia-i-molt-mes-a-la-fira-de-sant-francesc-de-muro#respond"]}]},{"@type":"WebPage","@id":"https:\/\/gastronomicament.cat\/de\/gastronomia-i-molt-mes-a-la-fira-de-sant-francesc-de-muro","url":"https:\/\/gastronomicament.cat\/de\/gastronomia-i-molt-mes-a-la-fira-de-sant-francesc-de-muro","name":"Gastronomia i molt m\u00e9s a la Fira de Sant Francesc de Muro","isPartOf":{"@id":"https:\/\/gastronomicament.cat\/de\/#website"},"primaryImageOfPage":{"@id":"https:\/\/gastronomicament.cat\/de\/gastronomia-i-molt-mes-a-la-fira-de-sant-francesc-de-muro#primaryimage"},"image":{"@id":"https:\/\/gastronomicament.cat\/de\/gastronomia-i-molt-mes-a-la-fira-de-sant-francesc-de-muro#primaryimage"},"thumbnailUrl":"https:\/\/gastronomicament.cat\/wp-content\/uploads\/2015\/04\/fira-de-sant-francesc-muro.png","datePublished":"2015-04-08T18:19:41+00:00","description":"Gastronomia i molt m\u00e9s a la Fira de Sant Francesc de Muro","inLanguage":"de","potentialAction":[{"@type":"ReadAction","target":["https:\/\/gastronomicament.cat\/de\/gastronomia-i-molt-mes-a-la-fira-de-sant-francesc-de-muro"]}]},{"@type":"ImageObject","inLanguage":"de","@id":"https:\/\/gastronomicament.cat\/de\/gastronomia-i-molt-mes-a-la-fira-de-sant-francesc-de-muro#primaryimage","url":"https:\/\/gastronomicament.cat\/wp-content\/uploads\/2015\/04\/fira-de-sant-francesc-muro.png","contentUrl":"https:\/\/gastronomicament.cat\/wp-content\/uploads\/2015\/04\/fira-de-sant-francesc-muro.png","width":640,"height":300},{"@type":"WebSite","@id":"https:\/\/gastronomicament.cat\/de\/#website","url":"https:\/\/gastronomicament.cat\/de\/","name":"Gastron\u00f2micament","description":"Portal de restaurants, receptes i actualitat gastron\u00f2mica","publisher":{"@id":"https:\/\/gastronomicament.cat\/de\/#organization"},"potentialAction":[{"@type":"SearchAction","target":{"@type":"EntryPoint","urlTemplate":"https:\/\/gastronomicament.cat\/de\/?s={search_term_string}"},"query-input":{"@type":"PropertyValueSpecification","valueRequired":true,"valueName":"search_term_string"}}],"inLanguage":"de"},{"@type":"Organization","@id":"https:\/\/gastronomicament.cat\/de\/#organization","name":"Gastron\u00f2micament","url":"https:\/\/gastronomicament.cat\/de\/","logo":{"@type":"ImageObject","inLanguage":"de","@id":"https:\/\/gastronomicament.cat\/de\/#\/schema\/logo\/image\/","url":"https:\/\/gastronomicament.cat\/wp-content\/uploads\/2016\/09\/header-logo.jpg","contentUrl":"https:\/\/gastronomicament.cat\/wp-content\/uploads\/2016\/09\/header-logo.jpg","width":277,"height":39,"caption":"Gastron\u00f2micament"},"image":{"@id":"https:\/\/gastronomicament.cat\/de\/#\/schema\/logo\/image\/"},"sameAs":["https:\/\/x.com\/gastronomicamen"]},{"@type":"Person","@id":"https:\/\/gastronomicament.cat\/de\/#\/schema\/person\/a7c85c537a1ed62799a5b8e0f686a37f","name":"Redacci\u00f3","image":{"@type":"ImageObject","inLanguage":"de","@id":"https:\/\/secure.gravatar.com\/avatar\/9489a485c464fd611d33825daae651d13db70c4e74c65c94937a15a9d4c3ee14?s=96&d=mm&r=g69fea3cce3645dfa2166e7293e22955e","url":"https:\/\/secure.gravatar.com\/avatar\/9489a485c464fd611d33825daae651d13db70c4e74c65c94937a15a9d4c3ee14?s=96&d=mm&r=g","contentUrl":"https:\/\/secure.gravatar.com\/avatar\/9489a485c464fd611d33825daae651d13db70c4e74c65c94937a15a9d4c3ee14?s=96&d=mm&r=g","caption":"Redacci\u00f3"},"sameAs":["http:\/\/gastronomicament.cat"],"url":"https:\/\/gastronomicament.cat\/de\/author\/admin"}]}},"_links":{"self":[{"href":"https:\/\/gastronomicament.cat\/de\/wp-json\/wp\/v2\/posts\/70804","targetHints":{"allow":["GET"]}}],"collection":[{"href":"https:\/\/gastronomicament.cat\/de\/wp-json\/wp\/v2\/posts"}],"about":[{"href":"https:\/\/gastronomicament.cat\/de\/wp-json\/wp\/v2\/types\/post"}],"author":[{"embeddable":true,"href":"https:\/\/gastronomicament.cat\/de\/wp-json\/wp\/v2\/users\/1"}],"replies":[{"embeddable":true,"href":"https:\/\/gastronomicament.cat\/de\/wp-json\/wp\/v2\/comments?post=70804"}],"version-history":[{"count":0,"href":"https:\/\/gastronomicament.cat\/de\/wp-json\/wp\/v2\/posts\/70804\/revisions"}],"wp:featuredmedia":[{"embeddable":true,"href":"https:\/\/gastronomicament.cat\/de\/wp-json\/wp\/v2\/media\/54643"}],"wp:attachment":[{"href":"https:\/\/gastronomicament.cat\/de\/wp-json\/wp\/v2\/media?parent=70804"}],"wp:term":[{"taxonomy":"category","embeddable":true,"href":"https:\/\/gastronomicament.cat\/de\/wp-json\/wp\/v2\/categories?post=70804"},{"taxonomy":"post_tag","embeddable":true,"href":"https:\/\/gastronomicament.cat\/de\/wp-json\/wp\/v2\/tags?post=70804"},{"taxonomy":"author","embeddable":true,"href":"https:\/\/gastronomicament.cat\/de\/wp-json\/wp\/v2\/coauthors?post=70804"}],"curies":[{"name":"wp","href":"https:\/\/api.w.org\/{rel}","templated":true}]}}