{"id":70832,"date":"2015-03-04T02:45:35","date_gmt":"2015-03-04T01:45:35","guid":{"rendered":"https:\/\/gastronomicament.cat\/tastcorner"},"modified":"2022-04-09T11:08:27","modified_gmt":"2022-04-09T09:08:27","slug":"tastcorner","status":"publish","type":"post","link":"https:\/\/gastronomicament.cat\/de\/tastcorner","title":{"rendered":"Tastcorner: del productor a la taula"},"content":{"rendered":"<p>Comencen els Tast Corner, una iniciativa novedosa de Gastron\u00f2micament per donar a con\u00e8ixer els producte local als restaurants i establiments de Mallorca. Els establiments triats per comen\u00e7ar aquesta activitat de promoci\u00f3 s\u00f3n:\u00a0el\u00a0<a title=\"Restaurant Reset Palma\" href=\"http:\/\/gastronomicament.cat\/restaurant-reset-palma\">restaurant Reset de Palma<\/a>,\u00a0el\u00a0<a title=\"Restaurant La Fonda de S\u00f3ller Palma\" href=\"http:\/\/gastronomicament.cat\/la-fonda-de-soller\">restaurant La Fonda de S\u00f3ller de Palma<\/a>,\u00a0la\u00a0<a title=\"Pastisseria Can Pomar Campos\" href=\"http:\/\/gastronomicament.cat\/restaurant-can-pomar-campos\">Pastisseria Can Pomar de Campos<\/a>\u00a0i\u00a0el\u00a0<a title=\"Restaurant Can Pintxo S\u00f3ller\" href=\"http:\/\/gastronomicament.cat\/restaurant-can-pintxo\">restaurant Can Pintxo de S\u00f3ller<\/a>.<\/p>\n<p>Les empreses mallorquines que hi participen s\u00f3n:\u00a0<a title=\"Cas Cerveser cervesa Galilea\" href=\"http:\/\/gastronomicament.cat\/cervesa-galilea\">Cas Cerveser<\/a>,\u00a0<a title=\"Caf\u00e8s Bay\" href=\"http:\/\/gastronomicament.cat\/cafes-bay-lloret\">Caf\u00e8s Bay<\/a>,\u00a0<a title=\"Galletes Gori de Muro\" href=\"http:\/\/gastronomicament.cat\/galletes-gori-de-muro\">Galletes Gori de Muro<\/a>\u00a0i\u00a0<a title=\"Gelats Valls Pollen\u00e7a\" href=\"http:\/\/gastronomicament.cat\/gelats-valls\">Gelats Valls<\/a>.<\/p>\n<h4>Aquesta \u00e9s la programaci\u00f3:<\/h4>\n<p><strong>MAR\u00c7<\/strong><\/p>\n<ul>\n<li>Dimecres, 11 de mar\u00e7, migdia, el <a title=\"Restaurant Reset Palma\" href=\"http:\/\/gastronomicament.cat\/restaurant-reset-palma\">restaurant Reset de Palma<\/a> donar\u00e0 a con\u00e8ixer i a tastar la cervesa natural de <a title=\"Cas Cerveser cervesa Galilea\" href=\"http:\/\/gastronomicament.cat\/cervesa-galilea\">Cas Cerveser<\/a>.<\/li>\n<li>Divendres, 13 de mar\u00e7, migdia, el <a title=\"Restaurant La Fonda de S\u00f3ller Palma\" href=\"http:\/\/gastronomicament.cat\/la-fonda-de-soller\">restaurant La Fonda de S\u00f3ller de Palma<\/a> presentar\u00e0 <a title=\"Caf\u00e8s Bay\" href=\"http:\/\/gastronomicament.cat\/cafes-bay-lloret\">Caf\u00e8s Bay<\/a>, un dels pocs que torra el caf\u00e8 a Mallorca.<\/li>\n<li>Dissabte, 14 de mar\u00e7, al mat\u00ed, la <a title=\"Pastisseria Can Pomar Campos\" href=\"http:\/\/gastronomicament.cat\/restaurant-can-pomar-campos\">Pastisseria Can Pomar de Campos<\/a>\u00a0donar\u00e0 a tastar les <a title=\"Galletes Gori de Muro\" href=\"http:\/\/gastronomicament.cat\/galletes-gori-de-muro\">Galletes Gori de Muro<\/a>, un plaer artes\u00e0 fet a Mallorca.<\/li>\n<\/ul>\n<p><strong>ABRIL<\/strong><\/p>\n<ul>\n<li>Dimecres, 8 d&#8217;abril, migdia, el\u00a0<a title=\"Restaurant Reset Palma\" href=\"http:\/\/gastronomicament.cat\/restaurant-reset-palma\">restaurant Reset de Palma<\/a>\u00a0descobrir\u00e0 les aromes de\u00a0<a title=\"Caf\u00e8s Bay\" href=\"http:\/\/gastronomicament.cat\/cafes-bay-lloret\">Caf\u00e8s Bay<\/a>\u00a0de Lloret de Vistalegre.<\/li>\n<li>Divendres, 10 d&#8217;abril, migdia, el\u00a0<a title=\"Restaurant La Fonda de S\u00f3ller Palma\" href=\"http:\/\/gastronomicament.cat\/la-fonda-de-soller\">restaurant La Fonda de S\u00f3ller de Palma<\/a>\u00a0donar\u00e0 a tastar els saborosos <a title=\"Gelats Valls Pollen\u00e7a\" href=\"http:\/\/gastronomicament.cat\/gelats-valls\">Gelats Valls de Pollen\u00e7a<\/a>.<\/li>\n<li>Dissabte, 11 d&#8217;abril,\u00a0al mat\u00ed, la\u00a0<a title=\"Pastisseria Can Pomar Campos\" href=\"http:\/\/gastronomicament.cat\/restaurant-can-pomar-campos\">Pastisseria Can Pomar de Campos<\/a>\u00a0us acostar\u00e0 el gust d&#8217;una bona cervesa artesana de\u00a0<a title=\"Cas Cerveser cervesa Galilea\" href=\"http:\/\/gastronomicament.cat\/cervesa-galilea\">Cas Cerveser<\/a>.<\/li>\n<li>Dissabte, 11 d&#8217;abril, migdia, el\u00a0<a title=\"Restaurant Can Pintxo S\u00f3ller\" href=\"http:\/\/gastronomicament.cat\/restaurant-can-pintxo\">restaurant Can Pintxo de S\u00f3ller<\/a>\u00a0donar\u00e0 a tastar les\u00a0<a title=\"Galletes Gori de Muro\" href=\"http:\/\/gastronomicament.cat\/galletes-gori-de-muro\">Galletes Gori de Muro<\/a>, un plaer artes\u00e0 fet a Mallorca.<\/li>\n<\/ul>\n<p><strong>MAIG<\/strong><\/p>\n<ul>\n<li>Dimecres, 6 de maig, migdia, el\u00a0<a title=\"Restaurant Reset Palma\" href=\"http:\/\/gastronomicament.cat\/restaurant-reset-palma\">restaurant Reset de Palma<\/a>\u00a0descobrir\u00e0 els gelats artesans\u00a0<a title=\"Gelats Valls Pollen\u00e7a\" href=\"http:\/\/gastronomicament.cat\/gelats-valls\">Gelats Valls de Pollen\u00e7a<\/a>.<\/li>\n<li>Dissabte, 9 de maig (poc abans del Fir\u00f3), migdia, el\u00a0<a title=\"Restaurant Can Pintxo S\u00f3ller\" href=\"http:\/\/gastronomicament.cat\/restaurant-can-pintxo\">restaurant Can Pintxo de S\u00f3ller<\/a>\u00a0far\u00e0 el segon tast de les\u00a0<a title=\"Galletes Gori de Muro\" href=\"http:\/\/gastronomicament.cat\/galletes-gori-de-muro\">Galletes Gori de Muro<\/a>, coentes, marineres, integrals, roman\u00ed, d&#8217;oli&#8230; la del\u00edcia feta galleta.<\/li>\n<\/ul>\n<p><strong>JUNY<\/strong><\/p>\n<ul>\n<li>Divendres, 12 de juny, migdia, el\u00a0<a title=\"Restaurant La Fonda de S\u00f3ller Palma\" href=\"http:\/\/gastronomicament.cat\/la-fonda-de-soller\">restaurant La Fonda de S\u00f3ller de Palma<\/a>\u00a0omplir\u00e0 el restaurant de la cervesa natural feta a Galilea de\u00a0<a title=\"Cas Cerveser cervesa Galilea\" href=\"http:\/\/gastronomicament.cat\/cervesa-galilea\">Cas Cerveser<\/a>.<\/li>\n<\/ul>\n<p><!--more--><\/p>\n","protected":false},"excerpt":{"rendered":"<p>Comencen els Tast Corner, una iniciativa novedosa de Gastron\u00f2micament per donar a con\u00e8ixer els producte local als restaurants i establiments de Mallorca. Els establiments triats per comen\u00e7ar aquesta activitat de promoci\u00f3 s\u00f3n:\u00a0el\u00a0restaurant Reset de Palma,\u00a0el\u00a0restaurant La Fonda de S\u00f3ller de Palma,\u00a0la\u00a0Pastisseria Can Pomar de Campos\u00a0i\u00a0el\u00a0restaurant Can Pintxo de S\u00f3ller. Les empreses mallorquines que hi participen [&hellip;]<\/p>\n","protected":false},"author":1,"featured_media":54581,"comment_status":"open","ping_status":"closed","sticky":false,"template":"","format":"standard","meta":{"_acf_changed":false,"_swt_meta_header_display":false,"_swt_meta_footer_display":false,"_swt_meta_site_title_display":false,"_swt_meta_sticky_header":false,"_swt_meta_transparent_header":false,"footnotes":""},"categories":[1050],"tags":[],"coauthors":[],"class_list":["post-70832","post","type-post","status-publish","format-standard","has-post-thumbnail","hentry","category-actualitat-es-de"],"acf":{"gallery":null,"home_date":{"home_begin_date":null,"home_end_date":null}},"yoast_head":"<!-- This site is optimized with the Yoast SEO plugin v27.4 - https:\/\/yoast.com\/product\/yoast-seo-wordpress\/ -->\n<title>Tastcorner: del productor a la taula<\/title>\n<meta name=\"description\" content=\"Tastcorner: del productor a la taula\" \/>\n<meta name=\"robots\" content=\"index, follow, max-snippet:-1, max-image-preview:large, max-video-preview:-1\" \/>\n<link rel=\"canonical\" href=\"https:\/\/gastronomicament.cat\/de\/tastcorner\" \/>\n<meta property=\"og:locale\" content=\"de_DE\" \/>\n<meta property=\"og:type\" content=\"article\" \/>\n<meta property=\"og:title\" content=\"Tastcorner: del productor a la taula\" \/>\n<meta property=\"og:description\" content=\"Tastcorner: del productor a la taula\" \/>\n<meta property=\"og:url\" content=\"https:\/\/gastronomicament.cat\/de\/tastcorner\" \/>\n<meta property=\"og:site_name\" content=\"Gastron\u00f2micament\" \/>\n<meta property=\"article:published_time\" content=\"2015-03-04T01:45:35+00:00\" \/>\n<meta property=\"article:modified_time\" content=\"2022-04-09T09:08:27+00:00\" \/>\n<meta property=\"og:image\" content=\"https:\/\/gastronomicament.cat\/wp-content\/uploads\/2015\/03\/tast-corner-2015.jpg\" \/>\n\t<meta property=\"og:image:width\" content=\"640\" \/>\n\t<meta property=\"og:image:height\" content=\"300\" \/>\n\t<meta property=\"og:image:type\" content=\"image\/jpeg\" \/>\n<meta name=\"author\" content=\"Redacci\u00f3\" \/>\n<meta name=\"twitter:card\" content=\"summary_large_image\" \/>\n<meta name=\"twitter:creator\" content=\"@gastronomicamen\" \/>\n<meta name=\"twitter:site\" content=\"@gastronomicamen\" \/>\n<meta name=\"twitter:label1\" content=\"Verfasst von\" \/>\n\t<meta name=\"twitter:data1\" content=\"Redacci\u00f3\" \/>\n\t<meta name=\"twitter:label2\" content=\"Gesch\u00e4tzte Lesezeit\" \/>\n\t<meta name=\"twitter:data2\" content=\"2\u00a0Minuten\" \/>\n\t<meta name=\"twitter:label3\" content=\"Written by\" \/>\n\t<meta name=\"twitter:data3\" content=\"Redacci\u00f3\" \/>\n<script type=\"application\/ld+json\" class=\"yoast-schema-graph\">{\"@context\":\"https:\\\/\\\/schema.org\",\"@graph\":[{\"@type\":\"Article\",\"@id\":\"https:\\\/\\\/gastronomicament.cat\\\/de\\\/tastcorner#article\",\"isPartOf\":{\"@id\":\"https:\\\/\\\/gastronomicament.cat\\\/de\\\/tastcorner\"},\"author\":{\"name\":\"Redacci\u00f3\",\"@id\":\"https:\\\/\\\/gastronomicament.cat\\\/de\\\/#\\\/schema\\\/person\\\/a7c85c537a1ed62799a5b8e0f686a37f\"},\"headline\":\"Tastcorner: del productor a la taula\",\"datePublished\":\"2015-03-04T01:45:35+00:00\",\"dateModified\":\"2022-04-09T09:08:27+00:00\",\"mainEntityOfPage\":{\"@id\":\"https:\\\/\\\/gastronomicament.cat\\\/de\\\/tastcorner\"},\"wordCount\":336,\"commentCount\":0,\"publisher\":{\"@id\":\"https:\\\/\\\/gastronomicament.cat\\\/de\\\/#organization\"},\"image\":{\"@id\":\"https:\\\/\\\/gastronomicament.cat\\\/de\\\/tastcorner#primaryimage\"},\"thumbnailUrl\":\"https:\\\/\\\/gastronomicament.cat\\\/wp-content\\\/uploads\\\/2015\\\/03\\\/tast-corner-2015.jpg\",\"articleSection\":[\"Actualitat\"],\"inLanguage\":\"de\",\"potentialAction\":[{\"@type\":\"CommentAction\",\"name\":\"Comment\",\"target\":[\"https:\\\/\\\/gastronomicament.cat\\\/de\\\/tastcorner#respond\"]}]},{\"@type\":\"WebPage\",\"@id\":\"https:\\\/\\\/gastronomicament.cat\\\/de\\\/tastcorner\",\"url\":\"https:\\\/\\\/gastronomicament.cat\\\/de\\\/tastcorner\",\"name\":\"Tastcorner: del productor a la taula\",\"isPartOf\":{\"@id\":\"https:\\\/\\\/gastronomicament.cat\\\/de\\\/#website\"},\"primaryImageOfPage\":{\"@id\":\"https:\\\/\\\/gastronomicament.cat\\\/de\\\/tastcorner#primaryimage\"},\"image\":{\"@id\":\"https:\\\/\\\/gastronomicament.cat\\\/de\\\/tastcorner#primaryimage\"},\"thumbnailUrl\":\"https:\\\/\\\/gastronomicament.cat\\\/wp-content\\\/uploads\\\/2015\\\/03\\\/tast-corner-2015.jpg\",\"datePublished\":\"2015-03-04T01:45:35+00:00\",\"dateModified\":\"2022-04-09T09:08:27+00:00\",\"description\":\"Tastcorner: del productor a la taula\",\"inLanguage\":\"de\",\"potentialAction\":[{\"@type\":\"ReadAction\",\"target\":[\"https:\\\/\\\/gastronomicament.cat\\\/de\\\/tastcorner\"]}]},{\"@type\":\"ImageObject\",\"inLanguage\":\"de\",\"@id\":\"https:\\\/\\\/gastronomicament.cat\\\/de\\\/tastcorner#primaryimage\",\"url\":\"https:\\\/\\\/gastronomicament.cat\\\/wp-content\\\/uploads\\\/2015\\\/03\\\/tast-corner-2015.jpg\",\"contentUrl\":\"https:\\\/\\\/gastronomicament.cat\\\/wp-content\\\/uploads\\\/2015\\\/03\\\/tast-corner-2015.jpg\",\"width\":640,\"height\":300},{\"@type\":\"WebSite\",\"@id\":\"https:\\\/\\\/gastronomicament.cat\\\/de\\\/#website\",\"url\":\"https:\\\/\\\/gastronomicament.cat\\\/de\\\/\",\"name\":\"Gastron\u00f2micament\",\"description\":\"Portal de restaurants, receptes i actualitat gastron\u00f2mica\",\"publisher\":{\"@id\":\"https:\\\/\\\/gastronomicament.cat\\\/de\\\/#organization\"},\"potentialAction\":[{\"@type\":\"SearchAction\",\"target\":{\"@type\":\"EntryPoint\",\"urlTemplate\":\"https:\\\/\\\/gastronomicament.cat\\\/de\\\/?s={search_term_string}\"},\"query-input\":{\"@type\":\"PropertyValueSpecification\",\"valueRequired\":true,\"valueName\":\"search_term_string\"}}],\"inLanguage\":\"de\"},{\"@type\":\"Organization\",\"@id\":\"https:\\\/\\\/gastronomicament.cat\\\/de\\\/#organization\",\"name\":\"Gastron\u00f2micament\",\"url\":\"https:\\\/\\\/gastronomicament.cat\\\/de\\\/\",\"logo\":{\"@type\":\"ImageObject\",\"inLanguage\":\"de\",\"@id\":\"https:\\\/\\\/gastronomicament.cat\\\/de\\\/#\\\/schema\\\/logo\\\/image\\\/\",\"url\":\"https:\\\/\\\/gastronomicament.cat\\\/wp-content\\\/uploads\\\/2016\\\/09\\\/header-logo.jpg\",\"contentUrl\":\"https:\\\/\\\/gastronomicament.cat\\\/wp-content\\\/uploads\\\/2016\\\/09\\\/header-logo.jpg\",\"width\":277,\"height\":39,\"caption\":\"Gastron\u00f2micament\"},\"image\":{\"@id\":\"https:\\\/\\\/gastronomicament.cat\\\/de\\\/#\\\/schema\\\/logo\\\/image\\\/\"},\"sameAs\":[\"https:\\\/\\\/x.com\\\/gastronomicamen\"]},{\"@type\":\"Person\",\"@id\":\"https:\\\/\\\/gastronomicament.cat\\\/de\\\/#\\\/schema\\\/person\\\/a7c85c537a1ed62799a5b8e0f686a37f\",\"name\":\"Redacci\u00f3\",\"image\":{\"@type\":\"ImageObject\",\"inLanguage\":\"de\",\"@id\":\"https:\\\/\\\/secure.gravatar.com\\\/avatar\\\/9489a485c464fd611d33825daae651d13db70c4e74c65c94937a15a9d4c3ee14?s=96&d=mm&r=g69fea3cce3645dfa2166e7293e22955e\",\"url\":\"https:\\\/\\\/secure.gravatar.com\\\/avatar\\\/9489a485c464fd611d33825daae651d13db70c4e74c65c94937a15a9d4c3ee14?s=96&d=mm&r=g\",\"contentUrl\":\"https:\\\/\\\/secure.gravatar.com\\\/avatar\\\/9489a485c464fd611d33825daae651d13db70c4e74c65c94937a15a9d4c3ee14?s=96&d=mm&r=g\",\"caption\":\"Redacci\u00f3\"},\"sameAs\":[\"http:\\\/\\\/gastronomicament.cat\"],\"url\":\"https:\\\/\\\/gastronomicament.cat\\\/de\\\/author\\\/admin\"}]}<\/script>\n<!-- \/ Yoast SEO plugin. -->","yoast_head_json":{"title":"Tastcorner: del productor a la taula","description":"Tastcorner: del productor a la taula","robots":{"index":"index","follow":"follow","max-snippet":"max-snippet:-1","max-image-preview":"max-image-preview:large","max-video-preview":"max-video-preview:-1"},"canonical":"https:\/\/gastronomicament.cat\/de\/tastcorner","og_locale":"de_DE","og_type":"article","og_title":"Tastcorner: del productor a la taula","og_description":"Tastcorner: del productor a la taula","og_url":"https:\/\/gastronomicament.cat\/de\/tastcorner","og_site_name":"Gastron\u00f2micament","article_published_time":"2015-03-04T01:45:35+00:00","article_modified_time":"2022-04-09T09:08:27+00:00","og_image":[{"width":640,"height":300,"url":"https:\/\/gastronomicament.cat\/wp-content\/uploads\/2015\/03\/tast-corner-2015.jpg","type":"image\/jpeg"}],"author":"Redacci\u00f3","twitter_card":"summary_large_image","twitter_creator":"@gastronomicamen","twitter_site":"@gastronomicamen","twitter_misc":{"Verfasst von":"Redacci\u00f3","Gesch\u00e4tzte Lesezeit":"2\u00a0Minuten","Written by":"Redacci\u00f3"},"schema":{"@context":"https:\/\/schema.org","@graph":[{"@type":"Article","@id":"https:\/\/gastronomicament.cat\/de\/tastcorner#article","isPartOf":{"@id":"https:\/\/gastronomicament.cat\/de\/tastcorner"},"author":{"name":"Redacci\u00f3","@id":"https:\/\/gastronomicament.cat\/de\/#\/schema\/person\/a7c85c537a1ed62799a5b8e0f686a37f"},"headline":"Tastcorner: del productor a la taula","datePublished":"2015-03-04T01:45:35+00:00","dateModified":"2022-04-09T09:08:27+00:00","mainEntityOfPage":{"@id":"https:\/\/gastronomicament.cat\/de\/tastcorner"},"wordCount":336,"commentCount":0,"publisher":{"@id":"https:\/\/gastronomicament.cat\/de\/#organization"},"image":{"@id":"https:\/\/gastronomicament.cat\/de\/tastcorner#primaryimage"},"thumbnailUrl":"https:\/\/gastronomicament.cat\/wp-content\/uploads\/2015\/03\/tast-corner-2015.jpg","articleSection":["Actualitat"],"inLanguage":"de","potentialAction":[{"@type":"CommentAction","name":"Comment","target":["https:\/\/gastronomicament.cat\/de\/tastcorner#respond"]}]},{"@type":"WebPage","@id":"https:\/\/gastronomicament.cat\/de\/tastcorner","url":"https:\/\/gastronomicament.cat\/de\/tastcorner","name":"Tastcorner: del productor a la taula","isPartOf":{"@id":"https:\/\/gastronomicament.cat\/de\/#website"},"primaryImageOfPage":{"@id":"https:\/\/gastronomicament.cat\/de\/tastcorner#primaryimage"},"image":{"@id":"https:\/\/gastronomicament.cat\/de\/tastcorner#primaryimage"},"thumbnailUrl":"https:\/\/gastronomicament.cat\/wp-content\/uploads\/2015\/03\/tast-corner-2015.jpg","datePublished":"2015-03-04T01:45:35+00:00","dateModified":"2022-04-09T09:08:27+00:00","description":"Tastcorner: del productor a la taula","inLanguage":"de","potentialAction":[{"@type":"ReadAction","target":["https:\/\/gastronomicament.cat\/de\/tastcorner"]}]},{"@type":"ImageObject","inLanguage":"de","@id":"https:\/\/gastronomicament.cat\/de\/tastcorner#primaryimage","url":"https:\/\/gastronomicament.cat\/wp-content\/uploads\/2015\/03\/tast-corner-2015.jpg","contentUrl":"https:\/\/gastronomicament.cat\/wp-content\/uploads\/2015\/03\/tast-corner-2015.jpg","width":640,"height":300},{"@type":"WebSite","@id":"https:\/\/gastronomicament.cat\/de\/#website","url":"https:\/\/gastronomicament.cat\/de\/","name":"Gastron\u00f2micament","description":"Portal de restaurants, receptes i actualitat gastron\u00f2mica","publisher":{"@id":"https:\/\/gastronomicament.cat\/de\/#organization"},"potentialAction":[{"@type":"SearchAction","target":{"@type":"EntryPoint","urlTemplate":"https:\/\/gastronomicament.cat\/de\/?s={search_term_string}"},"query-input":{"@type":"PropertyValueSpecification","valueRequired":true,"valueName":"search_term_string"}}],"inLanguage":"de"},{"@type":"Organization","@id":"https:\/\/gastronomicament.cat\/de\/#organization","name":"Gastron\u00f2micament","url":"https:\/\/gastronomicament.cat\/de\/","logo":{"@type":"ImageObject","inLanguage":"de","@id":"https:\/\/gastronomicament.cat\/de\/#\/schema\/logo\/image\/","url":"https:\/\/gastronomicament.cat\/wp-content\/uploads\/2016\/09\/header-logo.jpg","contentUrl":"https:\/\/gastronomicament.cat\/wp-content\/uploads\/2016\/09\/header-logo.jpg","width":277,"height":39,"caption":"Gastron\u00f2micament"},"image":{"@id":"https:\/\/gastronomicament.cat\/de\/#\/schema\/logo\/image\/"},"sameAs":["https:\/\/x.com\/gastronomicamen"]},{"@type":"Person","@id":"https:\/\/gastronomicament.cat\/de\/#\/schema\/person\/a7c85c537a1ed62799a5b8e0f686a37f","name":"Redacci\u00f3","image":{"@type":"ImageObject","inLanguage":"de","@id":"https:\/\/secure.gravatar.com\/avatar\/9489a485c464fd611d33825daae651d13db70c4e74c65c94937a15a9d4c3ee14?s=96&d=mm&r=g69fea3cce3645dfa2166e7293e22955e","url":"https:\/\/secure.gravatar.com\/avatar\/9489a485c464fd611d33825daae651d13db70c4e74c65c94937a15a9d4c3ee14?s=96&d=mm&r=g","contentUrl":"https:\/\/secure.gravatar.com\/avatar\/9489a485c464fd611d33825daae651d13db70c4e74c65c94937a15a9d4c3ee14?s=96&d=mm&r=g","caption":"Redacci\u00f3"},"sameAs":["http:\/\/gastronomicament.cat"],"url":"https:\/\/gastronomicament.cat\/de\/author\/admin"}]}},"_links":{"self":[{"href":"https:\/\/gastronomicament.cat\/de\/wp-json\/wp\/v2\/posts\/70832","targetHints":{"allow":["GET"]}}],"collection":[{"href":"https:\/\/gastronomicament.cat\/de\/wp-json\/wp\/v2\/posts"}],"about":[{"href":"https:\/\/gastronomicament.cat\/de\/wp-json\/wp\/v2\/types\/post"}],"author":[{"embeddable":true,"href":"https:\/\/gastronomicament.cat\/de\/wp-json\/wp\/v2\/users\/1"}],"replies":[{"embeddable":true,"href":"https:\/\/gastronomicament.cat\/de\/wp-json\/wp\/v2\/comments?post=70832"}],"version-history":[{"count":0,"href":"https:\/\/gastronomicament.cat\/de\/wp-json\/wp\/v2\/posts\/70832\/revisions"}],"wp:featuredmedia":[{"embeddable":true,"href":"https:\/\/gastronomicament.cat\/de\/wp-json\/wp\/v2\/media\/54581"}],"wp:attachment":[{"href":"https:\/\/gastronomicament.cat\/de\/wp-json\/wp\/v2\/media?parent=70832"}],"wp:term":[{"taxonomy":"category","embeddable":true,"href":"https:\/\/gastronomicament.cat\/de\/wp-json\/wp\/v2\/categories?post=70832"},{"taxonomy":"post_tag","embeddable":true,"href":"https:\/\/gastronomicament.cat\/de\/wp-json\/wp\/v2\/tags?post=70832"},{"taxonomy":"author","embeddable":true,"href":"https:\/\/gastronomicament.cat\/de\/wp-json\/wp\/v2\/coauthors?post=70832"}],"curies":[{"name":"wp","href":"https:\/\/api.w.org\/{rel}","templated":true}]}}