{"id":71384,"date":"2014-05-16T22:24:00","date_gmt":"2014-05-16T20:24:00","guid":{"rendered":"https:\/\/gastronomicament.cat\/andreu-palou-des-dun-punt-de-vista-nutricional-no-hi-ha-diferencia-entre-una-poma-ecologica-i-una-de-no-ecologica"},"modified":"2022-04-09T11:34:45","modified_gmt":"2022-04-09T09:34:45","slug":"andreu-palou-des-dun-punt-de-vista-nutricional-no-hi-ha-diferencia-entre-una-poma-ecologica-i-una-de-no-ecologica","status":"publish","type":"post","link":"https:\/\/gastronomicament.cat\/de\/andreu-palou-des-dun-punt-de-vista-nutricional-no-hi-ha-diferencia-entre-una-poma-ecologica-i-una-de-no-ecologica","title":{"rendered":"Andreu Palou: &#8222;Des d&#8217;un punt de vista nutricional, no hi ha difer\u00e8ncia entre una poma ecol\u00f2gica i una de no ecol\u00f2gica&#8220;"},"content":{"rendered":"<p>Andreu Palou, catedr\u00e0tic en Bioqu\u00edmica i Biologia Molecular de la <a title=\"Universitat de les Illes Balars (UIB)\" href=\"http:\/\/www.uib.cat\" target=\"_blank\" rel=\"noopener\">Universitat de les Illes Balears<\/a> \u00e9s el protagonista del programa <a title=\"Retrats programa Canal 33\" href=\"http:\/\/www.tv3.cat\/retrats\" target=\"_blank\" rel=\"noopener\"><em>Retrats<\/em><\/a>, de Jaume Barber\u00e0 del Canal 33. Palou \u00e9s premi DuPont de la Ci\u00e8ncia 2013 i tota una emin\u00e8ncia en seguretat aliment\u00e0ria, tant en l&#8217;\u00e0mbit estatal com europeu.<\/p>\n<p>Com explica la sinopsi del programa, aquest investigador mallorqu\u00ed parla de la import\u00e0ncia que t\u00e9 l&#8217;alimentaci\u00f3 per a la salut. Palou creu que els aliments s\u00f3n els responsables de m\u00e9s de la meitat de les malalties que les persones pateixen, i amb un to planer i did\u00e0ctic comenten algunes de les seves aportacions cient\u00edfiques m\u00e9s rellevants en el camp de la nutrici\u00f3.<\/p>\n<p>Andreu Palou ha centrat bona part dels seus estudis en l&#8217;obesitat \u2013considerat el principal problema nutricional en els pa\u00efsos desenvolupats\u2013 i ha descobert que la llet materna podria contribuir a prevenir aquesta malaltia. Al llarg del programa tamb\u00e9 parla de l&#8217;esperan\u00e7a de vida dels europeus, que aviat podria arribar als 100 anys, i de les garanties del sistema alimentari, que Palou considera que \u00e9s un dels m\u00e9s segurs del m\u00f3n.<\/p>\n<p>Tamb\u00e9 tracta diferents q\u00fcestions i afirma que &#8222;des d&#8217;un punt de vista nutricional, no hi ha difer\u00e8ncia entre una poma ecol\u00f2gica i una de no ecol\u00f2gica&#8220;<\/p>\n<h4>Vegeu el programa complet<\/h4>\n<p><object classid=\"clsid:d27cdb6e-ae6d-11cf-96b8-444553540000\" width=\"640\" height=\"398\" id=\"EVP5027556IE\"><param name=\"movie\" value=\"http:\/\/www.tv3.cat\/ria\/players\/3ac\/evp\/Main.swf\"\/><param name=\"scale\" value=\"noscale\"\/><param name=\"align\" value=\"tl\"\/><param name=\"swliveconnect\" value=\"true\"\/><param name=\"menu\" value=\"true\"\/><param name=\"allowFullScreen\" value=\"true\"\/><param name=\"allowScriptAccess\" value=\"always\"\/><param name=\"wmode\" value=\"transparent\"\/><param name=\"FlashVars\" value=\"themepath=themes\/evp_advanced.swf&#038;autostart=false&#038;minimal=false&#038;videoid=5027556&#038;instancename=playerEVP_0_5027556&#038;refreshlock=true&#038;basepath=http:\/\/www.tv3.cat\/ria\/players\/3ac\/evp\/&#038;backgroundColor=#ffffff&#038;basepath=http:\/\/www.tv3.cat\/ria\/players\/3ac\/evp\/&#038;xtm=true\"\/><embed width=\"640\" height=\"398\" type=\"application\/x-shockwave-flash\" src=\"http:\/\/www.tv3.cat\/ria\/players\/3ac\/evp\/Main.swf\" id=\"EVP5027556\" scale=\"noscale\" name=\"EVP5027556\" salign=\"tl\" swliveconnect=\"true\" menu=\"true\" allowfullscreen=\"true\" allowscriptaccess=\"always\" wmode=\"transparent\" FlashVars=\"themepath=themes\/evp_advanced.swf&#038;autostart=false&#038;minimal=false&#038;videoid=5027556&#038;instancename=playerEVP_0_5027556&#038;refreshlock=true&#038;basepath=http:\/\/www.tv3.cat\/ria\/players\/3ac\/evp\/&#038;backgroundColor=#ffffff&#038;basepath=http:\/\/www.tv3.cat\/ria\/players\/3ac\/evp\/&#038;xtm=true\"><\/embed><\/object><!--more--><\/p>\n","protected":false},"excerpt":{"rendered":"<p>El cient\u00edfic mallorqu\u00ed, una emin\u00e8ncia en seguretat aliment\u00e0ria, tant en l&#8217;\u00e0mbit estatal com europeu, parla de&hellip;<\/p>\n","protected":false},"author":1,"featured_media":52780,"comment_status":"open","ping_status":"closed","sticky":false,"template":"","format":"standard","meta":{"_acf_changed":false,"_swt_meta_header_display":false,"_swt_meta_footer_display":false,"_swt_meta_site_title_display":false,"_swt_meta_sticky_header":false,"_swt_meta_transparent_header":false,"footnotes":""},"categories":[1050],"tags":[],"coauthors":[],"class_list":["post-71384","post","type-post","status-publish","format-standard","has-post-thumbnail","hentry","category-actualitat-es-de"],"acf":{"gallery":null,"home_date":{"home_begin_date":null,"home_end_date":null}},"yoast_head":"<!-- This site is optimized with the Yoast SEO plugin v27.4 - https:\/\/yoast.com\/product\/yoast-seo-wordpress\/ -->\n<title>Andreu Palou: &quot;Des d&#039;un punt de vista nutricional, no hi ha difer\u00e8ncia entre una poma ecol\u00f2gica i una de no ecol\u00f2gica&quot;<\/title>\n<meta name=\"description\" content=\"Andreu Palou: &quot;Des d&#039;un punt de vista nutricional, no hi ha difer\u00e8ncia entre una poma ecol\u00f2gica i una de no ecol\u00f2gica&quot;. Catedr\u00e0tic en Bioqu\u00edmica i Biologia Molecular de la Universitat de les Illes Balears. Especialista en seguretat alimentaria - seguridad alimentaci\u00f3n\" \/>\n<meta name=\"robots\" content=\"index, follow, max-snippet:-1, max-image-preview:large, max-video-preview:-1\" \/>\n<link rel=\"canonical\" href=\"https:\/\/gastronomicament.cat\/de\/andreu-palou-des-dun-punt-de-vista-nutricional-no-hi-ha-diferencia-entre-una-poma-ecologica-i-una-de-no-ecologica\" \/>\n<meta property=\"og:locale\" content=\"de_DE\" \/>\n<meta property=\"og:type\" content=\"article\" \/>\n<meta property=\"og:title\" content=\"Andreu Palou: &quot;Des d&#039;un punt de vista nutricional, no hi ha difer\u00e8ncia entre una poma ecol\u00f2gica i una de no ecol\u00f2gica&quot;\" \/>\n<meta property=\"og:description\" content=\"Andreu Palou: &quot;Des d&#039;un punt de vista nutricional, no hi ha difer\u00e8ncia entre una poma ecol\u00f2gica i una de no ecol\u00f2gica&quot;. Catedr\u00e0tic en Bioqu\u00edmica i Biologia Molecular de la Universitat de les Illes Balears. Especialista en seguretat alimentaria - seguridad alimentaci\u00f3n\" \/>\n<meta property=\"og:url\" content=\"https:\/\/gastronomicament.cat\/de\/andreu-palou-des-dun-punt-de-vista-nutricional-no-hi-ha-diferencia-entre-una-poma-ecologica-i-una-de-no-ecologica\" \/>\n<meta property=\"og:site_name\" content=\"Gastron\u00f2micament\" \/>\n<meta property=\"article:published_time\" content=\"2014-05-16T20:24:00+00:00\" \/>\n<meta property=\"article:modified_time\" content=\"2022-04-09T09:34:45+00:00\" \/>\n<meta property=\"og:image\" content=\"https:\/\/gastronomicament.cat\/wp-content\/uploads\/2014\/05\/andreu-palou-seguretat-alimentaria-al-programa-retrats-canal-33.png\" \/>\n\t<meta property=\"og:image:width\" content=\"651\" \/>\n\t<meta property=\"og:image:height\" content=\"368\" \/>\n\t<meta property=\"og:image:type\" content=\"image\/png\" \/>\n<meta name=\"author\" content=\"Redacci\u00f3\" \/>\n<meta name=\"twitter:card\" content=\"summary_large_image\" \/>\n<meta name=\"twitter:creator\" content=\"@gastronomicamen\" \/>\n<meta name=\"twitter:site\" content=\"@gastronomicamen\" \/>\n<meta name=\"twitter:label1\" content=\"Verfasst von\" \/>\n\t<meta name=\"twitter:data1\" content=\"Redacci\u00f3\" \/>\n\t<meta name=\"twitter:label2\" content=\"Gesch\u00e4tzte Lesezeit\" \/>\n\t<meta name=\"twitter:data2\" content=\"1\u00a0Minute\" \/>\n\t<meta name=\"twitter:label3\" content=\"Written by\" \/>\n\t<meta name=\"twitter:data3\" content=\"Redacci\u00f3\" \/>\n<script type=\"application\/ld+json\" class=\"yoast-schema-graph\">{\"@context\":\"https:\\\/\\\/schema.org\",\"@graph\":[{\"@type\":\"Article\",\"@id\":\"https:\\\/\\\/gastronomicament.cat\\\/de\\\/andreu-palou-des-dun-punt-de-vista-nutricional-no-hi-ha-diferencia-entre-una-poma-ecologica-i-una-de-no-ecologica#article\",\"isPartOf\":{\"@id\":\"https:\\\/\\\/gastronomicament.cat\\\/de\\\/andreu-palou-des-dun-punt-de-vista-nutricional-no-hi-ha-diferencia-entre-una-poma-ecologica-i-una-de-no-ecologica\"},\"author\":{\"name\":\"Redacci\u00f3\",\"@id\":\"https:\\\/\\\/gastronomicament.cat\\\/de\\\/#\\\/schema\\\/person\\\/a7c85c537a1ed62799a5b8e0f686a37f\"},\"headline\":\"Andreu Palou: &#8222;Des d&#8217;un punt de vista nutricional, no hi ha difer\u00e8ncia entre una poma ecol\u00f2gica i una de no ecol\u00f2gica&#8220;\",\"datePublished\":\"2014-05-16T20:24:00+00:00\",\"dateModified\":\"2022-04-09T09:34:45+00:00\",\"mainEntityOfPage\":{\"@id\":\"https:\\\/\\\/gastronomicament.cat\\\/de\\\/andreu-palou-des-dun-punt-de-vista-nutricional-no-hi-ha-diferencia-entre-una-poma-ecologica-i-una-de-no-ecologica\"},\"wordCount\":251,\"commentCount\":0,\"publisher\":{\"@id\":\"https:\\\/\\\/gastronomicament.cat\\\/de\\\/#organization\"},\"image\":{\"@id\":\"https:\\\/\\\/gastronomicament.cat\\\/de\\\/andreu-palou-des-dun-punt-de-vista-nutricional-no-hi-ha-diferencia-entre-una-poma-ecologica-i-una-de-no-ecologica#primaryimage\"},\"thumbnailUrl\":\"https:\\\/\\\/gastronomicament.cat\\\/wp-content\\\/uploads\\\/2014\\\/05\\\/andreu-palou-seguretat-alimentaria-al-programa-retrats-canal-33.png\",\"articleSection\":[\"Actualitat\"],\"inLanguage\":\"de\",\"potentialAction\":[{\"@type\":\"CommentAction\",\"name\":\"Comment\",\"target\":[\"https:\\\/\\\/gastronomicament.cat\\\/de\\\/andreu-palou-des-dun-punt-de-vista-nutricional-no-hi-ha-diferencia-entre-una-poma-ecologica-i-una-de-no-ecologica#respond\"]}]},{\"@type\":\"WebPage\",\"@id\":\"https:\\\/\\\/gastronomicament.cat\\\/de\\\/andreu-palou-des-dun-punt-de-vista-nutricional-no-hi-ha-diferencia-entre-una-poma-ecologica-i-una-de-no-ecologica\",\"url\":\"https:\\\/\\\/gastronomicament.cat\\\/de\\\/andreu-palou-des-dun-punt-de-vista-nutricional-no-hi-ha-diferencia-entre-una-poma-ecologica-i-una-de-no-ecologica\",\"name\":\"Andreu Palou: \\\"Des d'un punt de vista nutricional, no hi ha difer\u00e8ncia entre una poma ecol\u00f2gica i una de no ecol\u00f2gica\\\"\",\"isPartOf\":{\"@id\":\"https:\\\/\\\/gastronomicament.cat\\\/de\\\/#website\"},\"primaryImageOfPage\":{\"@id\":\"https:\\\/\\\/gastronomicament.cat\\\/de\\\/andreu-palou-des-dun-punt-de-vista-nutricional-no-hi-ha-diferencia-entre-una-poma-ecologica-i-una-de-no-ecologica#primaryimage\"},\"image\":{\"@id\":\"https:\\\/\\\/gastronomicament.cat\\\/de\\\/andreu-palou-des-dun-punt-de-vista-nutricional-no-hi-ha-diferencia-entre-una-poma-ecologica-i-una-de-no-ecologica#primaryimage\"},\"thumbnailUrl\":\"https:\\\/\\\/gastronomicament.cat\\\/wp-content\\\/uploads\\\/2014\\\/05\\\/andreu-palou-seguretat-alimentaria-al-programa-retrats-canal-33.png\",\"datePublished\":\"2014-05-16T20:24:00+00:00\",\"dateModified\":\"2022-04-09T09:34:45+00:00\",\"description\":\"Andreu Palou: \\\"Des d'un punt de vista nutricional, no hi ha difer\u00e8ncia entre una poma ecol\u00f2gica i una de no ecol\u00f2gica\\\". Catedr\u00e0tic en Bioqu\u00edmica i Biologia Molecular de la Universitat de les Illes Balears. Especialista en seguretat alimentaria - seguridad alimentaci\u00f3n\",\"inLanguage\":\"de\",\"potentialAction\":[{\"@type\":\"ReadAction\",\"target\":[\"https:\\\/\\\/gastronomicament.cat\\\/de\\\/andreu-palou-des-dun-punt-de-vista-nutricional-no-hi-ha-diferencia-entre-una-poma-ecologica-i-una-de-no-ecologica\"]}]},{\"@type\":\"ImageObject\",\"inLanguage\":\"de\",\"@id\":\"https:\\\/\\\/gastronomicament.cat\\\/de\\\/andreu-palou-des-dun-punt-de-vista-nutricional-no-hi-ha-diferencia-entre-una-poma-ecologica-i-una-de-no-ecologica#primaryimage\",\"url\":\"https:\\\/\\\/gastronomicament.cat\\\/wp-content\\\/uploads\\\/2014\\\/05\\\/andreu-palou-seguretat-alimentaria-al-programa-retrats-canal-33.png\",\"contentUrl\":\"https:\\\/\\\/gastronomicament.cat\\\/wp-content\\\/uploads\\\/2014\\\/05\\\/andreu-palou-seguretat-alimentaria-al-programa-retrats-canal-33.png\",\"width\":651,\"height\":368},{\"@type\":\"WebSite\",\"@id\":\"https:\\\/\\\/gastronomicament.cat\\\/de\\\/#website\",\"url\":\"https:\\\/\\\/gastronomicament.cat\\\/de\\\/\",\"name\":\"Gastron\u00f2micament\",\"description\":\"Portal de restaurants, receptes i actualitat gastron\u00f2mica\",\"publisher\":{\"@id\":\"https:\\\/\\\/gastronomicament.cat\\\/de\\\/#organization\"},\"potentialAction\":[{\"@type\":\"SearchAction\",\"target\":{\"@type\":\"EntryPoint\",\"urlTemplate\":\"https:\\\/\\\/gastronomicament.cat\\\/de\\\/?s={search_term_string}\"},\"query-input\":{\"@type\":\"PropertyValueSpecification\",\"valueRequired\":true,\"valueName\":\"search_term_string\"}}],\"inLanguage\":\"de\"},{\"@type\":\"Organization\",\"@id\":\"https:\\\/\\\/gastronomicament.cat\\\/de\\\/#organization\",\"name\":\"Gastron\u00f2micament\",\"url\":\"https:\\\/\\\/gastronomicament.cat\\\/de\\\/\",\"logo\":{\"@type\":\"ImageObject\",\"inLanguage\":\"de\",\"@id\":\"https:\\\/\\\/gastronomicament.cat\\\/de\\\/#\\\/schema\\\/logo\\\/image\\\/\",\"url\":\"https:\\\/\\\/gastronomicament.cat\\\/wp-content\\\/uploads\\\/2016\\\/09\\\/header-logo.jpg\",\"contentUrl\":\"https:\\\/\\\/gastronomicament.cat\\\/wp-content\\\/uploads\\\/2016\\\/09\\\/header-logo.jpg\",\"width\":277,\"height\":39,\"caption\":\"Gastron\u00f2micament\"},\"image\":{\"@id\":\"https:\\\/\\\/gastronomicament.cat\\\/de\\\/#\\\/schema\\\/logo\\\/image\\\/\"},\"sameAs\":[\"https:\\\/\\\/x.com\\\/gastronomicamen\"]},{\"@type\":\"Person\",\"@id\":\"https:\\\/\\\/gastronomicament.cat\\\/de\\\/#\\\/schema\\\/person\\\/a7c85c537a1ed62799a5b8e0f686a37f\",\"name\":\"Redacci\u00f3\",\"image\":{\"@type\":\"ImageObject\",\"inLanguage\":\"de\",\"@id\":\"https:\\\/\\\/secure.gravatar.com\\\/avatar\\\/9489a485c464fd611d33825daae651d13db70c4e74c65c94937a15a9d4c3ee14?s=96&d=mm&r=g69fea3cce3645dfa2166e7293e22955e\",\"url\":\"https:\\\/\\\/secure.gravatar.com\\\/avatar\\\/9489a485c464fd611d33825daae651d13db70c4e74c65c94937a15a9d4c3ee14?s=96&d=mm&r=g\",\"contentUrl\":\"https:\\\/\\\/secure.gravatar.com\\\/avatar\\\/9489a485c464fd611d33825daae651d13db70c4e74c65c94937a15a9d4c3ee14?s=96&d=mm&r=g\",\"caption\":\"Redacci\u00f3\"},\"sameAs\":[\"http:\\\/\\\/gastronomicament.cat\"],\"url\":\"https:\\\/\\\/gastronomicament.cat\\\/de\\\/author\\\/admin\"}]}<\/script>\n<!-- \/ Yoast SEO plugin. -->","yoast_head_json":{"title":"Andreu Palou: \"Des d'un punt de vista nutricional, no hi ha difer\u00e8ncia entre una poma ecol\u00f2gica i una de no ecol\u00f2gica\"","description":"Andreu Palou: \"Des d'un punt de vista nutricional, no hi ha difer\u00e8ncia entre una poma ecol\u00f2gica i una de no ecol\u00f2gica\". Catedr\u00e0tic en Bioqu\u00edmica i Biologia Molecular de la Universitat de les Illes Balears. Especialista en seguretat alimentaria - seguridad alimentaci\u00f3n","robots":{"index":"index","follow":"follow","max-snippet":"max-snippet:-1","max-image-preview":"max-image-preview:large","max-video-preview":"max-video-preview:-1"},"canonical":"https:\/\/gastronomicament.cat\/de\/andreu-palou-des-dun-punt-de-vista-nutricional-no-hi-ha-diferencia-entre-una-poma-ecologica-i-una-de-no-ecologica","og_locale":"de_DE","og_type":"article","og_title":"Andreu Palou: \"Des d'un punt de vista nutricional, no hi ha difer\u00e8ncia entre una poma ecol\u00f2gica i una de no ecol\u00f2gica\"","og_description":"Andreu Palou: \"Des d'un punt de vista nutricional, no hi ha difer\u00e8ncia entre una poma ecol\u00f2gica i una de no ecol\u00f2gica\". Catedr\u00e0tic en Bioqu\u00edmica i Biologia Molecular de la Universitat de les Illes Balears. Especialista en seguretat alimentaria - seguridad alimentaci\u00f3n","og_url":"https:\/\/gastronomicament.cat\/de\/andreu-palou-des-dun-punt-de-vista-nutricional-no-hi-ha-diferencia-entre-una-poma-ecologica-i-una-de-no-ecologica","og_site_name":"Gastron\u00f2micament","article_published_time":"2014-05-16T20:24:00+00:00","article_modified_time":"2022-04-09T09:34:45+00:00","og_image":[{"width":651,"height":368,"url":"https:\/\/gastronomicament.cat\/wp-content\/uploads\/2014\/05\/andreu-palou-seguretat-alimentaria-al-programa-retrats-canal-33.png","type":"image\/png"}],"author":"Redacci\u00f3","twitter_card":"summary_large_image","twitter_creator":"@gastronomicamen","twitter_site":"@gastronomicamen","twitter_misc":{"Verfasst von":"Redacci\u00f3","Gesch\u00e4tzte Lesezeit":"1\u00a0Minute","Written by":"Redacci\u00f3"},"schema":{"@context":"https:\/\/schema.org","@graph":[{"@type":"Article","@id":"https:\/\/gastronomicament.cat\/de\/andreu-palou-des-dun-punt-de-vista-nutricional-no-hi-ha-diferencia-entre-una-poma-ecologica-i-una-de-no-ecologica#article","isPartOf":{"@id":"https:\/\/gastronomicament.cat\/de\/andreu-palou-des-dun-punt-de-vista-nutricional-no-hi-ha-diferencia-entre-una-poma-ecologica-i-una-de-no-ecologica"},"author":{"name":"Redacci\u00f3","@id":"https:\/\/gastronomicament.cat\/de\/#\/schema\/person\/a7c85c537a1ed62799a5b8e0f686a37f"},"headline":"Andreu Palou: &#8222;Des d&#8217;un punt de vista nutricional, no hi ha difer\u00e8ncia entre una poma ecol\u00f2gica i una de no ecol\u00f2gica&#8220;","datePublished":"2014-05-16T20:24:00+00:00","dateModified":"2022-04-09T09:34:45+00:00","mainEntityOfPage":{"@id":"https:\/\/gastronomicament.cat\/de\/andreu-palou-des-dun-punt-de-vista-nutricional-no-hi-ha-diferencia-entre-una-poma-ecologica-i-una-de-no-ecologica"},"wordCount":251,"commentCount":0,"publisher":{"@id":"https:\/\/gastronomicament.cat\/de\/#organization"},"image":{"@id":"https:\/\/gastronomicament.cat\/de\/andreu-palou-des-dun-punt-de-vista-nutricional-no-hi-ha-diferencia-entre-una-poma-ecologica-i-una-de-no-ecologica#primaryimage"},"thumbnailUrl":"https:\/\/gastronomicament.cat\/wp-content\/uploads\/2014\/05\/andreu-palou-seguretat-alimentaria-al-programa-retrats-canal-33.png","articleSection":["Actualitat"],"inLanguage":"de","potentialAction":[{"@type":"CommentAction","name":"Comment","target":["https:\/\/gastronomicament.cat\/de\/andreu-palou-des-dun-punt-de-vista-nutricional-no-hi-ha-diferencia-entre-una-poma-ecologica-i-una-de-no-ecologica#respond"]}]},{"@type":"WebPage","@id":"https:\/\/gastronomicament.cat\/de\/andreu-palou-des-dun-punt-de-vista-nutricional-no-hi-ha-diferencia-entre-una-poma-ecologica-i-una-de-no-ecologica","url":"https:\/\/gastronomicament.cat\/de\/andreu-palou-des-dun-punt-de-vista-nutricional-no-hi-ha-diferencia-entre-una-poma-ecologica-i-una-de-no-ecologica","name":"Andreu Palou: \"Des d'un punt de vista nutricional, no hi ha difer\u00e8ncia entre una poma ecol\u00f2gica i una de no ecol\u00f2gica\"","isPartOf":{"@id":"https:\/\/gastronomicament.cat\/de\/#website"},"primaryImageOfPage":{"@id":"https:\/\/gastronomicament.cat\/de\/andreu-palou-des-dun-punt-de-vista-nutricional-no-hi-ha-diferencia-entre-una-poma-ecologica-i-una-de-no-ecologica#primaryimage"},"image":{"@id":"https:\/\/gastronomicament.cat\/de\/andreu-palou-des-dun-punt-de-vista-nutricional-no-hi-ha-diferencia-entre-una-poma-ecologica-i-una-de-no-ecologica#primaryimage"},"thumbnailUrl":"https:\/\/gastronomicament.cat\/wp-content\/uploads\/2014\/05\/andreu-palou-seguretat-alimentaria-al-programa-retrats-canal-33.png","datePublished":"2014-05-16T20:24:00+00:00","dateModified":"2022-04-09T09:34:45+00:00","description":"Andreu Palou: \"Des d'un punt de vista nutricional, no hi ha difer\u00e8ncia entre una poma ecol\u00f2gica i una de no ecol\u00f2gica\". Catedr\u00e0tic en Bioqu\u00edmica i Biologia Molecular de la Universitat de les Illes Balears. Especialista en seguretat alimentaria - seguridad alimentaci\u00f3n","inLanguage":"de","potentialAction":[{"@type":"ReadAction","target":["https:\/\/gastronomicament.cat\/de\/andreu-palou-des-dun-punt-de-vista-nutricional-no-hi-ha-diferencia-entre-una-poma-ecologica-i-una-de-no-ecologica"]}]},{"@type":"ImageObject","inLanguage":"de","@id":"https:\/\/gastronomicament.cat\/de\/andreu-palou-des-dun-punt-de-vista-nutricional-no-hi-ha-diferencia-entre-una-poma-ecologica-i-una-de-no-ecologica#primaryimage","url":"https:\/\/gastronomicament.cat\/wp-content\/uploads\/2014\/05\/andreu-palou-seguretat-alimentaria-al-programa-retrats-canal-33.png","contentUrl":"https:\/\/gastronomicament.cat\/wp-content\/uploads\/2014\/05\/andreu-palou-seguretat-alimentaria-al-programa-retrats-canal-33.png","width":651,"height":368},{"@type":"WebSite","@id":"https:\/\/gastronomicament.cat\/de\/#website","url":"https:\/\/gastronomicament.cat\/de\/","name":"Gastron\u00f2micament","description":"Portal de restaurants, receptes i actualitat gastron\u00f2mica","publisher":{"@id":"https:\/\/gastronomicament.cat\/de\/#organization"},"potentialAction":[{"@type":"SearchAction","target":{"@type":"EntryPoint","urlTemplate":"https:\/\/gastronomicament.cat\/de\/?s={search_term_string}"},"query-input":{"@type":"PropertyValueSpecification","valueRequired":true,"valueName":"search_term_string"}}],"inLanguage":"de"},{"@type":"Organization","@id":"https:\/\/gastronomicament.cat\/de\/#organization","name":"Gastron\u00f2micament","url":"https:\/\/gastronomicament.cat\/de\/","logo":{"@type":"ImageObject","inLanguage":"de","@id":"https:\/\/gastronomicament.cat\/de\/#\/schema\/logo\/image\/","url":"https:\/\/gastronomicament.cat\/wp-content\/uploads\/2016\/09\/header-logo.jpg","contentUrl":"https:\/\/gastronomicament.cat\/wp-content\/uploads\/2016\/09\/header-logo.jpg","width":277,"height":39,"caption":"Gastron\u00f2micament"},"image":{"@id":"https:\/\/gastronomicament.cat\/de\/#\/schema\/logo\/image\/"},"sameAs":["https:\/\/x.com\/gastronomicamen"]},{"@type":"Person","@id":"https:\/\/gastronomicament.cat\/de\/#\/schema\/person\/a7c85c537a1ed62799a5b8e0f686a37f","name":"Redacci\u00f3","image":{"@type":"ImageObject","inLanguage":"de","@id":"https:\/\/secure.gravatar.com\/avatar\/9489a485c464fd611d33825daae651d13db70c4e74c65c94937a15a9d4c3ee14?s=96&d=mm&r=g69fea3cce3645dfa2166e7293e22955e","url":"https:\/\/secure.gravatar.com\/avatar\/9489a485c464fd611d33825daae651d13db70c4e74c65c94937a15a9d4c3ee14?s=96&d=mm&r=g","contentUrl":"https:\/\/secure.gravatar.com\/avatar\/9489a485c464fd611d33825daae651d13db70c4e74c65c94937a15a9d4c3ee14?s=96&d=mm&r=g","caption":"Redacci\u00f3"},"sameAs":["http:\/\/gastronomicament.cat"],"url":"https:\/\/gastronomicament.cat\/de\/author\/admin"}]}},"_links":{"self":[{"href":"https:\/\/gastronomicament.cat\/de\/wp-json\/wp\/v2\/posts\/71384","targetHints":{"allow":["GET"]}}],"collection":[{"href":"https:\/\/gastronomicament.cat\/de\/wp-json\/wp\/v2\/posts"}],"about":[{"href":"https:\/\/gastronomicament.cat\/de\/wp-json\/wp\/v2\/types\/post"}],"author":[{"embeddable":true,"href":"https:\/\/gastronomicament.cat\/de\/wp-json\/wp\/v2\/users\/1"}],"replies":[{"embeddable":true,"href":"https:\/\/gastronomicament.cat\/de\/wp-json\/wp\/v2\/comments?post=71384"}],"version-history":[{"count":0,"href":"https:\/\/gastronomicament.cat\/de\/wp-json\/wp\/v2\/posts\/71384\/revisions"}],"wp:featuredmedia":[{"embeddable":true,"href":"https:\/\/gastronomicament.cat\/de\/wp-json\/wp\/v2\/media\/52780"}],"wp:attachment":[{"href":"https:\/\/gastronomicament.cat\/de\/wp-json\/wp\/v2\/media?parent=71384"}],"wp:term":[{"taxonomy":"category","embeddable":true,"href":"https:\/\/gastronomicament.cat\/de\/wp-json\/wp\/v2\/categories?post=71384"},{"taxonomy":"post_tag","embeddable":true,"href":"https:\/\/gastronomicament.cat\/de\/wp-json\/wp\/v2\/tags?post=71384"},{"taxonomy":"author","embeddable":true,"href":"https:\/\/gastronomicament.cat\/de\/wp-json\/wp\/v2\/coauthors?post=71384"}],"curies":[{"name":"wp","href":"https:\/\/api.w.org\/{rel}","templated":true}]}}