{"id":71981,"date":"2014-01-21T12:04:34","date_gmt":"2014-01-21T11:04:34","guid":{"rendered":"https:\/\/gastronomicament.cat\/na-xisca-rotger-ha-rebut-el-premi-del-concurs-mossegades"},"modified":"2014-01-21T12:04:34","modified_gmt":"2014-01-21T11:04:34","slug":"na-xisca-rotger-ha-rebut-el-premi-del-concurs-mossegades","status":"publish","type":"post","link":"https:\/\/gastronomicament.cat\/de\/na-xisca-rotger-ha-rebut-el-premi-del-concurs-mossegades","title":{"rendered":"Na Xisca Rotger ha rebut el premi del concurs Mossegades"},"content":{"rendered":"<p>La guanyadora de l&#8217;edici\u00f3 de desembre del concurs Mossegades ha rebut el seu premi, que consisteix en un lot de productes gourmet de Mallorca. Ens coment\u00e0 que \u00e9s una seguidora de la web de Gastron\u00f2micament. Tamb\u00e9 manifest\u00e0 que pensa continuar participant al concurs amb les receptes que publica al seu blog <a title=\"Cocinar y M\u00e1s\" href=\"http:\/\/cocinarymas.blogspot.com\" target=\"_blank\" rel=\"noopener\">Cocinar y M\u00e1s<\/a>.<\/p>\n<p>&nbsp;<!--more--><\/p>\n","protected":false},"excerpt":{"rendered":"<p>La guanyadora de l&#8217;edici\u00f3 de desembre del concurs Mossegades ha rebut el seu premi, que consisteix en un lot de productes gourmet de Mallorca. Ens coment\u00e0 que \u00e9s una seguidora de la web de Gastron\u00f2micament. Tamb\u00e9 manifest\u00e0 que pensa continuar participant al concurs amb les receptes que publica al seu blog Cocinar y M\u00e1s. &nbsp;<\/p>\n","protected":false},"author":1,"featured_media":50782,"comment_status":"open","ping_status":"closed","sticky":false,"template":"","format":"standard","meta":{"_acf_changed":false,"_swt_meta_header_display":false,"_swt_meta_footer_display":false,"_swt_meta_site_title_display":false,"_swt_meta_sticky_header":false,"_swt_meta_transparent_header":false,"footnotes":""},"categories":[1050],"tags":[],"coauthors":[],"class_list":["post-71981","post","type-post","status-publish","format-standard","has-post-thumbnail","hentry","category-actualitat-es-de"],"acf":{"gallery":null,"home_date":{"home_begin_date":null,"home_end_date":null}},"yoast_head":"<!-- This site is optimized with the Yoast SEO plugin v27.4 - https:\/\/yoast.com\/product\/yoast-seo-wordpress\/ -->\n<title>Na Xisca Rotger ha rebut el premi del concurs Mossegades<\/title>\n<meta name=\"description\" content=\"Na Xisca Rotger ha rebut el premi del concurs Mossegades\" \/>\n<meta name=\"robots\" content=\"index, follow, max-snippet:-1, max-image-preview:large, max-video-preview:-1\" \/>\n<link rel=\"canonical\" href=\"https:\/\/gastronomicament.cat\/de\/na-xisca-rotger-ha-rebut-el-premi-del-concurs-mossegades\" \/>\n<meta property=\"og:locale\" content=\"de_DE\" \/>\n<meta property=\"og:type\" content=\"article\" \/>\n<meta property=\"og:title\" content=\"Na Xisca Rotger ha rebut el premi del concurs Mossegades\" \/>\n<meta property=\"og:description\" content=\"Na Xisca Rotger ha rebut el premi del concurs Mossegades\" \/>\n<meta property=\"og:url\" content=\"https:\/\/gastronomicament.cat\/de\/na-xisca-rotger-ha-rebut-el-premi-del-concurs-mossegades\" \/>\n<meta property=\"og:site_name\" content=\"Gastron\u00f2micament\" \/>\n<meta property=\"article:published_time\" content=\"2014-01-21T11:04:34+00:00\" \/>\n<meta property=\"og:image\" content=\"https:\/\/gastronomicament.cat\/wp-content\/uploads\/2014\/01\/xisca-rotger-premi-mossegades.jpg\" \/>\n\t<meta property=\"og:image:width\" content=\"640\" \/>\n\t<meta property=\"og:image:height\" content=\"302\" \/>\n\t<meta property=\"og:image:type\" content=\"image\/jpeg\" \/>\n<meta name=\"author\" content=\"Redacci\u00f3\" \/>\n<meta name=\"twitter:card\" content=\"summary_large_image\" \/>\n<meta name=\"twitter:creator\" content=\"@gastronomicamen\" \/>\n<meta name=\"twitter:site\" content=\"@gastronomicamen\" \/>\n<meta name=\"twitter:label1\" content=\"Verfasst von\" \/>\n\t<meta name=\"twitter:data1\" content=\"Redacci\u00f3\" \/>\n\t<meta name=\"twitter:label2\" content=\"Written by\" \/>\n\t<meta name=\"twitter:data2\" content=\"Redacci\u00f3\" \/>\n<script type=\"application\/ld+json\" class=\"yoast-schema-graph\">{\"@context\":\"https:\\\/\\\/schema.org\",\"@graph\":[{\"@type\":\"Article\",\"@id\":\"https:\\\/\\\/gastronomicament.cat\\\/de\\\/na-xisca-rotger-ha-rebut-el-premi-del-concurs-mossegades#article\",\"isPartOf\":{\"@id\":\"https:\\\/\\\/gastronomicament.cat\\\/de\\\/na-xisca-rotger-ha-rebut-el-premi-del-concurs-mossegades\"},\"author\":{\"name\":\"Redacci\u00f3\",\"@id\":\"https:\\\/\\\/gastronomicament.cat\\\/de\\\/#\\\/schema\\\/person\\\/a7c85c537a1ed62799a5b8e0f686a37f\"},\"headline\":\"Na Xisca Rotger ha rebut el premi del concurs Mossegades\",\"datePublished\":\"2014-01-21T11:04:34+00:00\",\"mainEntityOfPage\":{\"@id\":\"https:\\\/\\\/gastronomicament.cat\\\/de\\\/na-xisca-rotger-ha-rebut-el-premi-del-concurs-mossegades\"},\"wordCount\":67,\"commentCount\":0,\"publisher\":{\"@id\":\"https:\\\/\\\/gastronomicament.cat\\\/de\\\/#organization\"},\"image\":{\"@id\":\"https:\\\/\\\/gastronomicament.cat\\\/de\\\/na-xisca-rotger-ha-rebut-el-premi-del-concurs-mossegades#primaryimage\"},\"thumbnailUrl\":\"https:\\\/\\\/gastronomicament.cat\\\/wp-content\\\/uploads\\\/2014\\\/01\\\/xisca-rotger-premi-mossegades.jpg\",\"articleSection\":[\"Actualitat\"],\"inLanguage\":\"de\",\"potentialAction\":[{\"@type\":\"CommentAction\",\"name\":\"Comment\",\"target\":[\"https:\\\/\\\/gastronomicament.cat\\\/de\\\/na-xisca-rotger-ha-rebut-el-premi-del-concurs-mossegades#respond\"]}]},{\"@type\":\"WebPage\",\"@id\":\"https:\\\/\\\/gastronomicament.cat\\\/de\\\/na-xisca-rotger-ha-rebut-el-premi-del-concurs-mossegades\",\"url\":\"https:\\\/\\\/gastronomicament.cat\\\/de\\\/na-xisca-rotger-ha-rebut-el-premi-del-concurs-mossegades\",\"name\":\"Na Xisca Rotger ha rebut el premi del concurs Mossegades\",\"isPartOf\":{\"@id\":\"https:\\\/\\\/gastronomicament.cat\\\/de\\\/#website\"},\"primaryImageOfPage\":{\"@id\":\"https:\\\/\\\/gastronomicament.cat\\\/de\\\/na-xisca-rotger-ha-rebut-el-premi-del-concurs-mossegades#primaryimage\"},\"image\":{\"@id\":\"https:\\\/\\\/gastronomicament.cat\\\/de\\\/na-xisca-rotger-ha-rebut-el-premi-del-concurs-mossegades#primaryimage\"},\"thumbnailUrl\":\"https:\\\/\\\/gastronomicament.cat\\\/wp-content\\\/uploads\\\/2014\\\/01\\\/xisca-rotger-premi-mossegades.jpg\",\"datePublished\":\"2014-01-21T11:04:34+00:00\",\"description\":\"Na Xisca Rotger ha rebut el premi del concurs Mossegades\",\"inLanguage\":\"de\",\"potentialAction\":[{\"@type\":\"ReadAction\",\"target\":[\"https:\\\/\\\/gastronomicament.cat\\\/de\\\/na-xisca-rotger-ha-rebut-el-premi-del-concurs-mossegades\"]}]},{\"@type\":\"ImageObject\",\"inLanguage\":\"de\",\"@id\":\"https:\\\/\\\/gastronomicament.cat\\\/de\\\/na-xisca-rotger-ha-rebut-el-premi-del-concurs-mossegades#primaryimage\",\"url\":\"https:\\\/\\\/gastronomicament.cat\\\/wp-content\\\/uploads\\\/2014\\\/01\\\/xisca-rotger-premi-mossegades.jpg\",\"contentUrl\":\"https:\\\/\\\/gastronomicament.cat\\\/wp-content\\\/uploads\\\/2014\\\/01\\\/xisca-rotger-premi-mossegades.jpg\",\"width\":640,\"height\":302},{\"@type\":\"WebSite\",\"@id\":\"https:\\\/\\\/gastronomicament.cat\\\/de\\\/#website\",\"url\":\"https:\\\/\\\/gastronomicament.cat\\\/de\\\/\",\"name\":\"Gastron\u00f2micament\",\"description\":\"Portal de restaurants, receptes i actualitat gastron\u00f2mica\",\"publisher\":{\"@id\":\"https:\\\/\\\/gastronomicament.cat\\\/de\\\/#organization\"},\"potentialAction\":[{\"@type\":\"SearchAction\",\"target\":{\"@type\":\"EntryPoint\",\"urlTemplate\":\"https:\\\/\\\/gastronomicament.cat\\\/de\\\/?s={search_term_string}\"},\"query-input\":{\"@type\":\"PropertyValueSpecification\",\"valueRequired\":true,\"valueName\":\"search_term_string\"}}],\"inLanguage\":\"de\"},{\"@type\":\"Organization\",\"@id\":\"https:\\\/\\\/gastronomicament.cat\\\/de\\\/#organization\",\"name\":\"Gastron\u00f2micament\",\"url\":\"https:\\\/\\\/gastronomicament.cat\\\/de\\\/\",\"logo\":{\"@type\":\"ImageObject\",\"inLanguage\":\"de\",\"@id\":\"https:\\\/\\\/gastronomicament.cat\\\/de\\\/#\\\/schema\\\/logo\\\/image\\\/\",\"url\":\"https:\\\/\\\/gastronomicament.cat\\\/wp-content\\\/uploads\\\/2016\\\/09\\\/header-logo.jpg\",\"contentUrl\":\"https:\\\/\\\/gastronomicament.cat\\\/wp-content\\\/uploads\\\/2016\\\/09\\\/header-logo.jpg\",\"width\":277,\"height\":39,\"caption\":\"Gastron\u00f2micament\"},\"image\":{\"@id\":\"https:\\\/\\\/gastronomicament.cat\\\/de\\\/#\\\/schema\\\/logo\\\/image\\\/\"},\"sameAs\":[\"https:\\\/\\\/x.com\\\/gastronomicamen\"]},{\"@type\":\"Person\",\"@id\":\"https:\\\/\\\/gastronomicament.cat\\\/de\\\/#\\\/schema\\\/person\\\/a7c85c537a1ed62799a5b8e0f686a37f\",\"name\":\"Redacci\u00f3\",\"image\":{\"@type\":\"ImageObject\",\"inLanguage\":\"de\",\"@id\":\"https:\\\/\\\/secure.gravatar.com\\\/avatar\\\/9489a485c464fd611d33825daae651d13db70c4e74c65c94937a15a9d4c3ee14?s=96&d=mm&r=g69fea3cce3645dfa2166e7293e22955e\",\"url\":\"https:\\\/\\\/secure.gravatar.com\\\/avatar\\\/9489a485c464fd611d33825daae651d13db70c4e74c65c94937a15a9d4c3ee14?s=96&d=mm&r=g\",\"contentUrl\":\"https:\\\/\\\/secure.gravatar.com\\\/avatar\\\/9489a485c464fd611d33825daae651d13db70c4e74c65c94937a15a9d4c3ee14?s=96&d=mm&r=g\",\"caption\":\"Redacci\u00f3\"},\"sameAs\":[\"http:\\\/\\\/gastronomicament.cat\"],\"url\":\"https:\\\/\\\/gastronomicament.cat\\\/de\\\/author\\\/admin\"}]}<\/script>\n<!-- \/ Yoast SEO plugin. -->","yoast_head_json":{"title":"Na Xisca Rotger ha rebut el premi del concurs Mossegades","description":"Na Xisca Rotger ha rebut el premi del concurs Mossegades","robots":{"index":"index","follow":"follow","max-snippet":"max-snippet:-1","max-image-preview":"max-image-preview:large","max-video-preview":"max-video-preview:-1"},"canonical":"https:\/\/gastronomicament.cat\/de\/na-xisca-rotger-ha-rebut-el-premi-del-concurs-mossegades","og_locale":"de_DE","og_type":"article","og_title":"Na Xisca Rotger ha rebut el premi del concurs Mossegades","og_description":"Na Xisca Rotger ha rebut el premi del concurs Mossegades","og_url":"https:\/\/gastronomicament.cat\/de\/na-xisca-rotger-ha-rebut-el-premi-del-concurs-mossegades","og_site_name":"Gastron\u00f2micament","article_published_time":"2014-01-21T11:04:34+00:00","og_image":[{"width":640,"height":302,"url":"https:\/\/gastronomicament.cat\/wp-content\/uploads\/2014\/01\/xisca-rotger-premi-mossegades.jpg","type":"image\/jpeg"}],"author":"Redacci\u00f3","twitter_card":"summary_large_image","twitter_creator":"@gastronomicamen","twitter_site":"@gastronomicamen","twitter_misc":{"Verfasst von":"Redacci\u00f3","Written by":"Redacci\u00f3"},"schema":{"@context":"https:\/\/schema.org","@graph":[{"@type":"Article","@id":"https:\/\/gastronomicament.cat\/de\/na-xisca-rotger-ha-rebut-el-premi-del-concurs-mossegades#article","isPartOf":{"@id":"https:\/\/gastronomicament.cat\/de\/na-xisca-rotger-ha-rebut-el-premi-del-concurs-mossegades"},"author":{"name":"Redacci\u00f3","@id":"https:\/\/gastronomicament.cat\/de\/#\/schema\/person\/a7c85c537a1ed62799a5b8e0f686a37f"},"headline":"Na Xisca Rotger ha rebut el premi del concurs Mossegades","datePublished":"2014-01-21T11:04:34+00:00","mainEntityOfPage":{"@id":"https:\/\/gastronomicament.cat\/de\/na-xisca-rotger-ha-rebut-el-premi-del-concurs-mossegades"},"wordCount":67,"commentCount":0,"publisher":{"@id":"https:\/\/gastronomicament.cat\/de\/#organization"},"image":{"@id":"https:\/\/gastronomicament.cat\/de\/na-xisca-rotger-ha-rebut-el-premi-del-concurs-mossegades#primaryimage"},"thumbnailUrl":"https:\/\/gastronomicament.cat\/wp-content\/uploads\/2014\/01\/xisca-rotger-premi-mossegades.jpg","articleSection":["Actualitat"],"inLanguage":"de","potentialAction":[{"@type":"CommentAction","name":"Comment","target":["https:\/\/gastronomicament.cat\/de\/na-xisca-rotger-ha-rebut-el-premi-del-concurs-mossegades#respond"]}]},{"@type":"WebPage","@id":"https:\/\/gastronomicament.cat\/de\/na-xisca-rotger-ha-rebut-el-premi-del-concurs-mossegades","url":"https:\/\/gastronomicament.cat\/de\/na-xisca-rotger-ha-rebut-el-premi-del-concurs-mossegades","name":"Na Xisca Rotger ha rebut el premi del concurs Mossegades","isPartOf":{"@id":"https:\/\/gastronomicament.cat\/de\/#website"},"primaryImageOfPage":{"@id":"https:\/\/gastronomicament.cat\/de\/na-xisca-rotger-ha-rebut-el-premi-del-concurs-mossegades#primaryimage"},"image":{"@id":"https:\/\/gastronomicament.cat\/de\/na-xisca-rotger-ha-rebut-el-premi-del-concurs-mossegades#primaryimage"},"thumbnailUrl":"https:\/\/gastronomicament.cat\/wp-content\/uploads\/2014\/01\/xisca-rotger-premi-mossegades.jpg","datePublished":"2014-01-21T11:04:34+00:00","description":"Na Xisca Rotger ha rebut el premi del concurs Mossegades","inLanguage":"de","potentialAction":[{"@type":"ReadAction","target":["https:\/\/gastronomicament.cat\/de\/na-xisca-rotger-ha-rebut-el-premi-del-concurs-mossegades"]}]},{"@type":"ImageObject","inLanguage":"de","@id":"https:\/\/gastronomicament.cat\/de\/na-xisca-rotger-ha-rebut-el-premi-del-concurs-mossegades#primaryimage","url":"https:\/\/gastronomicament.cat\/wp-content\/uploads\/2014\/01\/xisca-rotger-premi-mossegades.jpg","contentUrl":"https:\/\/gastronomicament.cat\/wp-content\/uploads\/2014\/01\/xisca-rotger-premi-mossegades.jpg","width":640,"height":302},{"@type":"WebSite","@id":"https:\/\/gastronomicament.cat\/de\/#website","url":"https:\/\/gastronomicament.cat\/de\/","name":"Gastron\u00f2micament","description":"Portal de restaurants, receptes i actualitat gastron\u00f2mica","publisher":{"@id":"https:\/\/gastronomicament.cat\/de\/#organization"},"potentialAction":[{"@type":"SearchAction","target":{"@type":"EntryPoint","urlTemplate":"https:\/\/gastronomicament.cat\/de\/?s={search_term_string}"},"query-input":{"@type":"PropertyValueSpecification","valueRequired":true,"valueName":"search_term_string"}}],"inLanguage":"de"},{"@type":"Organization","@id":"https:\/\/gastronomicament.cat\/de\/#organization","name":"Gastron\u00f2micament","url":"https:\/\/gastronomicament.cat\/de\/","logo":{"@type":"ImageObject","inLanguage":"de","@id":"https:\/\/gastronomicament.cat\/de\/#\/schema\/logo\/image\/","url":"https:\/\/gastronomicament.cat\/wp-content\/uploads\/2016\/09\/header-logo.jpg","contentUrl":"https:\/\/gastronomicament.cat\/wp-content\/uploads\/2016\/09\/header-logo.jpg","width":277,"height":39,"caption":"Gastron\u00f2micament"},"image":{"@id":"https:\/\/gastronomicament.cat\/de\/#\/schema\/logo\/image\/"},"sameAs":["https:\/\/x.com\/gastronomicamen"]},{"@type":"Person","@id":"https:\/\/gastronomicament.cat\/de\/#\/schema\/person\/a7c85c537a1ed62799a5b8e0f686a37f","name":"Redacci\u00f3","image":{"@type":"ImageObject","inLanguage":"de","@id":"https:\/\/secure.gravatar.com\/avatar\/9489a485c464fd611d33825daae651d13db70c4e74c65c94937a15a9d4c3ee14?s=96&d=mm&r=g69fea3cce3645dfa2166e7293e22955e","url":"https:\/\/secure.gravatar.com\/avatar\/9489a485c464fd611d33825daae651d13db70c4e74c65c94937a15a9d4c3ee14?s=96&d=mm&r=g","contentUrl":"https:\/\/secure.gravatar.com\/avatar\/9489a485c464fd611d33825daae651d13db70c4e74c65c94937a15a9d4c3ee14?s=96&d=mm&r=g","caption":"Redacci\u00f3"},"sameAs":["http:\/\/gastronomicament.cat"],"url":"https:\/\/gastronomicament.cat\/de\/author\/admin"}]}},"_links":{"self":[{"href":"https:\/\/gastronomicament.cat\/de\/wp-json\/wp\/v2\/posts\/71981","targetHints":{"allow":["GET"]}}],"collection":[{"href":"https:\/\/gastronomicament.cat\/de\/wp-json\/wp\/v2\/posts"}],"about":[{"href":"https:\/\/gastronomicament.cat\/de\/wp-json\/wp\/v2\/types\/post"}],"author":[{"embeddable":true,"href":"https:\/\/gastronomicament.cat\/de\/wp-json\/wp\/v2\/users\/1"}],"replies":[{"embeddable":true,"href":"https:\/\/gastronomicament.cat\/de\/wp-json\/wp\/v2\/comments?post=71981"}],"version-history":[{"count":0,"href":"https:\/\/gastronomicament.cat\/de\/wp-json\/wp\/v2\/posts\/71981\/revisions"}],"wp:featuredmedia":[{"embeddable":true,"href":"https:\/\/gastronomicament.cat\/de\/wp-json\/wp\/v2\/media\/50782"}],"wp:attachment":[{"href":"https:\/\/gastronomicament.cat\/de\/wp-json\/wp\/v2\/media?parent=71981"}],"wp:term":[{"taxonomy":"category","embeddable":true,"href":"https:\/\/gastronomicament.cat\/de\/wp-json\/wp\/v2\/categories?post=71981"},{"taxonomy":"post_tag","embeddable":true,"href":"https:\/\/gastronomicament.cat\/de\/wp-json\/wp\/v2\/tags?post=71981"},{"taxonomy":"author","embeddable":true,"href":"https:\/\/gastronomicament.cat\/de\/wp-json\/wp\/v2\/coauthors?post=71981"}],"curies":[{"name":"wp","href":"https:\/\/api.w.org\/{rel}","templated":true}]}}