{"id":72438,"date":"2013-09-29T15:56:18","date_gmt":"2013-09-29T13:56:18","guid":{"rendered":"https:\/\/gastronomicament.cat\/ix-fira-dolca-esporles"},"modified":"2013-09-29T15:56:18","modified_gmt":"2013-09-29T13:56:18","slug":"ix-fira-dolca-esporles","status":"publish","type":"post","link":"https:\/\/gastronomicament.cat\/de\/ix-fira-dolca-esporles","title":{"rendered":"IX Fira Dol\u00e7a. Esporles"},"content":{"rendered":"<p style=\"text-align: left;\" align=\"center\"><em>Diumenge 6 d\u2019octubre se celebra la fira m\u00e9s ll\u00e9pola del calendari <\/em><\/p>\n<p>Esporles engega motors per a celebrar la IX edici\u00f3 de la seva fira dedicada al m\u00f3n de la rebosteria, la Fira Dol\u00e7a. Diumenge, dia 6 d\u2019octubre el poble s\u2019omplir\u00e0 de paradetes de pastissos, ensa\u00efmades i tota casta de dol\u00e7os i productes relacionats.\u00a0 Les aromes de mel i xocolata tornaran a inundar aquest poble de la Serra.<\/p>\n<p>Com en edicions anteriors, s\u2019ha convocat el tradicional <strong><em>Concurs de rebosteria<\/em><\/strong>, que enguany, a m\u00e9s de les categories professional i amateur de sempre, introdueix dues noves categories: ensa\u00efmada i decoraci\u00f3 de pastissos. Jurats especialitzats de l\u2019Associaci\u00f3 de Forners i pastissers i professors de l\u2019Escola d\u2019Hoteleria avaluaran el dol\u00e7 m\u00e9s tradicional, i artistes pastissers les meravelles creatives en l\u2019art del sucre que darrerament estan tan de moda. Les bases del concurs es poden consultar al web municipal www. Esporles.cat a <a href=\"http:\/\/www.ajesporles.net\/agenda\/Concurs\">Concurs<\/a>. Enguany els treballs a concurs es recolliran i seran exposats a l\u2019antic Forn de Cas Currot, tot un referent al poble que tanc\u00e0 les seves portes el passat dia 15.<\/p>\n<p><strong><em>Esporles valor afegit <\/em><\/strong>\u00e9s el nom de la campanya de promoci\u00f3 professional dels joves esporlerins que aprofitaran la Fira per mostrar-se en uns cartells anunciant els seu potencial laboral, com a aportaci\u00f3<strong><em> <\/em><\/strong>al valor i al potencial professional de la comunitat. Es tracta d\u2019una iniciativa conjunta de les \u00e0rees de Joventut i Promoci\u00f3 econ\u00f2mica.<\/p>\n<p>Per segon any, es reuniran en un carrer les empreses dedicades a activitats al voltant de les noces, sota el lema <strong><em>Casa\u2019t a Esporles<\/em><\/strong><em>. <\/em>Promocionant el poble com un lloc ideal per celebrar noces.<\/p>\n<p>Tamb\u00e9 hi haur\u00e0 un espai pel banc d\u2019aliments local <strong><em>Esporles x Esporles, <\/em><\/strong>projecte impulsat des de desembre de l\u2019any passat des de l\u2019Ajuntament, per donar resposta a les necessitats d\u2019algunes llars provocades per la conjuntura econ\u00f2mica. Aquest projecte est\u00e0 gestionat per l\u2019\u00e0rea de Serveis socials de l\u2019ajuntament d\u2019Esporles i compta amb la col\u00b7laboraci\u00f3 d\u2019empreses i entitats locals, aix\u00ed com amb la participaci\u00f3 de tota la ciutadania.<\/p>\n<p>L\u2019exposici\u00f3 de fotografies antigues <strong><em>Esporles fa mem\u00f2ria<\/em><\/strong> que es podr\u00e0 veure a l\u2019edifici de Sa F\u00e0brica s\u2019inaugurar\u00e0 dissabte, dia 5 a les 11.00h del mat\u00ed amb el Passacarrers Fant\u00e0stic que convidar\u00e0 a visitar la IX fira Dol\u00e7a d\u2019Esporles.<\/p>\n<p>Tamb\u00e9 podrem veure la nova teulada de la Casa del Poble, i l\u2019exposici\u00f3\u00a0 <strong><em>\u00a0ArTeula<\/em><\/strong>, de teules intervingudes per artistes de Mallorca, Organitzat per Associaci\u00f3 cultural Casa del Poble d\u2019Esporles.<\/p>\n<p>A m\u00e9s de tot aix\u00f2, es podr\u00e0 veure un hort ecol\u00f2gic a la pla\u00e7a, realitzat pel Taller d\u2019Ocupaci\u00f3 Hort de Son Trias, diverses mostres de col\u00b7leccionisme, ballada popular i tot un seguit d\u2019activitats l\u00fadiques per entretenir els visitants fins a darrera hora de l\u2019horabaixa.<!--more--><\/p>\n","protected":false},"excerpt":{"rendered":"<p>Diumenge 6 d\u2019octubre se celebra la fira m\u00e9s ll\u00e9pola del calendari<\/p>\n","protected":false},"author":1,"featured_media":50182,"comment_status":"open","ping_status":"closed","sticky":false,"template":"","format":"standard","meta":{"_acf_changed":false,"_swt_meta_header_display":false,"_swt_meta_footer_display":false,"_swt_meta_site_title_display":false,"_swt_meta_sticky_header":false,"_swt_meta_transparent_header":false,"footnotes":""},"categories":[1050],"tags":[],"coauthors":[],"class_list":["post-72438","post","type-post","status-publish","format-standard","has-post-thumbnail","hentry","category-actualitat-es-de"],"acf":{"gallery":null,"home_date":{"home_begin_date":null,"home_end_date":null}},"yoast_head":"<!-- This site is optimized with the Yoast SEO plugin v27.4 - https:\/\/yoast.com\/product\/yoast-seo-wordpress\/ -->\n<title>IX Fira Dol\u00e7a. Esporles<\/title>\n<meta name=\"description\" content=\"IX Fira Dol\u00e7a. Esporles\" \/>\n<meta name=\"robots\" content=\"index, follow, max-snippet:-1, max-image-preview:large, max-video-preview:-1\" \/>\n<link rel=\"canonical\" href=\"https:\/\/gastronomicament.cat\/de\/ix-fira-dolca-esporles\" \/>\n<meta property=\"og:locale\" content=\"de_DE\" \/>\n<meta property=\"og:type\" content=\"article\" \/>\n<meta property=\"og:title\" content=\"IX Fira Dol\u00e7a. Esporles\" \/>\n<meta property=\"og:description\" content=\"IX Fira Dol\u00e7a. Esporles\" \/>\n<meta property=\"og:url\" content=\"https:\/\/gastronomicament.cat\/de\/ix-fira-dolca-esporles\" \/>\n<meta property=\"og:site_name\" content=\"Gastron\u00f2micament\" \/>\n<meta property=\"article:published_time\" content=\"2013-09-29T13:56:18+00:00\" \/>\n<meta property=\"og:image\" content=\"https:\/\/gastronomicament.cat\/wp-content\/uploads\/2013\/10\/fira-dolca-esporles-2013.jpg\" \/>\n\t<meta property=\"og:image:width\" content=\"640\" \/>\n\t<meta property=\"og:image:height\" content=\"300\" \/>\n\t<meta property=\"og:image:type\" content=\"image\/jpeg\" \/>\n<meta name=\"author\" content=\"Redacci\u00f3\" \/>\n<meta name=\"twitter:card\" content=\"summary_large_image\" \/>\n<meta name=\"twitter:creator\" content=\"@gastronomicamen\" \/>\n<meta name=\"twitter:site\" content=\"@gastronomicamen\" \/>\n<meta name=\"twitter:label1\" content=\"Verfasst von\" \/>\n\t<meta name=\"twitter:data1\" content=\"Redacci\u00f3\" \/>\n\t<meta name=\"twitter:label2\" content=\"Gesch\u00e4tzte Lesezeit\" \/>\n\t<meta name=\"twitter:data2\" content=\"2\u00a0Minuten\" \/>\n\t<meta name=\"twitter:label3\" content=\"Written by\" \/>\n\t<meta name=\"twitter:data3\" content=\"Redacci\u00f3\" \/>\n<script type=\"application\/ld+json\" class=\"yoast-schema-graph\">{\"@context\":\"https:\\\/\\\/schema.org\",\"@graph\":[{\"@type\":\"Article\",\"@id\":\"https:\\\/\\\/gastronomicament.cat\\\/de\\\/ix-fira-dolca-esporles#article\",\"isPartOf\":{\"@id\":\"https:\\\/\\\/gastronomicament.cat\\\/de\\\/ix-fira-dolca-esporles\"},\"author\":{\"name\":\"Redacci\u00f3\",\"@id\":\"https:\\\/\\\/gastronomicament.cat\\\/de\\\/#\\\/schema\\\/person\\\/a7c85c537a1ed62799a5b8e0f686a37f\"},\"headline\":\"IX Fira Dol\u00e7a. Esporles\",\"datePublished\":\"2013-09-29T13:56:18+00:00\",\"mainEntityOfPage\":{\"@id\":\"https:\\\/\\\/gastronomicament.cat\\\/de\\\/ix-fira-dolca-esporles\"},\"wordCount\":493,\"commentCount\":0,\"publisher\":{\"@id\":\"https:\\\/\\\/gastronomicament.cat\\\/de\\\/#organization\"},\"image\":{\"@id\":\"https:\\\/\\\/gastronomicament.cat\\\/de\\\/ix-fira-dolca-esporles#primaryimage\"},\"thumbnailUrl\":\"https:\\\/\\\/gastronomicament.cat\\\/wp-content\\\/uploads\\\/2013\\\/10\\\/fira-dolca-esporles-2013.jpg\",\"articleSection\":[\"Actualitat\"],\"inLanguage\":\"de\",\"potentialAction\":[{\"@type\":\"CommentAction\",\"name\":\"Comment\",\"target\":[\"https:\\\/\\\/gastronomicament.cat\\\/de\\\/ix-fira-dolca-esporles#respond\"]}]},{\"@type\":\"WebPage\",\"@id\":\"https:\\\/\\\/gastronomicament.cat\\\/de\\\/ix-fira-dolca-esporles\",\"url\":\"https:\\\/\\\/gastronomicament.cat\\\/de\\\/ix-fira-dolca-esporles\",\"name\":\"IX Fira Dol\u00e7a. Esporles\",\"isPartOf\":{\"@id\":\"https:\\\/\\\/gastronomicament.cat\\\/de\\\/#website\"},\"primaryImageOfPage\":{\"@id\":\"https:\\\/\\\/gastronomicament.cat\\\/de\\\/ix-fira-dolca-esporles#primaryimage\"},\"image\":{\"@id\":\"https:\\\/\\\/gastronomicament.cat\\\/de\\\/ix-fira-dolca-esporles#primaryimage\"},\"thumbnailUrl\":\"https:\\\/\\\/gastronomicament.cat\\\/wp-content\\\/uploads\\\/2013\\\/10\\\/fira-dolca-esporles-2013.jpg\",\"datePublished\":\"2013-09-29T13:56:18+00:00\",\"description\":\"IX Fira Dol\u00e7a. Esporles\",\"inLanguage\":\"de\",\"potentialAction\":[{\"@type\":\"ReadAction\",\"target\":[\"https:\\\/\\\/gastronomicament.cat\\\/de\\\/ix-fira-dolca-esporles\"]}]},{\"@type\":\"ImageObject\",\"inLanguage\":\"de\",\"@id\":\"https:\\\/\\\/gastronomicament.cat\\\/de\\\/ix-fira-dolca-esporles#primaryimage\",\"url\":\"https:\\\/\\\/gastronomicament.cat\\\/wp-content\\\/uploads\\\/2013\\\/10\\\/fira-dolca-esporles-2013.jpg\",\"contentUrl\":\"https:\\\/\\\/gastronomicament.cat\\\/wp-content\\\/uploads\\\/2013\\\/10\\\/fira-dolca-esporles-2013.jpg\",\"width\":640,\"height\":300},{\"@type\":\"WebSite\",\"@id\":\"https:\\\/\\\/gastronomicament.cat\\\/de\\\/#website\",\"url\":\"https:\\\/\\\/gastronomicament.cat\\\/de\\\/\",\"name\":\"Gastron\u00f2micament\",\"description\":\"Portal de restaurants, receptes i actualitat gastron\u00f2mica\",\"publisher\":{\"@id\":\"https:\\\/\\\/gastronomicament.cat\\\/de\\\/#organization\"},\"potentialAction\":[{\"@type\":\"SearchAction\",\"target\":{\"@type\":\"EntryPoint\",\"urlTemplate\":\"https:\\\/\\\/gastronomicament.cat\\\/de\\\/?s={search_term_string}\"},\"query-input\":{\"@type\":\"PropertyValueSpecification\",\"valueRequired\":true,\"valueName\":\"search_term_string\"}}],\"inLanguage\":\"de\"},{\"@type\":\"Organization\",\"@id\":\"https:\\\/\\\/gastronomicament.cat\\\/de\\\/#organization\",\"name\":\"Gastron\u00f2micament\",\"url\":\"https:\\\/\\\/gastronomicament.cat\\\/de\\\/\",\"logo\":{\"@type\":\"ImageObject\",\"inLanguage\":\"de\",\"@id\":\"https:\\\/\\\/gastronomicament.cat\\\/de\\\/#\\\/schema\\\/logo\\\/image\\\/\",\"url\":\"https:\\\/\\\/gastronomicament.cat\\\/wp-content\\\/uploads\\\/2016\\\/09\\\/header-logo.jpg\",\"contentUrl\":\"https:\\\/\\\/gastronomicament.cat\\\/wp-content\\\/uploads\\\/2016\\\/09\\\/header-logo.jpg\",\"width\":277,\"height\":39,\"caption\":\"Gastron\u00f2micament\"},\"image\":{\"@id\":\"https:\\\/\\\/gastronomicament.cat\\\/de\\\/#\\\/schema\\\/logo\\\/image\\\/\"},\"sameAs\":[\"https:\\\/\\\/x.com\\\/gastronomicamen\"]},{\"@type\":\"Person\",\"@id\":\"https:\\\/\\\/gastronomicament.cat\\\/de\\\/#\\\/schema\\\/person\\\/a7c85c537a1ed62799a5b8e0f686a37f\",\"name\":\"Redacci\u00f3\",\"image\":{\"@type\":\"ImageObject\",\"inLanguage\":\"de\",\"@id\":\"https:\\\/\\\/secure.gravatar.com\\\/avatar\\\/9489a485c464fd611d33825daae651d13db70c4e74c65c94937a15a9d4c3ee14?s=96&d=mm&r=g69fea3cce3645dfa2166e7293e22955e\",\"url\":\"https:\\\/\\\/secure.gravatar.com\\\/avatar\\\/9489a485c464fd611d33825daae651d13db70c4e74c65c94937a15a9d4c3ee14?s=96&d=mm&r=g\",\"contentUrl\":\"https:\\\/\\\/secure.gravatar.com\\\/avatar\\\/9489a485c464fd611d33825daae651d13db70c4e74c65c94937a15a9d4c3ee14?s=96&d=mm&r=g\",\"caption\":\"Redacci\u00f3\"},\"sameAs\":[\"http:\\\/\\\/gastronomicament.cat\"],\"url\":\"https:\\\/\\\/gastronomicament.cat\\\/de\\\/author\\\/admin\"}]}<\/script>\n<!-- \/ Yoast SEO plugin. -->","yoast_head_json":{"title":"IX Fira Dol\u00e7a. Esporles","description":"IX Fira Dol\u00e7a. Esporles","robots":{"index":"index","follow":"follow","max-snippet":"max-snippet:-1","max-image-preview":"max-image-preview:large","max-video-preview":"max-video-preview:-1"},"canonical":"https:\/\/gastronomicament.cat\/de\/ix-fira-dolca-esporles","og_locale":"de_DE","og_type":"article","og_title":"IX Fira Dol\u00e7a. Esporles","og_description":"IX Fira Dol\u00e7a. Esporles","og_url":"https:\/\/gastronomicament.cat\/de\/ix-fira-dolca-esporles","og_site_name":"Gastron\u00f2micament","article_published_time":"2013-09-29T13:56:18+00:00","og_image":[{"width":640,"height":300,"url":"https:\/\/gastronomicament.cat\/wp-content\/uploads\/2013\/10\/fira-dolca-esporles-2013.jpg","type":"image\/jpeg"}],"author":"Redacci\u00f3","twitter_card":"summary_large_image","twitter_creator":"@gastronomicamen","twitter_site":"@gastronomicamen","twitter_misc":{"Verfasst von":"Redacci\u00f3","Gesch\u00e4tzte Lesezeit":"2\u00a0Minuten","Written by":"Redacci\u00f3"},"schema":{"@context":"https:\/\/schema.org","@graph":[{"@type":"Article","@id":"https:\/\/gastronomicament.cat\/de\/ix-fira-dolca-esporles#article","isPartOf":{"@id":"https:\/\/gastronomicament.cat\/de\/ix-fira-dolca-esporles"},"author":{"name":"Redacci\u00f3","@id":"https:\/\/gastronomicament.cat\/de\/#\/schema\/person\/a7c85c537a1ed62799a5b8e0f686a37f"},"headline":"IX Fira Dol\u00e7a. Esporles","datePublished":"2013-09-29T13:56:18+00:00","mainEntityOfPage":{"@id":"https:\/\/gastronomicament.cat\/de\/ix-fira-dolca-esporles"},"wordCount":493,"commentCount":0,"publisher":{"@id":"https:\/\/gastronomicament.cat\/de\/#organization"},"image":{"@id":"https:\/\/gastronomicament.cat\/de\/ix-fira-dolca-esporles#primaryimage"},"thumbnailUrl":"https:\/\/gastronomicament.cat\/wp-content\/uploads\/2013\/10\/fira-dolca-esporles-2013.jpg","articleSection":["Actualitat"],"inLanguage":"de","potentialAction":[{"@type":"CommentAction","name":"Comment","target":["https:\/\/gastronomicament.cat\/de\/ix-fira-dolca-esporles#respond"]}]},{"@type":"WebPage","@id":"https:\/\/gastronomicament.cat\/de\/ix-fira-dolca-esporles","url":"https:\/\/gastronomicament.cat\/de\/ix-fira-dolca-esporles","name":"IX Fira Dol\u00e7a. Esporles","isPartOf":{"@id":"https:\/\/gastronomicament.cat\/de\/#website"},"primaryImageOfPage":{"@id":"https:\/\/gastronomicament.cat\/de\/ix-fira-dolca-esporles#primaryimage"},"image":{"@id":"https:\/\/gastronomicament.cat\/de\/ix-fira-dolca-esporles#primaryimage"},"thumbnailUrl":"https:\/\/gastronomicament.cat\/wp-content\/uploads\/2013\/10\/fira-dolca-esporles-2013.jpg","datePublished":"2013-09-29T13:56:18+00:00","description":"IX Fira Dol\u00e7a. Esporles","inLanguage":"de","potentialAction":[{"@type":"ReadAction","target":["https:\/\/gastronomicament.cat\/de\/ix-fira-dolca-esporles"]}]},{"@type":"ImageObject","inLanguage":"de","@id":"https:\/\/gastronomicament.cat\/de\/ix-fira-dolca-esporles#primaryimage","url":"https:\/\/gastronomicament.cat\/wp-content\/uploads\/2013\/10\/fira-dolca-esporles-2013.jpg","contentUrl":"https:\/\/gastronomicament.cat\/wp-content\/uploads\/2013\/10\/fira-dolca-esporles-2013.jpg","width":640,"height":300},{"@type":"WebSite","@id":"https:\/\/gastronomicament.cat\/de\/#website","url":"https:\/\/gastronomicament.cat\/de\/","name":"Gastron\u00f2micament","description":"Portal de restaurants, receptes i actualitat gastron\u00f2mica","publisher":{"@id":"https:\/\/gastronomicament.cat\/de\/#organization"},"potentialAction":[{"@type":"SearchAction","target":{"@type":"EntryPoint","urlTemplate":"https:\/\/gastronomicament.cat\/de\/?s={search_term_string}"},"query-input":{"@type":"PropertyValueSpecification","valueRequired":true,"valueName":"search_term_string"}}],"inLanguage":"de"},{"@type":"Organization","@id":"https:\/\/gastronomicament.cat\/de\/#organization","name":"Gastron\u00f2micament","url":"https:\/\/gastronomicament.cat\/de\/","logo":{"@type":"ImageObject","inLanguage":"de","@id":"https:\/\/gastronomicament.cat\/de\/#\/schema\/logo\/image\/","url":"https:\/\/gastronomicament.cat\/wp-content\/uploads\/2016\/09\/header-logo.jpg","contentUrl":"https:\/\/gastronomicament.cat\/wp-content\/uploads\/2016\/09\/header-logo.jpg","width":277,"height":39,"caption":"Gastron\u00f2micament"},"image":{"@id":"https:\/\/gastronomicament.cat\/de\/#\/schema\/logo\/image\/"},"sameAs":["https:\/\/x.com\/gastronomicamen"]},{"@type":"Person","@id":"https:\/\/gastronomicament.cat\/de\/#\/schema\/person\/a7c85c537a1ed62799a5b8e0f686a37f","name":"Redacci\u00f3","image":{"@type":"ImageObject","inLanguage":"de","@id":"https:\/\/secure.gravatar.com\/avatar\/9489a485c464fd611d33825daae651d13db70c4e74c65c94937a15a9d4c3ee14?s=96&d=mm&r=g69fea3cce3645dfa2166e7293e22955e","url":"https:\/\/secure.gravatar.com\/avatar\/9489a485c464fd611d33825daae651d13db70c4e74c65c94937a15a9d4c3ee14?s=96&d=mm&r=g","contentUrl":"https:\/\/secure.gravatar.com\/avatar\/9489a485c464fd611d33825daae651d13db70c4e74c65c94937a15a9d4c3ee14?s=96&d=mm&r=g","caption":"Redacci\u00f3"},"sameAs":["http:\/\/gastronomicament.cat"],"url":"https:\/\/gastronomicament.cat\/de\/author\/admin"}]}},"_links":{"self":[{"href":"https:\/\/gastronomicament.cat\/de\/wp-json\/wp\/v2\/posts\/72438","targetHints":{"allow":["GET"]}}],"collection":[{"href":"https:\/\/gastronomicament.cat\/de\/wp-json\/wp\/v2\/posts"}],"about":[{"href":"https:\/\/gastronomicament.cat\/de\/wp-json\/wp\/v2\/types\/post"}],"author":[{"embeddable":true,"href":"https:\/\/gastronomicament.cat\/de\/wp-json\/wp\/v2\/users\/1"}],"replies":[{"embeddable":true,"href":"https:\/\/gastronomicament.cat\/de\/wp-json\/wp\/v2\/comments?post=72438"}],"version-history":[{"count":0,"href":"https:\/\/gastronomicament.cat\/de\/wp-json\/wp\/v2\/posts\/72438\/revisions"}],"wp:featuredmedia":[{"embeddable":true,"href":"https:\/\/gastronomicament.cat\/de\/wp-json\/wp\/v2\/media\/50182"}],"wp:attachment":[{"href":"https:\/\/gastronomicament.cat\/de\/wp-json\/wp\/v2\/media?parent=72438"}],"wp:term":[{"taxonomy":"category","embeddable":true,"href":"https:\/\/gastronomicament.cat\/de\/wp-json\/wp\/v2\/categories?post=72438"},{"taxonomy":"post_tag","embeddable":true,"href":"https:\/\/gastronomicament.cat\/de\/wp-json\/wp\/v2\/tags?post=72438"},{"taxonomy":"author","embeddable":true,"href":"https:\/\/gastronomicament.cat\/de\/wp-json\/wp\/v2\/coauthors?post=72438"}],"curies":[{"name":"wp","href":"https:\/\/api.w.org\/{rel}","templated":true}]}}