{"id":72494,"date":"2013-09-16T13:01:01","date_gmt":"2013-09-16T11:01:01","guid":{"rendered":"https:\/\/gastronomicament.cat\/rafel-prohens-veniu-a-felanitx-aquest-cap-de-setmana-per-gaudir-de-musica-en-viu-bona-gastronomia-i-ruta-de-mostradors"},"modified":"2022-04-09T11:53:14","modified_gmt":"2022-04-09T09:53:14","slug":"rafel-prohens-veniu-a-felanitx-aquest-cap-de-setmana-per-gaudir-de-musica-en-viu-bona-gastronomia-i-ruta-de-mostradors","status":"publish","type":"post","link":"https:\/\/gastronomicament.cat\/de\/rafel-prohens-veniu-a-felanitx-aquest-cap-de-setmana-per-gaudir-de-musica-en-viu-bona-gastronomia-i-ruta-de-mostradors","title":{"rendered":"Rafel Prohens: &#8222;Veniu a Felanitx aquest cap de setmana per gaudir de m\u00fasica en viu, bona gastronomia i ruta de mostradors&#8220;"},"content":{"rendered":"<p><em>Aquest cap de setmana, els dies 20 i 21 de setembre, Felanitx ens ha preparat una ruta gastron\u00f2mica. A m\u00e9s, tamb\u00e9 podeu gaudir d&#8217;una ruta de mostradors pels m\u00e9s de 50 establiments. Una iniciativa molt interessant per viure amb fam\u00edlia i gaudir de la m\u00fasica en viu.<\/em><\/p>\n<p>Rafel Prohen, regidor de Comer\u00e7 Ind\u00fastria i Festes, ens n&#8217;explica els detalls.<\/p>\n<p><em><br \/>\n<\/em><strong>Qu\u00e8 heu preparat per aquest cap de setmana?<\/strong> <img decoding=\"async\" class=\"alignright\" style=\"margin: 8px;\" src=\"http:\/\/gastronomicament.cat\/wp-content\/uploads\/2013\/09\/rafel.jpg\" alt=\"\" width=\"300\" height=\"450\" \/><br \/>\nFelanitx \u00e9s un poble amb moltes inquietuds, amb ganes de no estar aturats, Sant Agust\u00ed ja va passar i ara arriba Sant Miquel, la nostra tercera fira. Tal volta \u00e9s la m\u00e9s poc coneguda, per aix\u00f2 volem potenciar-la amb activitats. Aquest cap de setmana podreu trobar a Felanitx moltes activitats per a tota la fam\u00edlia, una alternativa per fer una sortida tots plegats. La nostra idea \u00e9s fer una fira tem\u00e0tica cada any, altres fires s\u00f3n amb la mateixa tem\u00e0tica cada any, a la de Sant Miquel \u00e9s una tem\u00e0tica diferent cada any per\u00f2 seguint uns mateixos patrons. Per aix\u00f2, hi trobareu ruta gastron\u00f2mica, concurs de mostradors, etc. (al final de l&#8217;entrevista hi ha un mapa i una relaci\u00f3 de tots els participants).<\/p>\n<p><strong>Per fer-nos entrar en olivetes, ens podeu comentar alguns dels plats que hi haur\u00e0 a la ruta gastron\u00f2mica?<\/strong><br \/>\nTots els plats fan mengera, \u00e9s un ventall de receptes molt gustoses amb productes del nostre poble. Enguany el tema \u00e9s la m\u00fasica i per aix\u00f2 hi ha establiments que hi fan refer\u00e8ncia amb els seus productes com per exemple la simfonia de temptacions dolces.<\/p>\n<blockquote><p>LA M\u00daSICA SER\u00c0 LA TEM\u00c0TICA DE LA RUTA GASTRON\u00d2MICA I LA RUTA DE MOSTRADORS DE FELANITX<\/p><\/blockquote>\n<p><strong>Quins preus tendran els plats?<\/strong><br \/>\nEls preus s\u00f3n populars, ja que l&#8217;economia no est\u00e0 per tirar coets. Podeu trobar des de tapes a 1 euros fins als 13 euros dels plats m\u00e9s elaborats.<\/p>\n<p><strong>Qu\u00e8 trobaran els visitants en la ruta de mostradors?<\/strong><br \/>\nCom ja he dit, enguany el tema \u00e9s la m\u00fasica, el III Concurs de Mostradors s&#8217;hi inspira. De fet, s\u00f3n devers 50 els establiments que han volgut participar en aquesta curolla. D&#8217;aquests, 39\u00a0 participen al concurs i la resta ambientar\u00e0 els seus mostradors per a la fira.<br \/>\nEls mostradors es poden visitar des del dia 17 fins al 29 de setembre, per la qual cosa hem editat un fulletons amb un itinerari perqu\u00e8 la gent pugui fer un recorregut per tot el poble. (al final de l&#8217;entrevista). El fil conductor s\u00f3n elements de la m\u00fasica entreposats amb articles de la nova temporada d&#8217;hivern als nostres comer\u00e7os.<\/p>\n<p><strong>La m\u00fasica en directe, ser\u00e0 present a la ruta gastron\u00f2mica. Amb quins grups?<\/strong><br \/>\nAquesta nova edici\u00f3 de la ruta gastron\u00f2mica felanitxera t\u00e9 un nou al\u00b7licient: La m\u00fasica en viu. Volem donar una oportunitat als grups de Felanitx , que en tenim molts i de bons, perqu\u00e8 es deixin sentir a tot el poble i que aix\u00ed brosti la festa i la bulla. Dia 20, hi sonaran els grups Selavi, Franc Prohens &amp; The Killers i Big Yuyu. El dia 21 DJ Romi i Los Jitanos.<\/p>\n<blockquote><p>&#8222;DIA 20, HI SONARAN ELS GRUPS SELAVI, FRANC PROHENS &amp; THE KILLERS I BIG YUYU. DIA 21, DJ ROMI I LOS JITANOS&#8220;<\/p><\/blockquote>\n<p><strong>Per qu\u00e8 pensau que Felanitx compta amb un teixit empresarial i gastron\u00f2mic potent?<\/strong><br \/>\nFelanitx sempre a estat un poble d&#8217;empreses, de comer\u00e7os, malgrat els darrers anys hagi minvat una mica l\u2019activitat empresarial, el darrer any hem vist que el teixit comercial torna estar a un bon nivell. De fet, podem destacar que el darrer any s\u00f3n m\u00e9s d&#8217;una dotzena els establiments que han obert de bellnou i, pel que fa a l&#8217;\u00e0mbit gastron\u00f2mic, sols us puc dir que tenim les millors cuineres del m\u00f3n&#8230;<\/p>\n<p><strong>A part d&#8217;aquesta iniciativa, de quina manera ajuda l&#8217;ajuntament les empreses felanitxeres?<\/strong><br \/>\nL&#8217;Ajuntament t\u00e9 les coses molt clares i sap que les empreses s\u00f3n el motor del poble. Per aix\u00f2, els darrers anys ens amb bolcat a ajudar a tot elque poguem per a treure el carro endavant; mitjan\u00e7ant formaci\u00f3, campanyes publicit\u00e0ries i de promoci\u00f3 , etc. Volem ser un poble pioner i referent a les Illes Balears com ja ho som amb el projecte d&#8217;embelliment i reforma dels comer\u00e7os de la vila graci\u00e9s a l&#8217;ajuda del la Conselleria de Comer\u00e7 del Govern.<\/p>\n<blockquote><p>&#8222;EL TEIXIT COMERCIAL DE FELANITX TORNA A ESTAR A UN BON NIVELL I L&#8217;AJUNTAMENT S&#8217;HI HA BOLCAT PER AJUDAR-LO EN TOT EL QUE PODEM&#8220;<\/p><\/blockquote>\n<p><strong>Voleu afegir res m\u00e9s?<\/strong><br \/>\nConvidar-vos a venir a Felanitx, el nostre poble sempre ha estat un bressol de grans artistes musicals, i des de l&#8217;Ajuntament volem retre un petit homenatge a tots ells: Als que ja no hi s\u00f3n , els que tenim i els que segur vendran!<\/p>\n<p>Consultau el pl\u00e0nol de les rutes i els plats que hi podeu menjar:<\/p>\n<p><a href=\"http:\/\/gastronomicament.cat\/wp-content\/uploads\/2013\/09\/trip-2-2.jpg\"><img decoding=\"async\" class=\"alignnone\" style=\"margin-top: 3px; margin-bottom: 3px;\" title=\"Pl\u00e0nol ruta gastron\u00f2mica Felanitx 2013\" src=\"http:\/\/gastronomicament.cat\/wp-content\/uploads\/2013\/09\/trip-2-2.jpg\" alt=\"\" width=\"640\" \/><\/a><\/p>\n<p><strong>Clica-hi damunt per augmentar la imatge<\/strong><\/p>\n<p><figure style=\"width: 640px\" class=\"wp-caption alignnone\"><a href=\"http:\/\/gastronomicament.cat\/wp-content\/uploads\/2013\/09\/trip-1-2.jpg\" target=\"_blank\" rel=\"noopener\"><img decoding=\"async\" class=\" \" style=\"margin-top: 3px; margin-bottom: 3px;\" src=\"http:\/\/gastronomicament.cat\/wp-content\/uploads\/2013\/09\/trip-1-2.jpg\" alt=\"\" width=\"640\" \/><\/a><figcaption class=\"wp-caption-text\">Participants i plats de la Ruta Gastron\u00f2mica Felanitx 2013<\/figcaption><\/figure><!--more--><\/p>\n","protected":false},"excerpt":{"rendered":"<p>Aquest cap de setmana, els dies 20 i 21 de setembre, Felanitx ens ha preparat una&hellip;<\/p>\n","protected":false},"author":1,"featured_media":50078,"comment_status":"open","ping_status":"closed","sticky":false,"template":"","format":"standard","meta":{"_acf_changed":false,"_swt_meta_header_display":false,"_swt_meta_footer_display":false,"_swt_meta_site_title_display":false,"_swt_meta_sticky_header":false,"_swt_meta_transparent_header":false,"footnotes":""},"categories":[1050],"tags":[],"coauthors":[],"class_list":["post-72494","post","type-post","status-publish","format-standard","has-post-thumbnail","hentry","category-actualitat-es-de"],"acf":{"gallery":null,"home_date":{"home_begin_date":null,"home_end_date":null}},"yoast_head":"<!-- This site is optimized with the Yoast SEO plugin v27.4 - https:\/\/yoast.com\/product\/yoast-seo-wordpress\/ -->\n<title>Rafel Prohens: &quot;Veniu a Felanitx aquest cap de setmana per gaudir de m\u00fasica en viu, bona gastronomia i ruta de mostradors&quot; - Gastron\u00f2micament<\/title>\n<meta name=\"description\" content=\"Rafel Prohens: &quot;Veniu a Felanitx aquest cap de setmana per gaudir de m\u00fasica en viu, bona gastronomia i ruta de mostradors&quot; Actualitat Aquest cap de setmana, els dies 20 i 21 de setembre, Felanitx ens ha preparat una ruta gastron\u00f2mica.\" \/>\n<meta name=\"robots\" content=\"index, follow, max-snippet:-1, max-image-preview:large, max-video-preview:-1\" \/>\n<link rel=\"canonical\" href=\"https:\/\/gastronomicament.cat\/de\/rafel-prohens-veniu-a-felanitx-aquest-cap-de-setmana-per-gaudir-de-musica-en-viu-bona-gastronomia-i-ruta-de-mostradors\" \/>\n<meta property=\"og:locale\" content=\"de_DE\" \/>\n<meta property=\"og:type\" content=\"article\" \/>\n<meta property=\"og:title\" content=\"Rafel Prohens: &quot;Veniu a Felanitx aquest cap de setmana per gaudir de m\u00fasica en viu, bona gastronomia i ruta de mostradors&quot; - Gastron\u00f2micament\" \/>\n<meta property=\"og:description\" content=\"Rafel Prohens: &quot;Veniu a Felanitx aquest cap de setmana per gaudir de m\u00fasica en viu, bona gastronomia i ruta de mostradors&quot; Actualitat Aquest cap de setmana, els dies 20 i 21 de setembre, Felanitx ens ha preparat una ruta gastron\u00f2mica.\" \/>\n<meta property=\"og:url\" content=\"https:\/\/gastronomicament.cat\/de\/rafel-prohens-veniu-a-felanitx-aquest-cap-de-setmana-per-gaudir-de-musica-en-viu-bona-gastronomia-i-ruta-de-mostradors\" \/>\n<meta property=\"og:site_name\" content=\"Gastron\u00f2micament\" \/>\n<meta property=\"article:published_time\" content=\"2013-09-16T11:01:01+00:00\" \/>\n<meta property=\"article:modified_time\" content=\"2022-04-09T09:53:14+00:00\" \/>\n<meta property=\"og:image\" content=\"https:\/\/gastronomicament.cat\/wp-content\/uploads\/2013\/09\/entrevista.jpg\" \/>\n\t<meta property=\"og:image:width\" content=\"640\" \/>\n\t<meta property=\"og:image:height\" content=\"300\" \/>\n\t<meta property=\"og:image:type\" content=\"image\/jpeg\" \/>\n<meta name=\"author\" content=\"Redacci\u00f3\" \/>\n<meta name=\"twitter:card\" content=\"summary_large_image\" \/>\n<meta name=\"twitter:creator\" content=\"@gastronomicamen\" \/>\n<meta name=\"twitter:site\" content=\"@gastronomicamen\" \/>\n<meta name=\"twitter:label1\" content=\"Verfasst von\" \/>\n\t<meta name=\"twitter:data1\" content=\"Redacci\u00f3\" \/>\n\t<meta name=\"twitter:label2\" content=\"Gesch\u00e4tzte Lesezeit\" \/>\n\t<meta name=\"twitter:data2\" content=\"4\u00a0Minuten\" \/>\n\t<meta name=\"twitter:label3\" content=\"Written by\" \/>\n\t<meta name=\"twitter:data3\" content=\"Redacci\u00f3\" \/>\n<script type=\"application\/ld+json\" class=\"yoast-schema-graph\">{\"@context\":\"https:\\\/\\\/schema.org\",\"@graph\":[{\"@type\":\"Article\",\"@id\":\"https:\\\/\\\/gastronomicament.cat\\\/de\\\/rafel-prohens-veniu-a-felanitx-aquest-cap-de-setmana-per-gaudir-de-musica-en-viu-bona-gastronomia-i-ruta-de-mostradors#article\",\"isPartOf\":{\"@id\":\"https:\\\/\\\/gastronomicament.cat\\\/de\\\/rafel-prohens-veniu-a-felanitx-aquest-cap-de-setmana-per-gaudir-de-musica-en-viu-bona-gastronomia-i-ruta-de-mostradors\"},\"author\":{\"name\":\"Redacci\u00f3\",\"@id\":\"https:\\\/\\\/gastronomicament.cat\\\/de\\\/#\\\/schema\\\/person\\\/a7c85c537a1ed62799a5b8e0f686a37f\"},\"headline\":\"Rafel Prohens: &#8222;Veniu a Felanitx aquest cap de setmana per gaudir de m\u00fasica en viu, bona gastronomia i ruta de mostradors&#8220;\",\"datePublished\":\"2013-09-16T11:01:01+00:00\",\"dateModified\":\"2022-04-09T09:53:14+00:00\",\"mainEntityOfPage\":{\"@id\":\"https:\\\/\\\/gastronomicament.cat\\\/de\\\/rafel-prohens-veniu-a-felanitx-aquest-cap-de-setmana-per-gaudir-de-musica-en-viu-bona-gastronomia-i-ruta-de-mostradors\"},\"wordCount\":861,\"commentCount\":0,\"publisher\":{\"@id\":\"https:\\\/\\\/gastronomicament.cat\\\/de\\\/#organization\"},\"image\":{\"@id\":\"https:\\\/\\\/gastronomicament.cat\\\/de\\\/rafel-prohens-veniu-a-felanitx-aquest-cap-de-setmana-per-gaudir-de-musica-en-viu-bona-gastronomia-i-ruta-de-mostradors#primaryimage\"},\"thumbnailUrl\":\"https:\\\/\\\/gastronomicament.cat\\\/wp-content\\\/uploads\\\/2013\\\/09\\\/entrevista.jpg\",\"articleSection\":[\"Actualitat\"],\"inLanguage\":\"de\",\"potentialAction\":[{\"@type\":\"CommentAction\",\"name\":\"Comment\",\"target\":[\"https:\\\/\\\/gastronomicament.cat\\\/de\\\/rafel-prohens-veniu-a-felanitx-aquest-cap-de-setmana-per-gaudir-de-musica-en-viu-bona-gastronomia-i-ruta-de-mostradors#respond\"]}]},{\"@type\":\"WebPage\",\"@id\":\"https:\\\/\\\/gastronomicament.cat\\\/de\\\/rafel-prohens-veniu-a-felanitx-aquest-cap-de-setmana-per-gaudir-de-musica-en-viu-bona-gastronomia-i-ruta-de-mostradors\",\"url\":\"https:\\\/\\\/gastronomicament.cat\\\/de\\\/rafel-prohens-veniu-a-felanitx-aquest-cap-de-setmana-per-gaudir-de-musica-en-viu-bona-gastronomia-i-ruta-de-mostradors\",\"name\":\"Rafel Prohens: \\\"Veniu a Felanitx aquest cap de setmana per gaudir de m\u00fasica en viu, bona gastronomia i ruta de mostradors\\\" - Gastron\u00f2micament\",\"isPartOf\":{\"@id\":\"https:\\\/\\\/gastronomicament.cat\\\/de\\\/#website\"},\"primaryImageOfPage\":{\"@id\":\"https:\\\/\\\/gastronomicament.cat\\\/de\\\/rafel-prohens-veniu-a-felanitx-aquest-cap-de-setmana-per-gaudir-de-musica-en-viu-bona-gastronomia-i-ruta-de-mostradors#primaryimage\"},\"image\":{\"@id\":\"https:\\\/\\\/gastronomicament.cat\\\/de\\\/rafel-prohens-veniu-a-felanitx-aquest-cap-de-setmana-per-gaudir-de-musica-en-viu-bona-gastronomia-i-ruta-de-mostradors#primaryimage\"},\"thumbnailUrl\":\"https:\\\/\\\/gastronomicament.cat\\\/wp-content\\\/uploads\\\/2013\\\/09\\\/entrevista.jpg\",\"datePublished\":\"2013-09-16T11:01:01+00:00\",\"dateModified\":\"2022-04-09T09:53:14+00:00\",\"description\":\"Rafel Prohens: \\\"Veniu a Felanitx aquest cap de setmana per gaudir de m\u00fasica en viu, bona gastronomia i ruta de mostradors\\\" Actualitat Aquest cap de setmana, els dies 20 i 21 de setembre, Felanitx ens ha preparat una ruta gastron\u00f2mica.\",\"inLanguage\":\"de\",\"potentialAction\":[{\"@type\":\"ReadAction\",\"target\":[\"https:\\\/\\\/gastronomicament.cat\\\/de\\\/rafel-prohens-veniu-a-felanitx-aquest-cap-de-setmana-per-gaudir-de-musica-en-viu-bona-gastronomia-i-ruta-de-mostradors\"]}]},{\"@type\":\"ImageObject\",\"inLanguage\":\"de\",\"@id\":\"https:\\\/\\\/gastronomicament.cat\\\/de\\\/rafel-prohens-veniu-a-felanitx-aquest-cap-de-setmana-per-gaudir-de-musica-en-viu-bona-gastronomia-i-ruta-de-mostradors#primaryimage\",\"url\":\"https:\\\/\\\/gastronomicament.cat\\\/wp-content\\\/uploads\\\/2013\\\/09\\\/entrevista.jpg\",\"contentUrl\":\"https:\\\/\\\/gastronomicament.cat\\\/wp-content\\\/uploads\\\/2013\\\/09\\\/entrevista.jpg\",\"width\":640,\"height\":300},{\"@type\":\"WebSite\",\"@id\":\"https:\\\/\\\/gastronomicament.cat\\\/de\\\/#website\",\"url\":\"https:\\\/\\\/gastronomicament.cat\\\/de\\\/\",\"name\":\"Gastron\u00f2micament\",\"description\":\"Portal de restaurants, receptes i actualitat gastron\u00f2mica\",\"publisher\":{\"@id\":\"https:\\\/\\\/gastronomicament.cat\\\/de\\\/#organization\"},\"potentialAction\":[{\"@type\":\"SearchAction\",\"target\":{\"@type\":\"EntryPoint\",\"urlTemplate\":\"https:\\\/\\\/gastronomicament.cat\\\/de\\\/?s={search_term_string}\"},\"query-input\":{\"@type\":\"PropertyValueSpecification\",\"valueRequired\":true,\"valueName\":\"search_term_string\"}}],\"inLanguage\":\"de\"},{\"@type\":\"Organization\",\"@id\":\"https:\\\/\\\/gastronomicament.cat\\\/de\\\/#organization\",\"name\":\"Gastron\u00f2micament\",\"url\":\"https:\\\/\\\/gastronomicament.cat\\\/de\\\/\",\"logo\":{\"@type\":\"ImageObject\",\"inLanguage\":\"de\",\"@id\":\"https:\\\/\\\/gastronomicament.cat\\\/de\\\/#\\\/schema\\\/logo\\\/image\\\/\",\"url\":\"https:\\\/\\\/gastronomicament.cat\\\/wp-content\\\/uploads\\\/2016\\\/09\\\/header-logo.jpg\",\"contentUrl\":\"https:\\\/\\\/gastronomicament.cat\\\/wp-content\\\/uploads\\\/2016\\\/09\\\/header-logo.jpg\",\"width\":277,\"height\":39,\"caption\":\"Gastron\u00f2micament\"},\"image\":{\"@id\":\"https:\\\/\\\/gastronomicament.cat\\\/de\\\/#\\\/schema\\\/logo\\\/image\\\/\"},\"sameAs\":[\"https:\\\/\\\/x.com\\\/gastronomicamen\"]},{\"@type\":\"Person\",\"@id\":\"https:\\\/\\\/gastronomicament.cat\\\/de\\\/#\\\/schema\\\/person\\\/a7c85c537a1ed62799a5b8e0f686a37f\",\"name\":\"Redacci\u00f3\",\"image\":{\"@type\":\"ImageObject\",\"inLanguage\":\"de\",\"@id\":\"https:\\\/\\\/secure.gravatar.com\\\/avatar\\\/9489a485c464fd611d33825daae651d13db70c4e74c65c94937a15a9d4c3ee14?s=96&d=mm&r=g69fea3cce3645dfa2166e7293e22955e\",\"url\":\"https:\\\/\\\/secure.gravatar.com\\\/avatar\\\/9489a485c464fd611d33825daae651d13db70c4e74c65c94937a15a9d4c3ee14?s=96&d=mm&r=g\",\"contentUrl\":\"https:\\\/\\\/secure.gravatar.com\\\/avatar\\\/9489a485c464fd611d33825daae651d13db70c4e74c65c94937a15a9d4c3ee14?s=96&d=mm&r=g\",\"caption\":\"Redacci\u00f3\"},\"sameAs\":[\"http:\\\/\\\/gastronomicament.cat\"],\"url\":\"https:\\\/\\\/gastronomicament.cat\\\/de\\\/author\\\/admin\"}]}<\/script>\n<!-- \/ Yoast SEO plugin. -->","yoast_head_json":{"title":"Rafel Prohens: \"Veniu a Felanitx aquest cap de setmana per gaudir de m\u00fasica en viu, bona gastronomia i ruta de mostradors\" - Gastron\u00f2micament","description":"Rafel Prohens: \"Veniu a Felanitx aquest cap de setmana per gaudir de m\u00fasica en viu, bona gastronomia i ruta de mostradors\" Actualitat Aquest cap de setmana, els dies 20 i 21 de setembre, Felanitx ens ha preparat una ruta gastron\u00f2mica.","robots":{"index":"index","follow":"follow","max-snippet":"max-snippet:-1","max-image-preview":"max-image-preview:large","max-video-preview":"max-video-preview:-1"},"canonical":"https:\/\/gastronomicament.cat\/de\/rafel-prohens-veniu-a-felanitx-aquest-cap-de-setmana-per-gaudir-de-musica-en-viu-bona-gastronomia-i-ruta-de-mostradors","og_locale":"de_DE","og_type":"article","og_title":"Rafel Prohens: \"Veniu a Felanitx aquest cap de setmana per gaudir de m\u00fasica en viu, bona gastronomia i ruta de mostradors\" - Gastron\u00f2micament","og_description":"Rafel Prohens: \"Veniu a Felanitx aquest cap de setmana per gaudir de m\u00fasica en viu, bona gastronomia i ruta de mostradors\" Actualitat Aquest cap de setmana, els dies 20 i 21 de setembre, Felanitx ens ha preparat una ruta gastron\u00f2mica.","og_url":"https:\/\/gastronomicament.cat\/de\/rafel-prohens-veniu-a-felanitx-aquest-cap-de-setmana-per-gaudir-de-musica-en-viu-bona-gastronomia-i-ruta-de-mostradors","og_site_name":"Gastron\u00f2micament","article_published_time":"2013-09-16T11:01:01+00:00","article_modified_time":"2022-04-09T09:53:14+00:00","og_image":[{"width":640,"height":300,"url":"https:\/\/gastronomicament.cat\/wp-content\/uploads\/2013\/09\/entrevista.jpg","type":"image\/jpeg"}],"author":"Redacci\u00f3","twitter_card":"summary_large_image","twitter_creator":"@gastronomicamen","twitter_site":"@gastronomicamen","twitter_misc":{"Verfasst von":"Redacci\u00f3","Gesch\u00e4tzte Lesezeit":"4\u00a0Minuten","Written by":"Redacci\u00f3"},"schema":{"@context":"https:\/\/schema.org","@graph":[{"@type":"Article","@id":"https:\/\/gastronomicament.cat\/de\/rafel-prohens-veniu-a-felanitx-aquest-cap-de-setmana-per-gaudir-de-musica-en-viu-bona-gastronomia-i-ruta-de-mostradors#article","isPartOf":{"@id":"https:\/\/gastronomicament.cat\/de\/rafel-prohens-veniu-a-felanitx-aquest-cap-de-setmana-per-gaudir-de-musica-en-viu-bona-gastronomia-i-ruta-de-mostradors"},"author":{"name":"Redacci\u00f3","@id":"https:\/\/gastronomicament.cat\/de\/#\/schema\/person\/a7c85c537a1ed62799a5b8e0f686a37f"},"headline":"Rafel Prohens: &#8222;Veniu a Felanitx aquest cap de setmana per gaudir de m\u00fasica en viu, bona gastronomia i ruta de mostradors&#8220;","datePublished":"2013-09-16T11:01:01+00:00","dateModified":"2022-04-09T09:53:14+00:00","mainEntityOfPage":{"@id":"https:\/\/gastronomicament.cat\/de\/rafel-prohens-veniu-a-felanitx-aquest-cap-de-setmana-per-gaudir-de-musica-en-viu-bona-gastronomia-i-ruta-de-mostradors"},"wordCount":861,"commentCount":0,"publisher":{"@id":"https:\/\/gastronomicament.cat\/de\/#organization"},"image":{"@id":"https:\/\/gastronomicament.cat\/de\/rafel-prohens-veniu-a-felanitx-aquest-cap-de-setmana-per-gaudir-de-musica-en-viu-bona-gastronomia-i-ruta-de-mostradors#primaryimage"},"thumbnailUrl":"https:\/\/gastronomicament.cat\/wp-content\/uploads\/2013\/09\/entrevista.jpg","articleSection":["Actualitat"],"inLanguage":"de","potentialAction":[{"@type":"CommentAction","name":"Comment","target":["https:\/\/gastronomicament.cat\/de\/rafel-prohens-veniu-a-felanitx-aquest-cap-de-setmana-per-gaudir-de-musica-en-viu-bona-gastronomia-i-ruta-de-mostradors#respond"]}]},{"@type":"WebPage","@id":"https:\/\/gastronomicament.cat\/de\/rafel-prohens-veniu-a-felanitx-aquest-cap-de-setmana-per-gaudir-de-musica-en-viu-bona-gastronomia-i-ruta-de-mostradors","url":"https:\/\/gastronomicament.cat\/de\/rafel-prohens-veniu-a-felanitx-aquest-cap-de-setmana-per-gaudir-de-musica-en-viu-bona-gastronomia-i-ruta-de-mostradors","name":"Rafel Prohens: \"Veniu a Felanitx aquest cap de setmana per gaudir de m\u00fasica en viu, bona gastronomia i ruta de mostradors\" - Gastron\u00f2micament","isPartOf":{"@id":"https:\/\/gastronomicament.cat\/de\/#website"},"primaryImageOfPage":{"@id":"https:\/\/gastronomicament.cat\/de\/rafel-prohens-veniu-a-felanitx-aquest-cap-de-setmana-per-gaudir-de-musica-en-viu-bona-gastronomia-i-ruta-de-mostradors#primaryimage"},"image":{"@id":"https:\/\/gastronomicament.cat\/de\/rafel-prohens-veniu-a-felanitx-aquest-cap-de-setmana-per-gaudir-de-musica-en-viu-bona-gastronomia-i-ruta-de-mostradors#primaryimage"},"thumbnailUrl":"https:\/\/gastronomicament.cat\/wp-content\/uploads\/2013\/09\/entrevista.jpg","datePublished":"2013-09-16T11:01:01+00:00","dateModified":"2022-04-09T09:53:14+00:00","description":"Rafel Prohens: \"Veniu a Felanitx aquest cap de setmana per gaudir de m\u00fasica en viu, bona gastronomia i ruta de mostradors\" Actualitat Aquest cap de setmana, els dies 20 i 21 de setembre, Felanitx ens ha preparat una ruta gastron\u00f2mica.","inLanguage":"de","potentialAction":[{"@type":"ReadAction","target":["https:\/\/gastronomicament.cat\/de\/rafel-prohens-veniu-a-felanitx-aquest-cap-de-setmana-per-gaudir-de-musica-en-viu-bona-gastronomia-i-ruta-de-mostradors"]}]},{"@type":"ImageObject","inLanguage":"de","@id":"https:\/\/gastronomicament.cat\/de\/rafel-prohens-veniu-a-felanitx-aquest-cap-de-setmana-per-gaudir-de-musica-en-viu-bona-gastronomia-i-ruta-de-mostradors#primaryimage","url":"https:\/\/gastronomicament.cat\/wp-content\/uploads\/2013\/09\/entrevista.jpg","contentUrl":"https:\/\/gastronomicament.cat\/wp-content\/uploads\/2013\/09\/entrevista.jpg","width":640,"height":300},{"@type":"WebSite","@id":"https:\/\/gastronomicament.cat\/de\/#website","url":"https:\/\/gastronomicament.cat\/de\/","name":"Gastron\u00f2micament","description":"Portal de restaurants, receptes i actualitat gastron\u00f2mica","publisher":{"@id":"https:\/\/gastronomicament.cat\/de\/#organization"},"potentialAction":[{"@type":"SearchAction","target":{"@type":"EntryPoint","urlTemplate":"https:\/\/gastronomicament.cat\/de\/?s={search_term_string}"},"query-input":{"@type":"PropertyValueSpecification","valueRequired":true,"valueName":"search_term_string"}}],"inLanguage":"de"},{"@type":"Organization","@id":"https:\/\/gastronomicament.cat\/de\/#organization","name":"Gastron\u00f2micament","url":"https:\/\/gastronomicament.cat\/de\/","logo":{"@type":"ImageObject","inLanguage":"de","@id":"https:\/\/gastronomicament.cat\/de\/#\/schema\/logo\/image\/","url":"https:\/\/gastronomicament.cat\/wp-content\/uploads\/2016\/09\/header-logo.jpg","contentUrl":"https:\/\/gastronomicament.cat\/wp-content\/uploads\/2016\/09\/header-logo.jpg","width":277,"height":39,"caption":"Gastron\u00f2micament"},"image":{"@id":"https:\/\/gastronomicament.cat\/de\/#\/schema\/logo\/image\/"},"sameAs":["https:\/\/x.com\/gastronomicamen"]},{"@type":"Person","@id":"https:\/\/gastronomicament.cat\/de\/#\/schema\/person\/a7c85c537a1ed62799a5b8e0f686a37f","name":"Redacci\u00f3","image":{"@type":"ImageObject","inLanguage":"de","@id":"https:\/\/secure.gravatar.com\/avatar\/9489a485c464fd611d33825daae651d13db70c4e74c65c94937a15a9d4c3ee14?s=96&d=mm&r=g69fea3cce3645dfa2166e7293e22955e","url":"https:\/\/secure.gravatar.com\/avatar\/9489a485c464fd611d33825daae651d13db70c4e74c65c94937a15a9d4c3ee14?s=96&d=mm&r=g","contentUrl":"https:\/\/secure.gravatar.com\/avatar\/9489a485c464fd611d33825daae651d13db70c4e74c65c94937a15a9d4c3ee14?s=96&d=mm&r=g","caption":"Redacci\u00f3"},"sameAs":["http:\/\/gastronomicament.cat"],"url":"https:\/\/gastronomicament.cat\/de\/author\/admin"}]}},"_links":{"self":[{"href":"https:\/\/gastronomicament.cat\/de\/wp-json\/wp\/v2\/posts\/72494","targetHints":{"allow":["GET"]}}],"collection":[{"href":"https:\/\/gastronomicament.cat\/de\/wp-json\/wp\/v2\/posts"}],"about":[{"href":"https:\/\/gastronomicament.cat\/de\/wp-json\/wp\/v2\/types\/post"}],"author":[{"embeddable":true,"href":"https:\/\/gastronomicament.cat\/de\/wp-json\/wp\/v2\/users\/1"}],"replies":[{"embeddable":true,"href":"https:\/\/gastronomicament.cat\/de\/wp-json\/wp\/v2\/comments?post=72494"}],"version-history":[{"count":0,"href":"https:\/\/gastronomicament.cat\/de\/wp-json\/wp\/v2\/posts\/72494\/revisions"}],"wp:featuredmedia":[{"embeddable":true,"href":"https:\/\/gastronomicament.cat\/de\/wp-json\/wp\/v2\/media\/50078"}],"wp:attachment":[{"href":"https:\/\/gastronomicament.cat\/de\/wp-json\/wp\/v2\/media?parent=72494"}],"wp:term":[{"taxonomy":"category","embeddable":true,"href":"https:\/\/gastronomicament.cat\/de\/wp-json\/wp\/v2\/categories?post=72494"},{"taxonomy":"post_tag","embeddable":true,"href":"https:\/\/gastronomicament.cat\/de\/wp-json\/wp\/v2\/tags?post=72494"},{"taxonomy":"author","embeddable":true,"href":"https:\/\/gastronomicament.cat\/de\/wp-json\/wp\/v2\/coauthors?post=72494"}],"curies":[{"name":"wp","href":"https:\/\/api.w.org\/{rel}","templated":true}]}}