{"id":72627,"date":"2013-08-05T19:30:58","date_gmt":"2013-08-05T17:30:58","guid":{"rendered":"https:\/\/gastronomicament.cat\/festes-de-la-mare-de-deu-dagost-i-de-sant-roc-2013-a-puigpunyent"},"modified":"2013-08-05T19:30:58","modified_gmt":"2013-08-05T17:30:58","slug":"festes-de-la-mare-de-deu-dagost-i-de-sant-roc-2013-a-puigpunyent","status":"publish","type":"post","link":"https:\/\/gastronomicament.cat\/de\/festes-de-la-mare-de-deu-dagost-i-de-sant-roc-2013-a-puigpunyent","title":{"rendered":"Festes de la Mare de D\u00e9u d&#8217;Agost i de Sant Roc a Puigpunyent"},"content":{"rendered":"<p>Del 4 al 17 d&#8217;agost amb motiu de les Festes de la Mare de D\u00e9u d&#8217;Agost i de Sant Roc l&#8217;Ajuntament de Puigpunyent organitza una gran varietat d&#8217;actes i propostes gastron\u00f2miques.<\/p>\n<p>Diumenge 11 a partir de les 19.00 h tindr\u00e0 lloc el\u00a0<strong>Concurs de Coques Dolces i Salades<\/strong>\u00a0a la Casa de la Vila.<\/p>\n<p>Tamb\u00e9 diumenge dia 11 \u00a0a partir de les 21.30 h gaudeix del\u00a0<strong>Sopar a la Fresca<\/strong>\u00a0al carrer Sa Travessia<\/p>\n<p>Men\u00fas:<\/p>\n<p><strong>Bar Poliesportiu<\/strong>: curry de pollastre o curry vegetal i brownie de xocolata.<br \/>\n<strong>Can Blau<\/strong>: alberg\u00ednies farcides i ensa\u00efmada de crema cremada.<br \/>\n<strong>Can Domingo<\/strong>: bacall\u00e0 amb guarnici\u00f3 d\u2019estiu i mousse de xocolata.<br \/>\n<strong>Can Jordi<\/strong>: llom amb tumbet i bra\u00e7 de gitano.<br \/>\n<strong>Es Pont<\/strong>: llom a la sal amb mongetes saltejades i salsa d\u2019ametlla i past\u00eds de llimona.<br \/>\n<strong>Es Rebost<\/strong>: hamburgueses vegetals amb pastisset de tom\u00e0tiga i tatin d\u2019albercoc.<\/p>\n<p>S\u2019ha de dur plat, tass\u00f3 i coberts reutilitzables i cada bar restaurant servir\u00e0 el men\u00fa al seu local excepte el bar Can Domingo i Es Rebost que ho faran a la pla\u00e7a.<br \/>\nEl preu es de 8 \u20ac. Els tiquets de tots els men\u00fas es poden comprar a l\u2019ajuntament fins dia 8 d\u2019agost.<\/p>\n<p>A m\u00e9s\u00a0<strong>Cervesa Galatz\u00f3<\/strong>\u00a0oferir\u00e0 una degustaci\u00f3 de cervesa artesanal.<\/p>\n<p>Divendres 16 es celebra\u00a0<strong>Sa Pesta<\/strong>\u00a0i la trobada i dinar de paella a la pla\u00e7a de l\u2019ajuntament (cada participant ha de dur una alfabeguera).<\/p>\n<p>Consulatu tot el programa d&#8217;actes aqu\u00ed:\u00a0<strong><a title=\"Programa Festes Puigpunyent 2013\" href=\"http:\/\/gastronomicament.cat\/wp-content\/uploads\/2013\/08\/Programa-Festes-Puigpunyent-2013.pdf\" target=\"_blank\" rel=\"noopener\">Festes de Puigpunyent<\/a><\/strong><\/p>\n","protected":false},"excerpt":{"rendered":"<p>Del 4 al 17 d&#8217;agost amb motiu de les Festes de la Mare de D\u00e9u d&#8217;Agost i de Sant Roc l&#8217;Ajuntament de Puigpunyent organitza una gran varietat d&#8217;actes i propostes gastron\u00f2miques. Diumenge 11 a partir de les 19.00 h tindr\u00e0 lloc el\u00a0Concurs de Coques Dolces i Salades\u00a0a la Casa de la Vila. Tamb\u00e9 diumenge dia [&hellip;]<\/p>\n","protected":false},"author":1,"featured_media":49984,"comment_status":"open","ping_status":"closed","sticky":false,"template":"","format":"gallery","meta":{"_acf_changed":false,"_swt_meta_header_display":false,"_swt_meta_footer_display":false,"_swt_meta_site_title_display":false,"_swt_meta_sticky_header":false,"_swt_meta_transparent_header":false,"footnotes":""},"categories":[1050],"tags":[],"coauthors":[],"class_list":["post-72627","post","type-post","status-publish","format-gallery","has-post-thumbnail","hentry","category-actualitat-es-de","post_format-post-format-gallery"],"acf":{"gallery":null,"home_date":{"home_begin_date":null,"home_end_date":null}},"yoast_head":"<!-- This site is optimized with the Yoast SEO plugin v27.4 - https:\/\/yoast.com\/product\/yoast-seo-wordpress\/ -->\n<title>Festes de la Mare de D\u00e9u d&#039;Agost i de Sant Roc a Puigpunyent - Gastron\u00f2micament<\/title>\n<meta name=\"description\" content=\"Festes de la Mare de D\u00e9u d&#039;Agost i de Sant Roc a Puigpunyent Actualitat Del 4 al 17 d&#039;agost amb motiu de les Festes de la Mare de D\u00e9u d&#039;Agost i de Sant Roc l&#039;Ajuntament de Puigpunyent organitza una gran varietat d&#039;actes i\" \/>\n<meta name=\"robots\" content=\"index, follow, max-snippet:-1, max-image-preview:large, max-video-preview:-1\" \/>\n<link rel=\"canonical\" href=\"https:\/\/gastronomicament.cat\/de\/festes-de-la-mare-de-deu-dagost-i-de-sant-roc-2013-a-puigpunyent\" \/>\n<meta property=\"og:locale\" content=\"de_DE\" \/>\n<meta property=\"og:type\" content=\"article\" \/>\n<meta property=\"og:title\" content=\"Festes de la Mare de D\u00e9u d&#039;Agost i de Sant Roc a Puigpunyent - Gastron\u00f2micament\" \/>\n<meta property=\"og:description\" content=\"Festes de la Mare de D\u00e9u d&#039;Agost i de Sant Roc a Puigpunyent Actualitat Del 4 al 17 d&#039;agost amb motiu de les Festes de la Mare de D\u00e9u d&#039;Agost i de Sant Roc l&#039;Ajuntament de Puigpunyent organitza una gran varietat d&#039;actes i\" \/>\n<meta property=\"og:url\" content=\"https:\/\/gastronomicament.cat\/de\/festes-de-la-mare-de-deu-dagost-i-de-sant-roc-2013-a-puigpunyent\" \/>\n<meta property=\"og:site_name\" content=\"Gastron\u00f2micament\" \/>\n<meta property=\"article:published_time\" content=\"2013-08-05T17:30:58+00:00\" \/>\n<meta property=\"og:image\" content=\"https:\/\/gastronomicament.cat\/wp-content\/uploads\/2013\/08\/puipunyent6402.jpg\" \/>\n\t<meta property=\"og:image:width\" content=\"640\" \/>\n\t<meta property=\"og:image:height\" content=\"300\" \/>\n\t<meta property=\"og:image:type\" content=\"image\/jpeg\" \/>\n<meta name=\"author\" content=\"Redacci\u00f3\" \/>\n<meta name=\"twitter:card\" content=\"summary_large_image\" \/>\n<meta name=\"twitter:creator\" content=\"@gastronomicamen\" \/>\n<meta name=\"twitter:site\" content=\"@gastronomicamen\" \/>\n<meta name=\"twitter:label1\" content=\"Verfasst von\" \/>\n\t<meta name=\"twitter:data1\" content=\"Redacci\u00f3\" \/>\n\t<meta name=\"twitter:label2\" content=\"Gesch\u00e4tzte Lesezeit\" \/>\n\t<meta name=\"twitter:data2\" content=\"1\u00a0Minute\" \/>\n\t<meta name=\"twitter:label3\" content=\"Written by\" \/>\n\t<meta name=\"twitter:data3\" content=\"Redacci\u00f3\" \/>\n<script type=\"application\/ld+json\" class=\"yoast-schema-graph\">{\"@context\":\"https:\\\/\\\/schema.org\",\"@graph\":[{\"@type\":\"Article\",\"@id\":\"https:\\\/\\\/gastronomicament.cat\\\/de\\\/festes-de-la-mare-de-deu-dagost-i-de-sant-roc-2013-a-puigpunyent#article\",\"isPartOf\":{\"@id\":\"https:\\\/\\\/gastronomicament.cat\\\/de\\\/festes-de-la-mare-de-deu-dagost-i-de-sant-roc-2013-a-puigpunyent\"},\"author\":{\"name\":\"Redacci\u00f3\",\"@id\":\"https:\\\/\\\/gastronomicament.cat\\\/de\\\/#\\\/schema\\\/person\\\/a7c85c537a1ed62799a5b8e0f686a37f\"},\"headline\":\"Festes de la Mare de D\u00e9u d&#8217;Agost i de Sant Roc a Puigpunyent\",\"datePublished\":\"2013-08-05T17:30:58+00:00\",\"mainEntityOfPage\":{\"@id\":\"https:\\\/\\\/gastronomicament.cat\\\/de\\\/festes-de-la-mare-de-deu-dagost-i-de-sant-roc-2013-a-puigpunyent\"},\"wordCount\":261,\"commentCount\":0,\"publisher\":{\"@id\":\"https:\\\/\\\/gastronomicament.cat\\\/de\\\/#organization\"},\"image\":{\"@id\":\"https:\\\/\\\/gastronomicament.cat\\\/de\\\/festes-de-la-mare-de-deu-dagost-i-de-sant-roc-2013-a-puigpunyent#primaryimage\"},\"thumbnailUrl\":\"https:\\\/\\\/gastronomicament.cat\\\/wp-content\\\/uploads\\\/2013\\\/08\\\/puipunyent6402.jpg\",\"articleSection\":[\"Actualitat\"],\"inLanguage\":\"de\",\"potentialAction\":[{\"@type\":\"CommentAction\",\"name\":\"Comment\",\"target\":[\"https:\\\/\\\/gastronomicament.cat\\\/de\\\/festes-de-la-mare-de-deu-dagost-i-de-sant-roc-2013-a-puigpunyent#respond\"]}]},{\"@type\":\"WebPage\",\"@id\":\"https:\\\/\\\/gastronomicament.cat\\\/de\\\/festes-de-la-mare-de-deu-dagost-i-de-sant-roc-2013-a-puigpunyent\",\"url\":\"https:\\\/\\\/gastronomicament.cat\\\/de\\\/festes-de-la-mare-de-deu-dagost-i-de-sant-roc-2013-a-puigpunyent\",\"name\":\"Festes de la Mare de D\u00e9u d'Agost i de Sant Roc a Puigpunyent - Gastron\u00f2micament\",\"isPartOf\":{\"@id\":\"https:\\\/\\\/gastronomicament.cat\\\/de\\\/#website\"},\"primaryImageOfPage\":{\"@id\":\"https:\\\/\\\/gastronomicament.cat\\\/de\\\/festes-de-la-mare-de-deu-dagost-i-de-sant-roc-2013-a-puigpunyent#primaryimage\"},\"image\":{\"@id\":\"https:\\\/\\\/gastronomicament.cat\\\/de\\\/festes-de-la-mare-de-deu-dagost-i-de-sant-roc-2013-a-puigpunyent#primaryimage\"},\"thumbnailUrl\":\"https:\\\/\\\/gastronomicament.cat\\\/wp-content\\\/uploads\\\/2013\\\/08\\\/puipunyent6402.jpg\",\"datePublished\":\"2013-08-05T17:30:58+00:00\",\"description\":\"Festes de la Mare de D\u00e9u d'Agost i de Sant Roc a Puigpunyent Actualitat Del 4 al 17 d'agost amb motiu de les Festes de la Mare de D\u00e9u d'Agost i de Sant Roc l'Ajuntament de Puigpunyent organitza una gran varietat d'actes i\",\"inLanguage\":\"de\",\"potentialAction\":[{\"@type\":\"ReadAction\",\"target\":[\"https:\\\/\\\/gastronomicament.cat\\\/de\\\/festes-de-la-mare-de-deu-dagost-i-de-sant-roc-2013-a-puigpunyent\"]}]},{\"@type\":\"ImageObject\",\"inLanguage\":\"de\",\"@id\":\"https:\\\/\\\/gastronomicament.cat\\\/de\\\/festes-de-la-mare-de-deu-dagost-i-de-sant-roc-2013-a-puigpunyent#primaryimage\",\"url\":\"https:\\\/\\\/gastronomicament.cat\\\/wp-content\\\/uploads\\\/2013\\\/08\\\/puipunyent6402.jpg\",\"contentUrl\":\"https:\\\/\\\/gastronomicament.cat\\\/wp-content\\\/uploads\\\/2013\\\/08\\\/puipunyent6402.jpg\",\"width\":640,\"height\":300},{\"@type\":\"WebSite\",\"@id\":\"https:\\\/\\\/gastronomicament.cat\\\/de\\\/#website\",\"url\":\"https:\\\/\\\/gastronomicament.cat\\\/de\\\/\",\"name\":\"Gastron\u00f2micament\",\"description\":\"Portal de restaurants, receptes i actualitat gastron\u00f2mica\",\"publisher\":{\"@id\":\"https:\\\/\\\/gastronomicament.cat\\\/de\\\/#organization\"},\"potentialAction\":[{\"@type\":\"SearchAction\",\"target\":{\"@type\":\"EntryPoint\",\"urlTemplate\":\"https:\\\/\\\/gastronomicament.cat\\\/de\\\/?s={search_term_string}\"},\"query-input\":{\"@type\":\"PropertyValueSpecification\",\"valueRequired\":true,\"valueName\":\"search_term_string\"}}],\"inLanguage\":\"de\"},{\"@type\":\"Organization\",\"@id\":\"https:\\\/\\\/gastronomicament.cat\\\/de\\\/#organization\",\"name\":\"Gastron\u00f2micament\",\"url\":\"https:\\\/\\\/gastronomicament.cat\\\/de\\\/\",\"logo\":{\"@type\":\"ImageObject\",\"inLanguage\":\"de\",\"@id\":\"https:\\\/\\\/gastronomicament.cat\\\/de\\\/#\\\/schema\\\/logo\\\/image\\\/\",\"url\":\"https:\\\/\\\/gastronomicament.cat\\\/wp-content\\\/uploads\\\/2016\\\/09\\\/header-logo.jpg\",\"contentUrl\":\"https:\\\/\\\/gastronomicament.cat\\\/wp-content\\\/uploads\\\/2016\\\/09\\\/header-logo.jpg\",\"width\":277,\"height\":39,\"caption\":\"Gastron\u00f2micament\"},\"image\":{\"@id\":\"https:\\\/\\\/gastronomicament.cat\\\/de\\\/#\\\/schema\\\/logo\\\/image\\\/\"},\"sameAs\":[\"https:\\\/\\\/x.com\\\/gastronomicamen\"]},{\"@type\":\"Person\",\"@id\":\"https:\\\/\\\/gastronomicament.cat\\\/de\\\/#\\\/schema\\\/person\\\/a7c85c537a1ed62799a5b8e0f686a37f\",\"name\":\"Redacci\u00f3\",\"image\":{\"@type\":\"ImageObject\",\"inLanguage\":\"de\",\"@id\":\"https:\\\/\\\/secure.gravatar.com\\\/avatar\\\/9489a485c464fd611d33825daae651d13db70c4e74c65c94937a15a9d4c3ee14?s=96&d=mm&r=g69fea3cce3645dfa2166e7293e22955e\",\"url\":\"https:\\\/\\\/secure.gravatar.com\\\/avatar\\\/9489a485c464fd611d33825daae651d13db70c4e74c65c94937a15a9d4c3ee14?s=96&d=mm&r=g\",\"contentUrl\":\"https:\\\/\\\/secure.gravatar.com\\\/avatar\\\/9489a485c464fd611d33825daae651d13db70c4e74c65c94937a15a9d4c3ee14?s=96&d=mm&r=g\",\"caption\":\"Redacci\u00f3\"},\"sameAs\":[\"http:\\\/\\\/gastronomicament.cat\"],\"url\":\"https:\\\/\\\/gastronomicament.cat\\\/de\\\/author\\\/admin\"}]}<\/script>\n<!-- \/ Yoast SEO plugin. -->","yoast_head_json":{"title":"Festes de la Mare de D\u00e9u d'Agost i de Sant Roc a Puigpunyent - Gastron\u00f2micament","description":"Festes de la Mare de D\u00e9u d'Agost i de Sant Roc a Puigpunyent Actualitat Del 4 al 17 d'agost amb motiu de les Festes de la Mare de D\u00e9u d'Agost i de Sant Roc l'Ajuntament de Puigpunyent organitza una gran varietat d'actes i","robots":{"index":"index","follow":"follow","max-snippet":"max-snippet:-1","max-image-preview":"max-image-preview:large","max-video-preview":"max-video-preview:-1"},"canonical":"https:\/\/gastronomicament.cat\/de\/festes-de-la-mare-de-deu-dagost-i-de-sant-roc-2013-a-puigpunyent","og_locale":"de_DE","og_type":"article","og_title":"Festes de la Mare de D\u00e9u d'Agost i de Sant Roc a Puigpunyent - Gastron\u00f2micament","og_description":"Festes de la Mare de D\u00e9u d'Agost i de Sant Roc a Puigpunyent Actualitat Del 4 al 17 d'agost amb motiu de les Festes de la Mare de D\u00e9u d'Agost i de Sant Roc l'Ajuntament de Puigpunyent organitza una gran varietat d'actes i","og_url":"https:\/\/gastronomicament.cat\/de\/festes-de-la-mare-de-deu-dagost-i-de-sant-roc-2013-a-puigpunyent","og_site_name":"Gastron\u00f2micament","article_published_time":"2013-08-05T17:30:58+00:00","og_image":[{"width":640,"height":300,"url":"https:\/\/gastronomicament.cat\/wp-content\/uploads\/2013\/08\/puipunyent6402.jpg","type":"image\/jpeg"}],"author":"Redacci\u00f3","twitter_card":"summary_large_image","twitter_creator":"@gastronomicamen","twitter_site":"@gastronomicamen","twitter_misc":{"Verfasst von":"Redacci\u00f3","Gesch\u00e4tzte Lesezeit":"1\u00a0Minute","Written by":"Redacci\u00f3"},"schema":{"@context":"https:\/\/schema.org","@graph":[{"@type":"Article","@id":"https:\/\/gastronomicament.cat\/de\/festes-de-la-mare-de-deu-dagost-i-de-sant-roc-2013-a-puigpunyent#article","isPartOf":{"@id":"https:\/\/gastronomicament.cat\/de\/festes-de-la-mare-de-deu-dagost-i-de-sant-roc-2013-a-puigpunyent"},"author":{"name":"Redacci\u00f3","@id":"https:\/\/gastronomicament.cat\/de\/#\/schema\/person\/a7c85c537a1ed62799a5b8e0f686a37f"},"headline":"Festes de la Mare de D\u00e9u d&#8217;Agost i de Sant Roc a Puigpunyent","datePublished":"2013-08-05T17:30:58+00:00","mainEntityOfPage":{"@id":"https:\/\/gastronomicament.cat\/de\/festes-de-la-mare-de-deu-dagost-i-de-sant-roc-2013-a-puigpunyent"},"wordCount":261,"commentCount":0,"publisher":{"@id":"https:\/\/gastronomicament.cat\/de\/#organization"},"image":{"@id":"https:\/\/gastronomicament.cat\/de\/festes-de-la-mare-de-deu-dagost-i-de-sant-roc-2013-a-puigpunyent#primaryimage"},"thumbnailUrl":"https:\/\/gastronomicament.cat\/wp-content\/uploads\/2013\/08\/puipunyent6402.jpg","articleSection":["Actualitat"],"inLanguage":"de","potentialAction":[{"@type":"CommentAction","name":"Comment","target":["https:\/\/gastronomicament.cat\/de\/festes-de-la-mare-de-deu-dagost-i-de-sant-roc-2013-a-puigpunyent#respond"]}]},{"@type":"WebPage","@id":"https:\/\/gastronomicament.cat\/de\/festes-de-la-mare-de-deu-dagost-i-de-sant-roc-2013-a-puigpunyent","url":"https:\/\/gastronomicament.cat\/de\/festes-de-la-mare-de-deu-dagost-i-de-sant-roc-2013-a-puigpunyent","name":"Festes de la Mare de D\u00e9u d'Agost i de Sant Roc a Puigpunyent - Gastron\u00f2micament","isPartOf":{"@id":"https:\/\/gastronomicament.cat\/de\/#website"},"primaryImageOfPage":{"@id":"https:\/\/gastronomicament.cat\/de\/festes-de-la-mare-de-deu-dagost-i-de-sant-roc-2013-a-puigpunyent#primaryimage"},"image":{"@id":"https:\/\/gastronomicament.cat\/de\/festes-de-la-mare-de-deu-dagost-i-de-sant-roc-2013-a-puigpunyent#primaryimage"},"thumbnailUrl":"https:\/\/gastronomicament.cat\/wp-content\/uploads\/2013\/08\/puipunyent6402.jpg","datePublished":"2013-08-05T17:30:58+00:00","description":"Festes de la Mare de D\u00e9u d'Agost i de Sant Roc a Puigpunyent Actualitat Del 4 al 17 d'agost amb motiu de les Festes de la Mare de D\u00e9u d'Agost i de Sant Roc l'Ajuntament de Puigpunyent organitza una gran varietat d'actes i","inLanguage":"de","potentialAction":[{"@type":"ReadAction","target":["https:\/\/gastronomicament.cat\/de\/festes-de-la-mare-de-deu-dagost-i-de-sant-roc-2013-a-puigpunyent"]}]},{"@type":"ImageObject","inLanguage":"de","@id":"https:\/\/gastronomicament.cat\/de\/festes-de-la-mare-de-deu-dagost-i-de-sant-roc-2013-a-puigpunyent#primaryimage","url":"https:\/\/gastronomicament.cat\/wp-content\/uploads\/2013\/08\/puipunyent6402.jpg","contentUrl":"https:\/\/gastronomicament.cat\/wp-content\/uploads\/2013\/08\/puipunyent6402.jpg","width":640,"height":300},{"@type":"WebSite","@id":"https:\/\/gastronomicament.cat\/de\/#website","url":"https:\/\/gastronomicament.cat\/de\/","name":"Gastron\u00f2micament","description":"Portal de restaurants, receptes i actualitat gastron\u00f2mica","publisher":{"@id":"https:\/\/gastronomicament.cat\/de\/#organization"},"potentialAction":[{"@type":"SearchAction","target":{"@type":"EntryPoint","urlTemplate":"https:\/\/gastronomicament.cat\/de\/?s={search_term_string}"},"query-input":{"@type":"PropertyValueSpecification","valueRequired":true,"valueName":"search_term_string"}}],"inLanguage":"de"},{"@type":"Organization","@id":"https:\/\/gastronomicament.cat\/de\/#organization","name":"Gastron\u00f2micament","url":"https:\/\/gastronomicament.cat\/de\/","logo":{"@type":"ImageObject","inLanguage":"de","@id":"https:\/\/gastronomicament.cat\/de\/#\/schema\/logo\/image\/","url":"https:\/\/gastronomicament.cat\/wp-content\/uploads\/2016\/09\/header-logo.jpg","contentUrl":"https:\/\/gastronomicament.cat\/wp-content\/uploads\/2016\/09\/header-logo.jpg","width":277,"height":39,"caption":"Gastron\u00f2micament"},"image":{"@id":"https:\/\/gastronomicament.cat\/de\/#\/schema\/logo\/image\/"},"sameAs":["https:\/\/x.com\/gastronomicamen"]},{"@type":"Person","@id":"https:\/\/gastronomicament.cat\/de\/#\/schema\/person\/a7c85c537a1ed62799a5b8e0f686a37f","name":"Redacci\u00f3","image":{"@type":"ImageObject","inLanguage":"de","@id":"https:\/\/secure.gravatar.com\/avatar\/9489a485c464fd611d33825daae651d13db70c4e74c65c94937a15a9d4c3ee14?s=96&d=mm&r=g69fea3cce3645dfa2166e7293e22955e","url":"https:\/\/secure.gravatar.com\/avatar\/9489a485c464fd611d33825daae651d13db70c4e74c65c94937a15a9d4c3ee14?s=96&d=mm&r=g","contentUrl":"https:\/\/secure.gravatar.com\/avatar\/9489a485c464fd611d33825daae651d13db70c4e74c65c94937a15a9d4c3ee14?s=96&d=mm&r=g","caption":"Redacci\u00f3"},"sameAs":["http:\/\/gastronomicament.cat"],"url":"https:\/\/gastronomicament.cat\/de\/author\/admin"}]}},"_links":{"self":[{"href":"https:\/\/gastronomicament.cat\/de\/wp-json\/wp\/v2\/posts\/72627","targetHints":{"allow":["GET"]}}],"collection":[{"href":"https:\/\/gastronomicament.cat\/de\/wp-json\/wp\/v2\/posts"}],"about":[{"href":"https:\/\/gastronomicament.cat\/de\/wp-json\/wp\/v2\/types\/post"}],"author":[{"embeddable":true,"href":"https:\/\/gastronomicament.cat\/de\/wp-json\/wp\/v2\/users\/1"}],"replies":[{"embeddable":true,"href":"https:\/\/gastronomicament.cat\/de\/wp-json\/wp\/v2\/comments?post=72627"}],"version-history":[{"count":0,"href":"https:\/\/gastronomicament.cat\/de\/wp-json\/wp\/v2\/posts\/72627\/revisions"}],"wp:featuredmedia":[{"embeddable":true,"href":"https:\/\/gastronomicament.cat\/de\/wp-json\/wp\/v2\/media\/49984"}],"wp:attachment":[{"href":"https:\/\/gastronomicament.cat\/de\/wp-json\/wp\/v2\/media?parent=72627"}],"wp:term":[{"taxonomy":"category","embeddable":true,"href":"https:\/\/gastronomicament.cat\/de\/wp-json\/wp\/v2\/categories?post=72627"},{"taxonomy":"post_tag","embeddable":true,"href":"https:\/\/gastronomicament.cat\/de\/wp-json\/wp\/v2\/tags?post=72627"},{"taxonomy":"author","embeddable":true,"href":"https:\/\/gastronomicament.cat\/de\/wp-json\/wp\/v2\/coauthors?post=72627"}],"curies":[{"name":"wp","href":"https:\/\/api.w.org\/{rel}","templated":true}]}}