{"id":72836,"date":"2013-06-11T10:04:19","date_gmt":"2013-06-11T08:04:19","guid":{"rendered":"https:\/\/gastronomicament.cat\/la-meva-parella-es-una-mica-enemiga-de-la-cuina-pero-sense-ella-no-podria-cuinar"},"modified":"2022-04-09T12:03:11","modified_gmt":"2022-04-09T10:03:11","slug":"la-meva-parella-es-una-mica-enemiga-de-la-cuina-pero-sense-ella-no-podria-cuinar","status":"publish","type":"post","link":"https:\/\/gastronomicament.cat\/de\/la-meva-parella-es-una-mica-enemiga-de-la-cuina-pero-sense-ella-no-podria-cuinar","title":{"rendered":"V\u00edctor Castillo: &#8222;La meva parella \u00e9s una mica enemiga de la cuina, per\u00f2 sense ella no podria cuinar&#8220;"},"content":{"rendered":"<p style=\"text-align: left;\"><em>Descobrim en V\u00edctor Castillo, un amant de la cuina i tot el que l&#8217;envolta. \u00c9s l&#8217;autor del blog &#8218;<a title=\"Pumuky a la Cuina\" href=\"http:\/\/pumukyalacuina.blogspot.com\" target=\"_blank\" rel=\"noopener\">Pumuky a la Cuina<\/a>&#8218;, un espai que ret homenatge al follet televisiu que als anys 80 protagonitz\u00e0 una s\u00e8rie d&#8217;animaci\u00f3 infantil.<\/em><\/p>\n<p style=\"text-align: left;\"><strong>Qu\u00e8 \u00e9s el que m\u00e9s t&#8217;agrada de cuinar?\u00a0<\/strong><\/p>\n<p style=\"text-align: left;\"><strong><img decoding=\"async\" class=\"alignright\" style=\"margin: 8px;\" title=\"V\u00edctor Castillo\" src=\"http:\/\/gastronomicament.cat\/wp-content\/uploads\/2013\/06\/foto-victor-castilla-pumuky-a-la-cuina.jpg\" alt=\"\" width=\"280\" height=\"254\" \/><\/strong> Em relaxa i em desestressa molt de la rutina di\u00e0ria i els mals rotllos que pugui tenir. I la satisfacci\u00f3 que la recepta que est\u00e0s fent et surti, \u00e9s meravellosa.<\/p>\n<blockquote>\n<p style=\"text-align: center;\">&#8222;CUINAR EM RELAXA I EM FA DEFUGIR DE LA RUTINA DI\u00c0RIA I ELS MALS ROTLLOS&#8220;<\/p>\n<\/blockquote>\n<p style=\"text-align: left;\"><strong>Que t&#8217;agrada m\u00e9s preparar el menjar o degustar-lo?<\/strong><\/p>\n<p style=\"text-align: left;\">Dif\u00cdcil decisi\u00f3, m&#8217;encanta preparar-ho i que la gent per la qual ho cuino s&#8217;ho mengi de gust, per\u00f2 \u00e9s que degustar-lo \u00e9s la bomba!<strong><\/strong><\/p>\n<p style=\"text-align: left;\"><strong>El teu ingredient favorit?<\/strong><\/p>\n<p style=\"text-align: left;\">Justament l&#8217;ingredient de la proposta del concurs Mossegades del mes de maig: l&#8217;arr\u00f2s. \u00c9s un dels ingredients que m\u00e9s m&#8217;agraden, podria menjar-ne en qualsevol de les seves variants&#8230; paella, risotto, arr\u00f2s cald\u00f3s, arr\u00f2s negre, arr\u00f2s a la cubana, arr\u00f2s tres del\u00edcies, arr\u00f2s amb xocolata, per descomptat&#8230; no em cansaria!<strong><\/strong><\/p>\n<p style=\"text-align: left;\"><strong>Com va n\u00e8ixer el teu blog?<\/strong><\/p>\n<p style=\"text-align: left;\">Com crec que neixen la majoria de blogs de cuina, per una necessitat\/comoditat de tenir totes aquelles receptes que tens emmagatzemades i poder-les consultar sempre que vulguis, de manera f\u00e0cil, i compartir-les amb tothom a qui li puguin interessar.<strong><\/strong><\/p>\n<p style=\"text-align: left;\"><strong>Quin paper juga la teva parella en la teva passi\u00f3 per la cuina?<\/strong><\/p>\n<p style=\"text-align: left;\">La meva parella \u00e9s una mica enemiga de la cuina, no perqu\u00e8 no s\u00e0piga cuinar, sin\u00f3 perqu\u00e8 no \u00e9s un tema gaire motivador per ella. Per\u00f2 sense la seva paci\u00e8ncia quan em fico durant hores a al cuina, a escriure les receptes, buscar-ne de nova, fent experiments&#8230; no ho podria fer!<strong><\/strong><\/p>\n<p style=\"text-align: left;\"><strong>Ens sembla que t&#8217;agrada el cinema, ens recomanes una pel\u00b7l\u00edcula gastron\u00f2mica?<\/strong><\/p>\n<p style=\"text-align: left;\">M&#8217;encanta el cinema! Us recomano <em>Fuera de carta<\/em> i, tot i ser infantil, <em>Ratatouille<\/em>.<strong><\/strong><\/p>\n<p style=\"text-align: left;\"><strong>Tens cap llibre de cap\u00e7alera de cuina que ens vulguis recomanar?<\/strong><\/p>\n<p style=\"text-align: left;\">Com \u00faltimament tinc una mica de d\u00e8ria pel pa, us recomano <em>Hecho a mano<\/em>\u00a0de Dan Lepard, un llibre molt recomenable.<\/p>\n<blockquote>\n<p style=\"text-align: center;\">&#8222;UN CONSELL PER ALS QUE COMENCEN A CUINAR: PACI\u00c8NCIA, ESTIMACI\u00d3 I IL\u00b7LUSI\u00d3&#8220;<\/p>\n<\/blockquote>\n<p style=\"text-align: left;\"><strong>Pots donar algun consell per als que comencen a cuinar?<\/strong><\/p>\n<p style=\"text-align: left;\">Paci\u00e8ncia, que les coses no sempre surten a la primera, i que li posin estimaci\u00f3 a la cuina i il\u00b7lusi\u00f3, que \u00e9s l&#8217;\u00fanic que fa falta, la resta ve tot sol.<\/p>\n<p style=\"text-align: left;\">__________<\/p>\n<p style=\"text-align: left;\">Recordau que podeu participar amb la vostra <a title=\"Concurs Mossegades juny 2013. Receptes d'ensalades\" href=\"http:\/\/gastronomicament.cat\/concurs-mossegades-juny-2013\">recepta d&#8217;amanides del concurs Mossegades mes de juny de 2013, <strong>aqu\u00ed<\/strong><\/a>.<\/p>\n","protected":false},"excerpt":{"rendered":"<p>Descobrim en V\u00edctor Castillo, un amant de la cuina i tot el que l&#8217;envolta. \u00c9s l&#8217;autor del blog &#8218;Pumuky a la Cuina&#8218;, un espai que ret homenatge al follet televisiu que als anys 80 protagonitz\u00e0 una s\u00e8rie d&#8217;animaci\u00f3 infantil. Qu\u00e8 \u00e9s el que m\u00e9s t&#8217;agrada de cuinar?\u00a0 Em relaxa i em desestressa molt de la [&hellip;]<\/p>\n","protected":false},"author":1,"featured_media":49638,"comment_status":"open","ping_status":"closed","sticky":false,"template":"","format":"standard","meta":{"_acf_changed":false,"_swt_meta_header_display":false,"_swt_meta_footer_display":false,"_swt_meta_site_title_display":false,"_swt_meta_sticky_header":false,"_swt_meta_transparent_header":false,"footnotes":""},"categories":[1050],"tags":[],"coauthors":[],"class_list":["post-72836","post","type-post","status-publish","format-standard","has-post-thumbnail","hentry","category-actualitat-es-de"],"acf":{"gallery":null,"home_date":{"home_begin_date":null,"home_end_date":null}},"yoast_head":"<!-- This site is optimized with the Yoast SEO plugin v27.4 - https:\/\/yoast.com\/product\/yoast-seo-wordpress\/ -->\n<title>V\u00edctor Castillo: &quot;La meva parella \u00e9s una mica enemiga de la cuina, per\u00f2 sense ella no podria cuinar&quot;<\/title>\n<meta name=\"description\" content=\"Entrevista a V\u00edctor Castillo, guanyador del concurs Mossegades del mes de maig de 2013\" \/>\n<meta name=\"robots\" content=\"index, follow, max-snippet:-1, max-image-preview:large, max-video-preview:-1\" \/>\n<link rel=\"canonical\" href=\"https:\/\/gastronomicament.cat\/de\/la-meva-parella-es-una-mica-enemiga-de-la-cuina-pero-sense-ella-no-podria-cuinar\" \/>\n<meta property=\"og:locale\" content=\"de_DE\" \/>\n<meta property=\"og:type\" content=\"article\" \/>\n<meta property=\"og:title\" content=\"V\u00edctor Castillo: &quot;La meva parella \u00e9s una mica enemiga de la cuina, per\u00f2 sense ella no podria cuinar&quot;\" \/>\n<meta property=\"og:description\" content=\"Entrevista a V\u00edctor Castillo, guanyador del concurs Mossegades del mes de maig de 2013\" \/>\n<meta property=\"og:url\" content=\"https:\/\/gastronomicament.cat\/de\/la-meva-parella-es-una-mica-enemiga-de-la-cuina-pero-sense-ella-no-podria-cuinar\" \/>\n<meta property=\"og:site_name\" content=\"Gastron\u00f2micament\" \/>\n<meta property=\"article:published_time\" content=\"2013-06-11T08:04:19+00:00\" \/>\n<meta property=\"article:modified_time\" content=\"2022-04-09T10:03:11+00:00\" \/>\n<meta property=\"og:image\" content=\"https:\/\/gastronomicament.cat\/wp-content\/uploads\/2013\/06\/Primer-premi-mossegades-maig-2013.jpg\" \/>\n\t<meta property=\"og:image:width\" content=\"640\" \/>\n\t<meta property=\"og:image:height\" content=\"300\" \/>\n\t<meta property=\"og:image:type\" content=\"image\/jpeg\" \/>\n<meta name=\"author\" content=\"Redacci\u00f3\" \/>\n<meta name=\"twitter:card\" content=\"summary_large_image\" \/>\n<meta name=\"twitter:creator\" content=\"@gastronomicamen\" \/>\n<meta name=\"twitter:site\" content=\"@gastronomicamen\" \/>\n<meta name=\"twitter:label1\" content=\"Verfasst von\" \/>\n\t<meta name=\"twitter:data1\" content=\"Redacci\u00f3\" \/>\n\t<meta name=\"twitter:label2\" content=\"Gesch\u00e4tzte Lesezeit\" \/>\n\t<meta name=\"twitter:data2\" content=\"2\u00a0Minuten\" \/>\n\t<meta name=\"twitter:label3\" content=\"Written by\" \/>\n\t<meta name=\"twitter:data3\" content=\"Redacci\u00f3\" \/>\n<script type=\"application\/ld+json\" class=\"yoast-schema-graph\">{\"@context\":\"https:\\\/\\\/schema.org\",\"@graph\":[{\"@type\":\"Article\",\"@id\":\"https:\\\/\\\/gastronomicament.cat\\\/de\\\/la-meva-parella-es-una-mica-enemiga-de-la-cuina-pero-sense-ella-no-podria-cuinar#article\",\"isPartOf\":{\"@id\":\"https:\\\/\\\/gastronomicament.cat\\\/de\\\/la-meva-parella-es-una-mica-enemiga-de-la-cuina-pero-sense-ella-no-podria-cuinar\"},\"author\":{\"name\":\"Redacci\u00f3\",\"@id\":\"https:\\\/\\\/gastronomicament.cat\\\/de\\\/#\\\/schema\\\/person\\\/a7c85c537a1ed62799a5b8e0f686a37f\"},\"headline\":\"V\u00edctor Castillo: &#8222;La meva parella \u00e9s una mica enemiga de la cuina, per\u00f2 sense ella no podria cuinar&#8220;\",\"datePublished\":\"2013-06-11T08:04:19+00:00\",\"dateModified\":\"2022-04-09T10:03:11+00:00\",\"mainEntityOfPage\":{\"@id\":\"https:\\\/\\\/gastronomicament.cat\\\/de\\\/la-meva-parella-es-una-mica-enemiga-de-la-cuina-pero-sense-ella-no-podria-cuinar\"},\"wordCount\":463,\"commentCount\":0,\"publisher\":{\"@id\":\"https:\\\/\\\/gastronomicament.cat\\\/de\\\/#organization\"},\"image\":{\"@id\":\"https:\\\/\\\/gastronomicament.cat\\\/de\\\/la-meva-parella-es-una-mica-enemiga-de-la-cuina-pero-sense-ella-no-podria-cuinar#primaryimage\"},\"thumbnailUrl\":\"https:\\\/\\\/gastronomicament.cat\\\/wp-content\\\/uploads\\\/2013\\\/06\\\/Primer-premi-mossegades-maig-2013.jpg\",\"articleSection\":[\"Actualitat\"],\"inLanguage\":\"de\",\"potentialAction\":[{\"@type\":\"CommentAction\",\"name\":\"Comment\",\"target\":[\"https:\\\/\\\/gastronomicament.cat\\\/de\\\/la-meva-parella-es-una-mica-enemiga-de-la-cuina-pero-sense-ella-no-podria-cuinar#respond\"]}]},{\"@type\":\"WebPage\",\"@id\":\"https:\\\/\\\/gastronomicament.cat\\\/de\\\/la-meva-parella-es-una-mica-enemiga-de-la-cuina-pero-sense-ella-no-podria-cuinar\",\"url\":\"https:\\\/\\\/gastronomicament.cat\\\/de\\\/la-meva-parella-es-una-mica-enemiga-de-la-cuina-pero-sense-ella-no-podria-cuinar\",\"name\":\"V\u00edctor Castillo: \\\"La meva parella \u00e9s una mica enemiga de la cuina, per\u00f2 sense ella no podria cuinar\\\"\",\"isPartOf\":{\"@id\":\"https:\\\/\\\/gastronomicament.cat\\\/de\\\/#website\"},\"primaryImageOfPage\":{\"@id\":\"https:\\\/\\\/gastronomicament.cat\\\/de\\\/la-meva-parella-es-una-mica-enemiga-de-la-cuina-pero-sense-ella-no-podria-cuinar#primaryimage\"},\"image\":{\"@id\":\"https:\\\/\\\/gastronomicament.cat\\\/de\\\/la-meva-parella-es-una-mica-enemiga-de-la-cuina-pero-sense-ella-no-podria-cuinar#primaryimage\"},\"thumbnailUrl\":\"https:\\\/\\\/gastronomicament.cat\\\/wp-content\\\/uploads\\\/2013\\\/06\\\/Primer-premi-mossegades-maig-2013.jpg\",\"datePublished\":\"2013-06-11T08:04:19+00:00\",\"dateModified\":\"2022-04-09T10:03:11+00:00\",\"description\":\"Entrevista a V\u00edctor Castillo, guanyador del concurs Mossegades del mes de maig de 2013\",\"inLanguage\":\"de\",\"potentialAction\":[{\"@type\":\"ReadAction\",\"target\":[\"https:\\\/\\\/gastronomicament.cat\\\/de\\\/la-meva-parella-es-una-mica-enemiga-de-la-cuina-pero-sense-ella-no-podria-cuinar\"]}]},{\"@type\":\"ImageObject\",\"inLanguage\":\"de\",\"@id\":\"https:\\\/\\\/gastronomicament.cat\\\/de\\\/la-meva-parella-es-una-mica-enemiga-de-la-cuina-pero-sense-ella-no-podria-cuinar#primaryimage\",\"url\":\"https:\\\/\\\/gastronomicament.cat\\\/wp-content\\\/uploads\\\/2013\\\/06\\\/Primer-premi-mossegades-maig-2013.jpg\",\"contentUrl\":\"https:\\\/\\\/gastronomicament.cat\\\/wp-content\\\/uploads\\\/2013\\\/06\\\/Primer-premi-mossegades-maig-2013.jpg\",\"width\":640,\"height\":300},{\"@type\":\"WebSite\",\"@id\":\"https:\\\/\\\/gastronomicament.cat\\\/de\\\/#website\",\"url\":\"https:\\\/\\\/gastronomicament.cat\\\/de\\\/\",\"name\":\"Gastron\u00f2micament\",\"description\":\"Portal de restaurants, receptes i actualitat gastron\u00f2mica\",\"publisher\":{\"@id\":\"https:\\\/\\\/gastronomicament.cat\\\/de\\\/#organization\"},\"potentialAction\":[{\"@type\":\"SearchAction\",\"target\":{\"@type\":\"EntryPoint\",\"urlTemplate\":\"https:\\\/\\\/gastronomicament.cat\\\/de\\\/?s={search_term_string}\"},\"query-input\":{\"@type\":\"PropertyValueSpecification\",\"valueRequired\":true,\"valueName\":\"search_term_string\"}}],\"inLanguage\":\"de\"},{\"@type\":\"Organization\",\"@id\":\"https:\\\/\\\/gastronomicament.cat\\\/de\\\/#organization\",\"name\":\"Gastron\u00f2micament\",\"url\":\"https:\\\/\\\/gastronomicament.cat\\\/de\\\/\",\"logo\":{\"@type\":\"ImageObject\",\"inLanguage\":\"de\",\"@id\":\"https:\\\/\\\/gastronomicament.cat\\\/de\\\/#\\\/schema\\\/logo\\\/image\\\/\",\"url\":\"https:\\\/\\\/gastronomicament.cat\\\/wp-content\\\/uploads\\\/2016\\\/09\\\/header-logo.jpg\",\"contentUrl\":\"https:\\\/\\\/gastronomicament.cat\\\/wp-content\\\/uploads\\\/2016\\\/09\\\/header-logo.jpg\",\"width\":277,\"height\":39,\"caption\":\"Gastron\u00f2micament\"},\"image\":{\"@id\":\"https:\\\/\\\/gastronomicament.cat\\\/de\\\/#\\\/schema\\\/logo\\\/image\\\/\"},\"sameAs\":[\"https:\\\/\\\/x.com\\\/gastronomicamen\"]},{\"@type\":\"Person\",\"@id\":\"https:\\\/\\\/gastronomicament.cat\\\/de\\\/#\\\/schema\\\/person\\\/a7c85c537a1ed62799a5b8e0f686a37f\",\"name\":\"Redacci\u00f3\",\"image\":{\"@type\":\"ImageObject\",\"inLanguage\":\"de\",\"@id\":\"https:\\\/\\\/secure.gravatar.com\\\/avatar\\\/9489a485c464fd611d33825daae651d13db70c4e74c65c94937a15a9d4c3ee14?s=96&d=mm&r=g69fea3cce3645dfa2166e7293e22955e\",\"url\":\"https:\\\/\\\/secure.gravatar.com\\\/avatar\\\/9489a485c464fd611d33825daae651d13db70c4e74c65c94937a15a9d4c3ee14?s=96&d=mm&r=g\",\"contentUrl\":\"https:\\\/\\\/secure.gravatar.com\\\/avatar\\\/9489a485c464fd611d33825daae651d13db70c4e74c65c94937a15a9d4c3ee14?s=96&d=mm&r=g\",\"caption\":\"Redacci\u00f3\"},\"sameAs\":[\"http:\\\/\\\/gastronomicament.cat\"],\"url\":\"https:\\\/\\\/gastronomicament.cat\\\/de\\\/author\\\/admin\"}]}<\/script>\n<!-- \/ Yoast SEO plugin. -->","yoast_head_json":{"title":"V\u00edctor Castillo: \"La meva parella \u00e9s una mica enemiga de la cuina, per\u00f2 sense ella no podria cuinar\"","description":"Entrevista a V\u00edctor Castillo, guanyador del concurs Mossegades del mes de maig de 2013","robots":{"index":"index","follow":"follow","max-snippet":"max-snippet:-1","max-image-preview":"max-image-preview:large","max-video-preview":"max-video-preview:-1"},"canonical":"https:\/\/gastronomicament.cat\/de\/la-meva-parella-es-una-mica-enemiga-de-la-cuina-pero-sense-ella-no-podria-cuinar","og_locale":"de_DE","og_type":"article","og_title":"V\u00edctor Castillo: \"La meva parella \u00e9s una mica enemiga de la cuina, per\u00f2 sense ella no podria cuinar\"","og_description":"Entrevista a V\u00edctor Castillo, guanyador del concurs Mossegades del mes de maig de 2013","og_url":"https:\/\/gastronomicament.cat\/de\/la-meva-parella-es-una-mica-enemiga-de-la-cuina-pero-sense-ella-no-podria-cuinar","og_site_name":"Gastron\u00f2micament","article_published_time":"2013-06-11T08:04:19+00:00","article_modified_time":"2022-04-09T10:03:11+00:00","og_image":[{"width":640,"height":300,"url":"https:\/\/gastronomicament.cat\/wp-content\/uploads\/2013\/06\/Primer-premi-mossegades-maig-2013.jpg","type":"image\/jpeg"}],"author":"Redacci\u00f3","twitter_card":"summary_large_image","twitter_creator":"@gastronomicamen","twitter_site":"@gastronomicamen","twitter_misc":{"Verfasst von":"Redacci\u00f3","Gesch\u00e4tzte Lesezeit":"2\u00a0Minuten","Written by":"Redacci\u00f3"},"schema":{"@context":"https:\/\/schema.org","@graph":[{"@type":"Article","@id":"https:\/\/gastronomicament.cat\/de\/la-meva-parella-es-una-mica-enemiga-de-la-cuina-pero-sense-ella-no-podria-cuinar#article","isPartOf":{"@id":"https:\/\/gastronomicament.cat\/de\/la-meva-parella-es-una-mica-enemiga-de-la-cuina-pero-sense-ella-no-podria-cuinar"},"author":{"name":"Redacci\u00f3","@id":"https:\/\/gastronomicament.cat\/de\/#\/schema\/person\/a7c85c537a1ed62799a5b8e0f686a37f"},"headline":"V\u00edctor Castillo: &#8222;La meva parella \u00e9s una mica enemiga de la cuina, per\u00f2 sense ella no podria cuinar&#8220;","datePublished":"2013-06-11T08:04:19+00:00","dateModified":"2022-04-09T10:03:11+00:00","mainEntityOfPage":{"@id":"https:\/\/gastronomicament.cat\/de\/la-meva-parella-es-una-mica-enemiga-de-la-cuina-pero-sense-ella-no-podria-cuinar"},"wordCount":463,"commentCount":0,"publisher":{"@id":"https:\/\/gastronomicament.cat\/de\/#organization"},"image":{"@id":"https:\/\/gastronomicament.cat\/de\/la-meva-parella-es-una-mica-enemiga-de-la-cuina-pero-sense-ella-no-podria-cuinar#primaryimage"},"thumbnailUrl":"https:\/\/gastronomicament.cat\/wp-content\/uploads\/2013\/06\/Primer-premi-mossegades-maig-2013.jpg","articleSection":["Actualitat"],"inLanguage":"de","potentialAction":[{"@type":"CommentAction","name":"Comment","target":["https:\/\/gastronomicament.cat\/de\/la-meva-parella-es-una-mica-enemiga-de-la-cuina-pero-sense-ella-no-podria-cuinar#respond"]}]},{"@type":"WebPage","@id":"https:\/\/gastronomicament.cat\/de\/la-meva-parella-es-una-mica-enemiga-de-la-cuina-pero-sense-ella-no-podria-cuinar","url":"https:\/\/gastronomicament.cat\/de\/la-meva-parella-es-una-mica-enemiga-de-la-cuina-pero-sense-ella-no-podria-cuinar","name":"V\u00edctor Castillo: \"La meva parella \u00e9s una mica enemiga de la cuina, per\u00f2 sense ella no podria cuinar\"","isPartOf":{"@id":"https:\/\/gastronomicament.cat\/de\/#website"},"primaryImageOfPage":{"@id":"https:\/\/gastronomicament.cat\/de\/la-meva-parella-es-una-mica-enemiga-de-la-cuina-pero-sense-ella-no-podria-cuinar#primaryimage"},"image":{"@id":"https:\/\/gastronomicament.cat\/de\/la-meva-parella-es-una-mica-enemiga-de-la-cuina-pero-sense-ella-no-podria-cuinar#primaryimage"},"thumbnailUrl":"https:\/\/gastronomicament.cat\/wp-content\/uploads\/2013\/06\/Primer-premi-mossegades-maig-2013.jpg","datePublished":"2013-06-11T08:04:19+00:00","dateModified":"2022-04-09T10:03:11+00:00","description":"Entrevista a V\u00edctor Castillo, guanyador del concurs Mossegades del mes de maig de 2013","inLanguage":"de","potentialAction":[{"@type":"ReadAction","target":["https:\/\/gastronomicament.cat\/de\/la-meva-parella-es-una-mica-enemiga-de-la-cuina-pero-sense-ella-no-podria-cuinar"]}]},{"@type":"ImageObject","inLanguage":"de","@id":"https:\/\/gastronomicament.cat\/de\/la-meva-parella-es-una-mica-enemiga-de-la-cuina-pero-sense-ella-no-podria-cuinar#primaryimage","url":"https:\/\/gastronomicament.cat\/wp-content\/uploads\/2013\/06\/Primer-premi-mossegades-maig-2013.jpg","contentUrl":"https:\/\/gastronomicament.cat\/wp-content\/uploads\/2013\/06\/Primer-premi-mossegades-maig-2013.jpg","width":640,"height":300},{"@type":"WebSite","@id":"https:\/\/gastronomicament.cat\/de\/#website","url":"https:\/\/gastronomicament.cat\/de\/","name":"Gastron\u00f2micament","description":"Portal de restaurants, receptes i actualitat gastron\u00f2mica","publisher":{"@id":"https:\/\/gastronomicament.cat\/de\/#organization"},"potentialAction":[{"@type":"SearchAction","target":{"@type":"EntryPoint","urlTemplate":"https:\/\/gastronomicament.cat\/de\/?s={search_term_string}"},"query-input":{"@type":"PropertyValueSpecification","valueRequired":true,"valueName":"search_term_string"}}],"inLanguage":"de"},{"@type":"Organization","@id":"https:\/\/gastronomicament.cat\/de\/#organization","name":"Gastron\u00f2micament","url":"https:\/\/gastronomicament.cat\/de\/","logo":{"@type":"ImageObject","inLanguage":"de","@id":"https:\/\/gastronomicament.cat\/de\/#\/schema\/logo\/image\/","url":"https:\/\/gastronomicament.cat\/wp-content\/uploads\/2016\/09\/header-logo.jpg","contentUrl":"https:\/\/gastronomicament.cat\/wp-content\/uploads\/2016\/09\/header-logo.jpg","width":277,"height":39,"caption":"Gastron\u00f2micament"},"image":{"@id":"https:\/\/gastronomicament.cat\/de\/#\/schema\/logo\/image\/"},"sameAs":["https:\/\/x.com\/gastronomicamen"]},{"@type":"Person","@id":"https:\/\/gastronomicament.cat\/de\/#\/schema\/person\/a7c85c537a1ed62799a5b8e0f686a37f","name":"Redacci\u00f3","image":{"@type":"ImageObject","inLanguage":"de","@id":"https:\/\/secure.gravatar.com\/avatar\/9489a485c464fd611d33825daae651d13db70c4e74c65c94937a15a9d4c3ee14?s=96&d=mm&r=g69fea3cce3645dfa2166e7293e22955e","url":"https:\/\/secure.gravatar.com\/avatar\/9489a485c464fd611d33825daae651d13db70c4e74c65c94937a15a9d4c3ee14?s=96&d=mm&r=g","contentUrl":"https:\/\/secure.gravatar.com\/avatar\/9489a485c464fd611d33825daae651d13db70c4e74c65c94937a15a9d4c3ee14?s=96&d=mm&r=g","caption":"Redacci\u00f3"},"sameAs":["http:\/\/gastronomicament.cat"],"url":"https:\/\/gastronomicament.cat\/de\/author\/admin"}]}},"_links":{"self":[{"href":"https:\/\/gastronomicament.cat\/de\/wp-json\/wp\/v2\/posts\/72836","targetHints":{"allow":["GET"]}}],"collection":[{"href":"https:\/\/gastronomicament.cat\/de\/wp-json\/wp\/v2\/posts"}],"about":[{"href":"https:\/\/gastronomicament.cat\/de\/wp-json\/wp\/v2\/types\/post"}],"author":[{"embeddable":true,"href":"https:\/\/gastronomicament.cat\/de\/wp-json\/wp\/v2\/users\/1"}],"replies":[{"embeddable":true,"href":"https:\/\/gastronomicament.cat\/de\/wp-json\/wp\/v2\/comments?post=72836"}],"version-history":[{"count":0,"href":"https:\/\/gastronomicament.cat\/de\/wp-json\/wp\/v2\/posts\/72836\/revisions"}],"wp:featuredmedia":[{"embeddable":true,"href":"https:\/\/gastronomicament.cat\/de\/wp-json\/wp\/v2\/media\/49638"}],"wp:attachment":[{"href":"https:\/\/gastronomicament.cat\/de\/wp-json\/wp\/v2\/media?parent=72836"}],"wp:term":[{"taxonomy":"category","embeddable":true,"href":"https:\/\/gastronomicament.cat\/de\/wp-json\/wp\/v2\/categories?post=72836"},{"taxonomy":"post_tag","embeddable":true,"href":"https:\/\/gastronomicament.cat\/de\/wp-json\/wp\/v2\/tags?post=72836"},{"taxonomy":"author","embeddable":true,"href":"https:\/\/gastronomicament.cat\/de\/wp-json\/wp\/v2\/coauthors?post=72836"}],"curies":[{"name":"wp","href":"https:\/\/api.w.org\/{rel}","templated":true}]}}