{"id":72997,"date":"2013-04-24T16:40:47","date_gmt":"2013-04-24T14:40:47","guid":{"rendered":"https:\/\/gastronomicament.cat\/menus-gastronomics-360-graus-a-alcudia"},"modified":"2022-04-09T12:05:39","modified_gmt":"2022-04-09T10:05:39","slug":"menus-gastronomics-360-graus-a-alcudia","status":"publish","type":"post","link":"https:\/\/gastronomicament.cat\/de\/menus-gastronomics-360-graus-a-alcudia","title":{"rendered":"Men\u00fas gastron\u00f2mics 360\u00ba a Alc\u00fadia"},"content":{"rendered":"<p>M\u00e9s de 50 actes us esperen a la 2a edici\u00f3 dels 360\u00ba de cultura, organitzat des de la Regidoria de Cultura de l\u2019Ajuntament d\u2019Alc\u00fadia.<\/p>\n<p>Durant m\u00e9s de 8 hores es duran a terme d\u2019activitats de tot tipus: culturals, art\u00edstiques, musicals, l\u00fadiques, gastron\u00f2miques que es faran al llarg de l\u2019horabaixa, vespre i matinada del divendres 26 d&#8217;abril.<\/p>\n<p>Aquestes s\u00f3n les propostes dels restaurants d&#8217;Alc\u00fadia:<\/p>\n<p>1. <strong>Cafeteria 3a Edat<\/strong> C\/ Major, 4<\/p>\n<ul>\n<li>Broquetes variades<\/li>\n<li>Broquetes vegetarianes<\/li>\n<li>Croquetes variades<\/li>\n<\/ul>\n<p>2. <strong>Cafeteria Auditori<\/strong> Pl. Porta de Mallorca, 3<\/p>\n<ul>\n<li>Manetes de porc amb morros i llengua<\/li>\n<li>Broquetes variades<\/li>\n<\/ul>\n<p>3. <strong>Bar Cas Capell\u00e0<\/strong> C\/ Serra, 26<\/p>\n<ul>\n<li>Broquetes variades<\/li>\n<li>Banderilles de fetge coentes<\/li>\n<li>Galtes de porc amb salsa<\/li>\n<\/ul>\n<p>4.<strong> Bar Fusion<\/strong> Pla\u00e7a Carles V<\/p>\n<ul>\n<li>Escalivada amb ou de gu\u00e0tlera<\/li>\n<li>Truiteta de bacall\u00e0 amb pebre vermell<\/li>\n<\/ul>\n<p>5. <strong>Bar Nino Man\u00e9<\/strong> Ps. Mare de D\u00e9u de la Vict\u00f2ria, 4<\/p>\n<ul>\n<li>Broqueta de tombet amb bacall\u00e0<\/li>\n<li>Broqueta de formatge amb ceba confitada o pernil<\/li>\n<li>Broqueta de pinya, gambes i d\u00e0tils<\/li>\n<\/ul>\n<p>6. <strong>Cafeteria es Passeig<\/strong> Ps. Mare de D\u00e9u de la Vict\u00f2ria, 5<\/p>\n<ul>\n<li>Frit mariner<\/li>\n<li>Amanida tropical<\/li>\n<\/ul>\n<p>7. <strong>Fonda Llabr\u00e9s<\/strong> C\/ Moll, 1 (amb col\u00b7laboraci\u00f3 amb les bodegues Mortitx)<\/p>\n<ul>\n<li>Torrada de lac\u00f3n amb alls i pebres torrats mallorquins<\/li>\n<li>Paloma amb ensalada russa de ventresca i olives verdes<\/li>\n<li>Secret ib\u00e8ric amb pebres verds torrats i maionesa amb pebre bord de la vera<\/li>\n<\/ul>\n<p>8. <strong>Restaurant Ronda<\/strong> 63 Cam\u00ed de Ronda, 63<\/p>\n<ul>\n<li>Broqueta d\u2019aladrocs<\/li>\n<li>Broqueta d\u2019anxoves<\/li>\n<\/ul>\n<p>9. <strong>Restaurant sa Mossegada<\/strong> C\/ Serra, 28<\/p>\n<ul>\n<li>Bacall\u00e0 amb pat\u00e9 d&#8217;alberg\u00ednia i xips de carxofa<\/li>\n<li>Filet de porc amb sobrassada i maon\u00e8s<\/li>\n<\/ul>\n<p>10. <strong>Restaurant s\u2019Arc<\/strong> C\/ Sant Jaume<\/p>\n<ul>\n<li>Calamars a la romana amb maionesa de mango<\/li>\n<li>Broqueta fumada de formatge pr\u00f2vola<\/li>\n<li>Me confitat amb tabul\u00e9 i salsa de taronja i mel<\/li>\n<\/ul>\n<p>11. <strong>Restaurant Tasta-Lo<\/strong> Edifici Syp<\/p>\n<ul>\n<li>Coa de toro amb ceba caramel\u00b7litzada<\/li>\n<li>Galtes amb mostassa<\/li>\n<li>Minihamburgueses<\/li>\n<\/ul>\n<p>12. <strong>Restaurant Bon Gust<\/strong> Cam\u00ed de Ronda, 61<\/p>\n<ul>\n<li>Broqueta de pizza artesanal a la pedra<\/li>\n<\/ul>\n<p>13. <strong>Restaurant l\u2019Arca d&#8217;en Peter<\/strong> Pl. de les Verdures<\/p>\n<ul>\n<li>Gyosas de carn i verdures<\/li>\n<li>Llagost\u00ed amb pasta ca tai fi<\/li>\n<li>Filet amb foie<\/li>\n<\/ul>\n<p>14. <strong>Hotel Can Pere<\/strong> C\/ Serra, 12<\/p>\n<ul>\n<li>Minihamburgueses amb salsa mostassa<\/li>\n<li>Flautes farcides de vegetals i pollastre<\/li>\n<\/ul>\n<p>15. <strong>Celler Can Joanet<\/strong> C\/ Serra, 5<\/p>\n<ul>\n<li>Tapes mallorquines variades<\/li>\n<\/ul>\n<p>16. <strong>Restaurant Sa Taverna<\/strong> C\/ Serra, 9<\/p>\n<ul>\n<li>Broquetes variades<\/li>\n<\/ul>\n","protected":false},"excerpt":{"rendered":"<p>Durant m\u00e9s de 8 hores es duran a terme d\u2019activitats de tot tipus: culturals, art\u00edstiques, musicals,&hellip;<\/p>\n","protected":false},"author":1,"featured_media":49386,"comment_status":"open","ping_status":"closed","sticky":false,"template":"","format":"standard","meta":{"_acf_changed":false,"_swt_meta_header_display":false,"_swt_meta_footer_display":false,"_swt_meta_site_title_display":false,"_swt_meta_sticky_header":false,"_swt_meta_transparent_header":false,"footnotes":""},"categories":[1050],"tags":[],"coauthors":[],"class_list":["post-72997","post","type-post","status-publish","format-standard","has-post-thumbnail","hentry","category-actualitat-es-de"],"acf":{"gallery":null,"home_date":{"home_begin_date":null,"home_end_date":null}},"yoast_head":"<!-- This site is optimized with the Yoast SEO plugin v27.4 - https:\/\/yoast.com\/product\/yoast-seo-wordpress\/ -->\n<title>Men\u00fas gastron\u00f2mics 360\u00ba a Alc\u00fadia<\/title>\n<meta name=\"description\" content=\"Men\u00fas gastron\u00f2mics 360\u00ba a Alc\u00fadia\" \/>\n<meta name=\"robots\" content=\"index, follow, max-snippet:-1, max-image-preview:large, max-video-preview:-1\" \/>\n<link rel=\"canonical\" href=\"https:\/\/gastronomicament.cat\/de\/menus-gastronomics-360-graus-a-alcudia\" \/>\n<meta property=\"og:locale\" content=\"de_DE\" \/>\n<meta property=\"og:type\" content=\"article\" \/>\n<meta property=\"og:title\" content=\"Men\u00fas gastron\u00f2mics 360\u00ba a Alc\u00fadia\" \/>\n<meta property=\"og:description\" content=\"Men\u00fas gastron\u00f2mics 360\u00ba a Alc\u00fadia\" \/>\n<meta property=\"og:url\" content=\"https:\/\/gastronomicament.cat\/de\/menus-gastronomics-360-graus-a-alcudia\" \/>\n<meta property=\"og:site_name\" content=\"Gastron\u00f2micament\" \/>\n<meta property=\"article:published_time\" content=\"2013-04-24T14:40:47+00:00\" \/>\n<meta property=\"article:modified_time\" content=\"2022-04-09T10:05:39+00:00\" \/>\n<meta property=\"og:image\" content=\"https:\/\/gastronomicament.cat\/wp-content\/uploads\/2013\/04\/Gas\/Gastronomia-360-graus-Alc\u00fadia-2013.jpg\" \/>\n\t<meta property=\"og:image:width\" content=\"640\" \/>\n\t<meta property=\"og:image:height\" content=\"300\" \/>\n\t<meta property=\"og:image:type\" content=\"image\/jpeg\" \/>\n<meta name=\"author\" content=\"Redacci\u00f3\" \/>\n<meta name=\"twitter:card\" content=\"summary_large_image\" \/>\n<meta name=\"twitter:creator\" content=\"@gastronomicamen\" \/>\n<meta name=\"twitter:site\" content=\"@gastronomicamen\" \/>\n<meta name=\"twitter:label1\" content=\"Verfasst von\" \/>\n\t<meta name=\"twitter:data1\" content=\"Redacci\u00f3\" \/>\n\t<meta name=\"twitter:label2\" content=\"Gesch\u00e4tzte Lesezeit\" \/>\n\t<meta name=\"twitter:data2\" content=\"2\u00a0Minuten\" \/>\n\t<meta name=\"twitter:label3\" content=\"Written by\" \/>\n\t<meta name=\"twitter:data3\" content=\"Redacci\u00f3\" \/>\n<script type=\"application\/ld+json\" class=\"yoast-schema-graph\">{\"@context\":\"https:\\\/\\\/schema.org\",\"@graph\":[{\"@type\":\"Article\",\"@id\":\"https:\\\/\\\/gastronomicament.cat\\\/de\\\/menus-gastronomics-360-graus-a-alcudia#article\",\"isPartOf\":{\"@id\":\"https:\\\/\\\/gastronomicament.cat\\\/de\\\/menus-gastronomics-360-graus-a-alcudia\"},\"author\":{\"name\":\"Redacci\u00f3\",\"@id\":\"https:\\\/\\\/gastronomicament.cat\\\/de\\\/#\\\/schema\\\/person\\\/a7c85c537a1ed62799a5b8e0f686a37f\"},\"headline\":\"Men\u00fas gastron\u00f2mics 360\u00ba a Alc\u00fadia\",\"datePublished\":\"2013-04-24T14:40:47+00:00\",\"dateModified\":\"2022-04-09T10:05:39+00:00\",\"mainEntityOfPage\":{\"@id\":\"https:\\\/\\\/gastronomicament.cat\\\/de\\\/menus-gastronomics-360-graus-a-alcudia\"},\"wordCount\":376,\"commentCount\":1,\"publisher\":{\"@id\":\"https:\\\/\\\/gastronomicament.cat\\\/de\\\/#organization\"},\"image\":{\"@id\":\"https:\\\/\\\/gastronomicament.cat\\\/de\\\/menus-gastronomics-360-graus-a-alcudia#primaryimage\"},\"thumbnailUrl\":\"https:\\\/\\\/gastronomicament.cat\\\/wp-content\\\/uploads\\\/2013\\\/04\\\/Gas\\\/Gastronomia-360-graus-Alc\u00fadia-2013.jpg\",\"articleSection\":[\"Actualitat\"],\"inLanguage\":\"de\",\"potentialAction\":[{\"@type\":\"CommentAction\",\"name\":\"Comment\",\"target\":[\"https:\\\/\\\/gastronomicament.cat\\\/de\\\/menus-gastronomics-360-graus-a-alcudia#respond\"]}]},{\"@type\":\"WebPage\",\"@id\":\"https:\\\/\\\/gastronomicament.cat\\\/de\\\/menus-gastronomics-360-graus-a-alcudia\",\"url\":\"https:\\\/\\\/gastronomicament.cat\\\/de\\\/menus-gastronomics-360-graus-a-alcudia\",\"name\":\"Men\u00fas gastron\u00f2mics 360\u00ba a Alc\u00fadia\",\"isPartOf\":{\"@id\":\"https:\\\/\\\/gastronomicament.cat\\\/de\\\/#website\"},\"primaryImageOfPage\":{\"@id\":\"https:\\\/\\\/gastronomicament.cat\\\/de\\\/menus-gastronomics-360-graus-a-alcudia#primaryimage\"},\"image\":{\"@id\":\"https:\\\/\\\/gastronomicament.cat\\\/de\\\/menus-gastronomics-360-graus-a-alcudia#primaryimage\"},\"thumbnailUrl\":\"https:\\\/\\\/gastronomicament.cat\\\/wp-content\\\/uploads\\\/2013\\\/04\\\/Gas\\\/Gastronomia-360-graus-Alc\u00fadia-2013.jpg\",\"datePublished\":\"2013-04-24T14:40:47+00:00\",\"dateModified\":\"2022-04-09T10:05:39+00:00\",\"description\":\"Men\u00fas gastron\u00f2mics 360\u00ba a Alc\u00fadia\",\"inLanguage\":\"de\",\"potentialAction\":[{\"@type\":\"ReadAction\",\"target\":[\"https:\\\/\\\/gastronomicament.cat\\\/de\\\/menus-gastronomics-360-graus-a-alcudia\"]}]},{\"@type\":\"ImageObject\",\"inLanguage\":\"de\",\"@id\":\"https:\\\/\\\/gastronomicament.cat\\\/de\\\/menus-gastronomics-360-graus-a-alcudia#primaryimage\",\"url\":\"https:\\\/\\\/gastronomicament.cat\\\/wp-content\\\/uploads\\\/2013\\\/04\\\/Gas\\\/Gastronomia-360-graus-Alc\u00fadia-2013.jpg\",\"contentUrl\":\"https:\\\/\\\/gastronomicament.cat\\\/wp-content\\\/uploads\\\/2013\\\/04\\\/Gas\\\/Gastronomia-360-graus-Alc\u00fadia-2013.jpg\",\"width\":640,\"height\":300},{\"@type\":\"WebSite\",\"@id\":\"https:\\\/\\\/gastronomicament.cat\\\/de\\\/#website\",\"url\":\"https:\\\/\\\/gastronomicament.cat\\\/de\\\/\",\"name\":\"Gastron\u00f2micament\",\"description\":\"Portal de restaurants, receptes i actualitat gastron\u00f2mica\",\"publisher\":{\"@id\":\"https:\\\/\\\/gastronomicament.cat\\\/de\\\/#organization\"},\"potentialAction\":[{\"@type\":\"SearchAction\",\"target\":{\"@type\":\"EntryPoint\",\"urlTemplate\":\"https:\\\/\\\/gastronomicament.cat\\\/de\\\/?s={search_term_string}\"},\"query-input\":{\"@type\":\"PropertyValueSpecification\",\"valueRequired\":true,\"valueName\":\"search_term_string\"}}],\"inLanguage\":\"de\"},{\"@type\":\"Organization\",\"@id\":\"https:\\\/\\\/gastronomicament.cat\\\/de\\\/#organization\",\"name\":\"Gastron\u00f2micament\",\"url\":\"https:\\\/\\\/gastronomicament.cat\\\/de\\\/\",\"logo\":{\"@type\":\"ImageObject\",\"inLanguage\":\"de\",\"@id\":\"https:\\\/\\\/gastronomicament.cat\\\/de\\\/#\\\/schema\\\/logo\\\/image\\\/\",\"url\":\"https:\\\/\\\/gastronomicament.cat\\\/wp-content\\\/uploads\\\/2016\\\/09\\\/header-logo.jpg\",\"contentUrl\":\"https:\\\/\\\/gastronomicament.cat\\\/wp-content\\\/uploads\\\/2016\\\/09\\\/header-logo.jpg\",\"width\":277,\"height\":39,\"caption\":\"Gastron\u00f2micament\"},\"image\":{\"@id\":\"https:\\\/\\\/gastronomicament.cat\\\/de\\\/#\\\/schema\\\/logo\\\/image\\\/\"},\"sameAs\":[\"https:\\\/\\\/x.com\\\/gastronomicamen\"]},{\"@type\":\"Person\",\"@id\":\"https:\\\/\\\/gastronomicament.cat\\\/de\\\/#\\\/schema\\\/person\\\/a7c85c537a1ed62799a5b8e0f686a37f\",\"name\":\"Redacci\u00f3\",\"image\":{\"@type\":\"ImageObject\",\"inLanguage\":\"de\",\"@id\":\"https:\\\/\\\/secure.gravatar.com\\\/avatar\\\/9489a485c464fd611d33825daae651d13db70c4e74c65c94937a15a9d4c3ee14?s=96&d=mm&r=g69fea3cce3645dfa2166e7293e22955e\",\"url\":\"https:\\\/\\\/secure.gravatar.com\\\/avatar\\\/9489a485c464fd611d33825daae651d13db70c4e74c65c94937a15a9d4c3ee14?s=96&d=mm&r=g\",\"contentUrl\":\"https:\\\/\\\/secure.gravatar.com\\\/avatar\\\/9489a485c464fd611d33825daae651d13db70c4e74c65c94937a15a9d4c3ee14?s=96&d=mm&r=g\",\"caption\":\"Redacci\u00f3\"},\"sameAs\":[\"http:\\\/\\\/gastronomicament.cat\"],\"url\":\"https:\\\/\\\/gastronomicament.cat\\\/de\\\/author\\\/admin\"}]}<\/script>\n<!-- \/ Yoast SEO plugin. -->","yoast_head_json":{"title":"Men\u00fas gastron\u00f2mics 360\u00ba a Alc\u00fadia","description":"Men\u00fas gastron\u00f2mics 360\u00ba a Alc\u00fadia","robots":{"index":"index","follow":"follow","max-snippet":"max-snippet:-1","max-image-preview":"max-image-preview:large","max-video-preview":"max-video-preview:-1"},"canonical":"https:\/\/gastronomicament.cat\/de\/menus-gastronomics-360-graus-a-alcudia","og_locale":"de_DE","og_type":"article","og_title":"Men\u00fas gastron\u00f2mics 360\u00ba a Alc\u00fadia","og_description":"Men\u00fas gastron\u00f2mics 360\u00ba a Alc\u00fadia","og_url":"https:\/\/gastronomicament.cat\/de\/menus-gastronomics-360-graus-a-alcudia","og_site_name":"Gastron\u00f2micament","article_published_time":"2013-04-24T14:40:47+00:00","article_modified_time":"2022-04-09T10:05:39+00:00","og_image":[{"width":640,"height":300,"url":"https:\/\/gastronomicament.cat\/wp-content\/uploads\/2013\/04\/Gas\/Gastronomia-360-graus-Alc\u00fadia-2013.jpg","type":"image\/jpeg"}],"author":"Redacci\u00f3","twitter_card":"summary_large_image","twitter_creator":"@gastronomicamen","twitter_site":"@gastronomicamen","twitter_misc":{"Verfasst von":"Redacci\u00f3","Gesch\u00e4tzte Lesezeit":"2\u00a0Minuten","Written by":"Redacci\u00f3"},"schema":{"@context":"https:\/\/schema.org","@graph":[{"@type":"Article","@id":"https:\/\/gastronomicament.cat\/de\/menus-gastronomics-360-graus-a-alcudia#article","isPartOf":{"@id":"https:\/\/gastronomicament.cat\/de\/menus-gastronomics-360-graus-a-alcudia"},"author":{"name":"Redacci\u00f3","@id":"https:\/\/gastronomicament.cat\/de\/#\/schema\/person\/a7c85c537a1ed62799a5b8e0f686a37f"},"headline":"Men\u00fas gastron\u00f2mics 360\u00ba a Alc\u00fadia","datePublished":"2013-04-24T14:40:47+00:00","dateModified":"2022-04-09T10:05:39+00:00","mainEntityOfPage":{"@id":"https:\/\/gastronomicament.cat\/de\/menus-gastronomics-360-graus-a-alcudia"},"wordCount":376,"commentCount":1,"publisher":{"@id":"https:\/\/gastronomicament.cat\/de\/#organization"},"image":{"@id":"https:\/\/gastronomicament.cat\/de\/menus-gastronomics-360-graus-a-alcudia#primaryimage"},"thumbnailUrl":"https:\/\/gastronomicament.cat\/wp-content\/uploads\/2013\/04\/Gas\/Gastronomia-360-graus-Alc\u00fadia-2013.jpg","articleSection":["Actualitat"],"inLanguage":"de","potentialAction":[{"@type":"CommentAction","name":"Comment","target":["https:\/\/gastronomicament.cat\/de\/menus-gastronomics-360-graus-a-alcudia#respond"]}]},{"@type":"WebPage","@id":"https:\/\/gastronomicament.cat\/de\/menus-gastronomics-360-graus-a-alcudia","url":"https:\/\/gastronomicament.cat\/de\/menus-gastronomics-360-graus-a-alcudia","name":"Men\u00fas gastron\u00f2mics 360\u00ba a Alc\u00fadia","isPartOf":{"@id":"https:\/\/gastronomicament.cat\/de\/#website"},"primaryImageOfPage":{"@id":"https:\/\/gastronomicament.cat\/de\/menus-gastronomics-360-graus-a-alcudia#primaryimage"},"image":{"@id":"https:\/\/gastronomicament.cat\/de\/menus-gastronomics-360-graus-a-alcudia#primaryimage"},"thumbnailUrl":"https:\/\/gastronomicament.cat\/wp-content\/uploads\/2013\/04\/Gas\/Gastronomia-360-graus-Alc\u00fadia-2013.jpg","datePublished":"2013-04-24T14:40:47+00:00","dateModified":"2022-04-09T10:05:39+00:00","description":"Men\u00fas gastron\u00f2mics 360\u00ba a Alc\u00fadia","inLanguage":"de","potentialAction":[{"@type":"ReadAction","target":["https:\/\/gastronomicament.cat\/de\/menus-gastronomics-360-graus-a-alcudia"]}]},{"@type":"ImageObject","inLanguage":"de","@id":"https:\/\/gastronomicament.cat\/de\/menus-gastronomics-360-graus-a-alcudia#primaryimage","url":"https:\/\/gastronomicament.cat\/wp-content\/uploads\/2013\/04\/Gas\/Gastronomia-360-graus-Alc\u00fadia-2013.jpg","contentUrl":"https:\/\/gastronomicament.cat\/wp-content\/uploads\/2013\/04\/Gas\/Gastronomia-360-graus-Alc\u00fadia-2013.jpg","width":640,"height":300},{"@type":"WebSite","@id":"https:\/\/gastronomicament.cat\/de\/#website","url":"https:\/\/gastronomicament.cat\/de\/","name":"Gastron\u00f2micament","description":"Portal de restaurants, receptes i actualitat gastron\u00f2mica","publisher":{"@id":"https:\/\/gastronomicament.cat\/de\/#organization"},"potentialAction":[{"@type":"SearchAction","target":{"@type":"EntryPoint","urlTemplate":"https:\/\/gastronomicament.cat\/de\/?s={search_term_string}"},"query-input":{"@type":"PropertyValueSpecification","valueRequired":true,"valueName":"search_term_string"}}],"inLanguage":"de"},{"@type":"Organization","@id":"https:\/\/gastronomicament.cat\/de\/#organization","name":"Gastron\u00f2micament","url":"https:\/\/gastronomicament.cat\/de\/","logo":{"@type":"ImageObject","inLanguage":"de","@id":"https:\/\/gastronomicament.cat\/de\/#\/schema\/logo\/image\/","url":"https:\/\/gastronomicament.cat\/wp-content\/uploads\/2016\/09\/header-logo.jpg","contentUrl":"https:\/\/gastronomicament.cat\/wp-content\/uploads\/2016\/09\/header-logo.jpg","width":277,"height":39,"caption":"Gastron\u00f2micament"},"image":{"@id":"https:\/\/gastronomicament.cat\/de\/#\/schema\/logo\/image\/"},"sameAs":["https:\/\/x.com\/gastronomicamen"]},{"@type":"Person","@id":"https:\/\/gastronomicament.cat\/de\/#\/schema\/person\/a7c85c537a1ed62799a5b8e0f686a37f","name":"Redacci\u00f3","image":{"@type":"ImageObject","inLanguage":"de","@id":"https:\/\/secure.gravatar.com\/avatar\/9489a485c464fd611d33825daae651d13db70c4e74c65c94937a15a9d4c3ee14?s=96&d=mm&r=g69fea3cce3645dfa2166e7293e22955e","url":"https:\/\/secure.gravatar.com\/avatar\/9489a485c464fd611d33825daae651d13db70c4e74c65c94937a15a9d4c3ee14?s=96&d=mm&r=g","contentUrl":"https:\/\/secure.gravatar.com\/avatar\/9489a485c464fd611d33825daae651d13db70c4e74c65c94937a15a9d4c3ee14?s=96&d=mm&r=g","caption":"Redacci\u00f3"},"sameAs":["http:\/\/gastronomicament.cat"],"url":"https:\/\/gastronomicament.cat\/de\/author\/admin"}]}},"_links":{"self":[{"href":"https:\/\/gastronomicament.cat\/de\/wp-json\/wp\/v2\/posts\/72997","targetHints":{"allow":["GET"]}}],"collection":[{"href":"https:\/\/gastronomicament.cat\/de\/wp-json\/wp\/v2\/posts"}],"about":[{"href":"https:\/\/gastronomicament.cat\/de\/wp-json\/wp\/v2\/types\/post"}],"author":[{"embeddable":true,"href":"https:\/\/gastronomicament.cat\/de\/wp-json\/wp\/v2\/users\/1"}],"replies":[{"embeddable":true,"href":"https:\/\/gastronomicament.cat\/de\/wp-json\/wp\/v2\/comments?post=72997"}],"version-history":[{"count":0,"href":"https:\/\/gastronomicament.cat\/de\/wp-json\/wp\/v2\/posts\/72997\/revisions"}],"wp:featuredmedia":[{"embeddable":true,"href":"https:\/\/gastronomicament.cat\/de\/wp-json\/wp\/v2\/media\/49386"}],"wp:attachment":[{"href":"https:\/\/gastronomicament.cat\/de\/wp-json\/wp\/v2\/media?parent=72997"}],"wp:term":[{"taxonomy":"category","embeddable":true,"href":"https:\/\/gastronomicament.cat\/de\/wp-json\/wp\/v2\/categories?post=72997"},{"taxonomy":"post_tag","embeddable":true,"href":"https:\/\/gastronomicament.cat\/de\/wp-json\/wp\/v2\/tags?post=72997"},{"taxonomy":"author","embeddable":true,"href":"https:\/\/gastronomicament.cat\/de\/wp-json\/wp\/v2\/coauthors?post=72997"}],"curies":[{"name":"wp","href":"https:\/\/api.w.org\/{rel}","templated":true}]}}