{"id":75497,"date":"2022-04-19T09:34:53","date_gmt":"2022-04-19T07:34:53","guid":{"rendered":"https:\/\/gastronomicament.cat\/menus-de-la-tercera-jornada-de-la-mostra-de-cuines-de-calvia"},"modified":"2022-04-19T09:34:53","modified_gmt":"2022-04-19T07:34:53","slug":"menus-de-la-tercera-jornada-de-la-mostra-de-cuines-de-calvia","status":"publish","type":"post","link":"https:\/\/gastronomicament.cat\/de\/menus-de-la-tercera-jornada-de-la-mostra-de-cuines-de-calvia","title":{"rendered":"Men\u00fas de la tercera jornada de la Mostra de Cuines de Calvi\u00e0"},"content":{"rendered":"<p>La\u00a0<strong>Mostra de Cuines de Calvi\u00e0 2022\u00a0<\/strong>supera l&#8217;equador de l&#8217;edici\u00f3 de primavera aquest divendres, quan es far\u00e0 la tercera jornada. Aquest\u00a0<strong>divendres 22 d&#8217;abril<\/strong>, un total de\u00a0<strong>10 restaurants<\/strong>\u00a0oferiran men\u00fas especials a un preu popular. Es tracta d&#8217;establiments ubicats a\u00a0<strong>Peguera, Cala Fornells, el Toro, Calvi\u00e0, Son Ferrer<\/strong>.<\/p>\n<p>Els men\u00fas s\u00f3n els seg\u00fcents:<\/p>\n<p><strong>MES\u00d3N SON FERRER \u2013 Mussol, 4 (Son Ferrer)<br \/>\n<\/strong>Reserves: 971 230 978<br \/>\nPrimer plat: Arr\u00f2s cald\u00f3s bombeta de Molino Roca valenci\u00e0 a l\u2019estil mariner<br \/>\nPlat principal: Entrecot de garr\u00ed al carb\u00f3 d\u2019alzina amb patates fregides, alls i pebrots<br \/>\nPostres: Sorbet d\u2019ametlla mallorquina torrada al trif\u00e0sic de licor de Bailey\u2019s<br \/>\nBeguda: Copa de vi Rioja, aigua, canya o refresc<br \/>\nPreu: 18 \u20ac<\/p>\n<p><strong>CAN XISCO RESTAURANT \u2013 Can Ferrer, 1 LC. 1 (Son Ferrer)<br \/>\n<\/strong>Reserves: 971 154 903<br \/>\nPrimer plat: Frit de corder<br \/>\nPlat principal: Cansalada de porc al forn<br \/>\nPostres: Past\u00eds de pastanagues o banoffee<br \/>\nBeguda: Aigua, vi, gasosa<br \/>\nPreu: 16 \u20ac<\/p>\n<p><strong>RESTAURANT VINO DEL MAR \u2013 Port Adriano, 3 C (el Toro)<br \/>\n<\/strong>Reserves: 971 237 360<br \/>\nPrimer plat: T\u00e0rtar de salm\u00f3 amb coriandre, llima i flors de caparres<br \/>\nPlat principal: Raviolis d\u2019espinacs als 3 formatges<br \/>\nPostres: Tiramis\u00fa de Bailey\u2019s<br \/>\nBeguda: Copa de vi, aigua o canya<br \/>\nPreu: 18 \u20ac<\/p>\n<p><strong>MARISQUERIA EL FARO DEL TORO \u2013 Port Adriano, m\u00f3dulo 4 local 3 (el Toro)<br \/>\n<\/strong>Reserves: 971 232 676<br \/>\nPrimer plat: Mixt El Faro: Seitons fregits, calamars a l\u2019andalusa, pebrots de Padr\u00f3n<br \/>\nPlat principal: Filets de gall fregits amb ceba<br \/>\nPostres: Past\u00eds casol\u00e0 de pastanagues<br \/>\nBeguda: Copa de vi o aigua o cervesa o refresc<br \/>\nPreu: 18 \u20ac<\/p>\n<p><strong>RESTAURANT MY TRUE BURGER AND VEGAN \u2013 Port Adriano, s\/n (el Toro)<br \/>\n<\/strong>Reserves: 638 746 426<br \/>\nPrimer plat: Samosses de pollastre amb salsa dol\u00e7a de xile<br \/>\nPlat principal: Hamburguesa \u201cserranita\u201d burger de vedella, amb pernil serr\u00e0, pebrot verd fregit i formatge manxec amb una deliciosa salsa de mel i mostassa<br \/>\nPostres: Past\u00eds fred de llimona<br \/>\nBeguda: Canya, copa de vi o refresc<br \/>\nPreu: 16 \u20ac<\/p>\n<p><strong>ES TRINXET- Major, 49 (Calvi\u00e0)<br \/>\n<\/strong>Reserves: 677 891 075<br \/>\nPrimer plat: Cebiche de corbina<br \/>\nPlat principal: Canelons farcits de porcella amb poma<br \/>\nPostres: Past\u00eds de pastanaga amb nous<br \/>\nBeguda: Canya o aigua o copa de vi<br \/>\nPreu: 17 \u20ac<\/p>\n<p><strong>RESTAURANT DIAMANTE \u2013 Palmira, 4 (Peguera)<br \/>\n<\/strong>Reserves: 669 141 536<br \/>\nPrimer plat: Gambes kataifi sobre un llit de verduretes teriyaki en salsa de curri<br \/>\nPlat principal: Filet de porc en salsa de sobrassada i mel acompanyat de patata<br \/>\nPostres: Selva negra<br \/>\nBeguda: Aigua, una copa de vi o una cervesa<br \/>\nPreu: 18 \u20ac<\/p>\n<p><strong>RESTAURANT ALGARROBO \u2013 Garrovers, 2 (Peguera)<br \/>\n<\/strong>Reserves: \u00a0673 122 304<br \/>\nPrimer plat: Cebiche de llobarro<br \/>\nPlat principal: Calamar farcit<br \/>\nPostres: Tiramis\u00fa<br \/>\nBeguda: Aigua, vi de la casa o cervesa<br \/>\nPreu: 18 \u20ac<\/p>\n<p><strong>RESTAURANT CUPIDOR \u2013 Ctra. Capdell\u00e0, 4 (Peguera)<br \/>\n<\/strong>Reserves: 971 686 227<br \/>\nPrimer plat: Amanida de salm\u00f3 marinat amb mostassa de Dijon<br \/>\nPlat principal: Raviolis casolans de xai amb salsa de carn, roman\u00ed i p\u00f3lvores de pernil serr\u00e0<br \/>\nPostres: Mini pizza amb Nutella i gelat de vainilla<br \/>\nBeguda: Copa de vi<br \/>\nPreu: 18 \u20ac<\/p>\n<p><strong>RESTAURANT LA GRITTA- L\u2019Espiga, 9 (Cala Fornells)<br \/>\n<\/strong>Reserves: 971 686 022<br \/>\nPrimer plat: Ous trencats amb calamarsons i pebrots<br \/>\nPlat principal: Galta de porc ib\u00e8ric al moscatell amb samfaina i pur\u00e9 de mongetes seques especiat<br \/>\nPostres: Coulant de xocolata negra amb salsa de xocolata blanca i iogurt<br \/>\nBeguda: 1 copa de vi o 1 canya o 1 refresc<br \/>\nPreu: 18 \u20ac<\/p>\n<p>&nbsp;<\/p>\n<p><iframe src=\"https:\/\/www.google.com\/maps\/d\/embed?mid=1bKfNm6a5Dp1kNFXbFBNy9KiSKIx0osBe&amp;ehbc=2E312F\" width=\"640\" height=\"480\"><\/iframe><\/p>\n<p>&nbsp;<\/p>\n","protected":false},"excerpt":{"rendered":"<p>Aquest\u00a0divendres 22 d&#8217;abril, un total de\u00a010 restaurants\u00a0oferiran men\u00fas especials a un preu popular<\/p>\n","protected":false},"author":1,"featured_media":75460,"comment_status":"open","ping_status":"closed","sticky":false,"template":"","format":"standard","meta":{"_acf_changed":false,"_swt_meta_header_display":false,"_swt_meta_footer_display":false,"_swt_meta_site_title_display":false,"_swt_meta_sticky_header":false,"_swt_meta_transparent_header":false,"footnotes":""},"categories":[1050,1473],"tags":[],"coauthors":[],"class_list":["post-75497","post","type-post","status-publish","format-standard","has-post-thumbnail","hentry","category-actualitat-es-de","category-fires-i-rutes-de"],"acf":{"gallery":null,"home_date":{"home_begin_date":null,"home_end_date":null}},"yoast_head":"<!-- This site is optimized with the Yoast SEO plugin v27.4 - https:\/\/yoast.com\/product\/yoast-seo-wordpress\/ -->\n<title>Men\u00fas de la tercera jornada de la Mostra de Cuines de Calvi\u00e0 - Gastron\u00f2micament<\/title>\n<meta name=\"description\" content=\"Men\u00fas de la tercera jornada de la Mostra de Cuines de Calvi\u00e0 Actualitat, Fires i rutes Aquest\u00a0divendres 22 d&#039;abril, un total de\u00a010 restaurants\u00a0oferiran men\u00fas especials a un preu popular\" \/>\n<meta name=\"robots\" content=\"index, follow, max-snippet:-1, max-image-preview:large, max-video-preview:-1\" \/>\n<link rel=\"canonical\" href=\"https:\/\/gastronomicament.cat\/de\/menus-de-la-tercera-jornada-de-la-mostra-de-cuines-de-calvia\" \/>\n<meta property=\"og:locale\" content=\"de_DE\" \/>\n<meta property=\"og:type\" content=\"article\" \/>\n<meta property=\"og:title\" content=\"Men\u00fas de la tercera jornada de la Mostra de Cuines de Calvi\u00e0 - Gastron\u00f2micament\" \/>\n<meta property=\"og:description\" content=\"Men\u00fas de la tercera jornada de la Mostra de Cuines de Calvi\u00e0 Actualitat, Fires i rutes Aquest\u00a0divendres 22 d&#039;abril, un total de\u00a010 restaurants\u00a0oferiran men\u00fas especials a un preu popular\" \/>\n<meta property=\"og:url\" content=\"https:\/\/gastronomicament.cat\/de\/menus-de-la-tercera-jornada-de-la-mostra-de-cuines-de-calvia\" \/>\n<meta property=\"og:site_name\" content=\"Gastron\u00f2micament\" \/>\n<meta property=\"article:published_time\" content=\"2022-04-19T07:34:53+00:00\" \/>\n<meta property=\"og:image\" content=\"https:\/\/gastronomicament.cat\/wp-content\/uploads\/2022\/04\/Mostra-Cuines-Calvia-2022-abril-1.jpg\" \/>\n\t<meta property=\"og:image:width\" content=\"1575\" \/>\n\t<meta property=\"og:image:height\" content=\"1003\" \/>\n\t<meta property=\"og:image:type\" content=\"image\/jpeg\" \/>\n<meta name=\"author\" content=\"Redacci\u00f3\" \/>\n<meta name=\"twitter:card\" content=\"summary_large_image\" \/>\n<meta name=\"twitter:creator\" content=\"@gastronomicamen\" \/>\n<meta name=\"twitter:site\" content=\"@gastronomicamen\" \/>\n<meta name=\"twitter:label1\" content=\"Verfasst von\" \/>\n\t<meta name=\"twitter:data1\" content=\"Redacci\u00f3\" \/>\n\t<meta name=\"twitter:label2\" content=\"Gesch\u00e4tzte Lesezeit\" \/>\n\t<meta name=\"twitter:data2\" content=\"4\u00a0Minuten\" \/>\n\t<meta name=\"twitter:label3\" content=\"Written by\" \/>\n\t<meta name=\"twitter:data3\" content=\"Redacci\u00f3\" \/>\n<script type=\"application\/ld+json\" class=\"yoast-schema-graph\">{\"@context\":\"https:\\\/\\\/schema.org\",\"@graph\":[{\"@type\":\"Article\",\"@id\":\"https:\\\/\\\/gastronomicament.cat\\\/de\\\/menus-de-la-tercera-jornada-de-la-mostra-de-cuines-de-calvia#article\",\"isPartOf\":{\"@id\":\"https:\\\/\\\/gastronomicament.cat\\\/de\\\/menus-de-la-tercera-jornada-de-la-mostra-de-cuines-de-calvia\"},\"author\":{\"name\":\"Redacci\u00f3\",\"@id\":\"https:\\\/\\\/gastronomicament.cat\\\/de\\\/#\\\/schema\\\/person\\\/a7c85c537a1ed62799a5b8e0f686a37f\"},\"headline\":\"Men\u00fas de la tercera jornada de la Mostra de Cuines de Calvi\u00e0\",\"datePublished\":\"2022-04-19T07:34:53+00:00\",\"mainEntityOfPage\":{\"@id\":\"https:\\\/\\\/gastronomicament.cat\\\/de\\\/menus-de-la-tercera-jornada-de-la-mostra-de-cuines-de-calvia\"},\"wordCount\":530,\"commentCount\":0,\"publisher\":{\"@id\":\"https:\\\/\\\/gastronomicament.cat\\\/de\\\/#organization\"},\"image\":{\"@id\":\"https:\\\/\\\/gastronomicament.cat\\\/de\\\/menus-de-la-tercera-jornada-de-la-mostra-de-cuines-de-calvia#primaryimage\"},\"thumbnailUrl\":\"https:\\\/\\\/gastronomicament.cat\\\/wp-content\\\/uploads\\\/2022\\\/04\\\/Mostra-Cuines-Calvia-2022-abril-1.jpg\",\"articleSection\":[\"Actualitat\",\"Fires i rutes\"],\"inLanguage\":\"de\",\"potentialAction\":[{\"@type\":\"CommentAction\",\"name\":\"Comment\",\"target\":[\"https:\\\/\\\/gastronomicament.cat\\\/de\\\/menus-de-la-tercera-jornada-de-la-mostra-de-cuines-de-calvia#respond\"]}]},{\"@type\":\"WebPage\",\"@id\":\"https:\\\/\\\/gastronomicament.cat\\\/de\\\/menus-de-la-tercera-jornada-de-la-mostra-de-cuines-de-calvia\",\"url\":\"https:\\\/\\\/gastronomicament.cat\\\/de\\\/menus-de-la-tercera-jornada-de-la-mostra-de-cuines-de-calvia\",\"name\":\"Men\u00fas de la tercera jornada de la Mostra de Cuines de Calvi\u00e0 - Gastron\u00f2micament\",\"isPartOf\":{\"@id\":\"https:\\\/\\\/gastronomicament.cat\\\/de\\\/#website\"},\"primaryImageOfPage\":{\"@id\":\"https:\\\/\\\/gastronomicament.cat\\\/de\\\/menus-de-la-tercera-jornada-de-la-mostra-de-cuines-de-calvia#primaryimage\"},\"image\":{\"@id\":\"https:\\\/\\\/gastronomicament.cat\\\/de\\\/menus-de-la-tercera-jornada-de-la-mostra-de-cuines-de-calvia#primaryimage\"},\"thumbnailUrl\":\"https:\\\/\\\/gastronomicament.cat\\\/wp-content\\\/uploads\\\/2022\\\/04\\\/Mostra-Cuines-Calvia-2022-abril-1.jpg\",\"datePublished\":\"2022-04-19T07:34:53+00:00\",\"description\":\"Men\u00fas de la tercera jornada de la Mostra de Cuines de Calvi\u00e0 Actualitat, Fires i rutes Aquest\u00a0divendres 22 d'abril, un total de\u00a010 restaurants\u00a0oferiran men\u00fas especials a un preu popular\",\"inLanguage\":\"de\",\"potentialAction\":[{\"@type\":\"ReadAction\",\"target\":[\"https:\\\/\\\/gastronomicament.cat\\\/de\\\/menus-de-la-tercera-jornada-de-la-mostra-de-cuines-de-calvia\"]}]},{\"@type\":\"ImageObject\",\"inLanguage\":\"de\",\"@id\":\"https:\\\/\\\/gastronomicament.cat\\\/de\\\/menus-de-la-tercera-jornada-de-la-mostra-de-cuines-de-calvia#primaryimage\",\"url\":\"https:\\\/\\\/gastronomicament.cat\\\/wp-content\\\/uploads\\\/2022\\\/04\\\/Mostra-Cuines-Calvia-2022-abril-1.jpg\",\"contentUrl\":\"https:\\\/\\\/gastronomicament.cat\\\/wp-content\\\/uploads\\\/2022\\\/04\\\/Mostra-Cuines-Calvia-2022-abril-1.jpg\",\"width\":1575,\"height\":1003},{\"@type\":\"WebSite\",\"@id\":\"https:\\\/\\\/gastronomicament.cat\\\/de\\\/#website\",\"url\":\"https:\\\/\\\/gastronomicament.cat\\\/de\\\/\",\"name\":\"Gastron\u00f2micament\",\"description\":\"Portal de restaurants, receptes i actualitat gastron\u00f2mica\",\"publisher\":{\"@id\":\"https:\\\/\\\/gastronomicament.cat\\\/de\\\/#organization\"},\"potentialAction\":[{\"@type\":\"SearchAction\",\"target\":{\"@type\":\"EntryPoint\",\"urlTemplate\":\"https:\\\/\\\/gastronomicament.cat\\\/de\\\/?s={search_term_string}\"},\"query-input\":{\"@type\":\"PropertyValueSpecification\",\"valueRequired\":true,\"valueName\":\"search_term_string\"}}],\"inLanguage\":\"de\"},{\"@type\":\"Organization\",\"@id\":\"https:\\\/\\\/gastronomicament.cat\\\/de\\\/#organization\",\"name\":\"Gastron\u00f2micament\",\"url\":\"https:\\\/\\\/gastronomicament.cat\\\/de\\\/\",\"logo\":{\"@type\":\"ImageObject\",\"inLanguage\":\"de\",\"@id\":\"https:\\\/\\\/gastronomicament.cat\\\/de\\\/#\\\/schema\\\/logo\\\/image\\\/\",\"url\":\"https:\\\/\\\/gastronomicament.cat\\\/wp-content\\\/uploads\\\/2016\\\/09\\\/header-logo.jpg\",\"contentUrl\":\"https:\\\/\\\/gastronomicament.cat\\\/wp-content\\\/uploads\\\/2016\\\/09\\\/header-logo.jpg\",\"width\":277,\"height\":39,\"caption\":\"Gastron\u00f2micament\"},\"image\":{\"@id\":\"https:\\\/\\\/gastronomicament.cat\\\/de\\\/#\\\/schema\\\/logo\\\/image\\\/\"},\"sameAs\":[\"https:\\\/\\\/x.com\\\/gastronomicamen\"]},{\"@type\":\"Person\",\"@id\":\"https:\\\/\\\/gastronomicament.cat\\\/de\\\/#\\\/schema\\\/person\\\/a7c85c537a1ed62799a5b8e0f686a37f\",\"name\":\"Redacci\u00f3\",\"image\":{\"@type\":\"ImageObject\",\"inLanguage\":\"de\",\"@id\":\"https:\\\/\\\/secure.gravatar.com\\\/avatar\\\/9489a485c464fd611d33825daae651d13db70c4e74c65c94937a15a9d4c3ee14?s=96&d=mm&r=g69fea3cce3645dfa2166e7293e22955e\",\"url\":\"https:\\\/\\\/secure.gravatar.com\\\/avatar\\\/9489a485c464fd611d33825daae651d13db70c4e74c65c94937a15a9d4c3ee14?s=96&d=mm&r=g\",\"contentUrl\":\"https:\\\/\\\/secure.gravatar.com\\\/avatar\\\/9489a485c464fd611d33825daae651d13db70c4e74c65c94937a15a9d4c3ee14?s=96&d=mm&r=g\",\"caption\":\"Redacci\u00f3\"},\"sameAs\":[\"http:\\\/\\\/gastronomicament.cat\"],\"url\":\"https:\\\/\\\/gastronomicament.cat\\\/de\\\/author\\\/admin\"}]}<\/script>\n<!-- \/ Yoast SEO plugin. -->","yoast_head_json":{"title":"Men\u00fas de la tercera jornada de la Mostra de Cuines de Calvi\u00e0 - Gastron\u00f2micament","description":"Men\u00fas de la tercera jornada de la Mostra de Cuines de Calvi\u00e0 Actualitat, Fires i rutes Aquest\u00a0divendres 22 d'abril, un total de\u00a010 restaurants\u00a0oferiran men\u00fas especials a un preu popular","robots":{"index":"index","follow":"follow","max-snippet":"max-snippet:-1","max-image-preview":"max-image-preview:large","max-video-preview":"max-video-preview:-1"},"canonical":"https:\/\/gastronomicament.cat\/de\/menus-de-la-tercera-jornada-de-la-mostra-de-cuines-de-calvia","og_locale":"de_DE","og_type":"article","og_title":"Men\u00fas de la tercera jornada de la Mostra de Cuines de Calvi\u00e0 - Gastron\u00f2micament","og_description":"Men\u00fas de la tercera jornada de la Mostra de Cuines de Calvi\u00e0 Actualitat, Fires i rutes Aquest\u00a0divendres 22 d'abril, un total de\u00a010 restaurants\u00a0oferiran men\u00fas especials a un preu popular","og_url":"https:\/\/gastronomicament.cat\/de\/menus-de-la-tercera-jornada-de-la-mostra-de-cuines-de-calvia","og_site_name":"Gastron\u00f2micament","article_published_time":"2022-04-19T07:34:53+00:00","og_image":[{"width":1575,"height":1003,"url":"https:\/\/gastronomicament.cat\/wp-content\/uploads\/2022\/04\/Mostra-Cuines-Calvia-2022-abril-1.jpg","type":"image\/jpeg"}],"author":"Redacci\u00f3","twitter_card":"summary_large_image","twitter_creator":"@gastronomicamen","twitter_site":"@gastronomicamen","twitter_misc":{"Verfasst von":"Redacci\u00f3","Gesch\u00e4tzte Lesezeit":"4\u00a0Minuten","Written by":"Redacci\u00f3"},"schema":{"@context":"https:\/\/schema.org","@graph":[{"@type":"Article","@id":"https:\/\/gastronomicament.cat\/de\/menus-de-la-tercera-jornada-de-la-mostra-de-cuines-de-calvia#article","isPartOf":{"@id":"https:\/\/gastronomicament.cat\/de\/menus-de-la-tercera-jornada-de-la-mostra-de-cuines-de-calvia"},"author":{"name":"Redacci\u00f3","@id":"https:\/\/gastronomicament.cat\/de\/#\/schema\/person\/a7c85c537a1ed62799a5b8e0f686a37f"},"headline":"Men\u00fas de la tercera jornada de la Mostra de Cuines de Calvi\u00e0","datePublished":"2022-04-19T07:34:53+00:00","mainEntityOfPage":{"@id":"https:\/\/gastronomicament.cat\/de\/menus-de-la-tercera-jornada-de-la-mostra-de-cuines-de-calvia"},"wordCount":530,"commentCount":0,"publisher":{"@id":"https:\/\/gastronomicament.cat\/de\/#organization"},"image":{"@id":"https:\/\/gastronomicament.cat\/de\/menus-de-la-tercera-jornada-de-la-mostra-de-cuines-de-calvia#primaryimage"},"thumbnailUrl":"https:\/\/gastronomicament.cat\/wp-content\/uploads\/2022\/04\/Mostra-Cuines-Calvia-2022-abril-1.jpg","articleSection":["Actualitat","Fires i rutes"],"inLanguage":"de","potentialAction":[{"@type":"CommentAction","name":"Comment","target":["https:\/\/gastronomicament.cat\/de\/menus-de-la-tercera-jornada-de-la-mostra-de-cuines-de-calvia#respond"]}]},{"@type":"WebPage","@id":"https:\/\/gastronomicament.cat\/de\/menus-de-la-tercera-jornada-de-la-mostra-de-cuines-de-calvia","url":"https:\/\/gastronomicament.cat\/de\/menus-de-la-tercera-jornada-de-la-mostra-de-cuines-de-calvia","name":"Men\u00fas de la tercera jornada de la Mostra de Cuines de Calvi\u00e0 - Gastron\u00f2micament","isPartOf":{"@id":"https:\/\/gastronomicament.cat\/de\/#website"},"primaryImageOfPage":{"@id":"https:\/\/gastronomicament.cat\/de\/menus-de-la-tercera-jornada-de-la-mostra-de-cuines-de-calvia#primaryimage"},"image":{"@id":"https:\/\/gastronomicament.cat\/de\/menus-de-la-tercera-jornada-de-la-mostra-de-cuines-de-calvia#primaryimage"},"thumbnailUrl":"https:\/\/gastronomicament.cat\/wp-content\/uploads\/2022\/04\/Mostra-Cuines-Calvia-2022-abril-1.jpg","datePublished":"2022-04-19T07:34:53+00:00","description":"Men\u00fas de la tercera jornada de la Mostra de Cuines de Calvi\u00e0 Actualitat, Fires i rutes Aquest\u00a0divendres 22 d'abril, un total de\u00a010 restaurants\u00a0oferiran men\u00fas especials a un preu popular","inLanguage":"de","potentialAction":[{"@type":"ReadAction","target":["https:\/\/gastronomicament.cat\/de\/menus-de-la-tercera-jornada-de-la-mostra-de-cuines-de-calvia"]}]},{"@type":"ImageObject","inLanguage":"de","@id":"https:\/\/gastronomicament.cat\/de\/menus-de-la-tercera-jornada-de-la-mostra-de-cuines-de-calvia#primaryimage","url":"https:\/\/gastronomicament.cat\/wp-content\/uploads\/2022\/04\/Mostra-Cuines-Calvia-2022-abril-1.jpg","contentUrl":"https:\/\/gastronomicament.cat\/wp-content\/uploads\/2022\/04\/Mostra-Cuines-Calvia-2022-abril-1.jpg","width":1575,"height":1003},{"@type":"WebSite","@id":"https:\/\/gastronomicament.cat\/de\/#website","url":"https:\/\/gastronomicament.cat\/de\/","name":"Gastron\u00f2micament","description":"Portal de restaurants, receptes i actualitat gastron\u00f2mica","publisher":{"@id":"https:\/\/gastronomicament.cat\/de\/#organization"},"potentialAction":[{"@type":"SearchAction","target":{"@type":"EntryPoint","urlTemplate":"https:\/\/gastronomicament.cat\/de\/?s={search_term_string}"},"query-input":{"@type":"PropertyValueSpecification","valueRequired":true,"valueName":"search_term_string"}}],"inLanguage":"de"},{"@type":"Organization","@id":"https:\/\/gastronomicament.cat\/de\/#organization","name":"Gastron\u00f2micament","url":"https:\/\/gastronomicament.cat\/de\/","logo":{"@type":"ImageObject","inLanguage":"de","@id":"https:\/\/gastronomicament.cat\/de\/#\/schema\/logo\/image\/","url":"https:\/\/gastronomicament.cat\/wp-content\/uploads\/2016\/09\/header-logo.jpg","contentUrl":"https:\/\/gastronomicament.cat\/wp-content\/uploads\/2016\/09\/header-logo.jpg","width":277,"height":39,"caption":"Gastron\u00f2micament"},"image":{"@id":"https:\/\/gastronomicament.cat\/de\/#\/schema\/logo\/image\/"},"sameAs":["https:\/\/x.com\/gastronomicamen"]},{"@type":"Person","@id":"https:\/\/gastronomicament.cat\/de\/#\/schema\/person\/a7c85c537a1ed62799a5b8e0f686a37f","name":"Redacci\u00f3","image":{"@type":"ImageObject","inLanguage":"de","@id":"https:\/\/secure.gravatar.com\/avatar\/9489a485c464fd611d33825daae651d13db70c4e74c65c94937a15a9d4c3ee14?s=96&d=mm&r=g69fea3cce3645dfa2166e7293e22955e","url":"https:\/\/secure.gravatar.com\/avatar\/9489a485c464fd611d33825daae651d13db70c4e74c65c94937a15a9d4c3ee14?s=96&d=mm&r=g","contentUrl":"https:\/\/secure.gravatar.com\/avatar\/9489a485c464fd611d33825daae651d13db70c4e74c65c94937a15a9d4c3ee14?s=96&d=mm&r=g","caption":"Redacci\u00f3"},"sameAs":["http:\/\/gastronomicament.cat"],"url":"https:\/\/gastronomicament.cat\/de\/author\/admin"}]}},"_links":{"self":[{"href":"https:\/\/gastronomicament.cat\/de\/wp-json\/wp\/v2\/posts\/75497","targetHints":{"allow":["GET"]}}],"collection":[{"href":"https:\/\/gastronomicament.cat\/de\/wp-json\/wp\/v2\/posts"}],"about":[{"href":"https:\/\/gastronomicament.cat\/de\/wp-json\/wp\/v2\/types\/post"}],"author":[{"embeddable":true,"href":"https:\/\/gastronomicament.cat\/de\/wp-json\/wp\/v2\/users\/1"}],"replies":[{"embeddable":true,"href":"https:\/\/gastronomicament.cat\/de\/wp-json\/wp\/v2\/comments?post=75497"}],"version-history":[{"count":0,"href":"https:\/\/gastronomicament.cat\/de\/wp-json\/wp\/v2\/posts\/75497\/revisions"}],"wp:featuredmedia":[{"embeddable":true,"href":"https:\/\/gastronomicament.cat\/de\/wp-json\/wp\/v2\/media\/75460"}],"wp:attachment":[{"href":"https:\/\/gastronomicament.cat\/de\/wp-json\/wp\/v2\/media?parent=75497"}],"wp:term":[{"taxonomy":"category","embeddable":true,"href":"https:\/\/gastronomicament.cat\/de\/wp-json\/wp\/v2\/categories?post=75497"},{"taxonomy":"post_tag","embeddable":true,"href":"https:\/\/gastronomicament.cat\/de\/wp-json\/wp\/v2\/tags?post=75497"},{"taxonomy":"author","embeddable":true,"href":"https:\/\/gastronomicament.cat\/de\/wp-json\/wp\/v2\/coauthors?post=75497"}],"curies":[{"name":"wp","href":"https:\/\/api.w.org\/{rel}","templated":true}]}}