{"id":76571,"date":"2022-06-15T12:35:09","date_gmt":"2022-06-15T10:35:09","guid":{"rendered":"https:\/\/gastronomicament.cat\/koldo-royo-presenta-un-nou-llibre-de-receptes"},"modified":"2022-06-15T12:35:09","modified_gmt":"2022-06-15T10:35:09","slug":"koldo-royo-presenta-un-nou-llibre-de-receptes","status":"publish","type":"post","link":"https:\/\/gastronomicament.cat\/de\/koldo-royo-presenta-un-nou-llibre-de-receptes","title":{"rendered":"Koldo Royo presenta un nou llibre de receptes"},"content":{"rendered":"<p>El cuiner\u00a0<strong>Koldo Royo<\/strong>\u00a0acaba de publicar un llibre de receptes nou. La novetat, explica el xef, \u00e9s que hi ha incorporat un codi QR que remet al v\u00eddeo publicat a Tik Tok, de manera que quan fas la recepta, pots seguir les passes que hi ha al llibre i, tamb\u00e9, veure com ho cuina a les xarxes socials.<\/p>\n<p>El llibre es titula\u00a0<em>Las recetas de Koldo Royo<\/em>\u00a0i ha estat editat per Oberon. L&#8217;obra inclou un centenar receptes senzilles per cuinar en qualsevol ocasi\u00f3.<\/p>\n<p>Actualment t\u00e9 m\u00e9s d&#8217;un mili\u00f3 tres-cents mil seguidors a les xarxes socials i els seus v\u00eddeos tenen milenars de visualitzacions i el seu p\u00fablic t\u00e9 entre 24 i 44 anys.<\/p>\n<p>&#8222;Amb aquest llibre vull arribar a tothom i fer una obra amb una cosa tan simple com cuinar amb els meus seguidors, ja siguin en paper o per Internet. Per aix\u00f2, hem fet totes les recetes de nou, les hem escrites de bell nou i les hem fotografiades&#8220;, apunta el cuiner. Per a aquesta tasca ha comptat amb la implicaci\u00f3 de la seva s\u00f2cia, Mercedes Palmer, que s&#8217;ha dedicat a l&#8217;escriptura, i d&#8217;Arthur Leblanc, per a la imatge.<\/p>\n<p>L&#8217;obra es pot comprar a les llibreries i per Internet per nom\u00e9s 20,85 euros.<\/p>\n","protected":false},"excerpt":{"rendered":"<p>Inclou m\u00e9s de 100 preparacions que estan vinculades als seus v\u00eddeos de Tik Tok<\/p>\n","protected":false},"author":1,"featured_media":76567,"comment_status":"open","ping_status":"closed","sticky":false,"template":"","format":"standard","meta":{"_acf_changed":false,"_swt_meta_header_display":false,"_swt_meta_footer_display":false,"_swt_meta_site_title_display":false,"_swt_meta_sticky_header":false,"_swt_meta_transparent_header":false,"footnotes":""},"categories":[1050,1476],"tags":[],"coauthors":[2053],"class_list":["post-76571","post","type-post","status-publish","format-standard","has-post-thumbnail","hentry","category-actualitat-es-de","category-reportatges-i-novetats-de"],"acf":{"gallery":null,"home_date":{"home_begin_date":null,"home_end_date":null}},"yoast_head":"<!-- This site is optimized with the Yoast SEO plugin v27.4 - https:\/\/yoast.com\/product\/yoast-seo-wordpress\/ -->\n<title>Koldo Royo presenta un nou llibre de receptes - Gastron\u00f2micament<\/title>\n<meta name=\"description\" content=\"Koldo Royo presenta un nou llibre de receptes Actualitat, Reportatges i novetats Inclou m\u00e9s de 100 preparacions que estan vinculades als seus v\u00eddeos de Tik Tok\" \/>\n<meta name=\"robots\" content=\"index, follow, max-snippet:-1, max-image-preview:large, max-video-preview:-1\" \/>\n<link rel=\"canonical\" href=\"https:\/\/gastronomicament.cat\/de\/koldo-royo-presenta-un-nou-llibre-de-receptes\" \/>\n<meta property=\"og:locale\" content=\"de_DE\" \/>\n<meta property=\"og:type\" content=\"article\" \/>\n<meta property=\"og:title\" content=\"Koldo Royo presenta un nou llibre de receptes - Gastron\u00f2micament\" \/>\n<meta property=\"og:description\" content=\"Koldo Royo presenta un nou llibre de receptes Actualitat, Reportatges i novetats Inclou m\u00e9s de 100 preparacions que estan vinculades als seus v\u00eddeos de Tik Tok\" \/>\n<meta property=\"og:url\" content=\"https:\/\/gastronomicament.cat\/de\/koldo-royo-presenta-un-nou-llibre-de-receptes\" \/>\n<meta property=\"og:site_name\" content=\"Gastron\u00f2micament\" \/>\n<meta property=\"article:published_time\" content=\"2022-06-15T10:35:09+00:00\" \/>\n<meta property=\"og:image\" content=\"https:\/\/gastronomicament.cat\/wp-content\/uploads\/2022\/06\/Koldo-Royo-llibre-receptes-QR.jpg\" \/>\n\t<meta property=\"og:image:width\" content=\"1800\" \/>\n\t<meta property=\"og:image:height\" content=\"1230\" \/>\n\t<meta property=\"og:image:type\" content=\"image\/jpeg\" \/>\n<meta name=\"author\" content=\"Redacci\u00f3\" \/>\n<meta name=\"twitter:card\" content=\"summary_large_image\" \/>\n<meta name=\"twitter:creator\" content=\"@gastronomicamen\" \/>\n<meta name=\"twitter:site\" content=\"@gastronomicamen\" \/>\n<meta name=\"twitter:label1\" content=\"Verfasst von\" \/>\n\t<meta name=\"twitter:data1\" content=\"Redacci\u00f3\" \/>\n\t<meta name=\"twitter:label2\" content=\"Gesch\u00e4tzte Lesezeit\" \/>\n\t<meta name=\"twitter:data2\" content=\"1\u00a0Minute\" \/>\n\t<meta name=\"twitter:label3\" content=\"Written by\" \/>\n\t<meta name=\"twitter:data3\" content=\"Redacci\u00f3\" \/>\n<script type=\"application\/ld+json\" class=\"yoast-schema-graph\">{\"@context\":\"https:\\\/\\\/schema.org\",\"@graph\":[{\"@type\":\"Article\",\"@id\":\"https:\\\/\\\/gastronomicament.cat\\\/de\\\/koldo-royo-presenta-un-nou-llibre-de-receptes#article\",\"isPartOf\":{\"@id\":\"https:\\\/\\\/gastronomicament.cat\\\/de\\\/koldo-royo-presenta-un-nou-llibre-de-receptes\"},\"author\":{\"name\":\"Redacci\u00f3\",\"@id\":\"https:\\\/\\\/gastronomicament.cat\\\/de\\\/#\\\/schema\\\/person\\\/a7c85c537a1ed62799a5b8e0f686a37f\"},\"headline\":\"Koldo Royo presenta un nou llibre de receptes\",\"datePublished\":\"2022-06-15T10:35:09+00:00\",\"mainEntityOfPage\":{\"@id\":\"https:\\\/\\\/gastronomicament.cat\\\/de\\\/koldo-royo-presenta-un-nou-llibre-de-receptes\"},\"wordCount\":218,\"commentCount\":0,\"publisher\":{\"@id\":\"https:\\\/\\\/gastronomicament.cat\\\/de\\\/#organization\"},\"image\":{\"@id\":\"https:\\\/\\\/gastronomicament.cat\\\/de\\\/koldo-royo-presenta-un-nou-llibre-de-receptes#primaryimage\"},\"thumbnailUrl\":\"https:\\\/\\\/gastronomicament.cat\\\/wp-content\\\/uploads\\\/2022\\\/06\\\/Koldo-Royo-llibre-receptes-QR.jpg\",\"articleSection\":[\"Actualitat\",\"Reportatges i novetats\"],\"inLanguage\":\"de\",\"potentialAction\":[{\"@type\":\"CommentAction\",\"name\":\"Comment\",\"target\":[\"https:\\\/\\\/gastronomicament.cat\\\/de\\\/koldo-royo-presenta-un-nou-llibre-de-receptes#respond\"]}]},{\"@type\":\"WebPage\",\"@id\":\"https:\\\/\\\/gastronomicament.cat\\\/de\\\/koldo-royo-presenta-un-nou-llibre-de-receptes\",\"url\":\"https:\\\/\\\/gastronomicament.cat\\\/de\\\/koldo-royo-presenta-un-nou-llibre-de-receptes\",\"name\":\"Koldo Royo presenta un nou llibre de receptes - Gastron\u00f2micament\",\"isPartOf\":{\"@id\":\"https:\\\/\\\/gastronomicament.cat\\\/de\\\/#website\"},\"primaryImageOfPage\":{\"@id\":\"https:\\\/\\\/gastronomicament.cat\\\/de\\\/koldo-royo-presenta-un-nou-llibre-de-receptes#primaryimage\"},\"image\":{\"@id\":\"https:\\\/\\\/gastronomicament.cat\\\/de\\\/koldo-royo-presenta-un-nou-llibre-de-receptes#primaryimage\"},\"thumbnailUrl\":\"https:\\\/\\\/gastronomicament.cat\\\/wp-content\\\/uploads\\\/2022\\\/06\\\/Koldo-Royo-llibre-receptes-QR.jpg\",\"datePublished\":\"2022-06-15T10:35:09+00:00\",\"description\":\"Koldo Royo presenta un nou llibre de receptes Actualitat, Reportatges i novetats Inclou m\u00e9s de 100 preparacions que estan vinculades als seus v\u00eddeos de Tik Tok\",\"inLanguage\":\"de\",\"potentialAction\":[{\"@type\":\"ReadAction\",\"target\":[\"https:\\\/\\\/gastronomicament.cat\\\/de\\\/koldo-royo-presenta-un-nou-llibre-de-receptes\"]}]},{\"@type\":\"ImageObject\",\"inLanguage\":\"de\",\"@id\":\"https:\\\/\\\/gastronomicament.cat\\\/de\\\/koldo-royo-presenta-un-nou-llibre-de-receptes#primaryimage\",\"url\":\"https:\\\/\\\/gastronomicament.cat\\\/wp-content\\\/uploads\\\/2022\\\/06\\\/Koldo-Royo-llibre-receptes-QR.jpg\",\"contentUrl\":\"https:\\\/\\\/gastronomicament.cat\\\/wp-content\\\/uploads\\\/2022\\\/06\\\/Koldo-Royo-llibre-receptes-QR.jpg\",\"width\":1800,\"height\":1230},{\"@type\":\"WebSite\",\"@id\":\"https:\\\/\\\/gastronomicament.cat\\\/de\\\/#website\",\"url\":\"https:\\\/\\\/gastronomicament.cat\\\/de\\\/\",\"name\":\"Gastron\u00f2micament\",\"description\":\"Portal de restaurants, receptes i actualitat gastron\u00f2mica\",\"publisher\":{\"@id\":\"https:\\\/\\\/gastronomicament.cat\\\/de\\\/#organization\"},\"potentialAction\":[{\"@type\":\"SearchAction\",\"target\":{\"@type\":\"EntryPoint\",\"urlTemplate\":\"https:\\\/\\\/gastronomicament.cat\\\/de\\\/?s={search_term_string}\"},\"query-input\":{\"@type\":\"PropertyValueSpecification\",\"valueRequired\":true,\"valueName\":\"search_term_string\"}}],\"inLanguage\":\"de\"},{\"@type\":\"Organization\",\"@id\":\"https:\\\/\\\/gastronomicament.cat\\\/de\\\/#organization\",\"name\":\"Gastron\u00f2micament\",\"url\":\"https:\\\/\\\/gastronomicament.cat\\\/de\\\/\",\"logo\":{\"@type\":\"ImageObject\",\"inLanguage\":\"de\",\"@id\":\"https:\\\/\\\/gastronomicament.cat\\\/de\\\/#\\\/schema\\\/logo\\\/image\\\/\",\"url\":\"https:\\\/\\\/gastronomicament.cat\\\/wp-content\\\/uploads\\\/2016\\\/09\\\/header-logo.jpg\",\"contentUrl\":\"https:\\\/\\\/gastronomicament.cat\\\/wp-content\\\/uploads\\\/2016\\\/09\\\/header-logo.jpg\",\"width\":277,\"height\":39,\"caption\":\"Gastron\u00f2micament\"},\"image\":{\"@id\":\"https:\\\/\\\/gastronomicament.cat\\\/de\\\/#\\\/schema\\\/logo\\\/image\\\/\"},\"sameAs\":[\"https:\\\/\\\/x.com\\\/gastronomicamen\"]},{\"@type\":\"Person\",\"@id\":\"https:\\\/\\\/gastronomicament.cat\\\/de\\\/#\\\/schema\\\/person\\\/a7c85c537a1ed62799a5b8e0f686a37f\",\"name\":\"Redacci\u00f3\",\"image\":{\"@type\":\"ImageObject\",\"inLanguage\":\"de\",\"@id\":\"https:\\\/\\\/secure.gravatar.com\\\/avatar\\\/9489a485c464fd611d33825daae651d13db70c4e74c65c94937a15a9d4c3ee14?s=96&d=mm&r=g69fea3cce3645dfa2166e7293e22955e\",\"url\":\"https:\\\/\\\/secure.gravatar.com\\\/avatar\\\/9489a485c464fd611d33825daae651d13db70c4e74c65c94937a15a9d4c3ee14?s=96&d=mm&r=g\",\"contentUrl\":\"https:\\\/\\\/secure.gravatar.com\\\/avatar\\\/9489a485c464fd611d33825daae651d13db70c4e74c65c94937a15a9d4c3ee14?s=96&d=mm&r=g\",\"caption\":\"Redacci\u00f3\"},\"sameAs\":[\"http:\\\/\\\/gastronomicament.cat\"],\"url\":\"https:\\\/\\\/gastronomicament.cat\\\/de\\\/author\\\/admin\"}]}<\/script>\n<!-- \/ Yoast SEO plugin. -->","yoast_head_json":{"title":"Koldo Royo presenta un nou llibre de receptes - Gastron\u00f2micament","description":"Koldo Royo presenta un nou llibre de receptes Actualitat, Reportatges i novetats Inclou m\u00e9s de 100 preparacions que estan vinculades als seus v\u00eddeos de Tik Tok","robots":{"index":"index","follow":"follow","max-snippet":"max-snippet:-1","max-image-preview":"max-image-preview:large","max-video-preview":"max-video-preview:-1"},"canonical":"https:\/\/gastronomicament.cat\/de\/koldo-royo-presenta-un-nou-llibre-de-receptes","og_locale":"de_DE","og_type":"article","og_title":"Koldo Royo presenta un nou llibre de receptes - Gastron\u00f2micament","og_description":"Koldo Royo presenta un nou llibre de receptes Actualitat, Reportatges i novetats Inclou m\u00e9s de 100 preparacions que estan vinculades als seus v\u00eddeos de Tik Tok","og_url":"https:\/\/gastronomicament.cat\/de\/koldo-royo-presenta-un-nou-llibre-de-receptes","og_site_name":"Gastron\u00f2micament","article_published_time":"2022-06-15T10:35:09+00:00","og_image":[{"width":1800,"height":1230,"url":"https:\/\/gastronomicament.cat\/wp-content\/uploads\/2022\/06\/Koldo-Royo-llibre-receptes-QR.jpg","type":"image\/jpeg"}],"author":"Redacci\u00f3","twitter_card":"summary_large_image","twitter_creator":"@gastronomicamen","twitter_site":"@gastronomicamen","twitter_misc":{"Verfasst von":"Redacci\u00f3","Gesch\u00e4tzte Lesezeit":"1\u00a0Minute","Written by":"Redacci\u00f3"},"schema":{"@context":"https:\/\/schema.org","@graph":[{"@type":"Article","@id":"https:\/\/gastronomicament.cat\/de\/koldo-royo-presenta-un-nou-llibre-de-receptes#article","isPartOf":{"@id":"https:\/\/gastronomicament.cat\/de\/koldo-royo-presenta-un-nou-llibre-de-receptes"},"author":{"name":"Redacci\u00f3","@id":"https:\/\/gastronomicament.cat\/de\/#\/schema\/person\/a7c85c537a1ed62799a5b8e0f686a37f"},"headline":"Koldo Royo presenta un nou llibre de receptes","datePublished":"2022-06-15T10:35:09+00:00","mainEntityOfPage":{"@id":"https:\/\/gastronomicament.cat\/de\/koldo-royo-presenta-un-nou-llibre-de-receptes"},"wordCount":218,"commentCount":0,"publisher":{"@id":"https:\/\/gastronomicament.cat\/de\/#organization"},"image":{"@id":"https:\/\/gastronomicament.cat\/de\/koldo-royo-presenta-un-nou-llibre-de-receptes#primaryimage"},"thumbnailUrl":"https:\/\/gastronomicament.cat\/wp-content\/uploads\/2022\/06\/Koldo-Royo-llibre-receptes-QR.jpg","articleSection":["Actualitat","Reportatges i novetats"],"inLanguage":"de","potentialAction":[{"@type":"CommentAction","name":"Comment","target":["https:\/\/gastronomicament.cat\/de\/koldo-royo-presenta-un-nou-llibre-de-receptes#respond"]}]},{"@type":"WebPage","@id":"https:\/\/gastronomicament.cat\/de\/koldo-royo-presenta-un-nou-llibre-de-receptes","url":"https:\/\/gastronomicament.cat\/de\/koldo-royo-presenta-un-nou-llibre-de-receptes","name":"Koldo Royo presenta un nou llibre de receptes - Gastron\u00f2micament","isPartOf":{"@id":"https:\/\/gastronomicament.cat\/de\/#website"},"primaryImageOfPage":{"@id":"https:\/\/gastronomicament.cat\/de\/koldo-royo-presenta-un-nou-llibre-de-receptes#primaryimage"},"image":{"@id":"https:\/\/gastronomicament.cat\/de\/koldo-royo-presenta-un-nou-llibre-de-receptes#primaryimage"},"thumbnailUrl":"https:\/\/gastronomicament.cat\/wp-content\/uploads\/2022\/06\/Koldo-Royo-llibre-receptes-QR.jpg","datePublished":"2022-06-15T10:35:09+00:00","description":"Koldo Royo presenta un nou llibre de receptes Actualitat, Reportatges i novetats Inclou m\u00e9s de 100 preparacions que estan vinculades als seus v\u00eddeos de Tik Tok","inLanguage":"de","potentialAction":[{"@type":"ReadAction","target":["https:\/\/gastronomicament.cat\/de\/koldo-royo-presenta-un-nou-llibre-de-receptes"]}]},{"@type":"ImageObject","inLanguage":"de","@id":"https:\/\/gastronomicament.cat\/de\/koldo-royo-presenta-un-nou-llibre-de-receptes#primaryimage","url":"https:\/\/gastronomicament.cat\/wp-content\/uploads\/2022\/06\/Koldo-Royo-llibre-receptes-QR.jpg","contentUrl":"https:\/\/gastronomicament.cat\/wp-content\/uploads\/2022\/06\/Koldo-Royo-llibre-receptes-QR.jpg","width":1800,"height":1230},{"@type":"WebSite","@id":"https:\/\/gastronomicament.cat\/de\/#website","url":"https:\/\/gastronomicament.cat\/de\/","name":"Gastron\u00f2micament","description":"Portal de restaurants, receptes i actualitat gastron\u00f2mica","publisher":{"@id":"https:\/\/gastronomicament.cat\/de\/#organization"},"potentialAction":[{"@type":"SearchAction","target":{"@type":"EntryPoint","urlTemplate":"https:\/\/gastronomicament.cat\/de\/?s={search_term_string}"},"query-input":{"@type":"PropertyValueSpecification","valueRequired":true,"valueName":"search_term_string"}}],"inLanguage":"de"},{"@type":"Organization","@id":"https:\/\/gastronomicament.cat\/de\/#organization","name":"Gastron\u00f2micament","url":"https:\/\/gastronomicament.cat\/de\/","logo":{"@type":"ImageObject","inLanguage":"de","@id":"https:\/\/gastronomicament.cat\/de\/#\/schema\/logo\/image\/","url":"https:\/\/gastronomicament.cat\/wp-content\/uploads\/2016\/09\/header-logo.jpg","contentUrl":"https:\/\/gastronomicament.cat\/wp-content\/uploads\/2016\/09\/header-logo.jpg","width":277,"height":39,"caption":"Gastron\u00f2micament"},"image":{"@id":"https:\/\/gastronomicament.cat\/de\/#\/schema\/logo\/image\/"},"sameAs":["https:\/\/x.com\/gastronomicamen"]},{"@type":"Person","@id":"https:\/\/gastronomicament.cat\/de\/#\/schema\/person\/a7c85c537a1ed62799a5b8e0f686a37f","name":"Redacci\u00f3","image":{"@type":"ImageObject","inLanguage":"de","@id":"https:\/\/secure.gravatar.com\/avatar\/9489a485c464fd611d33825daae651d13db70c4e74c65c94937a15a9d4c3ee14?s=96&d=mm&r=g69fea3cce3645dfa2166e7293e22955e","url":"https:\/\/secure.gravatar.com\/avatar\/9489a485c464fd611d33825daae651d13db70c4e74c65c94937a15a9d4c3ee14?s=96&d=mm&r=g","contentUrl":"https:\/\/secure.gravatar.com\/avatar\/9489a485c464fd611d33825daae651d13db70c4e74c65c94937a15a9d4c3ee14?s=96&d=mm&r=g","caption":"Redacci\u00f3"},"sameAs":["http:\/\/gastronomicament.cat"],"url":"https:\/\/gastronomicament.cat\/de\/author\/admin"}]}},"_links":{"self":[{"href":"https:\/\/gastronomicament.cat\/de\/wp-json\/wp\/v2\/posts\/76571","targetHints":{"allow":["GET"]}}],"collection":[{"href":"https:\/\/gastronomicament.cat\/de\/wp-json\/wp\/v2\/posts"}],"about":[{"href":"https:\/\/gastronomicament.cat\/de\/wp-json\/wp\/v2\/types\/post"}],"author":[{"embeddable":true,"href":"https:\/\/gastronomicament.cat\/de\/wp-json\/wp\/v2\/users\/1"}],"replies":[{"embeddable":true,"href":"https:\/\/gastronomicament.cat\/de\/wp-json\/wp\/v2\/comments?post=76571"}],"version-history":[{"count":0,"href":"https:\/\/gastronomicament.cat\/de\/wp-json\/wp\/v2\/posts\/76571\/revisions"}],"wp:featuredmedia":[{"embeddable":true,"href":"https:\/\/gastronomicament.cat\/de\/wp-json\/wp\/v2\/media\/76567"}],"wp:attachment":[{"href":"https:\/\/gastronomicament.cat\/de\/wp-json\/wp\/v2\/media?parent=76571"}],"wp:term":[{"taxonomy":"category","embeddable":true,"href":"https:\/\/gastronomicament.cat\/de\/wp-json\/wp\/v2\/categories?post=76571"},{"taxonomy":"post_tag","embeddable":true,"href":"https:\/\/gastronomicament.cat\/de\/wp-json\/wp\/v2\/tags?post=76571"},{"taxonomy":"author","embeddable":true,"href":"https:\/\/gastronomicament.cat\/de\/wp-json\/wp\/v2\/coauthors?post=76571"}],"curies":[{"name":"wp","href":"https:\/\/api.w.org\/{rel}","templated":true}]}}