{"id":77366,"date":"2022-07-26T13:04:19","date_gmt":"2022-07-26T11:04:19","guid":{"rendered":"https:\/\/gastronomicament.cat\/quan-es-la-temporada-per-menjar-peix-fresc"},"modified":"2024-08-22T13:33:47","modified_gmt":"2024-08-22T11:33:47","slug":"quan-es-la-temporada-per-menjar-peix-fresc","status":"publish","type":"post","link":"https:\/\/gastronomicament.cat\/de\/quan-es-la-temporada-per-menjar-peix-fresc","title":{"rendered":"Quan \u00e9s la temporada per menjar peix fresc?"},"content":{"rendered":"<p>Ara que som ben ficats a l&#8217;estiu, s\u00f3n molts els que trien dinar o sopar de peix fresc. Ara b\u00e9, no sempre hom pot menjar el peix que vol, ja que dep\u00e8n de la temporada. Aix\u00f2 suposa adquirir-lo a un millor preu (perqu\u00e8 hi ha m\u00e9s oferta) i tamb\u00e9 es pot obtenir de m\u00e9s qualitat i amb un sabor molt m\u00e9s intens perqu\u00e8 ser\u00e0 fresc.<\/p>\n<p>A excepci\u00f3 d&#8217;alguns peixos com l&#8217;halibut, la palometa o l&#8217;anf\u00f3s, que gr\u00e0cies a les piscifactories poden consumir-se tot l&#8217;any, per a la majoria hi ha uns mesos que s\u00f3n m\u00e9s propicis per comprar-ne i consumir-ne:<\/p>\n<ul>\n<li><strong>Sardina<\/strong>, de maig a octubre.<\/li>\n<li><strong>Peix espasa<\/strong>, d&#8217;abril a novembre.<\/li>\n<li><strong>Sorell<\/strong>, d&#8217;abril a octubre.<\/li>\n<li><strong>Gall<\/strong>, de mar\u00e7 a abril<\/li>\n<li><strong>Bon\u00edtol<\/strong>, de juny a octubre.<\/li>\n<li><strong>Tonyina<\/strong>, de mar\u00e7 a juny.<\/li>\n<li><strong>Aladroc (dit tamb\u00e9 seit\u00f3)<\/strong>, d&#8217;abril a juny.<\/li>\n<li><strong>Bacall\u00e0<\/strong>, de desembre a maig.<\/li>\n<li><strong>Besuc\u00a0<\/strong>i\u00a0<strong>llobarro<\/strong>, de novembre a mar\u00e7.<\/li>\n<li><strong>Escamarl\u00e0\u00a0<\/strong>i\u00a0<strong>llam\u00e0ntol<\/strong>, dues temporades. Entre juny i setembre i entre desembre i febrer.<\/li>\n<li><strong>Cranca<\/strong>, de setembre a octubre.<\/li>\n<li><strong>N\u00e8cores<\/strong>, de novembre a desembre.<\/li>\n<li><strong>Llagosta<\/strong>, de gener a mar\u00e7.<\/li>\n<li><strong>Pop<\/strong>, de setembre a desembre.<\/li>\n<li><strong>Escopinyes\u00a0<\/strong>i\u00a0<strong>clo\u00efsses<\/strong>, de juny a octubre.<\/li>\n<li><strong>Ostres<\/strong>, de novembre a febrer.<\/li>\n<li><strong>Navalles\u00a0<\/strong>de juny a octubre.<\/li>\n<\/ul>\n<p>Consumir peix de temporada es notar\u00e0 en el gust i en el preu. A m\u00e9s, ens aportar\u00e0 un major valor nutricional i respectarem el cicle biol\u00f2gic de cada esp\u00e8cie, per la qual cosa tamb\u00e9 contribuirem a la sostenibilitat del medi ambient. Sens dubte, tot s\u00f3n avantatges.<\/p>\n<pre>Imatge: Getty Images<\/pre>\n","protected":false},"excerpt":{"rendered":"<p>Cada peix t\u00e9 uns mesos en qu\u00e8 \u00e9s m\u00e9s convenient assaborir-lo. Us donam les claus per&hellip;<\/p>\n","protected":false},"author":98,"featured_media":77362,"comment_status":"open","ping_status":"closed","sticky":false,"template":"","format":"standard","meta":{"_acf_changed":false,"_swt_meta_header_display":false,"_swt_meta_footer_display":false,"_swt_meta_site_title_display":false,"_swt_meta_sticky_header":false,"_swt_meta_transparent_header":false,"footnotes":""},"categories":[1050,1476],"tags":[],"coauthors":[2152,2055,2053],"class_list":["post-77366","post","type-post","status-publish","format-standard","has-post-thumbnail","hentry","category-actualitat-es-de","category-reportatges-i-novetats-de"],"acf":{"gallery":null,"home_date":{"home_begin_date":null,"home_end_date":null}},"yoast_head":"<!-- This site is optimized with the Yoast SEO plugin v27.4 - https:\/\/yoast.com\/product\/yoast-seo-wordpress\/ -->\n<title>Quan \u00e9s la temporada per menjar peix fresc? - Gastron\u00f2micament<\/title>\n<meta name=\"description\" content=\"Quan \u00e9s la temporada per menjar peix fresc? Actualitat, Reportatges i novetats Cada peix t\u00e9 uns mesos en qu\u00e8 \u00e9s m\u00e9s convenient assaborir-lo. Us donam les claus per saber quin peix i quan \u00e9s millor menjar-ne de fresc\" \/>\n<meta name=\"robots\" content=\"index, follow, max-snippet:-1, max-image-preview:large, max-video-preview:-1\" \/>\n<link rel=\"canonical\" href=\"https:\/\/gastronomicament.cat\/de\/quan-es-la-temporada-per-menjar-peix-fresc\" \/>\n<meta property=\"og:locale\" content=\"de_DE\" \/>\n<meta property=\"og:type\" content=\"article\" \/>\n<meta property=\"og:title\" content=\"Quan \u00e9s la temporada per menjar peix fresc? - Gastron\u00f2micament\" \/>\n<meta property=\"og:description\" content=\"Quan \u00e9s la temporada per menjar peix fresc? Actualitat, Reportatges i novetats Cada peix t\u00e9 uns mesos en qu\u00e8 \u00e9s m\u00e9s convenient assaborir-lo. Us donam les claus per saber quin peix i quan \u00e9s millor menjar-ne de fresc\" \/>\n<meta property=\"og:url\" content=\"https:\/\/gastronomicament.cat\/de\/quan-es-la-temporada-per-menjar-peix-fresc\" \/>\n<meta property=\"og:site_name\" content=\"Gastron\u00f2micament\" \/>\n<meta property=\"article:published_time\" content=\"2022-07-26T11:04:19+00:00\" \/>\n<meta property=\"article:modified_time\" content=\"2024-08-22T11:33:47+00:00\" \/>\n<meta property=\"og:image\" content=\"https:\/\/gastronomicament.cat\/wp-content\/uploads\/2022\/07\/Peix-fresc.jpg\" \/>\n\t<meta property=\"og:image:width\" content=\"1200\" \/>\n\t<meta property=\"og:image:height\" content=\"759\" \/>\n\t<meta property=\"og:image:type\" content=\"image\/jpeg\" \/>\n<meta name=\"author\" content=\"Eva Remolina, AMIC, Redacci\u00f3\" \/>\n<meta name=\"twitter:card\" content=\"summary_large_image\" \/>\n<meta name=\"twitter:creator\" content=\"@gastronomicamen\" \/>\n<meta name=\"twitter:site\" content=\"@gastronomicamen\" \/>\n<meta name=\"twitter:label1\" content=\"Verfasst von\" \/>\n\t<meta name=\"twitter:data1\" content=\"Eva Remolina\" \/>\n\t<meta name=\"twitter:label2\" content=\"Gesch\u00e4tzte Lesezeit\" \/>\n\t<meta name=\"twitter:data2\" content=\"2\u00a0Minuten\" \/>\n\t<meta name=\"twitter:label3\" content=\"Written by\" \/>\n\t<meta name=\"twitter:data3\" content=\"Eva Remolina, AMIC, Redacci\u00f3\" \/>\n<script type=\"application\/ld+json\" class=\"yoast-schema-graph\">{\"@context\":\"https:\\\/\\\/schema.org\",\"@graph\":[{\"@type\":\"Article\",\"@id\":\"https:\\\/\\\/gastronomicament.cat\\\/de\\\/quan-es-la-temporada-per-menjar-peix-fresc#article\",\"isPartOf\":{\"@id\":\"https:\\\/\\\/gastronomicament.cat\\\/de\\\/quan-es-la-temporada-per-menjar-peix-fresc\"},\"author\":{\"name\":\"Eva Remolina\",\"@id\":\"https:\\\/\\\/gastronomicament.cat\\\/de\\\/#\\\/schema\\\/person\\\/5bffe11f72571a25f3b216a1a5d057f6\"},\"headline\":\"Quan \u00e9s la temporada per menjar peix fresc?\",\"datePublished\":\"2022-07-26T11:04:19+00:00\",\"dateModified\":\"2024-08-22T11:33:47+00:00\",\"mainEntityOfPage\":{\"@id\":\"https:\\\/\\\/gastronomicament.cat\\\/de\\\/quan-es-la-temporada-per-menjar-peix-fresc\"},\"wordCount\":270,\"commentCount\":0,\"publisher\":{\"@id\":\"https:\\\/\\\/gastronomicament.cat\\\/de\\\/#organization\"},\"image\":{\"@id\":\"https:\\\/\\\/gastronomicament.cat\\\/de\\\/quan-es-la-temporada-per-menjar-peix-fresc#primaryimage\"},\"thumbnailUrl\":\"https:\\\/\\\/gastronomicament.cat\\\/wp-content\\\/uploads\\\/2022\\\/07\\\/Peix-fresc.jpg\",\"articleSection\":[\"Actualitat\",\"Reportatges i novetats\"],\"inLanguage\":\"de\",\"potentialAction\":[{\"@type\":\"CommentAction\",\"name\":\"Comment\",\"target\":[\"https:\\\/\\\/gastronomicament.cat\\\/de\\\/quan-es-la-temporada-per-menjar-peix-fresc#respond\"]}]},{\"@type\":\"WebPage\",\"@id\":\"https:\\\/\\\/gastronomicament.cat\\\/de\\\/quan-es-la-temporada-per-menjar-peix-fresc\",\"url\":\"https:\\\/\\\/gastronomicament.cat\\\/de\\\/quan-es-la-temporada-per-menjar-peix-fresc\",\"name\":\"Quan \u00e9s la temporada per menjar peix fresc? - Gastron\u00f2micament\",\"isPartOf\":{\"@id\":\"https:\\\/\\\/gastronomicament.cat\\\/de\\\/#website\"},\"primaryImageOfPage\":{\"@id\":\"https:\\\/\\\/gastronomicament.cat\\\/de\\\/quan-es-la-temporada-per-menjar-peix-fresc#primaryimage\"},\"image\":{\"@id\":\"https:\\\/\\\/gastronomicament.cat\\\/de\\\/quan-es-la-temporada-per-menjar-peix-fresc#primaryimage\"},\"thumbnailUrl\":\"https:\\\/\\\/gastronomicament.cat\\\/wp-content\\\/uploads\\\/2022\\\/07\\\/Peix-fresc.jpg\",\"datePublished\":\"2022-07-26T11:04:19+00:00\",\"dateModified\":\"2024-08-22T11:33:47+00:00\",\"description\":\"Quan \u00e9s la temporada per menjar peix fresc? Actualitat, Reportatges i novetats Cada peix t\u00e9 uns mesos en qu\u00e8 \u00e9s m\u00e9s convenient assaborir-lo. Us donam les claus per saber quin peix i quan \u00e9s millor menjar-ne de fresc\",\"inLanguage\":\"de\",\"potentialAction\":[{\"@type\":\"ReadAction\",\"target\":[\"https:\\\/\\\/gastronomicament.cat\\\/de\\\/quan-es-la-temporada-per-menjar-peix-fresc\"]}]},{\"@type\":\"ImageObject\",\"inLanguage\":\"de\",\"@id\":\"https:\\\/\\\/gastronomicament.cat\\\/de\\\/quan-es-la-temporada-per-menjar-peix-fresc#primaryimage\",\"url\":\"https:\\\/\\\/gastronomicament.cat\\\/wp-content\\\/uploads\\\/2022\\\/07\\\/Peix-fresc.jpg\",\"contentUrl\":\"https:\\\/\\\/gastronomicament.cat\\\/wp-content\\\/uploads\\\/2022\\\/07\\\/Peix-fresc.jpg\",\"width\":1200,\"height\":759},{\"@type\":\"WebSite\",\"@id\":\"https:\\\/\\\/gastronomicament.cat\\\/de\\\/#website\",\"url\":\"https:\\\/\\\/gastronomicament.cat\\\/de\\\/\",\"name\":\"Gastron\u00f2micament\",\"description\":\"Portal de restaurants, receptes i actualitat gastron\u00f2mica\",\"publisher\":{\"@id\":\"https:\\\/\\\/gastronomicament.cat\\\/de\\\/#organization\"},\"potentialAction\":[{\"@type\":\"SearchAction\",\"target\":{\"@type\":\"EntryPoint\",\"urlTemplate\":\"https:\\\/\\\/gastronomicament.cat\\\/de\\\/?s={search_term_string}\"},\"query-input\":{\"@type\":\"PropertyValueSpecification\",\"valueRequired\":true,\"valueName\":\"search_term_string\"}}],\"inLanguage\":\"de\"},{\"@type\":\"Organization\",\"@id\":\"https:\\\/\\\/gastronomicament.cat\\\/de\\\/#organization\",\"name\":\"Gastron\u00f2micament\",\"url\":\"https:\\\/\\\/gastronomicament.cat\\\/de\\\/\",\"logo\":{\"@type\":\"ImageObject\",\"inLanguage\":\"de\",\"@id\":\"https:\\\/\\\/gastronomicament.cat\\\/de\\\/#\\\/schema\\\/logo\\\/image\\\/\",\"url\":\"https:\\\/\\\/gastronomicament.cat\\\/wp-content\\\/uploads\\\/2016\\\/09\\\/header-logo.jpg\",\"contentUrl\":\"https:\\\/\\\/gastronomicament.cat\\\/wp-content\\\/uploads\\\/2016\\\/09\\\/header-logo.jpg\",\"width\":277,\"height\":39,\"caption\":\"Gastron\u00f2micament\"},\"image\":{\"@id\":\"https:\\\/\\\/gastronomicament.cat\\\/de\\\/#\\\/schema\\\/logo\\\/image\\\/\"},\"sameAs\":[\"https:\\\/\\\/x.com\\\/gastronomicamen\"]},{\"@type\":\"Person\",\"@id\":\"https:\\\/\\\/gastronomicament.cat\\\/de\\\/#\\\/schema\\\/person\\\/5bffe11f72571a25f3b216a1a5d057f6\",\"name\":\"Eva Remolina\",\"image\":{\"@type\":\"ImageObject\",\"inLanguage\":\"de\",\"@id\":\"https:\\\/\\\/secure.gravatar.com\\\/avatar\\\/6ca6a2c7dda8545fe199b4c2cf1e4971d694a0450a833d6cb60cb3aa80354d61?s=96&d=mm&r=g514822e3edc78b127dbfd819db170c43\",\"url\":\"https:\\\/\\\/secure.gravatar.com\\\/avatar\\\/6ca6a2c7dda8545fe199b4c2cf1e4971d694a0450a833d6cb60cb3aa80354d61?s=96&d=mm&r=g\",\"contentUrl\":\"https:\\\/\\\/secure.gravatar.com\\\/avatar\\\/6ca6a2c7dda8545fe199b4c2cf1e4971d694a0450a833d6cb60cb3aa80354d61?s=96&d=mm&r=g\",\"caption\":\"Eva Remolina\"},\"url\":\"https:\\\/\\\/gastronomicament.cat\\\/de\\\/author\\\/eva-remolina-amic\"}]}<\/script>\n<!-- \/ Yoast SEO plugin. -->","yoast_head_json":{"title":"Quan \u00e9s la temporada per menjar peix fresc? - Gastron\u00f2micament","description":"Quan \u00e9s la temporada per menjar peix fresc? Actualitat, Reportatges i novetats Cada peix t\u00e9 uns mesos en qu\u00e8 \u00e9s m\u00e9s convenient assaborir-lo. Us donam les claus per saber quin peix i quan \u00e9s millor menjar-ne de fresc","robots":{"index":"index","follow":"follow","max-snippet":"max-snippet:-1","max-image-preview":"max-image-preview:large","max-video-preview":"max-video-preview:-1"},"canonical":"https:\/\/gastronomicament.cat\/de\/quan-es-la-temporada-per-menjar-peix-fresc","og_locale":"de_DE","og_type":"article","og_title":"Quan \u00e9s la temporada per menjar peix fresc? - Gastron\u00f2micament","og_description":"Quan \u00e9s la temporada per menjar peix fresc? Actualitat, Reportatges i novetats Cada peix t\u00e9 uns mesos en qu\u00e8 \u00e9s m\u00e9s convenient assaborir-lo. Us donam les claus per saber quin peix i quan \u00e9s millor menjar-ne de fresc","og_url":"https:\/\/gastronomicament.cat\/de\/quan-es-la-temporada-per-menjar-peix-fresc","og_site_name":"Gastron\u00f2micament","article_published_time":"2022-07-26T11:04:19+00:00","article_modified_time":"2024-08-22T11:33:47+00:00","og_image":[{"width":1200,"height":759,"url":"https:\/\/gastronomicament.cat\/wp-content\/uploads\/2022\/07\/Peix-fresc.jpg","type":"image\/jpeg"}],"author":"Eva Remolina, AMIC, Redacci\u00f3","twitter_card":"summary_large_image","twitter_creator":"@gastronomicamen","twitter_site":"@gastronomicamen","twitter_misc":{"Verfasst von":"Eva Remolina","Gesch\u00e4tzte Lesezeit":"2\u00a0Minuten","Written by":"Eva Remolina, AMIC, Redacci\u00f3"},"schema":{"@context":"https:\/\/schema.org","@graph":[{"@type":"Article","@id":"https:\/\/gastronomicament.cat\/de\/quan-es-la-temporada-per-menjar-peix-fresc#article","isPartOf":{"@id":"https:\/\/gastronomicament.cat\/de\/quan-es-la-temporada-per-menjar-peix-fresc"},"author":{"name":"Eva Remolina","@id":"https:\/\/gastronomicament.cat\/de\/#\/schema\/person\/5bffe11f72571a25f3b216a1a5d057f6"},"headline":"Quan \u00e9s la temporada per menjar peix fresc?","datePublished":"2022-07-26T11:04:19+00:00","dateModified":"2024-08-22T11:33:47+00:00","mainEntityOfPage":{"@id":"https:\/\/gastronomicament.cat\/de\/quan-es-la-temporada-per-menjar-peix-fresc"},"wordCount":270,"commentCount":0,"publisher":{"@id":"https:\/\/gastronomicament.cat\/de\/#organization"},"image":{"@id":"https:\/\/gastronomicament.cat\/de\/quan-es-la-temporada-per-menjar-peix-fresc#primaryimage"},"thumbnailUrl":"https:\/\/gastronomicament.cat\/wp-content\/uploads\/2022\/07\/Peix-fresc.jpg","articleSection":["Actualitat","Reportatges i novetats"],"inLanguage":"de","potentialAction":[{"@type":"CommentAction","name":"Comment","target":["https:\/\/gastronomicament.cat\/de\/quan-es-la-temporada-per-menjar-peix-fresc#respond"]}]},{"@type":"WebPage","@id":"https:\/\/gastronomicament.cat\/de\/quan-es-la-temporada-per-menjar-peix-fresc","url":"https:\/\/gastronomicament.cat\/de\/quan-es-la-temporada-per-menjar-peix-fresc","name":"Quan \u00e9s la temporada per menjar peix fresc? - Gastron\u00f2micament","isPartOf":{"@id":"https:\/\/gastronomicament.cat\/de\/#website"},"primaryImageOfPage":{"@id":"https:\/\/gastronomicament.cat\/de\/quan-es-la-temporada-per-menjar-peix-fresc#primaryimage"},"image":{"@id":"https:\/\/gastronomicament.cat\/de\/quan-es-la-temporada-per-menjar-peix-fresc#primaryimage"},"thumbnailUrl":"https:\/\/gastronomicament.cat\/wp-content\/uploads\/2022\/07\/Peix-fresc.jpg","datePublished":"2022-07-26T11:04:19+00:00","dateModified":"2024-08-22T11:33:47+00:00","description":"Quan \u00e9s la temporada per menjar peix fresc? Actualitat, Reportatges i novetats Cada peix t\u00e9 uns mesos en qu\u00e8 \u00e9s m\u00e9s convenient assaborir-lo. Us donam les claus per saber quin peix i quan \u00e9s millor menjar-ne de fresc","inLanguage":"de","potentialAction":[{"@type":"ReadAction","target":["https:\/\/gastronomicament.cat\/de\/quan-es-la-temporada-per-menjar-peix-fresc"]}]},{"@type":"ImageObject","inLanguage":"de","@id":"https:\/\/gastronomicament.cat\/de\/quan-es-la-temporada-per-menjar-peix-fresc#primaryimage","url":"https:\/\/gastronomicament.cat\/wp-content\/uploads\/2022\/07\/Peix-fresc.jpg","contentUrl":"https:\/\/gastronomicament.cat\/wp-content\/uploads\/2022\/07\/Peix-fresc.jpg","width":1200,"height":759},{"@type":"WebSite","@id":"https:\/\/gastronomicament.cat\/de\/#website","url":"https:\/\/gastronomicament.cat\/de\/","name":"Gastron\u00f2micament","description":"Portal de restaurants, receptes i actualitat gastron\u00f2mica","publisher":{"@id":"https:\/\/gastronomicament.cat\/de\/#organization"},"potentialAction":[{"@type":"SearchAction","target":{"@type":"EntryPoint","urlTemplate":"https:\/\/gastronomicament.cat\/de\/?s={search_term_string}"},"query-input":{"@type":"PropertyValueSpecification","valueRequired":true,"valueName":"search_term_string"}}],"inLanguage":"de"},{"@type":"Organization","@id":"https:\/\/gastronomicament.cat\/de\/#organization","name":"Gastron\u00f2micament","url":"https:\/\/gastronomicament.cat\/de\/","logo":{"@type":"ImageObject","inLanguage":"de","@id":"https:\/\/gastronomicament.cat\/de\/#\/schema\/logo\/image\/","url":"https:\/\/gastronomicament.cat\/wp-content\/uploads\/2016\/09\/header-logo.jpg","contentUrl":"https:\/\/gastronomicament.cat\/wp-content\/uploads\/2016\/09\/header-logo.jpg","width":277,"height":39,"caption":"Gastron\u00f2micament"},"image":{"@id":"https:\/\/gastronomicament.cat\/de\/#\/schema\/logo\/image\/"},"sameAs":["https:\/\/x.com\/gastronomicamen"]},{"@type":"Person","@id":"https:\/\/gastronomicament.cat\/de\/#\/schema\/person\/5bffe11f72571a25f3b216a1a5d057f6","name":"Eva Remolina","image":{"@type":"ImageObject","inLanguage":"de","@id":"https:\/\/secure.gravatar.com\/avatar\/6ca6a2c7dda8545fe199b4c2cf1e4971d694a0450a833d6cb60cb3aa80354d61?s=96&d=mm&r=g514822e3edc78b127dbfd819db170c43","url":"https:\/\/secure.gravatar.com\/avatar\/6ca6a2c7dda8545fe199b4c2cf1e4971d694a0450a833d6cb60cb3aa80354d61?s=96&d=mm&r=g","contentUrl":"https:\/\/secure.gravatar.com\/avatar\/6ca6a2c7dda8545fe199b4c2cf1e4971d694a0450a833d6cb60cb3aa80354d61?s=96&d=mm&r=g","caption":"Eva Remolina"},"url":"https:\/\/gastronomicament.cat\/de\/author\/eva-remolina-amic"}]}},"_links":{"self":[{"href":"https:\/\/gastronomicament.cat\/de\/wp-json\/wp\/v2\/posts\/77366","targetHints":{"allow":["GET"]}}],"collection":[{"href":"https:\/\/gastronomicament.cat\/de\/wp-json\/wp\/v2\/posts"}],"about":[{"href":"https:\/\/gastronomicament.cat\/de\/wp-json\/wp\/v2\/types\/post"}],"author":[{"embeddable":true,"href":"https:\/\/gastronomicament.cat\/de\/wp-json\/wp\/v2\/users\/98"}],"replies":[{"embeddable":true,"href":"https:\/\/gastronomicament.cat\/de\/wp-json\/wp\/v2\/comments?post=77366"}],"version-history":[{"count":0,"href":"https:\/\/gastronomicament.cat\/de\/wp-json\/wp\/v2\/posts\/77366\/revisions"}],"wp:featuredmedia":[{"embeddable":true,"href":"https:\/\/gastronomicament.cat\/de\/wp-json\/wp\/v2\/media\/77362"}],"wp:attachment":[{"href":"https:\/\/gastronomicament.cat\/de\/wp-json\/wp\/v2\/media?parent=77366"}],"wp:term":[{"taxonomy":"category","embeddable":true,"href":"https:\/\/gastronomicament.cat\/de\/wp-json\/wp\/v2\/categories?post=77366"},{"taxonomy":"post_tag","embeddable":true,"href":"https:\/\/gastronomicament.cat\/de\/wp-json\/wp\/v2\/tags?post=77366"},{"taxonomy":"author","embeddable":true,"href":"https:\/\/gastronomicament.cat\/de\/wp-json\/wp\/v2\/coauthors?post=77366"}],"curies":[{"name":"wp","href":"https:\/\/api.w.org\/{rel}","templated":true}]}}