{"id":82206,"date":"2023-05-04T02:31:27","date_gmt":"2023-05-04T00:31:27","guid":{"rendered":"https:\/\/gastronomicament.cat\/dos-vins-de-mallorca-premiats-al-concurs-internacional-bacchus-2023"},"modified":"2023-05-04T02:31:27","modified_gmt":"2023-05-04T00:31:27","slug":"dos-vins-de-mallorca-premiats-al-concurs-internacional-bacchus-2023","status":"publish","type":"post","link":"https:\/\/gastronomicament.cat\/de\/dos-vins-de-mallorca-premiats-al-concurs-internacional-bacchus-2023","title":{"rendered":"Dos vins de Mallorca premiats al concurs internacional Bacchus 2023"},"content":{"rendered":"<p>La Uni\u00f3 Espanyola de Tastadors ha premiat\u00a0<strong>dos vins blancs fets a Mallorca<\/strong>\u00a0amb una\u00a0<strong>medalla d&#8217;or<\/strong>. Es tracta del vi\u00a0<strong>Sauvignon Blanc de Maci\u00e0 Batle<\/strong>\u00a0i del\u00a0<strong>Chardonnay de Sa Caban<\/strong>a, dos cellers\u00a0que fan part de la indicaci\u00f3 geogr\u00e0fica Vi de la Terra Mallorca.<\/p>\n<p>El vi de<strong>\u00a0Maci\u00e0 Batle \u00e9s de l&#8217;anyada 2022<\/strong>.\u00a0<strong>Ramon Servalls<\/strong>\u00a0ha expressat la seva satisfacci\u00f3 pel guard\u00f3. De fet, no \u00e9s la primera vegada que es reconeix la feina que s&#8217;hi fa, ja que ha guanyat diversos premis en aquesta competici\u00f3. Servalls comenta que &#8222;\u00e9s un vi monovarietal elaborat 100% amb sauvignon blanc, que elaboram\u00a0com una aposta per la innovaci\u00f3 i les noves varietats. El ra\u00efm prov\u00e9 de les vinyes de Consell i Santa Eug\u00e8nia, i el vi que se n&#8217;ha fet t\u00e9 unes caracter\u00edstiques molt singulars i \u00faniques, conseq\u00fc\u00e8ncia de l&#8217;especial terrer i clima de Mallorca&#8220;.<\/p>\n<p>El vi de<strong>\u00a0Sa Cabana \u00e9s de l&#8217;anyada 2021<\/strong>.\u00a0Aquest celler \u00e9s a Binissalem i \u00e9s propietat de la fam\u00edlia Codol\u00e1 Bonet. Tamb\u00e9 \u00e9s un monovarietal, per\u00f2 en aquest cas de la varietat francesa chardonnay, en el qual destaca la fruita fresca i les notes tropicals.<\/p>\n<p>El concurs Bacchus 2023 s&#8217;ha celebrat a Madrid del 17 al 21 d&#8217;abril i el\u00a0<strong>jurat<\/strong>, format per especialistes en vi, com ara\u00a0<strong>mestres del vi, sommeliers, en\u00f2legs i periodistes<\/strong>, els quals han tastat vins dels cinc continents.<\/p>\n<p>El guard\u00f3 \u00e9s una mostra m\u00e9s de la bona feina que els vinaters de Mallorca duen a terme des de fa anys.<\/p>\n","protected":false},"excerpt":{"rendered":"<p>Es tracta de dos monovarietals blancs que elaboren els cellers Maci\u00e0 Batle i Sa Cabana<\/p>\n","protected":false},"author":1,"featured_media":82202,"comment_status":"open","ping_status":"closed","sticky":false,"template":"","format":"standard","meta":{"_acf_changed":false,"_swt_meta_header_display":false,"_swt_meta_footer_display":false,"_swt_meta_site_title_display":false,"_swt_meta_sticky_header":false,"_swt_meta_transparent_header":false,"footnotes":""},"categories":[1050,1480],"tags":[],"coauthors":[2053],"class_list":["post-82206","post","type-post","status-publish","format-standard","has-post-thumbnail","hentry","category-actualitat-es-de","category-concursos-i-premis-de"],"acf":{"gallery":null,"home_date":{"home_begin_date":null,"home_end_date":null}},"yoast_head":"<!-- This site is optimized with the Yoast SEO plugin v27.4 - https:\/\/yoast.com\/product\/yoast-seo-wordpress\/ -->\n<title>Dos vins de Mallorca premiats al concurs internacional Bacchus 2023 - Gastron\u00f2micament<\/title>\n<meta name=\"description\" content=\"Dos vins de Mallorca premiats al concurs internacional Bacchus 2023 Actualitat, Concursos i premis Es tracta de dos monovarietals blancs que elaboren els cellers Maci\u00e0 Batle i Sa Cabana\" \/>\n<meta name=\"robots\" content=\"index, follow, max-snippet:-1, max-image-preview:large, max-video-preview:-1\" \/>\n<link rel=\"canonical\" href=\"https:\/\/gastronomicament.cat\/de\/dos-vins-de-mallorca-premiats-al-concurs-internacional-bacchus-2023\" \/>\n<meta property=\"og:locale\" content=\"de_DE\" \/>\n<meta property=\"og:type\" content=\"article\" \/>\n<meta property=\"og:title\" content=\"Dos vins de Mallorca premiats al concurs internacional Bacchus 2023 - Gastron\u00f2micament\" \/>\n<meta property=\"og:description\" content=\"Dos vins de Mallorca premiats al concurs internacional Bacchus 2023 Actualitat, Concursos i premis Es tracta de dos monovarietals blancs que elaboren els cellers Maci\u00e0 Batle i Sa Cabana\" \/>\n<meta property=\"og:url\" content=\"https:\/\/gastronomicament.cat\/de\/dos-vins-de-mallorca-premiats-al-concurs-internacional-bacchus-2023\" \/>\n<meta property=\"og:site_name\" content=\"Gastron\u00f2micament\" \/>\n<meta property=\"article:published_time\" content=\"2023-05-04T00:31:27+00:00\" \/>\n<meta property=\"og:image\" content=\"https:\/\/gastronomicament.cat\/wp-content\/uploads\/2023\/05\/Bacchus-2023-Macia-Batle-Sa-Cabana.jpg\" \/>\n\t<meta property=\"og:image:width\" content=\"1000\" \/>\n\t<meta property=\"og:image:height\" content=\"738\" \/>\n\t<meta property=\"og:image:type\" content=\"image\/jpeg\" \/>\n<meta name=\"author\" content=\"Redacci\u00f3\" \/>\n<meta name=\"twitter:card\" content=\"summary_large_image\" \/>\n<meta name=\"twitter:creator\" content=\"@gastronomicamen\" \/>\n<meta name=\"twitter:site\" content=\"@gastronomicamen\" \/>\n<meta name=\"twitter:label1\" content=\"Verfasst von\" \/>\n\t<meta name=\"twitter:data1\" content=\"Redacci\u00f3\" \/>\n\t<meta name=\"twitter:label2\" content=\"Gesch\u00e4tzte Lesezeit\" \/>\n\t<meta name=\"twitter:data2\" content=\"2\u00a0Minuten\" \/>\n\t<meta name=\"twitter:label3\" content=\"Written by\" \/>\n\t<meta name=\"twitter:data3\" content=\"Redacci\u00f3\" \/>\n<script type=\"application\/ld+json\" class=\"yoast-schema-graph\">{\"@context\":\"https:\\\/\\\/schema.org\",\"@graph\":[{\"@type\":\"Article\",\"@id\":\"https:\\\/\\\/gastronomicament.cat\\\/de\\\/dos-vins-de-mallorca-premiats-al-concurs-internacional-bacchus-2023#article\",\"isPartOf\":{\"@id\":\"https:\\\/\\\/gastronomicament.cat\\\/de\\\/dos-vins-de-mallorca-premiats-al-concurs-internacional-bacchus-2023\"},\"author\":{\"name\":\"Redacci\u00f3\",\"@id\":\"https:\\\/\\\/gastronomicament.cat\\\/de\\\/#\\\/schema\\\/person\\\/a7c85c537a1ed62799a5b8e0f686a37f\"},\"headline\":\"Dos vins de Mallorca premiats al concurs internacional Bacchus 2023\",\"datePublished\":\"2023-05-04T00:31:27+00:00\",\"mainEntityOfPage\":{\"@id\":\"https:\\\/\\\/gastronomicament.cat\\\/de\\\/dos-vins-de-mallorca-premiats-al-concurs-internacional-bacchus-2023\"},\"wordCount\":262,\"commentCount\":0,\"publisher\":{\"@id\":\"https:\\\/\\\/gastronomicament.cat\\\/de\\\/#organization\"},\"image\":{\"@id\":\"https:\\\/\\\/gastronomicament.cat\\\/de\\\/dos-vins-de-mallorca-premiats-al-concurs-internacional-bacchus-2023#primaryimage\"},\"thumbnailUrl\":\"https:\\\/\\\/gastronomicament.cat\\\/wp-content\\\/uploads\\\/2023\\\/05\\\/Bacchus-2023-Macia-Batle-Sa-Cabana.jpg\",\"articleSection\":[\"Actualitat\",\"Concursos i premis\"],\"inLanguage\":\"de\",\"potentialAction\":[{\"@type\":\"CommentAction\",\"name\":\"Comment\",\"target\":[\"https:\\\/\\\/gastronomicament.cat\\\/de\\\/dos-vins-de-mallorca-premiats-al-concurs-internacional-bacchus-2023#respond\"]}]},{\"@type\":\"WebPage\",\"@id\":\"https:\\\/\\\/gastronomicament.cat\\\/de\\\/dos-vins-de-mallorca-premiats-al-concurs-internacional-bacchus-2023\",\"url\":\"https:\\\/\\\/gastronomicament.cat\\\/de\\\/dos-vins-de-mallorca-premiats-al-concurs-internacional-bacchus-2023\",\"name\":\"Dos vins de Mallorca premiats al concurs internacional Bacchus 2023 - Gastron\u00f2micament\",\"isPartOf\":{\"@id\":\"https:\\\/\\\/gastronomicament.cat\\\/de\\\/#website\"},\"primaryImageOfPage\":{\"@id\":\"https:\\\/\\\/gastronomicament.cat\\\/de\\\/dos-vins-de-mallorca-premiats-al-concurs-internacional-bacchus-2023#primaryimage\"},\"image\":{\"@id\":\"https:\\\/\\\/gastronomicament.cat\\\/de\\\/dos-vins-de-mallorca-premiats-al-concurs-internacional-bacchus-2023#primaryimage\"},\"thumbnailUrl\":\"https:\\\/\\\/gastronomicament.cat\\\/wp-content\\\/uploads\\\/2023\\\/05\\\/Bacchus-2023-Macia-Batle-Sa-Cabana.jpg\",\"datePublished\":\"2023-05-04T00:31:27+00:00\",\"description\":\"Dos vins de Mallorca premiats al concurs internacional Bacchus 2023 Actualitat, Concursos i premis Es tracta de dos monovarietals blancs que elaboren els cellers Maci\u00e0 Batle i Sa Cabana\",\"inLanguage\":\"de\",\"potentialAction\":[{\"@type\":\"ReadAction\",\"target\":[\"https:\\\/\\\/gastronomicament.cat\\\/de\\\/dos-vins-de-mallorca-premiats-al-concurs-internacional-bacchus-2023\"]}]},{\"@type\":\"ImageObject\",\"inLanguage\":\"de\",\"@id\":\"https:\\\/\\\/gastronomicament.cat\\\/de\\\/dos-vins-de-mallorca-premiats-al-concurs-internacional-bacchus-2023#primaryimage\",\"url\":\"https:\\\/\\\/gastronomicament.cat\\\/wp-content\\\/uploads\\\/2023\\\/05\\\/Bacchus-2023-Macia-Batle-Sa-Cabana.jpg\",\"contentUrl\":\"https:\\\/\\\/gastronomicament.cat\\\/wp-content\\\/uploads\\\/2023\\\/05\\\/Bacchus-2023-Macia-Batle-Sa-Cabana.jpg\",\"width\":1000,\"height\":738},{\"@type\":\"WebSite\",\"@id\":\"https:\\\/\\\/gastronomicament.cat\\\/de\\\/#website\",\"url\":\"https:\\\/\\\/gastronomicament.cat\\\/de\\\/\",\"name\":\"Gastron\u00f2micament\",\"description\":\"Portal de restaurants, receptes i actualitat gastron\u00f2mica\",\"publisher\":{\"@id\":\"https:\\\/\\\/gastronomicament.cat\\\/de\\\/#organization\"},\"potentialAction\":[{\"@type\":\"SearchAction\",\"target\":{\"@type\":\"EntryPoint\",\"urlTemplate\":\"https:\\\/\\\/gastronomicament.cat\\\/de\\\/?s={search_term_string}\"},\"query-input\":{\"@type\":\"PropertyValueSpecification\",\"valueRequired\":true,\"valueName\":\"search_term_string\"}}],\"inLanguage\":\"de\"},{\"@type\":\"Organization\",\"@id\":\"https:\\\/\\\/gastronomicament.cat\\\/de\\\/#organization\",\"name\":\"Gastron\u00f2micament\",\"url\":\"https:\\\/\\\/gastronomicament.cat\\\/de\\\/\",\"logo\":{\"@type\":\"ImageObject\",\"inLanguage\":\"de\",\"@id\":\"https:\\\/\\\/gastronomicament.cat\\\/de\\\/#\\\/schema\\\/logo\\\/image\\\/\",\"url\":\"https:\\\/\\\/gastronomicament.cat\\\/wp-content\\\/uploads\\\/2016\\\/09\\\/header-logo.jpg\",\"contentUrl\":\"https:\\\/\\\/gastronomicament.cat\\\/wp-content\\\/uploads\\\/2016\\\/09\\\/header-logo.jpg\",\"width\":277,\"height\":39,\"caption\":\"Gastron\u00f2micament\"},\"image\":{\"@id\":\"https:\\\/\\\/gastronomicament.cat\\\/de\\\/#\\\/schema\\\/logo\\\/image\\\/\"},\"sameAs\":[\"https:\\\/\\\/x.com\\\/gastronomicamen\"]},{\"@type\":\"Person\",\"@id\":\"https:\\\/\\\/gastronomicament.cat\\\/de\\\/#\\\/schema\\\/person\\\/a7c85c537a1ed62799a5b8e0f686a37f\",\"name\":\"Redacci\u00f3\",\"image\":{\"@type\":\"ImageObject\",\"inLanguage\":\"de\",\"@id\":\"https:\\\/\\\/secure.gravatar.com\\\/avatar\\\/9489a485c464fd611d33825daae651d13db70c4e74c65c94937a15a9d4c3ee14?s=96&d=mm&r=g69fea3cce3645dfa2166e7293e22955e\",\"url\":\"https:\\\/\\\/secure.gravatar.com\\\/avatar\\\/9489a485c464fd611d33825daae651d13db70c4e74c65c94937a15a9d4c3ee14?s=96&d=mm&r=g\",\"contentUrl\":\"https:\\\/\\\/secure.gravatar.com\\\/avatar\\\/9489a485c464fd611d33825daae651d13db70c4e74c65c94937a15a9d4c3ee14?s=96&d=mm&r=g\",\"caption\":\"Redacci\u00f3\"},\"sameAs\":[\"http:\\\/\\\/gastronomicament.cat\"],\"url\":\"https:\\\/\\\/gastronomicament.cat\\\/de\\\/author\\\/admin\"}]}<\/script>\n<!-- \/ Yoast SEO plugin. -->","yoast_head_json":{"title":"Dos vins de Mallorca premiats al concurs internacional Bacchus 2023 - Gastron\u00f2micament","description":"Dos vins de Mallorca premiats al concurs internacional Bacchus 2023 Actualitat, Concursos i premis Es tracta de dos monovarietals blancs que elaboren els cellers Maci\u00e0 Batle i Sa Cabana","robots":{"index":"index","follow":"follow","max-snippet":"max-snippet:-1","max-image-preview":"max-image-preview:large","max-video-preview":"max-video-preview:-1"},"canonical":"https:\/\/gastronomicament.cat\/de\/dos-vins-de-mallorca-premiats-al-concurs-internacional-bacchus-2023","og_locale":"de_DE","og_type":"article","og_title":"Dos vins de Mallorca premiats al concurs internacional Bacchus 2023 - Gastron\u00f2micament","og_description":"Dos vins de Mallorca premiats al concurs internacional Bacchus 2023 Actualitat, Concursos i premis Es tracta de dos monovarietals blancs que elaboren els cellers Maci\u00e0 Batle i Sa Cabana","og_url":"https:\/\/gastronomicament.cat\/de\/dos-vins-de-mallorca-premiats-al-concurs-internacional-bacchus-2023","og_site_name":"Gastron\u00f2micament","article_published_time":"2023-05-04T00:31:27+00:00","og_image":[{"width":1000,"height":738,"url":"https:\/\/gastronomicament.cat\/wp-content\/uploads\/2023\/05\/Bacchus-2023-Macia-Batle-Sa-Cabana.jpg","type":"image\/jpeg"}],"author":"Redacci\u00f3","twitter_card":"summary_large_image","twitter_creator":"@gastronomicamen","twitter_site":"@gastronomicamen","twitter_misc":{"Verfasst von":"Redacci\u00f3","Gesch\u00e4tzte Lesezeit":"2\u00a0Minuten","Written by":"Redacci\u00f3"},"schema":{"@context":"https:\/\/schema.org","@graph":[{"@type":"Article","@id":"https:\/\/gastronomicament.cat\/de\/dos-vins-de-mallorca-premiats-al-concurs-internacional-bacchus-2023#article","isPartOf":{"@id":"https:\/\/gastronomicament.cat\/de\/dos-vins-de-mallorca-premiats-al-concurs-internacional-bacchus-2023"},"author":{"name":"Redacci\u00f3","@id":"https:\/\/gastronomicament.cat\/de\/#\/schema\/person\/a7c85c537a1ed62799a5b8e0f686a37f"},"headline":"Dos vins de Mallorca premiats al concurs internacional Bacchus 2023","datePublished":"2023-05-04T00:31:27+00:00","mainEntityOfPage":{"@id":"https:\/\/gastronomicament.cat\/de\/dos-vins-de-mallorca-premiats-al-concurs-internacional-bacchus-2023"},"wordCount":262,"commentCount":0,"publisher":{"@id":"https:\/\/gastronomicament.cat\/de\/#organization"},"image":{"@id":"https:\/\/gastronomicament.cat\/de\/dos-vins-de-mallorca-premiats-al-concurs-internacional-bacchus-2023#primaryimage"},"thumbnailUrl":"https:\/\/gastronomicament.cat\/wp-content\/uploads\/2023\/05\/Bacchus-2023-Macia-Batle-Sa-Cabana.jpg","articleSection":["Actualitat","Concursos i premis"],"inLanguage":"de","potentialAction":[{"@type":"CommentAction","name":"Comment","target":["https:\/\/gastronomicament.cat\/de\/dos-vins-de-mallorca-premiats-al-concurs-internacional-bacchus-2023#respond"]}]},{"@type":"WebPage","@id":"https:\/\/gastronomicament.cat\/de\/dos-vins-de-mallorca-premiats-al-concurs-internacional-bacchus-2023","url":"https:\/\/gastronomicament.cat\/de\/dos-vins-de-mallorca-premiats-al-concurs-internacional-bacchus-2023","name":"Dos vins de Mallorca premiats al concurs internacional Bacchus 2023 - Gastron\u00f2micament","isPartOf":{"@id":"https:\/\/gastronomicament.cat\/de\/#website"},"primaryImageOfPage":{"@id":"https:\/\/gastronomicament.cat\/de\/dos-vins-de-mallorca-premiats-al-concurs-internacional-bacchus-2023#primaryimage"},"image":{"@id":"https:\/\/gastronomicament.cat\/de\/dos-vins-de-mallorca-premiats-al-concurs-internacional-bacchus-2023#primaryimage"},"thumbnailUrl":"https:\/\/gastronomicament.cat\/wp-content\/uploads\/2023\/05\/Bacchus-2023-Macia-Batle-Sa-Cabana.jpg","datePublished":"2023-05-04T00:31:27+00:00","description":"Dos vins de Mallorca premiats al concurs internacional Bacchus 2023 Actualitat, Concursos i premis Es tracta de dos monovarietals blancs que elaboren els cellers Maci\u00e0 Batle i Sa Cabana","inLanguage":"de","potentialAction":[{"@type":"ReadAction","target":["https:\/\/gastronomicament.cat\/de\/dos-vins-de-mallorca-premiats-al-concurs-internacional-bacchus-2023"]}]},{"@type":"ImageObject","inLanguage":"de","@id":"https:\/\/gastronomicament.cat\/de\/dos-vins-de-mallorca-premiats-al-concurs-internacional-bacchus-2023#primaryimage","url":"https:\/\/gastronomicament.cat\/wp-content\/uploads\/2023\/05\/Bacchus-2023-Macia-Batle-Sa-Cabana.jpg","contentUrl":"https:\/\/gastronomicament.cat\/wp-content\/uploads\/2023\/05\/Bacchus-2023-Macia-Batle-Sa-Cabana.jpg","width":1000,"height":738},{"@type":"WebSite","@id":"https:\/\/gastronomicament.cat\/de\/#website","url":"https:\/\/gastronomicament.cat\/de\/","name":"Gastron\u00f2micament","description":"Portal de restaurants, receptes i actualitat gastron\u00f2mica","publisher":{"@id":"https:\/\/gastronomicament.cat\/de\/#organization"},"potentialAction":[{"@type":"SearchAction","target":{"@type":"EntryPoint","urlTemplate":"https:\/\/gastronomicament.cat\/de\/?s={search_term_string}"},"query-input":{"@type":"PropertyValueSpecification","valueRequired":true,"valueName":"search_term_string"}}],"inLanguage":"de"},{"@type":"Organization","@id":"https:\/\/gastronomicament.cat\/de\/#organization","name":"Gastron\u00f2micament","url":"https:\/\/gastronomicament.cat\/de\/","logo":{"@type":"ImageObject","inLanguage":"de","@id":"https:\/\/gastronomicament.cat\/de\/#\/schema\/logo\/image\/","url":"https:\/\/gastronomicament.cat\/wp-content\/uploads\/2016\/09\/header-logo.jpg","contentUrl":"https:\/\/gastronomicament.cat\/wp-content\/uploads\/2016\/09\/header-logo.jpg","width":277,"height":39,"caption":"Gastron\u00f2micament"},"image":{"@id":"https:\/\/gastronomicament.cat\/de\/#\/schema\/logo\/image\/"},"sameAs":["https:\/\/x.com\/gastronomicamen"]},{"@type":"Person","@id":"https:\/\/gastronomicament.cat\/de\/#\/schema\/person\/a7c85c537a1ed62799a5b8e0f686a37f","name":"Redacci\u00f3","image":{"@type":"ImageObject","inLanguage":"de","@id":"https:\/\/secure.gravatar.com\/avatar\/9489a485c464fd611d33825daae651d13db70c4e74c65c94937a15a9d4c3ee14?s=96&d=mm&r=g69fea3cce3645dfa2166e7293e22955e","url":"https:\/\/secure.gravatar.com\/avatar\/9489a485c464fd611d33825daae651d13db70c4e74c65c94937a15a9d4c3ee14?s=96&d=mm&r=g","contentUrl":"https:\/\/secure.gravatar.com\/avatar\/9489a485c464fd611d33825daae651d13db70c4e74c65c94937a15a9d4c3ee14?s=96&d=mm&r=g","caption":"Redacci\u00f3"},"sameAs":["http:\/\/gastronomicament.cat"],"url":"https:\/\/gastronomicament.cat\/de\/author\/admin"}]}},"_links":{"self":[{"href":"https:\/\/gastronomicament.cat\/de\/wp-json\/wp\/v2\/posts\/82206","targetHints":{"allow":["GET"]}}],"collection":[{"href":"https:\/\/gastronomicament.cat\/de\/wp-json\/wp\/v2\/posts"}],"about":[{"href":"https:\/\/gastronomicament.cat\/de\/wp-json\/wp\/v2\/types\/post"}],"author":[{"embeddable":true,"href":"https:\/\/gastronomicament.cat\/de\/wp-json\/wp\/v2\/users\/1"}],"replies":[{"embeddable":true,"href":"https:\/\/gastronomicament.cat\/de\/wp-json\/wp\/v2\/comments?post=82206"}],"version-history":[{"count":0,"href":"https:\/\/gastronomicament.cat\/de\/wp-json\/wp\/v2\/posts\/82206\/revisions"}],"wp:featuredmedia":[{"embeddable":true,"href":"https:\/\/gastronomicament.cat\/de\/wp-json\/wp\/v2\/media\/82202"}],"wp:attachment":[{"href":"https:\/\/gastronomicament.cat\/de\/wp-json\/wp\/v2\/media?parent=82206"}],"wp:term":[{"taxonomy":"category","embeddable":true,"href":"https:\/\/gastronomicament.cat\/de\/wp-json\/wp\/v2\/categories?post=82206"},{"taxonomy":"post_tag","embeddable":true,"href":"https:\/\/gastronomicament.cat\/de\/wp-json\/wp\/v2\/tags?post=82206"},{"taxonomy":"author","embeddable":true,"href":"https:\/\/gastronomicament.cat\/de\/wp-json\/wp\/v2\/coauthors?post=82206"}],"curies":[{"name":"wp","href":"https:\/\/api.w.org\/{rel}","templated":true}]}}