{"id":82360,"date":"2023-05-11T09:54:57","date_gmt":"2023-05-11T07:54:57","guid":{"rendered":"https:\/\/gastronomicament.cat\/tornen-els-wine-days-amb-un-programa-ben-complet"},"modified":"2023-05-11T09:54:57","modified_gmt":"2023-05-11T07:54:57","slug":"tornen-els-wine-days-amb-un-programa-ben-complet","status":"publish","type":"post","link":"https:\/\/gastronomicament.cat\/de\/tornen-els-wine-days-amb-un-programa-ben-complet","title":{"rendered":"Tornen els Wine Days amb un programa ben complet"},"content":{"rendered":"<p>La denominaci\u00f3 d&#8217;origen Binissalem &#8211; Mallorca acaba de presentar el programa d&#8217;activitats dels\u00a0<strong>Wine Days 2023<\/strong>. Es tracta d&#8217;una proposta que t\u00e9 com a fil conductor la vinya i el vi a trav\u00e9s d&#8217;activitats variades relacionades amb\u00a0l\u2019art, la m\u00fasica, la relaxaci\u00f3, la gastronomia, el patrimoni, les tradicions, el senderisme, el paisatge, entre d&#8217;altres.<\/p>\n<p>Els Wine Days d&#8217;enguany arriben a la\u00a0<strong>10a edici\u00f3<\/strong>\u00a0i\u00a0<strong>tendran lloc del 12 al 21 de maig<\/strong>.\u00a0<strong>Josep Llu\u00eds Roses<\/strong>, president del consell regulador de la denominaci\u00f3 d&#8217;origen (CRDO) Binissalem ha recordat la periodista\u00a0<strong>Lourdes Pic\u00f3<\/strong>, qui va idear aquest esdeveniment quan era presidenta d&#8217;aquesta entitat. Tamb\u00e9 ha agra\u00eft el\u00a0<strong>suport rebut per les institucions del Govern, del Consell i dels ajuntaments de la comarca<\/strong>, com tamb\u00e9 de tots els col\u00b7laboradors que fan possible aquest esdeveniment.<\/p>\n<p><strong>Festa Wine Days<\/strong><\/p>\n<p>D&#8217;altra banda, Marga Amat, directora t\u00e8cnica del CRDO Binissalem, ha presentat el programa d\u2019activitats, que ofereix un ampli ventall de possibilitats per gaudir de la vinya i del vi realitzant activitats diverses amb parella, amb amics o amb fam\u00edlia&#8230;, tant per a residents com per a visitants. Entre les activitats proposades hi ha la\u00a0<strong>Festa Wine Days amb vi, cuina i m\u00fasica al Claustre de Sant Francesc de Palma<\/strong>, que tendr\u00e0 la participaci\u00f3 de 10 cellers de la DO Binissalem: Jos\u00e9 L. Ferrer, Jaume de Puntir\u00f3, Vins Nadal, Vinyes i Vins Ca Sa Padrina, Can Ramis, Vinya Taujana, Sebasti\u00e0 Pastor, Can Verdura Viticultors, Santa Catarina i Can Fumat.\u00a0<strong>Ser\u00e0 el 12 de maig, de 18.30 a 22.30\u00a0hores<\/strong>. El preu de l&#8217;entrada \u00e9s de 6 euros i inclou la copa i tres degustacions de vi. Els cuiners que hi participaran i les tapes que hi oferiran (a 5 euros cada una) s\u00f3n:<\/p>\n<ul>\n<li><strong>Cati Pons<\/strong>: arr\u00f2s integral i arr\u00f2s salvatge amb Sobrassada de Mallorca IGP, Formatge Ma\u00f3- Menorca i Ametlla de Mallorca IGP.<\/li>\n<li><strong>Igor Rodr\u00edguez<\/strong>: brioix, salm\u00f3 marinat, mango i salsa d\u2019Ametlla torrada de Mallorca IGP.<\/li>\n<li><strong>Andreu Ben\u00edtez<\/strong>: escabetx de pastanaga i taronja amb Oli de Mallorca DO, amb t\u00e0rtar de cerviola.<\/li>\n<li><strong>Jos\u00e9 Cort\u00e8s<\/strong>: ensa\u00efmada de Mallorca IGP amb pebres torrats, bacall\u00e0 confitat amb Oli de Mallorca DO i Sobrassada de Mallorca IGP amb mel.<\/li>\n<\/ul>\n<p><strong>Un gran ventall d&#8217;actes<\/strong><\/p>\n<p>Tamb\u00e9 s&#8217;ha previst activitats relacionades amb el paisatge i l&#8217;esport, com ara\u00a0<strong>rutes en bicicleta el\u00e8ctrica per les vinyes\u00a0<\/strong>i la\u00a0<strong>V Marxa N\u00f2rdica per Santa Eug\u00e8nia<\/strong>, relaxaci\u00f3 i tast de vi,\u00a0<strong>visites teatralitzades a cellers\u00a0<\/strong>i la projecci\u00f3 de la pel\u00b7l\u00edcula\u00a0<em>Sideways<\/em>.<\/p>\n<p>A m\u00e9s, s&#8217;han organitzat maridatges, tallers i showcookings a diferents cellers i espais amb la<strong>\u00a0cuinera Cati Pons, el cuiner Kike Mart\u00ed i\u00a0l&#8217;experta en flors comestibles Carmen P\u00e9rez<\/strong>. Tamb\u00e9 hi haur\u00e0\u00a0<strong>poesia i art<\/strong>, i\u00a0<strong>m\u00fasica en directe<\/strong>\u00a0de Minimal Fusion, Fil de Blues, Moonkey Doo i Barrilete C\u00f3smico<\/p>\n<p>La consellera d\u2019Agricultura, Mae de la Concha, ha donat\u00a0l\u2019enhorabona pel projecte i posant en valor el patrimoni de l\u2019interior de Mallorca, i n&#8217;ha destacat la seva bellesa i riquesa: \u201cel vi \u00e9s un aliment i un acompanyant que forma part de la cultura mediterr\u00e0nia i Wine Days cerca aix\u00f2, crear sin\u00e8rgies i posar en valor el patrimoni de la comarca\u201d.<\/p>\n<p>E<strong>l programa d\u2019activitats Wine Days 2023<\/strong>\u00a0est\u00e0 disponible al web\u00a0<a href=\"https:\/\/winedaysmallorca.com\/ca\/\" target=\"_blank\" rel=\"nofollow noopener\">www.winedaysmallorca.com<\/a>\u00a0on es poden fer les reserves i inscripcions a les activitats.<\/p>\n","protected":false},"excerpt":{"rendered":"<p>Tasts de vins, rutes en bicicleta i cuina en directe s\u00f3n algunes de les activitats proposades&hellip;<\/p>\n","protected":false},"author":1,"featured_media":82356,"comment_status":"open","ping_status":"closed","sticky":false,"template":"","format":"gallery","meta":{"_acf_changed":false,"_swt_meta_header_display":false,"_swt_meta_footer_display":false,"_swt_meta_site_title_display":false,"_swt_meta_sticky_header":false,"_swt_meta_transparent_header":false,"footnotes":""},"categories":[1050,1473],"tags":[],"coauthors":[2053],"class_list":["post-82360","post","type-post","status-publish","format-gallery","has-post-thumbnail","hentry","category-actualitat-es-de","category-fires-i-rutes-de","post_format-post-format-gallery"],"acf":{"gallery":null,"home_date":{"home_begin_date":null,"home_end_date":null}},"yoast_head":"<!-- This site is optimized with the Yoast SEO plugin v27.4 - https:\/\/yoast.com\/product\/yoast-seo-wordpress\/ -->\n<title>Tornen els Wine Days amb un programa ben complet - Gastron\u00f2micament<\/title>\n<meta name=\"description\" content=\"Tornen els Wine Days amb un programa ben complet Actualitat, Fires i rutes Tasts de vins, rutes en bicicleta i cuina en directe s\u00f3n algunes de les activitats proposades per la DO Binissalem\" \/>\n<meta name=\"robots\" content=\"index, follow, max-snippet:-1, max-image-preview:large, max-video-preview:-1\" \/>\n<link rel=\"canonical\" href=\"https:\/\/gastronomicament.cat\/de\/tornen-els-wine-days-amb-un-programa-ben-complet\" \/>\n<meta property=\"og:locale\" content=\"de_DE\" \/>\n<meta property=\"og:type\" content=\"article\" \/>\n<meta property=\"og:title\" content=\"Tornen els Wine Days amb un programa ben complet - Gastron\u00f2micament\" \/>\n<meta property=\"og:description\" content=\"Tornen els Wine Days amb un programa ben complet Actualitat, Fires i rutes Tasts de vins, rutes en bicicleta i cuina en directe s\u00f3n algunes de les activitats proposades per la DO Binissalem\" \/>\n<meta property=\"og:url\" content=\"https:\/\/gastronomicament.cat\/de\/tornen-els-wine-days-amb-un-programa-ben-complet\" \/>\n<meta property=\"og:site_name\" content=\"Gastron\u00f2micament\" \/>\n<meta property=\"article:published_time\" content=\"2023-05-11T07:54:57+00:00\" \/>\n<meta property=\"og:image\" content=\"https:\/\/gastronomicament.cat\/wp-content\/uploads\/2023\/05\/WineDays-2023.jpg\" \/>\n\t<meta property=\"og:image:width\" content=\"1200\" \/>\n\t<meta property=\"og:image:height\" content=\"659\" \/>\n\t<meta property=\"og:image:type\" content=\"image\/jpeg\" \/>\n<meta name=\"author\" content=\"Redacci\u00f3\" \/>\n<meta name=\"twitter:card\" content=\"summary_large_image\" \/>\n<meta name=\"twitter:creator\" content=\"@gastronomicamen\" \/>\n<meta name=\"twitter:site\" content=\"@gastronomicamen\" \/>\n<meta name=\"twitter:label1\" content=\"Verfasst von\" \/>\n\t<meta name=\"twitter:data1\" content=\"Redacci\u00f3\" \/>\n\t<meta name=\"twitter:label2\" content=\"Gesch\u00e4tzte Lesezeit\" \/>\n\t<meta name=\"twitter:data2\" content=\"3\u00a0Minuten\" \/>\n\t<meta name=\"twitter:label3\" content=\"Written by\" \/>\n\t<meta name=\"twitter:data3\" content=\"Redacci\u00f3\" \/>\n<script type=\"application\/ld+json\" class=\"yoast-schema-graph\">{\"@context\":\"https:\\\/\\\/schema.org\",\"@graph\":[{\"@type\":\"Article\",\"@id\":\"https:\\\/\\\/gastronomicament.cat\\\/de\\\/tornen-els-wine-days-amb-un-programa-ben-complet#article\",\"isPartOf\":{\"@id\":\"https:\\\/\\\/gastronomicament.cat\\\/de\\\/tornen-els-wine-days-amb-un-programa-ben-complet\"},\"author\":{\"name\":\"Redacci\u00f3\",\"@id\":\"https:\\\/\\\/gastronomicament.cat\\\/de\\\/#\\\/schema\\\/person\\\/a7c85c537a1ed62799a5b8e0f686a37f\"},\"headline\":\"Tornen els Wine Days amb un programa ben complet\",\"datePublished\":\"2023-05-11T07:54:57+00:00\",\"mainEntityOfPage\":{\"@id\":\"https:\\\/\\\/gastronomicament.cat\\\/de\\\/tornen-els-wine-days-amb-un-programa-ben-complet\"},\"wordCount\":574,\"commentCount\":0,\"publisher\":{\"@id\":\"https:\\\/\\\/gastronomicament.cat\\\/de\\\/#organization\"},\"image\":{\"@id\":\"https:\\\/\\\/gastronomicament.cat\\\/de\\\/tornen-els-wine-days-amb-un-programa-ben-complet#primaryimage\"},\"thumbnailUrl\":\"https:\\\/\\\/gastronomicament.cat\\\/wp-content\\\/uploads\\\/2023\\\/05\\\/WineDays-2023.jpg\",\"articleSection\":[\"Actualitat\",\"Fires i rutes\"],\"inLanguage\":\"de\",\"potentialAction\":[{\"@type\":\"CommentAction\",\"name\":\"Comment\",\"target\":[\"https:\\\/\\\/gastronomicament.cat\\\/de\\\/tornen-els-wine-days-amb-un-programa-ben-complet#respond\"]}]},{\"@type\":\"WebPage\",\"@id\":\"https:\\\/\\\/gastronomicament.cat\\\/de\\\/tornen-els-wine-days-amb-un-programa-ben-complet\",\"url\":\"https:\\\/\\\/gastronomicament.cat\\\/de\\\/tornen-els-wine-days-amb-un-programa-ben-complet\",\"name\":\"Tornen els Wine Days amb un programa ben complet - Gastron\u00f2micament\",\"isPartOf\":{\"@id\":\"https:\\\/\\\/gastronomicament.cat\\\/de\\\/#website\"},\"primaryImageOfPage\":{\"@id\":\"https:\\\/\\\/gastronomicament.cat\\\/de\\\/tornen-els-wine-days-amb-un-programa-ben-complet#primaryimage\"},\"image\":{\"@id\":\"https:\\\/\\\/gastronomicament.cat\\\/de\\\/tornen-els-wine-days-amb-un-programa-ben-complet#primaryimage\"},\"thumbnailUrl\":\"https:\\\/\\\/gastronomicament.cat\\\/wp-content\\\/uploads\\\/2023\\\/05\\\/WineDays-2023.jpg\",\"datePublished\":\"2023-05-11T07:54:57+00:00\",\"description\":\"Tornen els Wine Days amb un programa ben complet Actualitat, Fires i rutes Tasts de vins, rutes en bicicleta i cuina en directe s\u00f3n algunes de les activitats proposades per la DO Binissalem\",\"inLanguage\":\"de\",\"potentialAction\":[{\"@type\":\"ReadAction\",\"target\":[\"https:\\\/\\\/gastronomicament.cat\\\/de\\\/tornen-els-wine-days-amb-un-programa-ben-complet\"]}]},{\"@type\":\"ImageObject\",\"inLanguage\":\"de\",\"@id\":\"https:\\\/\\\/gastronomicament.cat\\\/de\\\/tornen-els-wine-days-amb-un-programa-ben-complet#primaryimage\",\"url\":\"https:\\\/\\\/gastronomicament.cat\\\/wp-content\\\/uploads\\\/2023\\\/05\\\/WineDays-2023.jpg\",\"contentUrl\":\"https:\\\/\\\/gastronomicament.cat\\\/wp-content\\\/uploads\\\/2023\\\/05\\\/WineDays-2023.jpg\",\"width\":1200,\"height\":659},{\"@type\":\"WebSite\",\"@id\":\"https:\\\/\\\/gastronomicament.cat\\\/de\\\/#website\",\"url\":\"https:\\\/\\\/gastronomicament.cat\\\/de\\\/\",\"name\":\"Gastron\u00f2micament\",\"description\":\"Portal de restaurants, receptes i actualitat gastron\u00f2mica\",\"publisher\":{\"@id\":\"https:\\\/\\\/gastronomicament.cat\\\/de\\\/#organization\"},\"potentialAction\":[{\"@type\":\"SearchAction\",\"target\":{\"@type\":\"EntryPoint\",\"urlTemplate\":\"https:\\\/\\\/gastronomicament.cat\\\/de\\\/?s={search_term_string}\"},\"query-input\":{\"@type\":\"PropertyValueSpecification\",\"valueRequired\":true,\"valueName\":\"search_term_string\"}}],\"inLanguage\":\"de\"},{\"@type\":\"Organization\",\"@id\":\"https:\\\/\\\/gastronomicament.cat\\\/de\\\/#organization\",\"name\":\"Gastron\u00f2micament\",\"url\":\"https:\\\/\\\/gastronomicament.cat\\\/de\\\/\",\"logo\":{\"@type\":\"ImageObject\",\"inLanguage\":\"de\",\"@id\":\"https:\\\/\\\/gastronomicament.cat\\\/de\\\/#\\\/schema\\\/logo\\\/image\\\/\",\"url\":\"https:\\\/\\\/gastronomicament.cat\\\/wp-content\\\/uploads\\\/2016\\\/09\\\/header-logo.jpg\",\"contentUrl\":\"https:\\\/\\\/gastronomicament.cat\\\/wp-content\\\/uploads\\\/2016\\\/09\\\/header-logo.jpg\",\"width\":277,\"height\":39,\"caption\":\"Gastron\u00f2micament\"},\"image\":{\"@id\":\"https:\\\/\\\/gastronomicament.cat\\\/de\\\/#\\\/schema\\\/logo\\\/image\\\/\"},\"sameAs\":[\"https:\\\/\\\/x.com\\\/gastronomicamen\"]},{\"@type\":\"Person\",\"@id\":\"https:\\\/\\\/gastronomicament.cat\\\/de\\\/#\\\/schema\\\/person\\\/a7c85c537a1ed62799a5b8e0f686a37f\",\"name\":\"Redacci\u00f3\",\"image\":{\"@type\":\"ImageObject\",\"inLanguage\":\"de\",\"@id\":\"https:\\\/\\\/secure.gravatar.com\\\/avatar\\\/9489a485c464fd611d33825daae651d13db70c4e74c65c94937a15a9d4c3ee14?s=96&d=mm&r=g69fea3cce3645dfa2166e7293e22955e\",\"url\":\"https:\\\/\\\/secure.gravatar.com\\\/avatar\\\/9489a485c464fd611d33825daae651d13db70c4e74c65c94937a15a9d4c3ee14?s=96&d=mm&r=g\",\"contentUrl\":\"https:\\\/\\\/secure.gravatar.com\\\/avatar\\\/9489a485c464fd611d33825daae651d13db70c4e74c65c94937a15a9d4c3ee14?s=96&d=mm&r=g\",\"caption\":\"Redacci\u00f3\"},\"sameAs\":[\"http:\\\/\\\/gastronomicament.cat\"],\"url\":\"https:\\\/\\\/gastronomicament.cat\\\/de\\\/author\\\/admin\"}]}<\/script>\n<!-- \/ Yoast SEO plugin. -->","yoast_head_json":{"title":"Tornen els Wine Days amb un programa ben complet - Gastron\u00f2micament","description":"Tornen els Wine Days amb un programa ben complet Actualitat, Fires i rutes Tasts de vins, rutes en bicicleta i cuina en directe s\u00f3n algunes de les activitats proposades per la DO Binissalem","robots":{"index":"index","follow":"follow","max-snippet":"max-snippet:-1","max-image-preview":"max-image-preview:large","max-video-preview":"max-video-preview:-1"},"canonical":"https:\/\/gastronomicament.cat\/de\/tornen-els-wine-days-amb-un-programa-ben-complet","og_locale":"de_DE","og_type":"article","og_title":"Tornen els Wine Days amb un programa ben complet - Gastron\u00f2micament","og_description":"Tornen els Wine Days amb un programa ben complet Actualitat, Fires i rutes Tasts de vins, rutes en bicicleta i cuina en directe s\u00f3n algunes de les activitats proposades per la DO Binissalem","og_url":"https:\/\/gastronomicament.cat\/de\/tornen-els-wine-days-amb-un-programa-ben-complet","og_site_name":"Gastron\u00f2micament","article_published_time":"2023-05-11T07:54:57+00:00","og_image":[{"width":1200,"height":659,"url":"https:\/\/gastronomicament.cat\/wp-content\/uploads\/2023\/05\/WineDays-2023.jpg","type":"image\/jpeg"}],"author":"Redacci\u00f3","twitter_card":"summary_large_image","twitter_creator":"@gastronomicamen","twitter_site":"@gastronomicamen","twitter_misc":{"Verfasst von":"Redacci\u00f3","Gesch\u00e4tzte Lesezeit":"3\u00a0Minuten","Written by":"Redacci\u00f3"},"schema":{"@context":"https:\/\/schema.org","@graph":[{"@type":"Article","@id":"https:\/\/gastronomicament.cat\/de\/tornen-els-wine-days-amb-un-programa-ben-complet#article","isPartOf":{"@id":"https:\/\/gastronomicament.cat\/de\/tornen-els-wine-days-amb-un-programa-ben-complet"},"author":{"name":"Redacci\u00f3","@id":"https:\/\/gastronomicament.cat\/de\/#\/schema\/person\/a7c85c537a1ed62799a5b8e0f686a37f"},"headline":"Tornen els Wine Days amb un programa ben complet","datePublished":"2023-05-11T07:54:57+00:00","mainEntityOfPage":{"@id":"https:\/\/gastronomicament.cat\/de\/tornen-els-wine-days-amb-un-programa-ben-complet"},"wordCount":574,"commentCount":0,"publisher":{"@id":"https:\/\/gastronomicament.cat\/de\/#organization"},"image":{"@id":"https:\/\/gastronomicament.cat\/de\/tornen-els-wine-days-amb-un-programa-ben-complet#primaryimage"},"thumbnailUrl":"https:\/\/gastronomicament.cat\/wp-content\/uploads\/2023\/05\/WineDays-2023.jpg","articleSection":["Actualitat","Fires i rutes"],"inLanguage":"de","potentialAction":[{"@type":"CommentAction","name":"Comment","target":["https:\/\/gastronomicament.cat\/de\/tornen-els-wine-days-amb-un-programa-ben-complet#respond"]}]},{"@type":"WebPage","@id":"https:\/\/gastronomicament.cat\/de\/tornen-els-wine-days-amb-un-programa-ben-complet","url":"https:\/\/gastronomicament.cat\/de\/tornen-els-wine-days-amb-un-programa-ben-complet","name":"Tornen els Wine Days amb un programa ben complet - Gastron\u00f2micament","isPartOf":{"@id":"https:\/\/gastronomicament.cat\/de\/#website"},"primaryImageOfPage":{"@id":"https:\/\/gastronomicament.cat\/de\/tornen-els-wine-days-amb-un-programa-ben-complet#primaryimage"},"image":{"@id":"https:\/\/gastronomicament.cat\/de\/tornen-els-wine-days-amb-un-programa-ben-complet#primaryimage"},"thumbnailUrl":"https:\/\/gastronomicament.cat\/wp-content\/uploads\/2023\/05\/WineDays-2023.jpg","datePublished":"2023-05-11T07:54:57+00:00","description":"Tornen els Wine Days amb un programa ben complet Actualitat, Fires i rutes Tasts de vins, rutes en bicicleta i cuina en directe s\u00f3n algunes de les activitats proposades per la DO Binissalem","inLanguage":"de","potentialAction":[{"@type":"ReadAction","target":["https:\/\/gastronomicament.cat\/de\/tornen-els-wine-days-amb-un-programa-ben-complet"]}]},{"@type":"ImageObject","inLanguage":"de","@id":"https:\/\/gastronomicament.cat\/de\/tornen-els-wine-days-amb-un-programa-ben-complet#primaryimage","url":"https:\/\/gastronomicament.cat\/wp-content\/uploads\/2023\/05\/WineDays-2023.jpg","contentUrl":"https:\/\/gastronomicament.cat\/wp-content\/uploads\/2023\/05\/WineDays-2023.jpg","width":1200,"height":659},{"@type":"WebSite","@id":"https:\/\/gastronomicament.cat\/de\/#website","url":"https:\/\/gastronomicament.cat\/de\/","name":"Gastron\u00f2micament","description":"Portal de restaurants, receptes i actualitat gastron\u00f2mica","publisher":{"@id":"https:\/\/gastronomicament.cat\/de\/#organization"},"potentialAction":[{"@type":"SearchAction","target":{"@type":"EntryPoint","urlTemplate":"https:\/\/gastronomicament.cat\/de\/?s={search_term_string}"},"query-input":{"@type":"PropertyValueSpecification","valueRequired":true,"valueName":"search_term_string"}}],"inLanguage":"de"},{"@type":"Organization","@id":"https:\/\/gastronomicament.cat\/de\/#organization","name":"Gastron\u00f2micament","url":"https:\/\/gastronomicament.cat\/de\/","logo":{"@type":"ImageObject","inLanguage":"de","@id":"https:\/\/gastronomicament.cat\/de\/#\/schema\/logo\/image\/","url":"https:\/\/gastronomicament.cat\/wp-content\/uploads\/2016\/09\/header-logo.jpg","contentUrl":"https:\/\/gastronomicament.cat\/wp-content\/uploads\/2016\/09\/header-logo.jpg","width":277,"height":39,"caption":"Gastron\u00f2micament"},"image":{"@id":"https:\/\/gastronomicament.cat\/de\/#\/schema\/logo\/image\/"},"sameAs":["https:\/\/x.com\/gastronomicamen"]},{"@type":"Person","@id":"https:\/\/gastronomicament.cat\/de\/#\/schema\/person\/a7c85c537a1ed62799a5b8e0f686a37f","name":"Redacci\u00f3","image":{"@type":"ImageObject","inLanguage":"de","@id":"https:\/\/secure.gravatar.com\/avatar\/9489a485c464fd611d33825daae651d13db70c4e74c65c94937a15a9d4c3ee14?s=96&d=mm&r=g69fea3cce3645dfa2166e7293e22955e","url":"https:\/\/secure.gravatar.com\/avatar\/9489a485c464fd611d33825daae651d13db70c4e74c65c94937a15a9d4c3ee14?s=96&d=mm&r=g","contentUrl":"https:\/\/secure.gravatar.com\/avatar\/9489a485c464fd611d33825daae651d13db70c4e74c65c94937a15a9d4c3ee14?s=96&d=mm&r=g","caption":"Redacci\u00f3"},"sameAs":["http:\/\/gastronomicament.cat"],"url":"https:\/\/gastronomicament.cat\/de\/author\/admin"}]}},"_links":{"self":[{"href":"https:\/\/gastronomicament.cat\/de\/wp-json\/wp\/v2\/posts\/82360","targetHints":{"allow":["GET"]}}],"collection":[{"href":"https:\/\/gastronomicament.cat\/de\/wp-json\/wp\/v2\/posts"}],"about":[{"href":"https:\/\/gastronomicament.cat\/de\/wp-json\/wp\/v2\/types\/post"}],"author":[{"embeddable":true,"href":"https:\/\/gastronomicament.cat\/de\/wp-json\/wp\/v2\/users\/1"}],"replies":[{"embeddable":true,"href":"https:\/\/gastronomicament.cat\/de\/wp-json\/wp\/v2\/comments?post=82360"}],"version-history":[{"count":0,"href":"https:\/\/gastronomicament.cat\/de\/wp-json\/wp\/v2\/posts\/82360\/revisions"}],"wp:featuredmedia":[{"embeddable":true,"href":"https:\/\/gastronomicament.cat\/de\/wp-json\/wp\/v2\/media\/82356"}],"wp:attachment":[{"href":"https:\/\/gastronomicament.cat\/de\/wp-json\/wp\/v2\/media?parent=82360"}],"wp:term":[{"taxonomy":"category","embeddable":true,"href":"https:\/\/gastronomicament.cat\/de\/wp-json\/wp\/v2\/categories?post=82360"},{"taxonomy":"post_tag","embeddable":true,"href":"https:\/\/gastronomicament.cat\/de\/wp-json\/wp\/v2\/tags?post=82360"},{"taxonomy":"author","embeddable":true,"href":"https:\/\/gastronomicament.cat\/de\/wp-json\/wp\/v2\/coauthors?post=82360"}],"curies":[{"name":"wp","href":"https:\/\/api.w.org\/{rel}","templated":true}]}}