{"id":82976,"date":"2023-06-22T09:21:10","date_gmt":"2023-06-22T07:21:10","guid":{"rendered":"https:\/\/gastronomicament.cat\/el-gust-de-mallorca-a-dublin"},"modified":"2023-06-22T09:21:10","modified_gmt":"2023-06-22T07:21:10","slug":"el-gust-de-mallorca-a-dublin","status":"publish","type":"post","link":"https:\/\/gastronomicament.cat\/de\/el-gust-de-mallorca-a-dublin","title":{"rendered":"El gust de Mallorca, a Dubl\u00edn"},"content":{"rendered":"<p>Mallorca ha estat present a la fira gastron\u00f2mica Taste of Dublin, que es va celebrar a la capital irlandesa del 15 al 18 de juny. L\u2019illa hi ha participat dins l\u2019estand de Turespa\u00f1a, en col\u00b7laboraci\u00f3 amb Saborea Espa\u00f1a, juntament amb quatre destinacions de l&#8217;Estat: Cambrils, Gran Can\u00e0ria, Lanzarote i Saragossa.<\/p>\n<p>Taste of Dublin \u00e9s una trobada internacional de professionals de la gastronomia que ofereix tasts, classes d\u2019exhibici\u00f3, tallers i diferents tipus d\u2019activitats centrades a donar a con\u00e8ixer diferents racons del m\u00f3n a trav\u00e9s de la gastronomia. Aquesta fira gastron\u00f2mica \u00e9s, per\u00f2, fonamentalment experiencial; \u00e9s a dir, el plat fort s\u00f3n les degustacions que cada destinaci\u00f3 presenta als visitants. En el cas de Mallorca, el xef Jos\u00e9 Cort\u00e9s, president d\u2019ASCAIB, ha preparat diferents elaboracions amb el producte local com a ingredient b\u00e0sic. Aix\u00ed mateix, tamb\u00e9 s\u2019hi ha pogut tastar vi blanc i negre de DO Binissalem i Vi de la Terra, expressament destinat a aquesta acci\u00f3, organitzada per Turisme de Mallorca. Han acompanyat les receptes: Oli de Mallorca, Flor de Sal, Sobrassada de Mallorca, com aix\u00ed Tap de Cort\u00ed d\u2019Esp\u00e8cies Cresp\u00ed. Tamb\u00e9 hi ha participat Ensa\u00efmada de Mallorca i Ametla de Mallorca.<\/p>\n<p>Cal destacar que el producte gastron\u00f2mic \u00e9s un dels reclams tur\u00edstics prioritaris per a l\u2019estrat\u00e8gia promocional de Mallorca per la seva capacitat d\u2019atreure visitants fora de temporada alta i pel seu valor com a transmissor de la cultura, tradici\u00f3 i producte local.<\/p>\n","protected":false},"excerpt":{"rendered":"<p>El departament de Turisme del Consell de Mallorca ha participat a la fira gastron\u00f2mica d&#8217;Irlanda<\/p>\n","protected":false},"author":1,"featured_media":82971,"comment_status":"open","ping_status":"closed","sticky":false,"template":"","format":"gallery","meta":{"_acf_changed":false,"_swt_meta_header_display":false,"_swt_meta_footer_display":false,"_swt_meta_site_title_display":false,"_swt_meta_sticky_header":false,"_swt_meta_transparent_header":false,"footnotes":""},"categories":[1050,1476],"tags":[],"coauthors":[2053],"class_list":["post-82976","post","type-post","status-publish","format-gallery","has-post-thumbnail","hentry","category-actualitat-es-de","category-reportatges-i-novetats-de","post_format-post-format-gallery"],"acf":{"gallery":null,"home_date":{"home_begin_date":null,"home_end_date":null}},"yoast_head":"<!-- This site is optimized with the Yoast SEO plugin v27.4 - https:\/\/yoast.com\/product\/yoast-seo-wordpress\/ -->\n<title>El gust de Mallorca, a Dubl\u00edn - Gastron\u00f2micament<\/title>\n<meta name=\"description\" content=\"El gust de Mallorca, a Dubl\u00edn Actualitat, Reportatges i novetats El departament de Turisme del Consell de Mallorca ha participat a la fira gastron\u00f2mica d&#039;Irlanda\" \/>\n<meta name=\"robots\" content=\"index, follow, max-snippet:-1, max-image-preview:large, max-video-preview:-1\" \/>\n<link rel=\"canonical\" href=\"https:\/\/gastronomicament.cat\/de\/el-gust-de-mallorca-a-dublin\" \/>\n<meta property=\"og:locale\" content=\"de_DE\" \/>\n<meta property=\"og:type\" content=\"article\" \/>\n<meta property=\"og:title\" content=\"El gust de Mallorca, a Dubl\u00edn - Gastron\u00f2micament\" \/>\n<meta property=\"og:description\" content=\"El gust de Mallorca, a Dubl\u00edn Actualitat, Reportatges i novetats El departament de Turisme del Consell de Mallorca ha participat a la fira gastron\u00f2mica d&#039;Irlanda\" \/>\n<meta property=\"og:url\" content=\"https:\/\/gastronomicament.cat\/de\/el-gust-de-mallorca-a-dublin\" \/>\n<meta property=\"og:site_name\" content=\"Gastron\u00f2micament\" \/>\n<meta property=\"article:published_time\" content=\"2023-06-22T07:21:10+00:00\" \/>\n<meta property=\"og:image\" content=\"https:\/\/gastronomicament.cat\/wp-content\/uploads\/2023\/06\/Taste-of-Dublin-Mallorca-2023.jpeg\" \/>\n\t<meta property=\"og:image:width\" content=\"1200\" \/>\n\t<meta property=\"og:image:height\" content=\"900\" \/>\n\t<meta property=\"og:image:type\" content=\"image\/jpeg\" \/>\n<meta name=\"author\" content=\"Redacci\u00f3\" \/>\n<meta name=\"twitter:card\" content=\"summary_large_image\" \/>\n<meta name=\"twitter:creator\" content=\"@gastronomicamen\" \/>\n<meta name=\"twitter:site\" content=\"@gastronomicamen\" \/>\n<meta name=\"twitter:label1\" content=\"Verfasst von\" \/>\n\t<meta name=\"twitter:data1\" content=\"Redacci\u00f3\" \/>\n\t<meta name=\"twitter:label2\" content=\"Gesch\u00e4tzte Lesezeit\" \/>\n\t<meta name=\"twitter:data2\" content=\"2\u00a0Minuten\" \/>\n\t<meta name=\"twitter:label3\" content=\"Written by\" \/>\n\t<meta name=\"twitter:data3\" content=\"Redacci\u00f3\" \/>\n<script type=\"application\/ld+json\" class=\"yoast-schema-graph\">{\"@context\":\"https:\\\/\\\/schema.org\",\"@graph\":[{\"@type\":\"Article\",\"@id\":\"https:\\\/\\\/gastronomicament.cat\\\/de\\\/el-gust-de-mallorca-a-dublin#article\",\"isPartOf\":{\"@id\":\"https:\\\/\\\/gastronomicament.cat\\\/de\\\/el-gust-de-mallorca-a-dublin\"},\"author\":{\"name\":\"Redacci\u00f3\",\"@id\":\"https:\\\/\\\/gastronomicament.cat\\\/de\\\/#\\\/schema\\\/person\\\/a7c85c537a1ed62799a5b8e0f686a37f\"},\"headline\":\"El gust de Mallorca, a Dubl\u00edn\",\"datePublished\":\"2023-06-22T07:21:10+00:00\",\"mainEntityOfPage\":{\"@id\":\"https:\\\/\\\/gastronomicament.cat\\\/de\\\/el-gust-de-mallorca-a-dublin\"},\"wordCount\":264,\"commentCount\":0,\"publisher\":{\"@id\":\"https:\\\/\\\/gastronomicament.cat\\\/de\\\/#organization\"},\"image\":{\"@id\":\"https:\\\/\\\/gastronomicament.cat\\\/de\\\/el-gust-de-mallorca-a-dublin#primaryimage\"},\"thumbnailUrl\":\"https:\\\/\\\/gastronomicament.cat\\\/wp-content\\\/uploads\\\/2023\\\/06\\\/Taste-of-Dublin-Mallorca-2023.jpeg\",\"articleSection\":[\"Actualitat\",\"Reportatges i novetats\"],\"inLanguage\":\"de\",\"potentialAction\":[{\"@type\":\"CommentAction\",\"name\":\"Comment\",\"target\":[\"https:\\\/\\\/gastronomicament.cat\\\/de\\\/el-gust-de-mallorca-a-dublin#respond\"]}]},{\"@type\":\"WebPage\",\"@id\":\"https:\\\/\\\/gastronomicament.cat\\\/de\\\/el-gust-de-mallorca-a-dublin\",\"url\":\"https:\\\/\\\/gastronomicament.cat\\\/de\\\/el-gust-de-mallorca-a-dublin\",\"name\":\"El gust de Mallorca, a Dubl\u00edn - Gastron\u00f2micament\",\"isPartOf\":{\"@id\":\"https:\\\/\\\/gastronomicament.cat\\\/de\\\/#website\"},\"primaryImageOfPage\":{\"@id\":\"https:\\\/\\\/gastronomicament.cat\\\/de\\\/el-gust-de-mallorca-a-dublin#primaryimage\"},\"image\":{\"@id\":\"https:\\\/\\\/gastronomicament.cat\\\/de\\\/el-gust-de-mallorca-a-dublin#primaryimage\"},\"thumbnailUrl\":\"https:\\\/\\\/gastronomicament.cat\\\/wp-content\\\/uploads\\\/2023\\\/06\\\/Taste-of-Dublin-Mallorca-2023.jpeg\",\"datePublished\":\"2023-06-22T07:21:10+00:00\",\"description\":\"El gust de Mallorca, a Dubl\u00edn Actualitat, Reportatges i novetats El departament de Turisme del Consell de Mallorca ha participat a la fira gastron\u00f2mica d'Irlanda\",\"inLanguage\":\"de\",\"potentialAction\":[{\"@type\":\"ReadAction\",\"target\":[\"https:\\\/\\\/gastronomicament.cat\\\/de\\\/el-gust-de-mallorca-a-dublin\"]}]},{\"@type\":\"ImageObject\",\"inLanguage\":\"de\",\"@id\":\"https:\\\/\\\/gastronomicament.cat\\\/de\\\/el-gust-de-mallorca-a-dublin#primaryimage\",\"url\":\"https:\\\/\\\/gastronomicament.cat\\\/wp-content\\\/uploads\\\/2023\\\/06\\\/Taste-of-Dublin-Mallorca-2023.jpeg\",\"contentUrl\":\"https:\\\/\\\/gastronomicament.cat\\\/wp-content\\\/uploads\\\/2023\\\/06\\\/Taste-of-Dublin-Mallorca-2023.jpeg\",\"width\":1200,\"height\":900},{\"@type\":\"WebSite\",\"@id\":\"https:\\\/\\\/gastronomicament.cat\\\/de\\\/#website\",\"url\":\"https:\\\/\\\/gastronomicament.cat\\\/de\\\/\",\"name\":\"Gastron\u00f2micament\",\"description\":\"Portal de restaurants, receptes i actualitat gastron\u00f2mica\",\"publisher\":{\"@id\":\"https:\\\/\\\/gastronomicament.cat\\\/de\\\/#organization\"},\"potentialAction\":[{\"@type\":\"SearchAction\",\"target\":{\"@type\":\"EntryPoint\",\"urlTemplate\":\"https:\\\/\\\/gastronomicament.cat\\\/de\\\/?s={search_term_string}\"},\"query-input\":{\"@type\":\"PropertyValueSpecification\",\"valueRequired\":true,\"valueName\":\"search_term_string\"}}],\"inLanguage\":\"de\"},{\"@type\":\"Organization\",\"@id\":\"https:\\\/\\\/gastronomicament.cat\\\/de\\\/#organization\",\"name\":\"Gastron\u00f2micament\",\"url\":\"https:\\\/\\\/gastronomicament.cat\\\/de\\\/\",\"logo\":{\"@type\":\"ImageObject\",\"inLanguage\":\"de\",\"@id\":\"https:\\\/\\\/gastronomicament.cat\\\/de\\\/#\\\/schema\\\/logo\\\/image\\\/\",\"url\":\"https:\\\/\\\/gastronomicament.cat\\\/wp-content\\\/uploads\\\/2016\\\/09\\\/header-logo.jpg\",\"contentUrl\":\"https:\\\/\\\/gastronomicament.cat\\\/wp-content\\\/uploads\\\/2016\\\/09\\\/header-logo.jpg\",\"width\":277,\"height\":39,\"caption\":\"Gastron\u00f2micament\"},\"image\":{\"@id\":\"https:\\\/\\\/gastronomicament.cat\\\/de\\\/#\\\/schema\\\/logo\\\/image\\\/\"},\"sameAs\":[\"https:\\\/\\\/x.com\\\/gastronomicamen\"]},{\"@type\":\"Person\",\"@id\":\"https:\\\/\\\/gastronomicament.cat\\\/de\\\/#\\\/schema\\\/person\\\/a7c85c537a1ed62799a5b8e0f686a37f\",\"name\":\"Redacci\u00f3\",\"image\":{\"@type\":\"ImageObject\",\"inLanguage\":\"de\",\"@id\":\"https:\\\/\\\/secure.gravatar.com\\\/avatar\\\/9489a485c464fd611d33825daae651d13db70c4e74c65c94937a15a9d4c3ee14?s=96&d=mm&r=g69fea3cce3645dfa2166e7293e22955e\",\"url\":\"https:\\\/\\\/secure.gravatar.com\\\/avatar\\\/9489a485c464fd611d33825daae651d13db70c4e74c65c94937a15a9d4c3ee14?s=96&d=mm&r=g\",\"contentUrl\":\"https:\\\/\\\/secure.gravatar.com\\\/avatar\\\/9489a485c464fd611d33825daae651d13db70c4e74c65c94937a15a9d4c3ee14?s=96&d=mm&r=g\",\"caption\":\"Redacci\u00f3\"},\"sameAs\":[\"http:\\\/\\\/gastronomicament.cat\"],\"url\":\"https:\\\/\\\/gastronomicament.cat\\\/de\\\/author\\\/admin\"}]}<\/script>\n<!-- \/ Yoast SEO plugin. -->","yoast_head_json":{"title":"El gust de Mallorca, a Dubl\u00edn - Gastron\u00f2micament","description":"El gust de Mallorca, a Dubl\u00edn Actualitat, Reportatges i novetats El departament de Turisme del Consell de Mallorca ha participat a la fira gastron\u00f2mica d'Irlanda","robots":{"index":"index","follow":"follow","max-snippet":"max-snippet:-1","max-image-preview":"max-image-preview:large","max-video-preview":"max-video-preview:-1"},"canonical":"https:\/\/gastronomicament.cat\/de\/el-gust-de-mallorca-a-dublin","og_locale":"de_DE","og_type":"article","og_title":"El gust de Mallorca, a Dubl\u00edn - Gastron\u00f2micament","og_description":"El gust de Mallorca, a Dubl\u00edn Actualitat, Reportatges i novetats El departament de Turisme del Consell de Mallorca ha participat a la fira gastron\u00f2mica d'Irlanda","og_url":"https:\/\/gastronomicament.cat\/de\/el-gust-de-mallorca-a-dublin","og_site_name":"Gastron\u00f2micament","article_published_time":"2023-06-22T07:21:10+00:00","og_image":[{"width":1200,"height":900,"url":"https:\/\/gastronomicament.cat\/wp-content\/uploads\/2023\/06\/Taste-of-Dublin-Mallorca-2023.jpeg","type":"image\/jpeg"}],"author":"Redacci\u00f3","twitter_card":"summary_large_image","twitter_creator":"@gastronomicamen","twitter_site":"@gastronomicamen","twitter_misc":{"Verfasst von":"Redacci\u00f3","Gesch\u00e4tzte Lesezeit":"2\u00a0Minuten","Written by":"Redacci\u00f3"},"schema":{"@context":"https:\/\/schema.org","@graph":[{"@type":"Article","@id":"https:\/\/gastronomicament.cat\/de\/el-gust-de-mallorca-a-dublin#article","isPartOf":{"@id":"https:\/\/gastronomicament.cat\/de\/el-gust-de-mallorca-a-dublin"},"author":{"name":"Redacci\u00f3","@id":"https:\/\/gastronomicament.cat\/de\/#\/schema\/person\/a7c85c537a1ed62799a5b8e0f686a37f"},"headline":"El gust de Mallorca, a Dubl\u00edn","datePublished":"2023-06-22T07:21:10+00:00","mainEntityOfPage":{"@id":"https:\/\/gastronomicament.cat\/de\/el-gust-de-mallorca-a-dublin"},"wordCount":264,"commentCount":0,"publisher":{"@id":"https:\/\/gastronomicament.cat\/de\/#organization"},"image":{"@id":"https:\/\/gastronomicament.cat\/de\/el-gust-de-mallorca-a-dublin#primaryimage"},"thumbnailUrl":"https:\/\/gastronomicament.cat\/wp-content\/uploads\/2023\/06\/Taste-of-Dublin-Mallorca-2023.jpeg","articleSection":["Actualitat","Reportatges i novetats"],"inLanguage":"de","potentialAction":[{"@type":"CommentAction","name":"Comment","target":["https:\/\/gastronomicament.cat\/de\/el-gust-de-mallorca-a-dublin#respond"]}]},{"@type":"WebPage","@id":"https:\/\/gastronomicament.cat\/de\/el-gust-de-mallorca-a-dublin","url":"https:\/\/gastronomicament.cat\/de\/el-gust-de-mallorca-a-dublin","name":"El gust de Mallorca, a Dubl\u00edn - Gastron\u00f2micament","isPartOf":{"@id":"https:\/\/gastronomicament.cat\/de\/#website"},"primaryImageOfPage":{"@id":"https:\/\/gastronomicament.cat\/de\/el-gust-de-mallorca-a-dublin#primaryimage"},"image":{"@id":"https:\/\/gastronomicament.cat\/de\/el-gust-de-mallorca-a-dublin#primaryimage"},"thumbnailUrl":"https:\/\/gastronomicament.cat\/wp-content\/uploads\/2023\/06\/Taste-of-Dublin-Mallorca-2023.jpeg","datePublished":"2023-06-22T07:21:10+00:00","description":"El gust de Mallorca, a Dubl\u00edn Actualitat, Reportatges i novetats El departament de Turisme del Consell de Mallorca ha participat a la fira gastron\u00f2mica d'Irlanda","inLanguage":"de","potentialAction":[{"@type":"ReadAction","target":["https:\/\/gastronomicament.cat\/de\/el-gust-de-mallorca-a-dublin"]}]},{"@type":"ImageObject","inLanguage":"de","@id":"https:\/\/gastronomicament.cat\/de\/el-gust-de-mallorca-a-dublin#primaryimage","url":"https:\/\/gastronomicament.cat\/wp-content\/uploads\/2023\/06\/Taste-of-Dublin-Mallorca-2023.jpeg","contentUrl":"https:\/\/gastronomicament.cat\/wp-content\/uploads\/2023\/06\/Taste-of-Dublin-Mallorca-2023.jpeg","width":1200,"height":900},{"@type":"WebSite","@id":"https:\/\/gastronomicament.cat\/de\/#website","url":"https:\/\/gastronomicament.cat\/de\/","name":"Gastron\u00f2micament","description":"Portal de restaurants, receptes i actualitat gastron\u00f2mica","publisher":{"@id":"https:\/\/gastronomicament.cat\/de\/#organization"},"potentialAction":[{"@type":"SearchAction","target":{"@type":"EntryPoint","urlTemplate":"https:\/\/gastronomicament.cat\/de\/?s={search_term_string}"},"query-input":{"@type":"PropertyValueSpecification","valueRequired":true,"valueName":"search_term_string"}}],"inLanguage":"de"},{"@type":"Organization","@id":"https:\/\/gastronomicament.cat\/de\/#organization","name":"Gastron\u00f2micament","url":"https:\/\/gastronomicament.cat\/de\/","logo":{"@type":"ImageObject","inLanguage":"de","@id":"https:\/\/gastronomicament.cat\/de\/#\/schema\/logo\/image\/","url":"https:\/\/gastronomicament.cat\/wp-content\/uploads\/2016\/09\/header-logo.jpg","contentUrl":"https:\/\/gastronomicament.cat\/wp-content\/uploads\/2016\/09\/header-logo.jpg","width":277,"height":39,"caption":"Gastron\u00f2micament"},"image":{"@id":"https:\/\/gastronomicament.cat\/de\/#\/schema\/logo\/image\/"},"sameAs":["https:\/\/x.com\/gastronomicamen"]},{"@type":"Person","@id":"https:\/\/gastronomicament.cat\/de\/#\/schema\/person\/a7c85c537a1ed62799a5b8e0f686a37f","name":"Redacci\u00f3","image":{"@type":"ImageObject","inLanguage":"de","@id":"https:\/\/secure.gravatar.com\/avatar\/9489a485c464fd611d33825daae651d13db70c4e74c65c94937a15a9d4c3ee14?s=96&d=mm&r=g69fea3cce3645dfa2166e7293e22955e","url":"https:\/\/secure.gravatar.com\/avatar\/9489a485c464fd611d33825daae651d13db70c4e74c65c94937a15a9d4c3ee14?s=96&d=mm&r=g","contentUrl":"https:\/\/secure.gravatar.com\/avatar\/9489a485c464fd611d33825daae651d13db70c4e74c65c94937a15a9d4c3ee14?s=96&d=mm&r=g","caption":"Redacci\u00f3"},"sameAs":["http:\/\/gastronomicament.cat"],"url":"https:\/\/gastronomicament.cat\/de\/author\/admin"}]}},"_links":{"self":[{"href":"https:\/\/gastronomicament.cat\/de\/wp-json\/wp\/v2\/posts\/82976","targetHints":{"allow":["GET"]}}],"collection":[{"href":"https:\/\/gastronomicament.cat\/de\/wp-json\/wp\/v2\/posts"}],"about":[{"href":"https:\/\/gastronomicament.cat\/de\/wp-json\/wp\/v2\/types\/post"}],"author":[{"embeddable":true,"href":"https:\/\/gastronomicament.cat\/de\/wp-json\/wp\/v2\/users\/1"}],"replies":[{"embeddable":true,"href":"https:\/\/gastronomicament.cat\/de\/wp-json\/wp\/v2\/comments?post=82976"}],"version-history":[{"count":0,"href":"https:\/\/gastronomicament.cat\/de\/wp-json\/wp\/v2\/posts\/82976\/revisions"}],"wp:featuredmedia":[{"embeddable":true,"href":"https:\/\/gastronomicament.cat\/de\/wp-json\/wp\/v2\/media\/82971"}],"wp:attachment":[{"href":"https:\/\/gastronomicament.cat\/de\/wp-json\/wp\/v2\/media?parent=82976"}],"wp:term":[{"taxonomy":"category","embeddable":true,"href":"https:\/\/gastronomicament.cat\/de\/wp-json\/wp\/v2\/categories?post=82976"},{"taxonomy":"post_tag","embeddable":true,"href":"https:\/\/gastronomicament.cat\/de\/wp-json\/wp\/v2\/tags?post=82976"},{"taxonomy":"author","embeddable":true,"href":"https:\/\/gastronomicament.cat\/de\/wp-json\/wp\/v2\/coauthors?post=82976"}],"curies":[{"name":"wp","href":"https:\/\/api.w.org\/{rel}","templated":true}]}}