{"id":83130,"date":"2023-07-05T14:16:28","date_gmt":"2023-07-05T12:16:28","guid":{"rendered":"https:\/\/gastronomicament.cat\/poesia-al-vinyet-de-jaume-de-puntiro"},"modified":"2023-07-05T14:16:28","modified_gmt":"2023-07-05T12:16:28","slug":"poesia-al-vinyet-de-jaume-de-puntiro","status":"publish","type":"post","link":"https:\/\/gastronomicament.cat\/de\/poesia-al-vinyet-de-jaume-de-puntiro","title":{"rendered":"Poesia al vinyet de Jaume de Puntir\u00f3"},"content":{"rendered":"<p>El celler\u00a0<strong>Jaume de Puntir\u00f3\u00a0<\/strong>organitza una nova edici\u00f3 de\u00a0<strong>Poesia al Vinyet<\/strong>, amb el subt\u00edtol de Flaire Jove. Es tracta d&#8217;una activitat que\u00a0<strong>combina la cultura amb la m\u00e0gia del vi<\/strong>.<\/p>\n<p>La cita ser\u00e0 el dimarts\u00a0<strong>18 de juliol<\/strong>, a les\u00a0<strong>21 hores<\/strong>, a la\u00a0<strong>vinya Can Pau<\/strong>, al cam\u00ed de Passatemps de\u00a0<strong>Santa Maria del Cam\u00ed<\/strong>. Hi participaran els\u00a0<strong>poetes\u00a0<\/strong>i\u00a0<strong>rapsodes\u00a0<\/strong>seg\u00fcents:\u00a0<strong>Cec\u00edlia Navarro Frau, Jeroni Mas Fiol, Clara Fiol Dols i Miquel \u00c0ngel Adrover Perell\u00f3.<\/strong>\u00a0La vetlada tamb\u00e9 ser\u00e0 amenitzada amb la\u00a0<strong>m\u00fasica\u00a0<\/strong>de la\u00a0<strong>Viny\u00f2vol Band<\/strong>.<\/p>\n<p>L&#8217;activitat \u00e9s\u00a0<strong>gratu\u00efta\u00a0<\/strong>i per assistir-hi, no cal fer cap reserva. El\u00a0<strong>punt de trobada<\/strong>\u00a0ser\u00e0 el celler (Pla\u00e7a Nova, 23), a les 20.45 hores, i des d&#8217;all\u00e0 els assistents partiran tots plegats a peu cap a la vinya. Tot i aix\u00f2, si alg\u00fa necessita\u00a0<strong>m\u00e9s informaci\u00f3<\/strong>, pot telefonar al 606429023.<\/p>\n<p><strong>Pere Calafat<\/strong>, vinater i copropietari del celler Jaume de Puntir\u00f3,<strong>\u00a0<\/strong>explica que enguany els rapsodes tamb\u00e9 recitaran els seus poemes i no solament composicions d&#8217;altres autors. L&#8217;activitat t\u00e9 el suport de l&#8217;Ajuntament de Santa Maria del Cam\u00ed.<\/p>\n","protected":false},"excerpt":{"rendered":"<p>La vetlada combina la m\u00fasica i els poemes amb la m\u00e0gia del vi<\/p>\n","protected":false},"author":1,"featured_media":83110,"comment_status":"open","ping_status":"closed","sticky":false,"template":"","format":"gallery","meta":{"_acf_changed":false,"_swt_meta_header_display":false,"_swt_meta_footer_display":false,"_swt_meta_site_title_display":false,"_swt_meta_sticky_header":false,"_swt_meta_transparent_header":false,"footnotes":""},"categories":[1050,1485],"tags":[],"coauthors":[2053],"class_list":["post-83130","post","type-post","status-publish","format-gallery","has-post-thumbnail","hentry","category-actualitat-es-de","category-cursos-i-tallers-de","post_format-post-format-gallery"],"acf":{"gallery":null,"home_date":{"home_begin_date":null,"home_end_date":null}},"yoast_head":"<!-- This site is optimized with the Yoast SEO plugin v27.4 - https:\/\/yoast.com\/product\/yoast-seo-wordpress\/ -->\n<title>Poesia al vinyet de Jaume de Puntir\u00f3 - Gastron\u00f2micament<\/title>\n<meta name=\"description\" content=\"Poesia al vinyet de Jaume de Puntir\u00f3 Actualitat, Cursos i tallers La vetlada combina la m\u00fasica i els poemes amb la m\u00e0gia del vi\" \/>\n<meta name=\"robots\" content=\"index, follow, max-snippet:-1, max-image-preview:large, max-video-preview:-1\" \/>\n<link rel=\"canonical\" href=\"https:\/\/gastronomicament.cat\/de\/poesia-al-vinyet-de-jaume-de-puntiro\" \/>\n<meta property=\"og:locale\" content=\"de_DE\" \/>\n<meta property=\"og:type\" content=\"article\" \/>\n<meta property=\"og:title\" content=\"Poesia al vinyet de Jaume de Puntir\u00f3 - Gastron\u00f2micament\" \/>\n<meta property=\"og:description\" content=\"Poesia al vinyet de Jaume de Puntir\u00f3 Actualitat, Cursos i tallers La vetlada combina la m\u00fasica i els poemes amb la m\u00e0gia del vi\" \/>\n<meta property=\"og:url\" content=\"https:\/\/gastronomicament.cat\/de\/poesia-al-vinyet-de-jaume-de-puntiro\" \/>\n<meta property=\"og:site_name\" content=\"Gastron\u00f2micament\" \/>\n<meta property=\"article:published_time\" content=\"2023-07-05T12:16:28+00:00\" \/>\n<meta property=\"og:image\" content=\"https:\/\/gastronomicament.cat\/wp-content\/uploads\/2023\/07\/Poesia-al-Vinyet-Jaume-de-Puntiro-2.jpeg\" \/>\n\t<meta property=\"og:image:width\" content=\"1600\" \/>\n\t<meta property=\"og:image:height\" content=\"1066\" \/>\n\t<meta property=\"og:image:type\" content=\"image\/jpeg\" \/>\n<meta name=\"author\" content=\"Redacci\u00f3\" \/>\n<meta name=\"twitter:card\" content=\"summary_large_image\" \/>\n<meta name=\"twitter:creator\" content=\"@gastronomicamen\" \/>\n<meta name=\"twitter:site\" content=\"@gastronomicamen\" \/>\n<meta name=\"twitter:label1\" content=\"Verfasst von\" \/>\n\t<meta name=\"twitter:data1\" content=\"Redacci\u00f3\" \/>\n\t<meta name=\"twitter:label2\" content=\"Gesch\u00e4tzte Lesezeit\" \/>\n\t<meta name=\"twitter:data2\" content=\"1\u00a0Minute\" \/>\n\t<meta name=\"twitter:label3\" content=\"Written by\" \/>\n\t<meta name=\"twitter:data3\" content=\"Redacci\u00f3\" \/>\n<script type=\"application\/ld+json\" class=\"yoast-schema-graph\">{\"@context\":\"https:\\\/\\\/schema.org\",\"@graph\":[{\"@type\":\"Article\",\"@id\":\"https:\\\/\\\/gastronomicament.cat\\\/de\\\/poesia-al-vinyet-de-jaume-de-puntiro#article\",\"isPartOf\":{\"@id\":\"https:\\\/\\\/gastronomicament.cat\\\/de\\\/poesia-al-vinyet-de-jaume-de-puntiro\"},\"author\":{\"name\":\"Redacci\u00f3\",\"@id\":\"https:\\\/\\\/gastronomicament.cat\\\/de\\\/#\\\/schema\\\/person\\\/a7c85c537a1ed62799a5b8e0f686a37f\"},\"headline\":\"Poesia al vinyet de Jaume de Puntir\u00f3\",\"datePublished\":\"2023-07-05T12:16:28+00:00\",\"mainEntityOfPage\":{\"@id\":\"https:\\\/\\\/gastronomicament.cat\\\/de\\\/poesia-al-vinyet-de-jaume-de-puntiro\"},\"wordCount\":190,\"commentCount\":0,\"publisher\":{\"@id\":\"https:\\\/\\\/gastronomicament.cat\\\/de\\\/#organization\"},\"image\":{\"@id\":\"https:\\\/\\\/gastronomicament.cat\\\/de\\\/poesia-al-vinyet-de-jaume-de-puntiro#primaryimage\"},\"thumbnailUrl\":\"https:\\\/\\\/gastronomicament.cat\\\/wp-content\\\/uploads\\\/2023\\\/07\\\/Poesia-al-Vinyet-Jaume-de-Puntiro-2.jpeg\",\"articleSection\":[\"Actualitat\",\"Cursos i tallers\"],\"inLanguage\":\"de\",\"potentialAction\":[{\"@type\":\"CommentAction\",\"name\":\"Comment\",\"target\":[\"https:\\\/\\\/gastronomicament.cat\\\/de\\\/poesia-al-vinyet-de-jaume-de-puntiro#respond\"]}]},{\"@type\":\"WebPage\",\"@id\":\"https:\\\/\\\/gastronomicament.cat\\\/de\\\/poesia-al-vinyet-de-jaume-de-puntiro\",\"url\":\"https:\\\/\\\/gastronomicament.cat\\\/de\\\/poesia-al-vinyet-de-jaume-de-puntiro\",\"name\":\"Poesia al vinyet de Jaume de Puntir\u00f3 - Gastron\u00f2micament\",\"isPartOf\":{\"@id\":\"https:\\\/\\\/gastronomicament.cat\\\/de\\\/#website\"},\"primaryImageOfPage\":{\"@id\":\"https:\\\/\\\/gastronomicament.cat\\\/de\\\/poesia-al-vinyet-de-jaume-de-puntiro#primaryimage\"},\"image\":{\"@id\":\"https:\\\/\\\/gastronomicament.cat\\\/de\\\/poesia-al-vinyet-de-jaume-de-puntiro#primaryimage\"},\"thumbnailUrl\":\"https:\\\/\\\/gastronomicament.cat\\\/wp-content\\\/uploads\\\/2023\\\/07\\\/Poesia-al-Vinyet-Jaume-de-Puntiro-2.jpeg\",\"datePublished\":\"2023-07-05T12:16:28+00:00\",\"description\":\"Poesia al vinyet de Jaume de Puntir\u00f3 Actualitat, Cursos i tallers La vetlada combina la m\u00fasica i els poemes amb la m\u00e0gia del vi\",\"inLanguage\":\"de\",\"potentialAction\":[{\"@type\":\"ReadAction\",\"target\":[\"https:\\\/\\\/gastronomicament.cat\\\/de\\\/poesia-al-vinyet-de-jaume-de-puntiro\"]}]},{\"@type\":\"ImageObject\",\"inLanguage\":\"de\",\"@id\":\"https:\\\/\\\/gastronomicament.cat\\\/de\\\/poesia-al-vinyet-de-jaume-de-puntiro#primaryimage\",\"url\":\"https:\\\/\\\/gastronomicament.cat\\\/wp-content\\\/uploads\\\/2023\\\/07\\\/Poesia-al-Vinyet-Jaume-de-Puntiro-2.jpeg\",\"contentUrl\":\"https:\\\/\\\/gastronomicament.cat\\\/wp-content\\\/uploads\\\/2023\\\/07\\\/Poesia-al-Vinyet-Jaume-de-Puntiro-2.jpeg\",\"width\":1600,\"height\":1066},{\"@type\":\"WebSite\",\"@id\":\"https:\\\/\\\/gastronomicament.cat\\\/de\\\/#website\",\"url\":\"https:\\\/\\\/gastronomicament.cat\\\/de\\\/\",\"name\":\"Gastron\u00f2micament\",\"description\":\"Portal de restaurants, receptes i actualitat gastron\u00f2mica\",\"publisher\":{\"@id\":\"https:\\\/\\\/gastronomicament.cat\\\/de\\\/#organization\"},\"potentialAction\":[{\"@type\":\"SearchAction\",\"target\":{\"@type\":\"EntryPoint\",\"urlTemplate\":\"https:\\\/\\\/gastronomicament.cat\\\/de\\\/?s={search_term_string}\"},\"query-input\":{\"@type\":\"PropertyValueSpecification\",\"valueRequired\":true,\"valueName\":\"search_term_string\"}}],\"inLanguage\":\"de\"},{\"@type\":\"Organization\",\"@id\":\"https:\\\/\\\/gastronomicament.cat\\\/de\\\/#organization\",\"name\":\"Gastron\u00f2micament\",\"url\":\"https:\\\/\\\/gastronomicament.cat\\\/de\\\/\",\"logo\":{\"@type\":\"ImageObject\",\"inLanguage\":\"de\",\"@id\":\"https:\\\/\\\/gastronomicament.cat\\\/de\\\/#\\\/schema\\\/logo\\\/image\\\/\",\"url\":\"https:\\\/\\\/gastronomicament.cat\\\/wp-content\\\/uploads\\\/2016\\\/09\\\/header-logo.jpg\",\"contentUrl\":\"https:\\\/\\\/gastronomicament.cat\\\/wp-content\\\/uploads\\\/2016\\\/09\\\/header-logo.jpg\",\"width\":277,\"height\":39,\"caption\":\"Gastron\u00f2micament\"},\"image\":{\"@id\":\"https:\\\/\\\/gastronomicament.cat\\\/de\\\/#\\\/schema\\\/logo\\\/image\\\/\"},\"sameAs\":[\"https:\\\/\\\/x.com\\\/gastronomicamen\"]},{\"@type\":\"Person\",\"@id\":\"https:\\\/\\\/gastronomicament.cat\\\/de\\\/#\\\/schema\\\/person\\\/a7c85c537a1ed62799a5b8e0f686a37f\",\"name\":\"Redacci\u00f3\",\"image\":{\"@type\":\"ImageObject\",\"inLanguage\":\"de\",\"@id\":\"https:\\\/\\\/secure.gravatar.com\\\/avatar\\\/9489a485c464fd611d33825daae651d13db70c4e74c65c94937a15a9d4c3ee14?s=96&d=mm&r=g69fea3cce3645dfa2166e7293e22955e\",\"url\":\"https:\\\/\\\/secure.gravatar.com\\\/avatar\\\/9489a485c464fd611d33825daae651d13db70c4e74c65c94937a15a9d4c3ee14?s=96&d=mm&r=g\",\"contentUrl\":\"https:\\\/\\\/secure.gravatar.com\\\/avatar\\\/9489a485c464fd611d33825daae651d13db70c4e74c65c94937a15a9d4c3ee14?s=96&d=mm&r=g\",\"caption\":\"Redacci\u00f3\"},\"sameAs\":[\"http:\\\/\\\/gastronomicament.cat\"],\"url\":\"https:\\\/\\\/gastronomicament.cat\\\/de\\\/author\\\/admin\"}]}<\/script>\n<!-- \/ Yoast SEO plugin. -->","yoast_head_json":{"title":"Poesia al vinyet de Jaume de Puntir\u00f3 - Gastron\u00f2micament","description":"Poesia al vinyet de Jaume de Puntir\u00f3 Actualitat, Cursos i tallers La vetlada combina la m\u00fasica i els poemes amb la m\u00e0gia del vi","robots":{"index":"index","follow":"follow","max-snippet":"max-snippet:-1","max-image-preview":"max-image-preview:large","max-video-preview":"max-video-preview:-1"},"canonical":"https:\/\/gastronomicament.cat\/de\/poesia-al-vinyet-de-jaume-de-puntiro","og_locale":"de_DE","og_type":"article","og_title":"Poesia al vinyet de Jaume de Puntir\u00f3 - Gastron\u00f2micament","og_description":"Poesia al vinyet de Jaume de Puntir\u00f3 Actualitat, Cursos i tallers La vetlada combina la m\u00fasica i els poemes amb la m\u00e0gia del vi","og_url":"https:\/\/gastronomicament.cat\/de\/poesia-al-vinyet-de-jaume-de-puntiro","og_site_name":"Gastron\u00f2micament","article_published_time":"2023-07-05T12:16:28+00:00","og_image":[{"width":1600,"height":1066,"url":"https:\/\/gastronomicament.cat\/wp-content\/uploads\/2023\/07\/Poesia-al-Vinyet-Jaume-de-Puntiro-2.jpeg","type":"image\/jpeg"}],"author":"Redacci\u00f3","twitter_card":"summary_large_image","twitter_creator":"@gastronomicamen","twitter_site":"@gastronomicamen","twitter_misc":{"Verfasst von":"Redacci\u00f3","Gesch\u00e4tzte Lesezeit":"1\u00a0Minute","Written by":"Redacci\u00f3"},"schema":{"@context":"https:\/\/schema.org","@graph":[{"@type":"Article","@id":"https:\/\/gastronomicament.cat\/de\/poesia-al-vinyet-de-jaume-de-puntiro#article","isPartOf":{"@id":"https:\/\/gastronomicament.cat\/de\/poesia-al-vinyet-de-jaume-de-puntiro"},"author":{"name":"Redacci\u00f3","@id":"https:\/\/gastronomicament.cat\/de\/#\/schema\/person\/a7c85c537a1ed62799a5b8e0f686a37f"},"headline":"Poesia al vinyet de Jaume de Puntir\u00f3","datePublished":"2023-07-05T12:16:28+00:00","mainEntityOfPage":{"@id":"https:\/\/gastronomicament.cat\/de\/poesia-al-vinyet-de-jaume-de-puntiro"},"wordCount":190,"commentCount":0,"publisher":{"@id":"https:\/\/gastronomicament.cat\/de\/#organization"},"image":{"@id":"https:\/\/gastronomicament.cat\/de\/poesia-al-vinyet-de-jaume-de-puntiro#primaryimage"},"thumbnailUrl":"https:\/\/gastronomicament.cat\/wp-content\/uploads\/2023\/07\/Poesia-al-Vinyet-Jaume-de-Puntiro-2.jpeg","articleSection":["Actualitat","Cursos i tallers"],"inLanguage":"de","potentialAction":[{"@type":"CommentAction","name":"Comment","target":["https:\/\/gastronomicament.cat\/de\/poesia-al-vinyet-de-jaume-de-puntiro#respond"]}]},{"@type":"WebPage","@id":"https:\/\/gastronomicament.cat\/de\/poesia-al-vinyet-de-jaume-de-puntiro","url":"https:\/\/gastronomicament.cat\/de\/poesia-al-vinyet-de-jaume-de-puntiro","name":"Poesia al vinyet de Jaume de Puntir\u00f3 - Gastron\u00f2micament","isPartOf":{"@id":"https:\/\/gastronomicament.cat\/de\/#website"},"primaryImageOfPage":{"@id":"https:\/\/gastronomicament.cat\/de\/poesia-al-vinyet-de-jaume-de-puntiro#primaryimage"},"image":{"@id":"https:\/\/gastronomicament.cat\/de\/poesia-al-vinyet-de-jaume-de-puntiro#primaryimage"},"thumbnailUrl":"https:\/\/gastronomicament.cat\/wp-content\/uploads\/2023\/07\/Poesia-al-Vinyet-Jaume-de-Puntiro-2.jpeg","datePublished":"2023-07-05T12:16:28+00:00","description":"Poesia al vinyet de Jaume de Puntir\u00f3 Actualitat, Cursos i tallers La vetlada combina la m\u00fasica i els poemes amb la m\u00e0gia del vi","inLanguage":"de","potentialAction":[{"@type":"ReadAction","target":["https:\/\/gastronomicament.cat\/de\/poesia-al-vinyet-de-jaume-de-puntiro"]}]},{"@type":"ImageObject","inLanguage":"de","@id":"https:\/\/gastronomicament.cat\/de\/poesia-al-vinyet-de-jaume-de-puntiro#primaryimage","url":"https:\/\/gastronomicament.cat\/wp-content\/uploads\/2023\/07\/Poesia-al-Vinyet-Jaume-de-Puntiro-2.jpeg","contentUrl":"https:\/\/gastronomicament.cat\/wp-content\/uploads\/2023\/07\/Poesia-al-Vinyet-Jaume-de-Puntiro-2.jpeg","width":1600,"height":1066},{"@type":"WebSite","@id":"https:\/\/gastronomicament.cat\/de\/#website","url":"https:\/\/gastronomicament.cat\/de\/","name":"Gastron\u00f2micament","description":"Portal de restaurants, receptes i actualitat gastron\u00f2mica","publisher":{"@id":"https:\/\/gastronomicament.cat\/de\/#organization"},"potentialAction":[{"@type":"SearchAction","target":{"@type":"EntryPoint","urlTemplate":"https:\/\/gastronomicament.cat\/de\/?s={search_term_string}"},"query-input":{"@type":"PropertyValueSpecification","valueRequired":true,"valueName":"search_term_string"}}],"inLanguage":"de"},{"@type":"Organization","@id":"https:\/\/gastronomicament.cat\/de\/#organization","name":"Gastron\u00f2micament","url":"https:\/\/gastronomicament.cat\/de\/","logo":{"@type":"ImageObject","inLanguage":"de","@id":"https:\/\/gastronomicament.cat\/de\/#\/schema\/logo\/image\/","url":"https:\/\/gastronomicament.cat\/wp-content\/uploads\/2016\/09\/header-logo.jpg","contentUrl":"https:\/\/gastronomicament.cat\/wp-content\/uploads\/2016\/09\/header-logo.jpg","width":277,"height":39,"caption":"Gastron\u00f2micament"},"image":{"@id":"https:\/\/gastronomicament.cat\/de\/#\/schema\/logo\/image\/"},"sameAs":["https:\/\/x.com\/gastronomicamen"]},{"@type":"Person","@id":"https:\/\/gastronomicament.cat\/de\/#\/schema\/person\/a7c85c537a1ed62799a5b8e0f686a37f","name":"Redacci\u00f3","image":{"@type":"ImageObject","inLanguage":"de","@id":"https:\/\/secure.gravatar.com\/avatar\/9489a485c464fd611d33825daae651d13db70c4e74c65c94937a15a9d4c3ee14?s=96&d=mm&r=g69fea3cce3645dfa2166e7293e22955e","url":"https:\/\/secure.gravatar.com\/avatar\/9489a485c464fd611d33825daae651d13db70c4e74c65c94937a15a9d4c3ee14?s=96&d=mm&r=g","contentUrl":"https:\/\/secure.gravatar.com\/avatar\/9489a485c464fd611d33825daae651d13db70c4e74c65c94937a15a9d4c3ee14?s=96&d=mm&r=g","caption":"Redacci\u00f3"},"sameAs":["http:\/\/gastronomicament.cat"],"url":"https:\/\/gastronomicament.cat\/de\/author\/admin"}]}},"_links":{"self":[{"href":"https:\/\/gastronomicament.cat\/de\/wp-json\/wp\/v2\/posts\/83130","targetHints":{"allow":["GET"]}}],"collection":[{"href":"https:\/\/gastronomicament.cat\/de\/wp-json\/wp\/v2\/posts"}],"about":[{"href":"https:\/\/gastronomicament.cat\/de\/wp-json\/wp\/v2\/types\/post"}],"author":[{"embeddable":true,"href":"https:\/\/gastronomicament.cat\/de\/wp-json\/wp\/v2\/users\/1"}],"replies":[{"embeddable":true,"href":"https:\/\/gastronomicament.cat\/de\/wp-json\/wp\/v2\/comments?post=83130"}],"version-history":[{"count":0,"href":"https:\/\/gastronomicament.cat\/de\/wp-json\/wp\/v2\/posts\/83130\/revisions"}],"wp:featuredmedia":[{"embeddable":true,"href":"https:\/\/gastronomicament.cat\/de\/wp-json\/wp\/v2\/media\/83110"}],"wp:attachment":[{"href":"https:\/\/gastronomicament.cat\/de\/wp-json\/wp\/v2\/media?parent=83130"}],"wp:term":[{"taxonomy":"category","embeddable":true,"href":"https:\/\/gastronomicament.cat\/de\/wp-json\/wp\/v2\/categories?post=83130"},{"taxonomy":"post_tag","embeddable":true,"href":"https:\/\/gastronomicament.cat\/de\/wp-json\/wp\/v2\/tags?post=83130"},{"taxonomy":"author","embeddable":true,"href":"https:\/\/gastronomicament.cat\/de\/wp-json\/wp\/v2\/coauthors?post=83130"}],"curies":[{"name":"wp","href":"https:\/\/api.w.org\/{rel}","templated":true}]}}