{"id":84110,"date":"2023-09-26T10:30:46","date_gmt":"2023-09-26T08:30:46","guid":{"rendered":"https:\/\/gastronomicament.cat\/torna-la-fira-dartesania-de-ferreries"},"modified":"2023-09-26T10:30:46","modified_gmt":"2023-09-26T08:30:46","slug":"torna-la-fira-dartesania-de-ferreries","status":"publish","type":"post","link":"https:\/\/gastronomicament.cat\/de\/torna-la-fira-dartesania-de-ferreries","title":{"rendered":"Torna la Fira d&#8217;Artesania de Ferreries"},"content":{"rendered":"<p>L&#8217;Ajuntament de\u00a0<strong>Ferreries\u00a0<\/strong>ha presentat la nova identitat de la tradicional\u00a0<strong>Fira d&#8217;Artesania<\/strong>. La cita arriba a la 22a edici\u00f3 i tamb\u00e9 donar\u00e0 protagonisme als\u00a0<strong>productes agroalimentaris<\/strong>.<\/p>\n<p><strong>Pedro Pons<\/strong>, batle del municipi de Menorca, ha explicat que l&#8217;edici\u00f3 d&#8217;enguany s&#8217;ha avan\u00e7at als<strong>\u00a0dies 30 de setembre i 1 d&#8217;octubre<\/strong>\u00a0per allargar la temporada tur\u00edstica i donar a con\u00e8ixer tota l&#8217;artesania que ofereix el poble de Ferreries. Per la seva banda, el regidor de Promoci\u00f3 i Desenvolupament Econ\u00f2mic,\u00a0<strong>Ramon Sintes<\/strong>\u00a0i la consellera de Turisme,\u00a0<strong>Begonya Mercadal<\/strong>, han remarcat que &#8222;aquesta fira ha de ser l&#8217;impuls per un canvi d&#8217;imatge i agafar amb for\u00e7a noves propostes perqu\u00e8 els nostres productors artesans i comer\u00e7os locals puguin tenir una finestra oberta al m\u00f3n gr\u00e0cies a la plataforma que els proporcionam com s\u00f3n les paradetes a peu de carrer&#8220;.<\/p>\n<p>Per a la fira d&#8217;enguany, l&#8217;Ajuntament ha apostat per canviar-ne l&#8217;est\u00e8tica, no sols en la disposici\u00f3 dels artesans i amb l&#8217;eliminaci\u00f3 de l&#8217;envelat gran, sin\u00f3 que tamb\u00e9 presentar\u00e0 una nova imatge.<\/p>\n<p>En total,\u00a0<strong>hi participaran 32 paradetes<\/strong>, repartides per tota la pla\u00e7a d&#8217;Espanya, on s&#8217;acolliran\u00a0<strong>artesans de tota mena<\/strong>: t\u00e8xtils, cer\u00e0mics, bijuters, torners, esparters, saboners, araders, ganiveters, etc.<\/p>\n<p>Al llarg del cap de setmana, <strong>tamb\u00e9 s&#8217;hi han previst actuacions musicals<\/strong>\u00a0de joves menorquins per amenitzar als assistents. Per acollir totes les persones assistents i participants, l&#8217;Ajuntament tamb\u00e9 ha habilitat una zona d&#8217;aparcament ubicada a la sortida d&#8217;es Migjorn, a la finca de Sant Telm.<\/p>\n<p><strong>Una de les m\u00e9s antigues de Menorca<br \/>\n<\/strong>La Fira de Ferreries \u00e9s una de les m\u00e9s antigues i amb m\u00e9s recorregut de Menorca. L&#8217;activitat continuar\u00e0 tenint el suport de l&#8217;Ajuntament de Ferreries com a nexe d&#8217;uni\u00f3 per englobar els artesans. Des de l\u2019organisme municipal remarquen la import\u00e0ncia de donar suport al teixit artesanal de l&#8217;illa de la mateixa manera que es fa amb el\u00a0<strong>producte alimentari de quil\u00f2metre zero<\/strong>, apostar pels productes creats i fabricats a Menorca i amb materials d&#8217;aqu\u00ed.<\/p>\n","protected":false},"excerpt":{"rendered":"<p>L&#8217;activitat tamb\u00e9 dona import\u00e0ncia als productes agroalimentaris<\/p>\n","protected":false},"author":1,"featured_media":84106,"comment_status":"open","ping_status":"closed","sticky":false,"template":"","format":"standard","meta":{"_acf_changed":false,"_swt_meta_header_display":false,"_swt_meta_footer_display":false,"_swt_meta_site_title_display":false,"_swt_meta_sticky_header":false,"_swt_meta_transparent_header":false,"footnotes":""},"categories":[1050,1473],"tags":[],"coauthors":[2053],"class_list":["post-84110","post","type-post","status-publish","format-standard","has-post-thumbnail","hentry","category-actualitat-es-de","category-fires-i-rutes-de"],"acf":{"gallery":null,"home_date":{"home_begin_date":null,"home_end_date":null}},"yoast_head":"<!-- This site is optimized with the Yoast SEO plugin v27.4 - https:\/\/yoast.com\/product\/yoast-seo-wordpress\/ -->\n<title>Torna la Fira d&#039;Artesania de Ferreries - Gastron\u00f2micament<\/title>\n<meta name=\"description\" content=\"Torna la Fira d&#039;Artesania de Ferreries Actualitat, Fires i rutes L&#039;activitat tamb\u00e9 dona import\u00e0ncia als productes agroalimentaris\" \/>\n<meta name=\"robots\" content=\"index, follow, max-snippet:-1, max-image-preview:large, max-video-preview:-1\" \/>\n<link rel=\"canonical\" href=\"https:\/\/gastronomicament.cat\/de\/torna-la-fira-dartesania-de-ferreries\" \/>\n<meta property=\"og:locale\" content=\"de_DE\" \/>\n<meta property=\"og:type\" content=\"article\" \/>\n<meta property=\"og:title\" content=\"Torna la Fira d&#039;Artesania de Ferreries - Gastron\u00f2micament\" \/>\n<meta property=\"og:description\" content=\"Torna la Fira d&#039;Artesania de Ferreries Actualitat, Fires i rutes L&#039;activitat tamb\u00e9 dona import\u00e0ncia als productes agroalimentaris\" \/>\n<meta property=\"og:url\" content=\"https:\/\/gastronomicament.cat\/de\/torna-la-fira-dartesania-de-ferreries\" \/>\n<meta property=\"og:site_name\" content=\"Gastron\u00f2micament\" \/>\n<meta property=\"article:published_time\" content=\"2023-09-26T08:30:46+00:00\" \/>\n<meta property=\"og:image\" content=\"https:\/\/gastronomicament.cat\/wp-content\/uploads\/2023\/09\/Fira-Artesania-i-Agroalimentaria-Ferreries-Menorca-2023.jpg\" \/>\n\t<meta property=\"og:image:width\" content=\"1122\" \/>\n\t<meta property=\"og:image:height\" content=\"763\" \/>\n\t<meta property=\"og:image:type\" content=\"image\/jpeg\" \/>\n<meta name=\"author\" content=\"Redacci\u00f3\" \/>\n<meta name=\"twitter:card\" content=\"summary_large_image\" \/>\n<meta name=\"twitter:creator\" content=\"@gastronomicamen\" \/>\n<meta name=\"twitter:site\" content=\"@gastronomicamen\" \/>\n<meta name=\"twitter:label1\" content=\"Verfasst von\" \/>\n\t<meta name=\"twitter:data1\" content=\"Redacci\u00f3\" \/>\n\t<meta name=\"twitter:label2\" content=\"Gesch\u00e4tzte Lesezeit\" \/>\n\t<meta name=\"twitter:data2\" content=\"2\u00a0Minuten\" \/>\n\t<meta name=\"twitter:label3\" content=\"Written by\" \/>\n\t<meta name=\"twitter:data3\" content=\"Redacci\u00f3\" \/>\n<script type=\"application\/ld+json\" class=\"yoast-schema-graph\">{\"@context\":\"https:\\\/\\\/schema.org\",\"@graph\":[{\"@type\":\"Article\",\"@id\":\"https:\\\/\\\/gastronomicament.cat\\\/de\\\/torna-la-fira-dartesania-de-ferreries#article\",\"isPartOf\":{\"@id\":\"https:\\\/\\\/gastronomicament.cat\\\/de\\\/torna-la-fira-dartesania-de-ferreries\"},\"author\":{\"name\":\"Redacci\u00f3\",\"@id\":\"https:\\\/\\\/gastronomicament.cat\\\/de\\\/#\\\/schema\\\/person\\\/a7c85c537a1ed62799a5b8e0f686a37f\"},\"headline\":\"Torna la Fira d&#8217;Artesania de Ferreries\",\"datePublished\":\"2023-09-26T08:30:46+00:00\",\"mainEntityOfPage\":{\"@id\":\"https:\\\/\\\/gastronomicament.cat\\\/de\\\/torna-la-fira-dartesania-de-ferreries\"},\"wordCount\":342,\"commentCount\":0,\"publisher\":{\"@id\":\"https:\\\/\\\/gastronomicament.cat\\\/de\\\/#organization\"},\"image\":{\"@id\":\"https:\\\/\\\/gastronomicament.cat\\\/de\\\/torna-la-fira-dartesania-de-ferreries#primaryimage\"},\"thumbnailUrl\":\"https:\\\/\\\/gastronomicament.cat\\\/wp-content\\\/uploads\\\/2023\\\/09\\\/Fira-Artesania-i-Agroalimentaria-Ferreries-Menorca-2023.jpg\",\"articleSection\":[\"Actualitat\",\"Fires i rutes\"],\"inLanguage\":\"de\",\"potentialAction\":[{\"@type\":\"CommentAction\",\"name\":\"Comment\",\"target\":[\"https:\\\/\\\/gastronomicament.cat\\\/de\\\/torna-la-fira-dartesania-de-ferreries#respond\"]}]},{\"@type\":\"WebPage\",\"@id\":\"https:\\\/\\\/gastronomicament.cat\\\/de\\\/torna-la-fira-dartesania-de-ferreries\",\"url\":\"https:\\\/\\\/gastronomicament.cat\\\/de\\\/torna-la-fira-dartesania-de-ferreries\",\"name\":\"Torna la Fira d'Artesania de Ferreries - Gastron\u00f2micament\",\"isPartOf\":{\"@id\":\"https:\\\/\\\/gastronomicament.cat\\\/de\\\/#website\"},\"primaryImageOfPage\":{\"@id\":\"https:\\\/\\\/gastronomicament.cat\\\/de\\\/torna-la-fira-dartesania-de-ferreries#primaryimage\"},\"image\":{\"@id\":\"https:\\\/\\\/gastronomicament.cat\\\/de\\\/torna-la-fira-dartesania-de-ferreries#primaryimage\"},\"thumbnailUrl\":\"https:\\\/\\\/gastronomicament.cat\\\/wp-content\\\/uploads\\\/2023\\\/09\\\/Fira-Artesania-i-Agroalimentaria-Ferreries-Menorca-2023.jpg\",\"datePublished\":\"2023-09-26T08:30:46+00:00\",\"description\":\"Torna la Fira d'Artesania de Ferreries Actualitat, Fires i rutes L'activitat tamb\u00e9 dona import\u00e0ncia als productes agroalimentaris\",\"inLanguage\":\"de\",\"potentialAction\":[{\"@type\":\"ReadAction\",\"target\":[\"https:\\\/\\\/gastronomicament.cat\\\/de\\\/torna-la-fira-dartesania-de-ferreries\"]}]},{\"@type\":\"ImageObject\",\"inLanguage\":\"de\",\"@id\":\"https:\\\/\\\/gastronomicament.cat\\\/de\\\/torna-la-fira-dartesania-de-ferreries#primaryimage\",\"url\":\"https:\\\/\\\/gastronomicament.cat\\\/wp-content\\\/uploads\\\/2023\\\/09\\\/Fira-Artesania-i-Agroalimentaria-Ferreries-Menorca-2023.jpg\",\"contentUrl\":\"https:\\\/\\\/gastronomicament.cat\\\/wp-content\\\/uploads\\\/2023\\\/09\\\/Fira-Artesania-i-Agroalimentaria-Ferreries-Menorca-2023.jpg\",\"width\":1122,\"height\":763},{\"@type\":\"WebSite\",\"@id\":\"https:\\\/\\\/gastronomicament.cat\\\/de\\\/#website\",\"url\":\"https:\\\/\\\/gastronomicament.cat\\\/de\\\/\",\"name\":\"Gastron\u00f2micament\",\"description\":\"Portal de restaurants, receptes i actualitat gastron\u00f2mica\",\"publisher\":{\"@id\":\"https:\\\/\\\/gastronomicament.cat\\\/de\\\/#organization\"},\"potentialAction\":[{\"@type\":\"SearchAction\",\"target\":{\"@type\":\"EntryPoint\",\"urlTemplate\":\"https:\\\/\\\/gastronomicament.cat\\\/de\\\/?s={search_term_string}\"},\"query-input\":{\"@type\":\"PropertyValueSpecification\",\"valueRequired\":true,\"valueName\":\"search_term_string\"}}],\"inLanguage\":\"de\"},{\"@type\":\"Organization\",\"@id\":\"https:\\\/\\\/gastronomicament.cat\\\/de\\\/#organization\",\"name\":\"Gastron\u00f2micament\",\"url\":\"https:\\\/\\\/gastronomicament.cat\\\/de\\\/\",\"logo\":{\"@type\":\"ImageObject\",\"inLanguage\":\"de\",\"@id\":\"https:\\\/\\\/gastronomicament.cat\\\/de\\\/#\\\/schema\\\/logo\\\/image\\\/\",\"url\":\"https:\\\/\\\/gastronomicament.cat\\\/wp-content\\\/uploads\\\/2016\\\/09\\\/header-logo.jpg\",\"contentUrl\":\"https:\\\/\\\/gastronomicament.cat\\\/wp-content\\\/uploads\\\/2016\\\/09\\\/header-logo.jpg\",\"width\":277,\"height\":39,\"caption\":\"Gastron\u00f2micament\"},\"image\":{\"@id\":\"https:\\\/\\\/gastronomicament.cat\\\/de\\\/#\\\/schema\\\/logo\\\/image\\\/\"},\"sameAs\":[\"https:\\\/\\\/x.com\\\/gastronomicamen\"]},{\"@type\":\"Person\",\"@id\":\"https:\\\/\\\/gastronomicament.cat\\\/de\\\/#\\\/schema\\\/person\\\/a7c85c537a1ed62799a5b8e0f686a37f\",\"name\":\"Redacci\u00f3\",\"image\":{\"@type\":\"ImageObject\",\"inLanguage\":\"de\",\"@id\":\"https:\\\/\\\/secure.gravatar.com\\\/avatar\\\/9489a485c464fd611d33825daae651d13db70c4e74c65c94937a15a9d4c3ee14?s=96&d=mm&r=g69fea3cce3645dfa2166e7293e22955e\",\"url\":\"https:\\\/\\\/secure.gravatar.com\\\/avatar\\\/9489a485c464fd611d33825daae651d13db70c4e74c65c94937a15a9d4c3ee14?s=96&d=mm&r=g\",\"contentUrl\":\"https:\\\/\\\/secure.gravatar.com\\\/avatar\\\/9489a485c464fd611d33825daae651d13db70c4e74c65c94937a15a9d4c3ee14?s=96&d=mm&r=g\",\"caption\":\"Redacci\u00f3\"},\"sameAs\":[\"http:\\\/\\\/gastronomicament.cat\"],\"url\":\"https:\\\/\\\/gastronomicament.cat\\\/de\\\/author\\\/admin\"}]}<\/script>\n<!-- \/ Yoast SEO plugin. -->","yoast_head_json":{"title":"Torna la Fira d'Artesania de Ferreries - Gastron\u00f2micament","description":"Torna la Fira d'Artesania de Ferreries Actualitat, Fires i rutes L'activitat tamb\u00e9 dona import\u00e0ncia als productes agroalimentaris","robots":{"index":"index","follow":"follow","max-snippet":"max-snippet:-1","max-image-preview":"max-image-preview:large","max-video-preview":"max-video-preview:-1"},"canonical":"https:\/\/gastronomicament.cat\/de\/torna-la-fira-dartesania-de-ferreries","og_locale":"de_DE","og_type":"article","og_title":"Torna la Fira d'Artesania de Ferreries - Gastron\u00f2micament","og_description":"Torna la Fira d'Artesania de Ferreries Actualitat, Fires i rutes L'activitat tamb\u00e9 dona import\u00e0ncia als productes agroalimentaris","og_url":"https:\/\/gastronomicament.cat\/de\/torna-la-fira-dartesania-de-ferreries","og_site_name":"Gastron\u00f2micament","article_published_time":"2023-09-26T08:30:46+00:00","og_image":[{"width":1122,"height":763,"url":"https:\/\/gastronomicament.cat\/wp-content\/uploads\/2023\/09\/Fira-Artesania-i-Agroalimentaria-Ferreries-Menorca-2023.jpg","type":"image\/jpeg"}],"author":"Redacci\u00f3","twitter_card":"summary_large_image","twitter_creator":"@gastronomicamen","twitter_site":"@gastronomicamen","twitter_misc":{"Verfasst von":"Redacci\u00f3","Gesch\u00e4tzte Lesezeit":"2\u00a0Minuten","Written by":"Redacci\u00f3"},"schema":{"@context":"https:\/\/schema.org","@graph":[{"@type":"Article","@id":"https:\/\/gastronomicament.cat\/de\/torna-la-fira-dartesania-de-ferreries#article","isPartOf":{"@id":"https:\/\/gastronomicament.cat\/de\/torna-la-fira-dartesania-de-ferreries"},"author":{"name":"Redacci\u00f3","@id":"https:\/\/gastronomicament.cat\/de\/#\/schema\/person\/a7c85c537a1ed62799a5b8e0f686a37f"},"headline":"Torna la Fira d&#8217;Artesania de Ferreries","datePublished":"2023-09-26T08:30:46+00:00","mainEntityOfPage":{"@id":"https:\/\/gastronomicament.cat\/de\/torna-la-fira-dartesania-de-ferreries"},"wordCount":342,"commentCount":0,"publisher":{"@id":"https:\/\/gastronomicament.cat\/de\/#organization"},"image":{"@id":"https:\/\/gastronomicament.cat\/de\/torna-la-fira-dartesania-de-ferreries#primaryimage"},"thumbnailUrl":"https:\/\/gastronomicament.cat\/wp-content\/uploads\/2023\/09\/Fira-Artesania-i-Agroalimentaria-Ferreries-Menorca-2023.jpg","articleSection":["Actualitat","Fires i rutes"],"inLanguage":"de","potentialAction":[{"@type":"CommentAction","name":"Comment","target":["https:\/\/gastronomicament.cat\/de\/torna-la-fira-dartesania-de-ferreries#respond"]}]},{"@type":"WebPage","@id":"https:\/\/gastronomicament.cat\/de\/torna-la-fira-dartesania-de-ferreries","url":"https:\/\/gastronomicament.cat\/de\/torna-la-fira-dartesania-de-ferreries","name":"Torna la Fira d'Artesania de Ferreries - Gastron\u00f2micament","isPartOf":{"@id":"https:\/\/gastronomicament.cat\/de\/#website"},"primaryImageOfPage":{"@id":"https:\/\/gastronomicament.cat\/de\/torna-la-fira-dartesania-de-ferreries#primaryimage"},"image":{"@id":"https:\/\/gastronomicament.cat\/de\/torna-la-fira-dartesania-de-ferreries#primaryimage"},"thumbnailUrl":"https:\/\/gastronomicament.cat\/wp-content\/uploads\/2023\/09\/Fira-Artesania-i-Agroalimentaria-Ferreries-Menorca-2023.jpg","datePublished":"2023-09-26T08:30:46+00:00","description":"Torna la Fira d'Artesania de Ferreries Actualitat, Fires i rutes L'activitat tamb\u00e9 dona import\u00e0ncia als productes agroalimentaris","inLanguage":"de","potentialAction":[{"@type":"ReadAction","target":["https:\/\/gastronomicament.cat\/de\/torna-la-fira-dartesania-de-ferreries"]}]},{"@type":"ImageObject","inLanguage":"de","@id":"https:\/\/gastronomicament.cat\/de\/torna-la-fira-dartesania-de-ferreries#primaryimage","url":"https:\/\/gastronomicament.cat\/wp-content\/uploads\/2023\/09\/Fira-Artesania-i-Agroalimentaria-Ferreries-Menorca-2023.jpg","contentUrl":"https:\/\/gastronomicament.cat\/wp-content\/uploads\/2023\/09\/Fira-Artesania-i-Agroalimentaria-Ferreries-Menorca-2023.jpg","width":1122,"height":763},{"@type":"WebSite","@id":"https:\/\/gastronomicament.cat\/de\/#website","url":"https:\/\/gastronomicament.cat\/de\/","name":"Gastron\u00f2micament","description":"Portal de restaurants, receptes i actualitat gastron\u00f2mica","publisher":{"@id":"https:\/\/gastronomicament.cat\/de\/#organization"},"potentialAction":[{"@type":"SearchAction","target":{"@type":"EntryPoint","urlTemplate":"https:\/\/gastronomicament.cat\/de\/?s={search_term_string}"},"query-input":{"@type":"PropertyValueSpecification","valueRequired":true,"valueName":"search_term_string"}}],"inLanguage":"de"},{"@type":"Organization","@id":"https:\/\/gastronomicament.cat\/de\/#organization","name":"Gastron\u00f2micament","url":"https:\/\/gastronomicament.cat\/de\/","logo":{"@type":"ImageObject","inLanguage":"de","@id":"https:\/\/gastronomicament.cat\/de\/#\/schema\/logo\/image\/","url":"https:\/\/gastronomicament.cat\/wp-content\/uploads\/2016\/09\/header-logo.jpg","contentUrl":"https:\/\/gastronomicament.cat\/wp-content\/uploads\/2016\/09\/header-logo.jpg","width":277,"height":39,"caption":"Gastron\u00f2micament"},"image":{"@id":"https:\/\/gastronomicament.cat\/de\/#\/schema\/logo\/image\/"},"sameAs":["https:\/\/x.com\/gastronomicamen"]},{"@type":"Person","@id":"https:\/\/gastronomicament.cat\/de\/#\/schema\/person\/a7c85c537a1ed62799a5b8e0f686a37f","name":"Redacci\u00f3","image":{"@type":"ImageObject","inLanguage":"de","@id":"https:\/\/secure.gravatar.com\/avatar\/9489a485c464fd611d33825daae651d13db70c4e74c65c94937a15a9d4c3ee14?s=96&d=mm&r=g69fea3cce3645dfa2166e7293e22955e","url":"https:\/\/secure.gravatar.com\/avatar\/9489a485c464fd611d33825daae651d13db70c4e74c65c94937a15a9d4c3ee14?s=96&d=mm&r=g","contentUrl":"https:\/\/secure.gravatar.com\/avatar\/9489a485c464fd611d33825daae651d13db70c4e74c65c94937a15a9d4c3ee14?s=96&d=mm&r=g","caption":"Redacci\u00f3"},"sameAs":["http:\/\/gastronomicament.cat"],"url":"https:\/\/gastronomicament.cat\/de\/author\/admin"}]}},"_links":{"self":[{"href":"https:\/\/gastronomicament.cat\/de\/wp-json\/wp\/v2\/posts\/84110","targetHints":{"allow":["GET"]}}],"collection":[{"href":"https:\/\/gastronomicament.cat\/de\/wp-json\/wp\/v2\/posts"}],"about":[{"href":"https:\/\/gastronomicament.cat\/de\/wp-json\/wp\/v2\/types\/post"}],"author":[{"embeddable":true,"href":"https:\/\/gastronomicament.cat\/de\/wp-json\/wp\/v2\/users\/1"}],"replies":[{"embeddable":true,"href":"https:\/\/gastronomicament.cat\/de\/wp-json\/wp\/v2\/comments?post=84110"}],"version-history":[{"count":0,"href":"https:\/\/gastronomicament.cat\/de\/wp-json\/wp\/v2\/posts\/84110\/revisions"}],"wp:featuredmedia":[{"embeddable":true,"href":"https:\/\/gastronomicament.cat\/de\/wp-json\/wp\/v2\/media\/84106"}],"wp:attachment":[{"href":"https:\/\/gastronomicament.cat\/de\/wp-json\/wp\/v2\/media?parent=84110"}],"wp:term":[{"taxonomy":"category","embeddable":true,"href":"https:\/\/gastronomicament.cat\/de\/wp-json\/wp\/v2\/categories?post=84110"},{"taxonomy":"post_tag","embeddable":true,"href":"https:\/\/gastronomicament.cat\/de\/wp-json\/wp\/v2\/tags?post=84110"},{"taxonomy":"author","embeddable":true,"href":"https:\/\/gastronomicament.cat\/de\/wp-json\/wp\/v2\/coauthors?post=84110"}],"curies":[{"name":"wp","href":"https:\/\/api.w.org\/{rel}","templated":true}]}}