{"id":85561,"date":"2023-10-18T14:44:25","date_gmt":"2023-10-18T12:44:25","guid":{"rendered":"https:\/\/gastronomicament.cat\/soller-viu-la-quarta-edicio-de-les-jornades-gastronomiques-de-bolets"},"modified":"2023-10-18T14:44:25","modified_gmt":"2023-10-18T12:44:25","slug":"soller-viu-la-quarta-edicio-de-les-jornades-gastronomiques-de-bolets","status":"publish","type":"post","link":"https:\/\/gastronomicament.cat\/de\/soller-viu-la-quarta-edicio-de-les-jornades-gastronomiques-de-bolets","title":{"rendered":"S\u00f3ller viu la quarta edici\u00f3 de les Jornades Gastron\u00f2miques de Bolets"},"content":{"rendered":"<p>El municipi de S\u00f3ller celebra f<strong>ins al 12 de novembre<\/strong>\u00a0les\u00a0<strong>Jornades Gastron\u00f2miques de Bolets<\/strong>, amb 9 restaurants participants i el suport de l&#8217;Ajuntament.\u00a0Aquest 2023, les jornades arriben a la quarta edici\u00f3 i tenen com a objectiu fomentar i promocionar el consum d\u2019aquest producte tan valorat pels cuiners de la vall de S\u00f3ller i pel Port de S\u00f3ller.<\/p>\n<p>Un dels restaurants que destaca per qualitat culin\u00e0ria \u00e9s\u00a0<strong>Can Boqueta<\/strong>. El seu cuiner\u00a0<strong>Kiko Martorell\u00a0<\/strong>explica que ha concebut un men\u00fa de migdia molt especial: &#8222;L&#8217;oferim de dimarts a dissabte nom\u00e9s els migdies, amb reserva pr\u00e8via. A part, teniu la possibilitat de triar el nostre men\u00fa degustaci\u00f3 que tamb\u00e9 us oferim tant els migdies com els vespres, en el qual ens hem inspirat en aquest meravell\u00f3s producte. Esperem que algun d\u2019aquests men\u00fas sigui del vostre gust&#8220;.<\/p>\n<p>El\u00a0<strong>men\u00fa<\/strong>\u00a0d&#8217;aquestes\u00a0Jornades de Bolets de\u00a0<strong>Can Boqueta<\/strong>\u00a0\u00e9s el seg\u00fcent:<\/p>\n<ul>\n<li>Entrant: Crema de carabassa amb vieires i trompetes de la mort<\/li>\n<li>Principal: Llana de vedella gratinada amb ceps i formatge maon\u00e8s<\/li>\n<li>Postres:\u00a0Gat\u00f3 d\u2019ametlla amb crem\u00f3s de xocolata i gelat de t\u00f2fona<\/li>\n<\/ul>\n<p>El preu sense begudes \u00e9s de 35 euros i maridat amb un vi per a cada plat (Gir\u00f3 Ros de Galm\u00e9s i Ferrer, Moss\u00e8n Alcover de Pere Seda i Dol\u00e7 de Binigrau) \u00e9s de 49,5 euros.<\/p>\n<p>Tamb\u00e9 desaquen altres restaurants com\u00a0<strong>El Guia<\/strong>, de la ciutat de S\u00f3ller, el men\u00fa del qual inclou:<\/p>\n<ul>\n<li>Aperitiu: copa de cava de benvinguda i\u00a0 croqueta de boletus<\/li>\n<li>Primer plat: Calamars farcits de carn capolada amb bolets i patat\u00f3 bullit<\/li>\n<li>Segon plat: Llom amb col, esclata-sangs i verduretes de temporada<\/li>\n<li>Postres: Past\u00eds d&#8217;albercoc amb gelat de formatge mascarpone.<\/li>\n<\/ul>\n<p>El preu \u00e9s de 32,5 (begudes no incloses). Tamb\u00e9 hi ha l&#8217;opci\u00f3 de fer mig men\u00fa per 26,5 euros.<\/p>\n<p>Al Port de S\u00f3ller, tamb\u00e9 hi trobareu el\u00a0<strong>restaurant Campo Sol<\/strong>, que ofereix plats especials per a aquest esdeveniment gastron\u00f2mic. Concretament hi trobareu:<\/p>\n<ul>\n<li>Canelons d&#8217;\u00e0nec amb salsa de bolets<\/li>\n<li>Frit de porc amb esclata-sangs<\/li>\n<li>Cuixa de xot amb bolets i &#8218;graten&#8216; de patata<\/li>\n<li>Calamars farcits de peix i bolets Past\u00eds de formatge trufat<\/li>\n<\/ul>\n<p>Podeu reservar-hi taula al: 971 63 00 49<\/p>\n<p>La resta de restaurants participants el podeu consultar en aquest mapa:<\/p>\n<p><iframe src=\"https:\/\/www.google.com\/maps\/d\/embed?mid=1nAlJjlBXHyi_dsRli0HA7ojuU8eyAeQS&amp;ehbc=2E312F\" width=\"640\" height=\"480\"><\/iframe><\/p>\n","protected":false},"excerpt":{"rendered":"<p>Can Boqueta, els restaurants El Guia i Campo Sol hi participen amb tres propostes ben suculentes<\/p>\n","protected":false},"author":1,"featured_media":85557,"comment_status":"open","ping_status":"closed","sticky":false,"template":"","format":"standard","meta":{"_acf_changed":false,"_swt_meta_header_display":false,"_swt_meta_footer_display":false,"_swt_meta_site_title_display":false,"_swt_meta_sticky_header":false,"_swt_meta_transparent_header":false,"footnotes":""},"categories":[1050,1473],"tags":[],"coauthors":[2053],"class_list":["post-85561","post","type-post","status-publish","format-standard","has-post-thumbnail","hentry","category-actualitat-es-de","category-fires-i-rutes-de"],"acf":{"gallery":null,"home_date":{"home_begin_date":null,"home_end_date":null}},"yoast_head":"<!-- This site is optimized with the Yoast SEO plugin v27.4 - https:\/\/yoast.com\/product\/yoast-seo-wordpress\/ -->\n<title>S\u00f3ller viu la quarta edici\u00f3 de les Jornades Gastron\u00f2miques de Bolets - Gastron\u00f2micament<\/title>\n<meta name=\"description\" content=\"S\u00f3ller viu la quarta edici\u00f3 de les Jornades Gastron\u00f2miques de Bolets Actualitat, Fires i rutes Can Boqueta, els restaurants El Guia i Campo Sol hi participen amb tres propostes ben suculentes\" \/>\n<meta name=\"robots\" content=\"index, follow, max-snippet:-1, max-image-preview:large, max-video-preview:-1\" \/>\n<link rel=\"canonical\" href=\"https:\/\/gastronomicament.cat\/de\/soller-viu-la-quarta-edicio-de-les-jornades-gastronomiques-de-bolets\" \/>\n<meta property=\"og:locale\" content=\"de_DE\" \/>\n<meta property=\"og:type\" content=\"article\" \/>\n<meta property=\"og:title\" content=\"S\u00f3ller viu la quarta edici\u00f3 de les Jornades Gastron\u00f2miques de Bolets - Gastron\u00f2micament\" \/>\n<meta property=\"og:description\" content=\"S\u00f3ller viu la quarta edici\u00f3 de les Jornades Gastron\u00f2miques de Bolets Actualitat, Fires i rutes Can Boqueta, els restaurants El Guia i Campo Sol hi participen amb tres propostes ben suculentes\" \/>\n<meta property=\"og:url\" content=\"https:\/\/gastronomicament.cat\/de\/soller-viu-la-quarta-edicio-de-les-jornades-gastronomiques-de-bolets\" \/>\n<meta property=\"og:site_name\" content=\"Gastron\u00f2micament\" \/>\n<meta property=\"article:published_time\" content=\"2023-10-18T12:44:25+00:00\" \/>\n<meta property=\"og:image\" content=\"https:\/\/gastronomicament.cat\/wp-content\/uploads\/2023\/10\/Jornades-Gastronomiques-Bolets-Soller-2023.png\" \/>\n\t<meta property=\"og:image:width\" content=\"1031\" \/>\n\t<meta property=\"og:image:height\" content=\"590\" \/>\n\t<meta property=\"og:image:type\" content=\"image\/png\" \/>\n<meta name=\"author\" content=\"Redacci\u00f3\" \/>\n<meta name=\"twitter:card\" content=\"summary_large_image\" \/>\n<meta name=\"twitter:creator\" content=\"@gastronomicamen\" \/>\n<meta name=\"twitter:site\" content=\"@gastronomicamen\" \/>\n<meta name=\"twitter:label1\" content=\"Verfasst von\" \/>\n\t<meta name=\"twitter:data1\" content=\"Redacci\u00f3\" \/>\n\t<meta name=\"twitter:label2\" content=\"Gesch\u00e4tzte Lesezeit\" \/>\n\t<meta name=\"twitter:data2\" content=\"2\u00a0Minuten\" \/>\n\t<meta name=\"twitter:label3\" content=\"Written by\" \/>\n\t<meta name=\"twitter:data3\" content=\"Redacci\u00f3\" \/>\n<script type=\"application\/ld+json\" class=\"yoast-schema-graph\">{\"@context\":\"https:\\\/\\\/schema.org\",\"@graph\":[{\"@type\":\"Article\",\"@id\":\"https:\\\/\\\/gastronomicament.cat\\\/de\\\/soller-viu-la-quarta-edicio-de-les-jornades-gastronomiques-de-bolets#article\",\"isPartOf\":{\"@id\":\"https:\\\/\\\/gastronomicament.cat\\\/de\\\/soller-viu-la-quarta-edicio-de-les-jornades-gastronomiques-de-bolets\"},\"author\":{\"name\":\"Redacci\u00f3\",\"@id\":\"https:\\\/\\\/gastronomicament.cat\\\/de\\\/#\\\/schema\\\/person\\\/a7c85c537a1ed62799a5b8e0f686a37f\"},\"headline\":\"S\u00f3ller viu la quarta edici\u00f3 de les Jornades Gastron\u00f2miques de Bolets\",\"datePublished\":\"2023-10-18T12:44:25+00:00\",\"mainEntityOfPage\":{\"@id\":\"https:\\\/\\\/gastronomicament.cat\\\/de\\\/soller-viu-la-quarta-edicio-de-les-jornades-gastronomiques-de-bolets\"},\"wordCount\":390,\"commentCount\":0,\"publisher\":{\"@id\":\"https:\\\/\\\/gastronomicament.cat\\\/de\\\/#organization\"},\"image\":{\"@id\":\"https:\\\/\\\/gastronomicament.cat\\\/de\\\/soller-viu-la-quarta-edicio-de-les-jornades-gastronomiques-de-bolets#primaryimage\"},\"thumbnailUrl\":\"https:\\\/\\\/gastronomicament.cat\\\/wp-content\\\/uploads\\\/2023\\\/10\\\/Jornades-Gastronomiques-Bolets-Soller-2023.png\",\"articleSection\":[\"Actualitat\",\"Fires i rutes\"],\"inLanguage\":\"de\",\"potentialAction\":[{\"@type\":\"CommentAction\",\"name\":\"Comment\",\"target\":[\"https:\\\/\\\/gastronomicament.cat\\\/de\\\/soller-viu-la-quarta-edicio-de-les-jornades-gastronomiques-de-bolets#respond\"]}]},{\"@type\":\"WebPage\",\"@id\":\"https:\\\/\\\/gastronomicament.cat\\\/de\\\/soller-viu-la-quarta-edicio-de-les-jornades-gastronomiques-de-bolets\",\"url\":\"https:\\\/\\\/gastronomicament.cat\\\/de\\\/soller-viu-la-quarta-edicio-de-les-jornades-gastronomiques-de-bolets\",\"name\":\"S\u00f3ller viu la quarta edici\u00f3 de les Jornades Gastron\u00f2miques de Bolets - Gastron\u00f2micament\",\"isPartOf\":{\"@id\":\"https:\\\/\\\/gastronomicament.cat\\\/de\\\/#website\"},\"primaryImageOfPage\":{\"@id\":\"https:\\\/\\\/gastronomicament.cat\\\/de\\\/soller-viu-la-quarta-edicio-de-les-jornades-gastronomiques-de-bolets#primaryimage\"},\"image\":{\"@id\":\"https:\\\/\\\/gastronomicament.cat\\\/de\\\/soller-viu-la-quarta-edicio-de-les-jornades-gastronomiques-de-bolets#primaryimage\"},\"thumbnailUrl\":\"https:\\\/\\\/gastronomicament.cat\\\/wp-content\\\/uploads\\\/2023\\\/10\\\/Jornades-Gastronomiques-Bolets-Soller-2023.png\",\"datePublished\":\"2023-10-18T12:44:25+00:00\",\"description\":\"S\u00f3ller viu la quarta edici\u00f3 de les Jornades Gastron\u00f2miques de Bolets Actualitat, Fires i rutes Can Boqueta, els restaurants El Guia i Campo Sol hi participen amb tres propostes ben suculentes\",\"inLanguage\":\"de\",\"potentialAction\":[{\"@type\":\"ReadAction\",\"target\":[\"https:\\\/\\\/gastronomicament.cat\\\/de\\\/soller-viu-la-quarta-edicio-de-les-jornades-gastronomiques-de-bolets\"]}]},{\"@type\":\"ImageObject\",\"inLanguage\":\"de\",\"@id\":\"https:\\\/\\\/gastronomicament.cat\\\/de\\\/soller-viu-la-quarta-edicio-de-les-jornades-gastronomiques-de-bolets#primaryimage\",\"url\":\"https:\\\/\\\/gastronomicament.cat\\\/wp-content\\\/uploads\\\/2023\\\/10\\\/Jornades-Gastronomiques-Bolets-Soller-2023.png\",\"contentUrl\":\"https:\\\/\\\/gastronomicament.cat\\\/wp-content\\\/uploads\\\/2023\\\/10\\\/Jornades-Gastronomiques-Bolets-Soller-2023.png\",\"width\":1031,\"height\":590},{\"@type\":\"WebSite\",\"@id\":\"https:\\\/\\\/gastronomicament.cat\\\/de\\\/#website\",\"url\":\"https:\\\/\\\/gastronomicament.cat\\\/de\\\/\",\"name\":\"Gastron\u00f2micament\",\"description\":\"Portal de restaurants, receptes i actualitat gastron\u00f2mica\",\"publisher\":{\"@id\":\"https:\\\/\\\/gastronomicament.cat\\\/de\\\/#organization\"},\"potentialAction\":[{\"@type\":\"SearchAction\",\"target\":{\"@type\":\"EntryPoint\",\"urlTemplate\":\"https:\\\/\\\/gastronomicament.cat\\\/de\\\/?s={search_term_string}\"},\"query-input\":{\"@type\":\"PropertyValueSpecification\",\"valueRequired\":true,\"valueName\":\"search_term_string\"}}],\"inLanguage\":\"de\"},{\"@type\":\"Organization\",\"@id\":\"https:\\\/\\\/gastronomicament.cat\\\/de\\\/#organization\",\"name\":\"Gastron\u00f2micament\",\"url\":\"https:\\\/\\\/gastronomicament.cat\\\/de\\\/\",\"logo\":{\"@type\":\"ImageObject\",\"inLanguage\":\"de\",\"@id\":\"https:\\\/\\\/gastronomicament.cat\\\/de\\\/#\\\/schema\\\/logo\\\/image\\\/\",\"url\":\"https:\\\/\\\/gastronomicament.cat\\\/wp-content\\\/uploads\\\/2016\\\/09\\\/header-logo.jpg\",\"contentUrl\":\"https:\\\/\\\/gastronomicament.cat\\\/wp-content\\\/uploads\\\/2016\\\/09\\\/header-logo.jpg\",\"width\":277,\"height\":39,\"caption\":\"Gastron\u00f2micament\"},\"image\":{\"@id\":\"https:\\\/\\\/gastronomicament.cat\\\/de\\\/#\\\/schema\\\/logo\\\/image\\\/\"},\"sameAs\":[\"https:\\\/\\\/x.com\\\/gastronomicamen\"]},{\"@type\":\"Person\",\"@id\":\"https:\\\/\\\/gastronomicament.cat\\\/de\\\/#\\\/schema\\\/person\\\/a7c85c537a1ed62799a5b8e0f686a37f\",\"name\":\"Redacci\u00f3\",\"image\":{\"@type\":\"ImageObject\",\"inLanguage\":\"de\",\"@id\":\"https:\\\/\\\/secure.gravatar.com\\\/avatar\\\/9489a485c464fd611d33825daae651d13db70c4e74c65c94937a15a9d4c3ee14?s=96&d=mm&r=g69fea3cce3645dfa2166e7293e22955e\",\"url\":\"https:\\\/\\\/secure.gravatar.com\\\/avatar\\\/9489a485c464fd611d33825daae651d13db70c4e74c65c94937a15a9d4c3ee14?s=96&d=mm&r=g\",\"contentUrl\":\"https:\\\/\\\/secure.gravatar.com\\\/avatar\\\/9489a485c464fd611d33825daae651d13db70c4e74c65c94937a15a9d4c3ee14?s=96&d=mm&r=g\",\"caption\":\"Redacci\u00f3\"},\"sameAs\":[\"http:\\\/\\\/gastronomicament.cat\"],\"url\":\"https:\\\/\\\/gastronomicament.cat\\\/de\\\/author\\\/admin\"}]}<\/script>\n<!-- \/ Yoast SEO plugin. -->","yoast_head_json":{"title":"S\u00f3ller viu la quarta edici\u00f3 de les Jornades Gastron\u00f2miques de Bolets - Gastron\u00f2micament","description":"S\u00f3ller viu la quarta edici\u00f3 de les Jornades Gastron\u00f2miques de Bolets Actualitat, Fires i rutes Can Boqueta, els restaurants El Guia i Campo Sol hi participen amb tres propostes ben suculentes","robots":{"index":"index","follow":"follow","max-snippet":"max-snippet:-1","max-image-preview":"max-image-preview:large","max-video-preview":"max-video-preview:-1"},"canonical":"https:\/\/gastronomicament.cat\/de\/soller-viu-la-quarta-edicio-de-les-jornades-gastronomiques-de-bolets","og_locale":"de_DE","og_type":"article","og_title":"S\u00f3ller viu la quarta edici\u00f3 de les Jornades Gastron\u00f2miques de Bolets - Gastron\u00f2micament","og_description":"S\u00f3ller viu la quarta edici\u00f3 de les Jornades Gastron\u00f2miques de Bolets Actualitat, Fires i rutes Can Boqueta, els restaurants El Guia i Campo Sol hi participen amb tres propostes ben suculentes","og_url":"https:\/\/gastronomicament.cat\/de\/soller-viu-la-quarta-edicio-de-les-jornades-gastronomiques-de-bolets","og_site_name":"Gastron\u00f2micament","article_published_time":"2023-10-18T12:44:25+00:00","og_image":[{"width":1031,"height":590,"url":"https:\/\/gastronomicament.cat\/wp-content\/uploads\/2023\/10\/Jornades-Gastronomiques-Bolets-Soller-2023.png","type":"image\/png"}],"author":"Redacci\u00f3","twitter_card":"summary_large_image","twitter_creator":"@gastronomicamen","twitter_site":"@gastronomicamen","twitter_misc":{"Verfasst von":"Redacci\u00f3","Gesch\u00e4tzte Lesezeit":"2\u00a0Minuten","Written by":"Redacci\u00f3"},"schema":{"@context":"https:\/\/schema.org","@graph":[{"@type":"Article","@id":"https:\/\/gastronomicament.cat\/de\/soller-viu-la-quarta-edicio-de-les-jornades-gastronomiques-de-bolets#article","isPartOf":{"@id":"https:\/\/gastronomicament.cat\/de\/soller-viu-la-quarta-edicio-de-les-jornades-gastronomiques-de-bolets"},"author":{"name":"Redacci\u00f3","@id":"https:\/\/gastronomicament.cat\/de\/#\/schema\/person\/a7c85c537a1ed62799a5b8e0f686a37f"},"headline":"S\u00f3ller viu la quarta edici\u00f3 de les Jornades Gastron\u00f2miques de Bolets","datePublished":"2023-10-18T12:44:25+00:00","mainEntityOfPage":{"@id":"https:\/\/gastronomicament.cat\/de\/soller-viu-la-quarta-edicio-de-les-jornades-gastronomiques-de-bolets"},"wordCount":390,"commentCount":0,"publisher":{"@id":"https:\/\/gastronomicament.cat\/de\/#organization"},"image":{"@id":"https:\/\/gastronomicament.cat\/de\/soller-viu-la-quarta-edicio-de-les-jornades-gastronomiques-de-bolets#primaryimage"},"thumbnailUrl":"https:\/\/gastronomicament.cat\/wp-content\/uploads\/2023\/10\/Jornades-Gastronomiques-Bolets-Soller-2023.png","articleSection":["Actualitat","Fires i rutes"],"inLanguage":"de","potentialAction":[{"@type":"CommentAction","name":"Comment","target":["https:\/\/gastronomicament.cat\/de\/soller-viu-la-quarta-edicio-de-les-jornades-gastronomiques-de-bolets#respond"]}]},{"@type":"WebPage","@id":"https:\/\/gastronomicament.cat\/de\/soller-viu-la-quarta-edicio-de-les-jornades-gastronomiques-de-bolets","url":"https:\/\/gastronomicament.cat\/de\/soller-viu-la-quarta-edicio-de-les-jornades-gastronomiques-de-bolets","name":"S\u00f3ller viu la quarta edici\u00f3 de les Jornades Gastron\u00f2miques de Bolets - Gastron\u00f2micament","isPartOf":{"@id":"https:\/\/gastronomicament.cat\/de\/#website"},"primaryImageOfPage":{"@id":"https:\/\/gastronomicament.cat\/de\/soller-viu-la-quarta-edicio-de-les-jornades-gastronomiques-de-bolets#primaryimage"},"image":{"@id":"https:\/\/gastronomicament.cat\/de\/soller-viu-la-quarta-edicio-de-les-jornades-gastronomiques-de-bolets#primaryimage"},"thumbnailUrl":"https:\/\/gastronomicament.cat\/wp-content\/uploads\/2023\/10\/Jornades-Gastronomiques-Bolets-Soller-2023.png","datePublished":"2023-10-18T12:44:25+00:00","description":"S\u00f3ller viu la quarta edici\u00f3 de les Jornades Gastron\u00f2miques de Bolets Actualitat, Fires i rutes Can Boqueta, els restaurants El Guia i Campo Sol hi participen amb tres propostes ben suculentes","inLanguage":"de","potentialAction":[{"@type":"ReadAction","target":["https:\/\/gastronomicament.cat\/de\/soller-viu-la-quarta-edicio-de-les-jornades-gastronomiques-de-bolets"]}]},{"@type":"ImageObject","inLanguage":"de","@id":"https:\/\/gastronomicament.cat\/de\/soller-viu-la-quarta-edicio-de-les-jornades-gastronomiques-de-bolets#primaryimage","url":"https:\/\/gastronomicament.cat\/wp-content\/uploads\/2023\/10\/Jornades-Gastronomiques-Bolets-Soller-2023.png","contentUrl":"https:\/\/gastronomicament.cat\/wp-content\/uploads\/2023\/10\/Jornades-Gastronomiques-Bolets-Soller-2023.png","width":1031,"height":590},{"@type":"WebSite","@id":"https:\/\/gastronomicament.cat\/de\/#website","url":"https:\/\/gastronomicament.cat\/de\/","name":"Gastron\u00f2micament","description":"Portal de restaurants, receptes i actualitat gastron\u00f2mica","publisher":{"@id":"https:\/\/gastronomicament.cat\/de\/#organization"},"potentialAction":[{"@type":"SearchAction","target":{"@type":"EntryPoint","urlTemplate":"https:\/\/gastronomicament.cat\/de\/?s={search_term_string}"},"query-input":{"@type":"PropertyValueSpecification","valueRequired":true,"valueName":"search_term_string"}}],"inLanguage":"de"},{"@type":"Organization","@id":"https:\/\/gastronomicament.cat\/de\/#organization","name":"Gastron\u00f2micament","url":"https:\/\/gastronomicament.cat\/de\/","logo":{"@type":"ImageObject","inLanguage":"de","@id":"https:\/\/gastronomicament.cat\/de\/#\/schema\/logo\/image\/","url":"https:\/\/gastronomicament.cat\/wp-content\/uploads\/2016\/09\/header-logo.jpg","contentUrl":"https:\/\/gastronomicament.cat\/wp-content\/uploads\/2016\/09\/header-logo.jpg","width":277,"height":39,"caption":"Gastron\u00f2micament"},"image":{"@id":"https:\/\/gastronomicament.cat\/de\/#\/schema\/logo\/image\/"},"sameAs":["https:\/\/x.com\/gastronomicamen"]},{"@type":"Person","@id":"https:\/\/gastronomicament.cat\/de\/#\/schema\/person\/a7c85c537a1ed62799a5b8e0f686a37f","name":"Redacci\u00f3","image":{"@type":"ImageObject","inLanguage":"de","@id":"https:\/\/secure.gravatar.com\/avatar\/9489a485c464fd611d33825daae651d13db70c4e74c65c94937a15a9d4c3ee14?s=96&d=mm&r=g69fea3cce3645dfa2166e7293e22955e","url":"https:\/\/secure.gravatar.com\/avatar\/9489a485c464fd611d33825daae651d13db70c4e74c65c94937a15a9d4c3ee14?s=96&d=mm&r=g","contentUrl":"https:\/\/secure.gravatar.com\/avatar\/9489a485c464fd611d33825daae651d13db70c4e74c65c94937a15a9d4c3ee14?s=96&d=mm&r=g","caption":"Redacci\u00f3"},"sameAs":["http:\/\/gastronomicament.cat"],"url":"https:\/\/gastronomicament.cat\/de\/author\/admin"}]}},"_links":{"self":[{"href":"https:\/\/gastronomicament.cat\/de\/wp-json\/wp\/v2\/posts\/85561","targetHints":{"allow":["GET"]}}],"collection":[{"href":"https:\/\/gastronomicament.cat\/de\/wp-json\/wp\/v2\/posts"}],"about":[{"href":"https:\/\/gastronomicament.cat\/de\/wp-json\/wp\/v2\/types\/post"}],"author":[{"embeddable":true,"href":"https:\/\/gastronomicament.cat\/de\/wp-json\/wp\/v2\/users\/1"}],"replies":[{"embeddable":true,"href":"https:\/\/gastronomicament.cat\/de\/wp-json\/wp\/v2\/comments?post=85561"}],"version-history":[{"count":0,"href":"https:\/\/gastronomicament.cat\/de\/wp-json\/wp\/v2\/posts\/85561\/revisions"}],"wp:featuredmedia":[{"embeddable":true,"href":"https:\/\/gastronomicament.cat\/de\/wp-json\/wp\/v2\/media\/85557"}],"wp:attachment":[{"href":"https:\/\/gastronomicament.cat\/de\/wp-json\/wp\/v2\/media?parent=85561"}],"wp:term":[{"taxonomy":"category","embeddable":true,"href":"https:\/\/gastronomicament.cat\/de\/wp-json\/wp\/v2\/categories?post=85561"},{"taxonomy":"post_tag","embeddable":true,"href":"https:\/\/gastronomicament.cat\/de\/wp-json\/wp\/v2\/tags?post=85561"},{"taxonomy":"author","embeddable":true,"href":"https:\/\/gastronomicament.cat\/de\/wp-json\/wp\/v2\/coauthors?post=85561"}],"curies":[{"name":"wp","href":"https:\/\/api.w.org\/{rel}","templated":true}]}}