{"id":85728,"date":"2023-11-02T09:37:45","date_gmt":"2023-11-02T08:37:45","guid":{"rendered":"https:\/\/gastronomicament.cat\/la-guia-de-vins-gourmets-presenta-ledicio-2024"},"modified":"2023-11-02T09:37:45","modified_gmt":"2023-11-02T08:37:45","slug":"la-guia-de-vins-gourmets-presenta-ledicio-2024","status":"publish","type":"post","link":"https:\/\/gastronomicament.cat\/de\/la-guia-de-vins-gourmets-presenta-ledicio-2024","title":{"rendered":"La guia de vins Gourmets presenta l&#8217;edici\u00f3 2024"},"content":{"rendered":"<p>La\u00a0<a href=\"https:\/\/www.gourmets.net\/club-vinos-gourmets\/publicaciones\/guia-vinos-gourmets-2024\" target=\"_blank\" rel=\"nofollow noopener\"><strong><em>Guia de Vins Gourmets<\/em><\/strong>\u00a0<\/a>(GVG) \u00e9s a punt de sortir al mercat. Ho far\u00e0 el dilluns 6 de novembre i hi recull 4.735 vins ressenyants i 1.196 cellers referenciats.<\/p>\n<p>\u00c9s la publicaci\u00f3 vitivin\u00edcola m\u00e9s antiga de l&#8217;Estat espanyol, ja que es publica des de l&#8217;any 1983. Per fer la guia,\u00a0<strong>els seus especialistes han tastat a cegues 4.187 vins des del mes d&#8217;octubre de 2022 fins al setembre d&#8217;enguany<\/strong>, i hi han referenciat 1.196 cellers de 139 zones vin\u00edcoles.<\/p>\n<p>L&#8217;edici\u00f3 de 2024 t\u00e9 alguns\u00a0<strong>canvis en el disseny<\/strong>\u00a0de l&#8217;interior per presentar al lector una eina m\u00e9s pr\u00e0ctica, din\u00e0mica i intu\u00eftiva, donant m\u00e9s protagonisme als actors principals, els vins de cadascun dels cellers descrits, com tamb\u00e9 la resta d&#8217;informaci\u00f3 de la GVG: botigues especialitzades en venda de vins, festes del vi, dades de cadascun dels consells reguladors, sistemes d&#8217;elaboraci\u00f3 dels diferents tipus de vi que conviuen a Espanya, roda d&#8217;aromes que es perceben al tast de cada vi com tamb\u00e9 d&#8217;altres cap\u00edtols que ajuden el professional i el ne\u00f2fit a estar al dia en aquest innovador sector.<\/p>\n<p>La\u00a0<strong>metodologia de tast\u00a0<\/strong>no ha variat des de la primera edici\u00f3. Per examinar cadascun dels vins, s&#8217;organitzen sessions de tasts en qu\u00e8 s&#8217;analitzen un m\u00e0xim de 20 mostres per sessi\u00f3. Aquests vins s\u00f3n escollits per zona de producci\u00f3, anyada i tipologia, per l&#8217;equip de la redacci\u00f3 de la GVG i, posteriorment, les ampolles s\u00f3n embolicades en fundes perqu\u00e8 els tastadors ignorin informaci\u00f3 af\u00ed, es tracta de\u00a0<strong>tasts a cegues<\/strong>. Des de 1983, la GVG ha comptat i compta amb un excel\u00b7lent elenc de professionals del sector per poder analitzar i puntuar els vins publicats a cada edici\u00f3.\u00a0<strong>El Comit\u00e8 de Tast<\/strong>\u00a0\u2013a cegues\u2013,\u00a0<strong>compost en aquesta 39a edici\u00f3 per 20 professionals<\/strong>, est\u00e0 format per prestigiosos en\u00f2legs, sommeliers, periodistes especialitzats i tastadors en actiu. Tant al comen\u00e7ament de la Guia, com a la web del Grup Gourmets, a l&#8217;apartat del Comit\u00e8 de Tast incl\u00f2s a la secci\u00f3 de la\u00a0<em>Guia Vins Gourmets<\/em>, es pot posar cara als components del comit\u00e8, els quals segueixen escrupolosament la\u00a0<strong>filosofia de la GVG que s&#8217;ha mantingut inalterable des de la g\u00e8nesi<\/strong>. Per a aquesta edici\u00f3 del 2024, s&#8217;ha modificat la fitxa de tast emprada pel Comit\u00e8 de Tast sintetitzant en cinc els par\u00e0metres de puntuaci\u00f3 a l&#8217;hora de qualificar un vi. Cada tastador indica la seva qualificaci\u00f3 basant-se en una escala sobre 100 punts i es fa una mitjana aritm\u00e8tica dels cinc camps per obtenir la puntuaci\u00f3 final.<\/p>\n<p><a href=\"https:\/\/gastronomicament.cat\/wp-content\/uploads\/2023\/11\/Millors-vins-de-les-Balears-i-Pitiuses-guia-Gourmets-2024.pdf\" target=\"_blank\" rel=\"noopener\">Podeu consultar\u00a0<strong>els vins m\u00e9s ben puntuats de les Illes Balears i Piti\u00fcses\u00a0<\/strong>aqu\u00ed.<\/a><\/p>\n<p>Els vins premiats a l&#8217;edici\u00f3 2024 s\u00f3n:<\/p>\n<p><strong>Celler de l&#8217;any<br \/>\n<\/strong>Abad\u00eda Retuerta, tant pels seus vins com per l&#8217;oferta enotur\u00edsca, que s\u00f3n excel\u00b7lents i una experi\u00e8ncia \u00fanica.<\/p>\n<p><strong>Millor blanc jove<br \/>\n<\/strong>Vulcano Malvas\u00eda Seco &#8211; Bodega Vulcano &#8211; DO Lanzarote<\/p>\n<p><strong>Millor blanc amb crian\u00e7a<br \/>\n<\/strong>Guiti\u00e1n Fermentado en Barrica Godello &#8211; Bodegas La Tapada &#8211; DO Valdeorras<\/p>\n<p><strong>Millor rosat<br \/>\n<\/strong>Chivite Las Fincas &#8211; J. Chivite Family Estates &#8211; VT 3 Riberas<\/p>\n<p><strong>Millor vi jove<\/strong>\u00a0(ex aequo)<br \/>\nFari\u00f1a Primero &#8211; Bodegas Fari\u00f1a &#8211; DO Toro<br \/>\nHabla del Silencio M\u00e1gnum &#8211; Bodegas Habla &#8211; VT de Extremadura<\/p>\n<p><strong>Millor negre amb crian\u00e7a<br \/>\n<\/strong>Pesus &#8211; Bodegas Hnos. Sastre &#8211; DO Ribera del Duero<\/p>\n<p><strong>Millor escum\u00f3s<br \/>\n<\/strong>Juv\u00e9 &amp; Camps Reserva de la Familia Brut Nature Gran Reserva &#8211; Juv\u00e9 &amp; Camps &#8211; DO Cava<\/p>\n<p><strong>Millor vi dol\u00e7<br \/>\n<\/strong>Lustau Palo Cortado Vors &#8211; Bodegas Lustau &#8211; DO Jerez-X\u00e9r\u00e8s-Sherry<\/p>\n<p><strong>Millor botiga especialitzada<br \/>\n<\/strong>Vins i Licors Grau &#8211; Palafrugell (Girona)<\/p>\n<p><strong>Premi especial de l&#8217;any <\/strong>(ex aequo)<br \/>\nCarmelo Rodero &#8211; Vinater de llarga tradici\u00f3 a la Ribera del Duero<br \/>\nPepe Mendoza &#8211; Destaca per la seva traject\u00f2ria i evoluci\u00f3, com es pot veure\u00a0en el seu projecte personal: Pepe Mendoza Casa Agr\u00edcola<\/p>\n","protected":false},"excerpt":{"rendered":"<p>Hi podeu consultar els vins m\u00e9s ben puntuats de les illes Balears i Piti\u00fcses<\/p>\n","protected":false},"author":1,"featured_media":85720,"comment_status":"open","ping_status":"closed","sticky":false,"template":"","format":"standard","meta":{"_acf_changed":false,"_swt_meta_header_display":false,"_swt_meta_footer_display":false,"_swt_meta_site_title_display":false,"_swt_meta_sticky_header":false,"_swt_meta_transparent_header":false,"footnotes":""},"categories":[1050,1476],"tags":[],"coauthors":[2053],"class_list":["post-85728","post","type-post","status-publish","format-standard","has-post-thumbnail","hentry","category-actualitat-es-de","category-reportatges-i-novetats-de"],"acf":{"gallery":null,"home_date":{"home_begin_date":null,"home_end_date":null}},"yoast_head":"<!-- This site is optimized with the Yoast SEO plugin v27.4 - https:\/\/yoast.com\/product\/yoast-seo-wordpress\/ -->\n<title>La guia de vins Gourmets presenta l&#039;edici\u00f3 2024 - Gastron\u00f2micament<\/title>\n<meta name=\"description\" content=\"La guia de vins Gourmets presenta l&#039;edici\u00f3 2024 Actualitat, Reportatges i novetats Hi podeu consultar els vins m\u00e9s ben puntuats de les illes Balears i Piti\u00fcses\" \/>\n<meta name=\"robots\" content=\"index, follow, max-snippet:-1, max-image-preview:large, max-video-preview:-1\" \/>\n<link rel=\"canonical\" href=\"https:\/\/gastronomicament.cat\/de\/la-guia-de-vins-gourmets-presenta-ledicio-2024\" \/>\n<meta property=\"og:locale\" content=\"de_DE\" \/>\n<meta property=\"og:type\" content=\"article\" \/>\n<meta property=\"og:title\" content=\"La guia de vins Gourmets presenta l&#039;edici\u00f3 2024 - Gastron\u00f2micament\" \/>\n<meta property=\"og:description\" content=\"La guia de vins Gourmets presenta l&#039;edici\u00f3 2024 Actualitat, Reportatges i novetats Hi podeu consultar els vins m\u00e9s ben puntuats de les illes Balears i Piti\u00fcses\" \/>\n<meta property=\"og:url\" content=\"https:\/\/gastronomicament.cat\/de\/la-guia-de-vins-gourmets-presenta-ledicio-2024\" \/>\n<meta property=\"og:site_name\" content=\"Gastron\u00f2micament\" \/>\n<meta property=\"article:published_time\" content=\"2023-11-02T08:37:45+00:00\" \/>\n<meta property=\"og:image\" content=\"https:\/\/gastronomicament.cat\/wp-content\/uploads\/2023\/11\/Guia-vins-Gourmet-2024.jpg\" \/>\n\t<meta property=\"og:image:width\" content=\"1385\" \/>\n\t<meta property=\"og:image:height\" content=\"797\" \/>\n\t<meta property=\"og:image:type\" content=\"image\/jpeg\" \/>\n<meta name=\"author\" content=\"Redacci\u00f3\" \/>\n<meta name=\"twitter:card\" content=\"summary_large_image\" \/>\n<meta name=\"twitter:creator\" content=\"@gastronomicamen\" \/>\n<meta name=\"twitter:site\" content=\"@gastronomicamen\" \/>\n<meta name=\"twitter:label1\" content=\"Verfasst von\" \/>\n\t<meta name=\"twitter:data1\" content=\"Redacci\u00f3\" \/>\n\t<meta name=\"twitter:label2\" content=\"Gesch\u00e4tzte Lesezeit\" \/>\n\t<meta name=\"twitter:data2\" content=\"4\u00a0Minuten\" \/>\n\t<meta name=\"twitter:label3\" content=\"Written by\" \/>\n\t<meta name=\"twitter:data3\" content=\"Redacci\u00f3\" \/>\n<script type=\"application\/ld+json\" class=\"yoast-schema-graph\">{\"@context\":\"https:\\\/\\\/schema.org\",\"@graph\":[{\"@type\":\"Article\",\"@id\":\"https:\\\/\\\/gastronomicament.cat\\\/de\\\/la-guia-de-vins-gourmets-presenta-ledicio-2024#article\",\"isPartOf\":{\"@id\":\"https:\\\/\\\/gastronomicament.cat\\\/de\\\/la-guia-de-vins-gourmets-presenta-ledicio-2024\"},\"author\":{\"name\":\"Redacci\u00f3\",\"@id\":\"https:\\\/\\\/gastronomicament.cat\\\/de\\\/#\\\/schema\\\/person\\\/a7c85c537a1ed62799a5b8e0f686a37f\"},\"headline\":\"La guia de vins Gourmets presenta l&#8217;edici\u00f3 2024\",\"datePublished\":\"2023-11-02T08:37:45+00:00\",\"mainEntityOfPage\":{\"@id\":\"https:\\\/\\\/gastronomicament.cat\\\/de\\\/la-guia-de-vins-gourmets-presenta-ledicio-2024\"},\"wordCount\":648,\"commentCount\":0,\"publisher\":{\"@id\":\"https:\\\/\\\/gastronomicament.cat\\\/de\\\/#organization\"},\"image\":{\"@id\":\"https:\\\/\\\/gastronomicament.cat\\\/de\\\/la-guia-de-vins-gourmets-presenta-ledicio-2024#primaryimage\"},\"thumbnailUrl\":\"https:\\\/\\\/gastronomicament.cat\\\/wp-content\\\/uploads\\\/2023\\\/11\\\/Guia-vins-Gourmet-2024.jpg\",\"articleSection\":[\"Actualitat\",\"Reportatges i novetats\"],\"inLanguage\":\"de\",\"potentialAction\":[{\"@type\":\"CommentAction\",\"name\":\"Comment\",\"target\":[\"https:\\\/\\\/gastronomicament.cat\\\/de\\\/la-guia-de-vins-gourmets-presenta-ledicio-2024#respond\"]}]},{\"@type\":\"WebPage\",\"@id\":\"https:\\\/\\\/gastronomicament.cat\\\/de\\\/la-guia-de-vins-gourmets-presenta-ledicio-2024\",\"url\":\"https:\\\/\\\/gastronomicament.cat\\\/de\\\/la-guia-de-vins-gourmets-presenta-ledicio-2024\",\"name\":\"La guia de vins Gourmets presenta l'edici\u00f3 2024 - Gastron\u00f2micament\",\"isPartOf\":{\"@id\":\"https:\\\/\\\/gastronomicament.cat\\\/de\\\/#website\"},\"primaryImageOfPage\":{\"@id\":\"https:\\\/\\\/gastronomicament.cat\\\/de\\\/la-guia-de-vins-gourmets-presenta-ledicio-2024#primaryimage\"},\"image\":{\"@id\":\"https:\\\/\\\/gastronomicament.cat\\\/de\\\/la-guia-de-vins-gourmets-presenta-ledicio-2024#primaryimage\"},\"thumbnailUrl\":\"https:\\\/\\\/gastronomicament.cat\\\/wp-content\\\/uploads\\\/2023\\\/11\\\/Guia-vins-Gourmet-2024.jpg\",\"datePublished\":\"2023-11-02T08:37:45+00:00\",\"description\":\"La guia de vins Gourmets presenta l'edici\u00f3 2024 Actualitat, Reportatges i novetats Hi podeu consultar els vins m\u00e9s ben puntuats de les illes Balears i Piti\u00fcses\",\"inLanguage\":\"de\",\"potentialAction\":[{\"@type\":\"ReadAction\",\"target\":[\"https:\\\/\\\/gastronomicament.cat\\\/de\\\/la-guia-de-vins-gourmets-presenta-ledicio-2024\"]}]},{\"@type\":\"ImageObject\",\"inLanguage\":\"de\",\"@id\":\"https:\\\/\\\/gastronomicament.cat\\\/de\\\/la-guia-de-vins-gourmets-presenta-ledicio-2024#primaryimage\",\"url\":\"https:\\\/\\\/gastronomicament.cat\\\/wp-content\\\/uploads\\\/2023\\\/11\\\/Guia-vins-Gourmet-2024.jpg\",\"contentUrl\":\"https:\\\/\\\/gastronomicament.cat\\\/wp-content\\\/uploads\\\/2023\\\/11\\\/Guia-vins-Gourmet-2024.jpg\",\"width\":1385,\"height\":797},{\"@type\":\"WebSite\",\"@id\":\"https:\\\/\\\/gastronomicament.cat\\\/de\\\/#website\",\"url\":\"https:\\\/\\\/gastronomicament.cat\\\/de\\\/\",\"name\":\"Gastron\u00f2micament\",\"description\":\"Portal de restaurants, receptes i actualitat gastron\u00f2mica\",\"publisher\":{\"@id\":\"https:\\\/\\\/gastronomicament.cat\\\/de\\\/#organization\"},\"potentialAction\":[{\"@type\":\"SearchAction\",\"target\":{\"@type\":\"EntryPoint\",\"urlTemplate\":\"https:\\\/\\\/gastronomicament.cat\\\/de\\\/?s={search_term_string}\"},\"query-input\":{\"@type\":\"PropertyValueSpecification\",\"valueRequired\":true,\"valueName\":\"search_term_string\"}}],\"inLanguage\":\"de\"},{\"@type\":\"Organization\",\"@id\":\"https:\\\/\\\/gastronomicament.cat\\\/de\\\/#organization\",\"name\":\"Gastron\u00f2micament\",\"url\":\"https:\\\/\\\/gastronomicament.cat\\\/de\\\/\",\"logo\":{\"@type\":\"ImageObject\",\"inLanguage\":\"de\",\"@id\":\"https:\\\/\\\/gastronomicament.cat\\\/de\\\/#\\\/schema\\\/logo\\\/image\\\/\",\"url\":\"https:\\\/\\\/gastronomicament.cat\\\/wp-content\\\/uploads\\\/2016\\\/09\\\/header-logo.jpg\",\"contentUrl\":\"https:\\\/\\\/gastronomicament.cat\\\/wp-content\\\/uploads\\\/2016\\\/09\\\/header-logo.jpg\",\"width\":277,\"height\":39,\"caption\":\"Gastron\u00f2micament\"},\"image\":{\"@id\":\"https:\\\/\\\/gastronomicament.cat\\\/de\\\/#\\\/schema\\\/logo\\\/image\\\/\"},\"sameAs\":[\"https:\\\/\\\/x.com\\\/gastronomicamen\"]},{\"@type\":\"Person\",\"@id\":\"https:\\\/\\\/gastronomicament.cat\\\/de\\\/#\\\/schema\\\/person\\\/a7c85c537a1ed62799a5b8e0f686a37f\",\"name\":\"Redacci\u00f3\",\"image\":{\"@type\":\"ImageObject\",\"inLanguage\":\"de\",\"@id\":\"https:\\\/\\\/secure.gravatar.com\\\/avatar\\\/9489a485c464fd611d33825daae651d13db70c4e74c65c94937a15a9d4c3ee14?s=96&d=mm&r=g69fea3cce3645dfa2166e7293e22955e\",\"url\":\"https:\\\/\\\/secure.gravatar.com\\\/avatar\\\/9489a485c464fd611d33825daae651d13db70c4e74c65c94937a15a9d4c3ee14?s=96&d=mm&r=g\",\"contentUrl\":\"https:\\\/\\\/secure.gravatar.com\\\/avatar\\\/9489a485c464fd611d33825daae651d13db70c4e74c65c94937a15a9d4c3ee14?s=96&d=mm&r=g\",\"caption\":\"Redacci\u00f3\"},\"sameAs\":[\"http:\\\/\\\/gastronomicament.cat\"],\"url\":\"https:\\\/\\\/gastronomicament.cat\\\/de\\\/author\\\/admin\"}]}<\/script>\n<!-- \/ Yoast SEO plugin. -->","yoast_head_json":{"title":"La guia de vins Gourmets presenta l'edici\u00f3 2024 - Gastron\u00f2micament","description":"La guia de vins Gourmets presenta l'edici\u00f3 2024 Actualitat, Reportatges i novetats Hi podeu consultar els vins m\u00e9s ben puntuats de les illes Balears i Piti\u00fcses","robots":{"index":"index","follow":"follow","max-snippet":"max-snippet:-1","max-image-preview":"max-image-preview:large","max-video-preview":"max-video-preview:-1"},"canonical":"https:\/\/gastronomicament.cat\/de\/la-guia-de-vins-gourmets-presenta-ledicio-2024","og_locale":"de_DE","og_type":"article","og_title":"La guia de vins Gourmets presenta l'edici\u00f3 2024 - Gastron\u00f2micament","og_description":"La guia de vins Gourmets presenta l'edici\u00f3 2024 Actualitat, Reportatges i novetats Hi podeu consultar els vins m\u00e9s ben puntuats de les illes Balears i Piti\u00fcses","og_url":"https:\/\/gastronomicament.cat\/de\/la-guia-de-vins-gourmets-presenta-ledicio-2024","og_site_name":"Gastron\u00f2micament","article_published_time":"2023-11-02T08:37:45+00:00","og_image":[{"width":1385,"height":797,"url":"https:\/\/gastronomicament.cat\/wp-content\/uploads\/2023\/11\/Guia-vins-Gourmet-2024.jpg","type":"image\/jpeg"}],"author":"Redacci\u00f3","twitter_card":"summary_large_image","twitter_creator":"@gastronomicamen","twitter_site":"@gastronomicamen","twitter_misc":{"Verfasst von":"Redacci\u00f3","Gesch\u00e4tzte Lesezeit":"4\u00a0Minuten","Written by":"Redacci\u00f3"},"schema":{"@context":"https:\/\/schema.org","@graph":[{"@type":"Article","@id":"https:\/\/gastronomicament.cat\/de\/la-guia-de-vins-gourmets-presenta-ledicio-2024#article","isPartOf":{"@id":"https:\/\/gastronomicament.cat\/de\/la-guia-de-vins-gourmets-presenta-ledicio-2024"},"author":{"name":"Redacci\u00f3","@id":"https:\/\/gastronomicament.cat\/de\/#\/schema\/person\/a7c85c537a1ed62799a5b8e0f686a37f"},"headline":"La guia de vins Gourmets presenta l&#8217;edici\u00f3 2024","datePublished":"2023-11-02T08:37:45+00:00","mainEntityOfPage":{"@id":"https:\/\/gastronomicament.cat\/de\/la-guia-de-vins-gourmets-presenta-ledicio-2024"},"wordCount":648,"commentCount":0,"publisher":{"@id":"https:\/\/gastronomicament.cat\/de\/#organization"},"image":{"@id":"https:\/\/gastronomicament.cat\/de\/la-guia-de-vins-gourmets-presenta-ledicio-2024#primaryimage"},"thumbnailUrl":"https:\/\/gastronomicament.cat\/wp-content\/uploads\/2023\/11\/Guia-vins-Gourmet-2024.jpg","articleSection":["Actualitat","Reportatges i novetats"],"inLanguage":"de","potentialAction":[{"@type":"CommentAction","name":"Comment","target":["https:\/\/gastronomicament.cat\/de\/la-guia-de-vins-gourmets-presenta-ledicio-2024#respond"]}]},{"@type":"WebPage","@id":"https:\/\/gastronomicament.cat\/de\/la-guia-de-vins-gourmets-presenta-ledicio-2024","url":"https:\/\/gastronomicament.cat\/de\/la-guia-de-vins-gourmets-presenta-ledicio-2024","name":"La guia de vins Gourmets presenta l'edici\u00f3 2024 - Gastron\u00f2micament","isPartOf":{"@id":"https:\/\/gastronomicament.cat\/de\/#website"},"primaryImageOfPage":{"@id":"https:\/\/gastronomicament.cat\/de\/la-guia-de-vins-gourmets-presenta-ledicio-2024#primaryimage"},"image":{"@id":"https:\/\/gastronomicament.cat\/de\/la-guia-de-vins-gourmets-presenta-ledicio-2024#primaryimage"},"thumbnailUrl":"https:\/\/gastronomicament.cat\/wp-content\/uploads\/2023\/11\/Guia-vins-Gourmet-2024.jpg","datePublished":"2023-11-02T08:37:45+00:00","description":"La guia de vins Gourmets presenta l'edici\u00f3 2024 Actualitat, Reportatges i novetats Hi podeu consultar els vins m\u00e9s ben puntuats de les illes Balears i Piti\u00fcses","inLanguage":"de","potentialAction":[{"@type":"ReadAction","target":["https:\/\/gastronomicament.cat\/de\/la-guia-de-vins-gourmets-presenta-ledicio-2024"]}]},{"@type":"ImageObject","inLanguage":"de","@id":"https:\/\/gastronomicament.cat\/de\/la-guia-de-vins-gourmets-presenta-ledicio-2024#primaryimage","url":"https:\/\/gastronomicament.cat\/wp-content\/uploads\/2023\/11\/Guia-vins-Gourmet-2024.jpg","contentUrl":"https:\/\/gastronomicament.cat\/wp-content\/uploads\/2023\/11\/Guia-vins-Gourmet-2024.jpg","width":1385,"height":797},{"@type":"WebSite","@id":"https:\/\/gastronomicament.cat\/de\/#website","url":"https:\/\/gastronomicament.cat\/de\/","name":"Gastron\u00f2micament","description":"Portal de restaurants, receptes i actualitat gastron\u00f2mica","publisher":{"@id":"https:\/\/gastronomicament.cat\/de\/#organization"},"potentialAction":[{"@type":"SearchAction","target":{"@type":"EntryPoint","urlTemplate":"https:\/\/gastronomicament.cat\/de\/?s={search_term_string}"},"query-input":{"@type":"PropertyValueSpecification","valueRequired":true,"valueName":"search_term_string"}}],"inLanguage":"de"},{"@type":"Organization","@id":"https:\/\/gastronomicament.cat\/de\/#organization","name":"Gastron\u00f2micament","url":"https:\/\/gastronomicament.cat\/de\/","logo":{"@type":"ImageObject","inLanguage":"de","@id":"https:\/\/gastronomicament.cat\/de\/#\/schema\/logo\/image\/","url":"https:\/\/gastronomicament.cat\/wp-content\/uploads\/2016\/09\/header-logo.jpg","contentUrl":"https:\/\/gastronomicament.cat\/wp-content\/uploads\/2016\/09\/header-logo.jpg","width":277,"height":39,"caption":"Gastron\u00f2micament"},"image":{"@id":"https:\/\/gastronomicament.cat\/de\/#\/schema\/logo\/image\/"},"sameAs":["https:\/\/x.com\/gastronomicamen"]},{"@type":"Person","@id":"https:\/\/gastronomicament.cat\/de\/#\/schema\/person\/a7c85c537a1ed62799a5b8e0f686a37f","name":"Redacci\u00f3","image":{"@type":"ImageObject","inLanguage":"de","@id":"https:\/\/secure.gravatar.com\/avatar\/9489a485c464fd611d33825daae651d13db70c4e74c65c94937a15a9d4c3ee14?s=96&d=mm&r=g69fea3cce3645dfa2166e7293e22955e","url":"https:\/\/secure.gravatar.com\/avatar\/9489a485c464fd611d33825daae651d13db70c4e74c65c94937a15a9d4c3ee14?s=96&d=mm&r=g","contentUrl":"https:\/\/secure.gravatar.com\/avatar\/9489a485c464fd611d33825daae651d13db70c4e74c65c94937a15a9d4c3ee14?s=96&d=mm&r=g","caption":"Redacci\u00f3"},"sameAs":["http:\/\/gastronomicament.cat"],"url":"https:\/\/gastronomicament.cat\/de\/author\/admin"}]}},"_links":{"self":[{"href":"https:\/\/gastronomicament.cat\/de\/wp-json\/wp\/v2\/posts\/85728","targetHints":{"allow":["GET"]}}],"collection":[{"href":"https:\/\/gastronomicament.cat\/de\/wp-json\/wp\/v2\/posts"}],"about":[{"href":"https:\/\/gastronomicament.cat\/de\/wp-json\/wp\/v2\/types\/post"}],"author":[{"embeddable":true,"href":"https:\/\/gastronomicament.cat\/de\/wp-json\/wp\/v2\/users\/1"}],"replies":[{"embeddable":true,"href":"https:\/\/gastronomicament.cat\/de\/wp-json\/wp\/v2\/comments?post=85728"}],"version-history":[{"count":0,"href":"https:\/\/gastronomicament.cat\/de\/wp-json\/wp\/v2\/posts\/85728\/revisions"}],"wp:featuredmedia":[{"embeddable":true,"href":"https:\/\/gastronomicament.cat\/de\/wp-json\/wp\/v2\/media\/85720"}],"wp:attachment":[{"href":"https:\/\/gastronomicament.cat\/de\/wp-json\/wp\/v2\/media?parent=85728"}],"wp:term":[{"taxonomy":"category","embeddable":true,"href":"https:\/\/gastronomicament.cat\/de\/wp-json\/wp\/v2\/categories?post=85728"},{"taxonomy":"post_tag","embeddable":true,"href":"https:\/\/gastronomicament.cat\/de\/wp-json\/wp\/v2\/tags?post=85728"},{"taxonomy":"author","embeddable":true,"href":"https:\/\/gastronomicament.cat\/de\/wp-json\/wp\/v2\/coauthors?post=85728"}],"curies":[{"name":"wp","href":"https:\/\/api.w.org\/{rel}","templated":true}]}}