{"id":87095,"date":"2024-01-31T11:11:12","date_gmt":"2024-01-31T10:11:12","guid":{"rendered":"https:\/\/gastronomicament.cat\/la-mostra-de-cuina-de-les-illes-balears-se-celebrara-del-29-de-febrer-al-3-de-marc"},"modified":"2024-01-31T11:11:12","modified_gmt":"2024-01-31T10:11:12","slug":"la-mostra-de-cuina-de-les-illes-balears-se-celebrara-del-29-de-febrer-al-3-de-marc","status":"publish","type":"post","link":"https:\/\/gastronomicament.cat\/de\/la-mostra-de-cuina-de-les-illes-balears-se-celebrara-del-29-de-febrer-al-3-de-marc","title":{"rendered":"La Mostra de Cuina de les Illes Balears se celebrar\u00e0 del 29 de febrer al 3 de mar\u00e7"},"content":{"rendered":"<p>La Mostra de Cuina de les Illes Balears \u00e9s una fira gastron\u00f2mica amb producte local que se celebra els dies 29 de febrer, 1, 2 i 3\u00a0de mar\u00e7 en el Parc de Sa Feixina dins el marc de la Diada de les Illes Balears organitzada pel govern de les Illes Balears.<\/p>\n<p>Les dates de la nova edici\u00f3 s&#8217;han donat a con\u00e8ixer aquest migdia a FITUR amb motiu de la Fira Internacional de Turisme, a l&#8217;estand de Trasmed, patrocinador principal de l&#8217;esdeveniment.<\/p>\n<p>La Mostra oferir\u00e0 la millor gastronomia de les nostres illes i comptar\u00e0 amb la pres\u00e8ncia d&#8217;establiments de Mallorca, Menorca, Eivissa i Formentera que serviran al p\u00fablic diferents plats t\u00edpics de la cultura culin\u00e0ria balear.<\/p>\n<p>A m\u00e9s, durant la Mostra de Cuina de les Illes Balears tamb\u00e9 hi haur\u00e0\u00a0<em>showcookings<\/em>, diferents classes magistrals de cuina i cocteleria, m\u00fasica i activitats infantils, oci i cultura per a tots els p\u00fablics.<\/p>\n<p><strong>Showcooking a c\u00e0rrec de Kike Mart\u00ed<br \/>\n<\/strong>Durant la presentaci\u00f3 s&#8217;ha duit a terme un showcooking i degustaci\u00f3 d&#8217;arrossos que ha elaborat el xef Kike Mart\u00ed, propietari d&#8217;Arr\u00f3zame,\u00a0mestre arrosser d&#8217;Espanya i membre de la Selecci\u00f3 Espanyola de Cuina de Competici\u00f3.<\/p>\n<p><strong>Trasmed, patrocinador oficial de l&#8217;esdeveniment gastron\u00f2mic<br \/>\n<\/strong>La naviliera espanyola del Grup Grimaldi es converteix per segon any consecutiu en patrocinador oficial de l&#8217;esdeveniment. Per Antoni Martorell, director General d&#8217;Ag\u00e8nciaCom, organitzadors de l&#8217;esdeveniment gastron\u00f2mic, el suport de Trasmed \u201c\u00e9s important per a la Mostra perqu\u00e8 ajuda a difondre l&#8217;excel\u00b7l\u00e8ncia del producte balear per tota la Mediterr\u00e0nia\u201d.<\/p>\n<p>Per a Miguel Pardo, director de Relacions Institucionals del Grup Grimaldi a Espanya, i patrocinador principal de l&#8217;esdeveniment, aquesta aposta per la gastronomia \u201c\u00e9s un dels compromisos de Trasmed, ja que \u00e9s important per a nosaltres unir la cultura i la gastronomia de les destinacions que operem i poder apropar el producte local de les Balears tant als nostres vaixells com atraure els visitants de la pen\u00ednsula que coneguin la meravellosa cuina de les Illes\u201d.<\/p>\n<p><strong>Patrocinadors i col\u00b7laboradors<br \/>\n<\/strong>La Mostra de Cuina de les Illes Balears, organitzat per AgenciaCom, Trui i el govern de les Illes Balears, compta amb el patrocini principal de Trasmed; Mahou i Coca-Cola com a patrocinadors; Jos\u00e9 Luis Ferrer, Antonio Nadal Destil\u00b7leries, Restauraci\u00f3n Mallorca CAEB, Menorca Restauraci\u00f3, Caf\u00e9 Rico, Harinas de Mallorca i Fires i Festes com a col\u00b7laboradors; i Mallorcadiario.com i R\u00e0dio Mallorca Cadena SER com a mitjans oficials.<\/p>\n","protected":false},"excerpt":{"rendered":"<p>Durant la presentaci\u00f3 s&#8217;ha duit a terme un showcooking i degustaci\u00f3 d&#8217;arrossos que ha elaborat el&hellip;<\/p>\n","protected":false},"author":1,"featured_media":87091,"comment_status":"open","ping_status":"closed","sticky":false,"template":"","format":"standard","meta":{"_acf_changed":false,"_swt_meta_header_display":false,"_swt_meta_footer_display":false,"_swt_meta_site_title_display":false,"_swt_meta_sticky_header":false,"_swt_meta_transparent_header":false,"footnotes":""},"categories":[1050,1473],"tags":[],"coauthors":[2053],"class_list":["post-87095","post","type-post","status-publish","format-standard","has-post-thumbnail","hentry","category-actualitat-es-de","category-fires-i-rutes-de"],"acf":{"gallery":null,"home_date":{"home_begin_date":null,"home_end_date":null}},"yoast_head":"<!-- This site is optimized with the Yoast SEO plugin v27.4 - https:\/\/yoast.com\/product\/yoast-seo-wordpress\/ -->\n<title>La Mostra de Cuina de les Illes Balears se celebrar\u00e0 del 29 de febrer al 3 de mar\u00e7 - Gastron\u00f2micament<\/title>\n<meta name=\"description\" content=\"La Mostra de Cuina de les Illes Balears se celebrar\u00e0 del 29 de febrer al 3 de mar\u00e7 Actualitat, Fires i rutes Durant la presentaci\u00f3 s&#039;ha duit a terme un showcooking i degustaci\u00f3 d&#039;arrossos que ha elaborat el xef Kike Mart\u00ed\" \/>\n<meta name=\"robots\" content=\"index, follow, max-snippet:-1, max-image-preview:large, max-video-preview:-1\" \/>\n<link rel=\"canonical\" href=\"https:\/\/gastronomicament.cat\/de\/la-mostra-de-cuina-de-les-illes-balears-se-celebrara-del-29-de-febrer-al-3-de-marc\" \/>\n<meta property=\"og:locale\" content=\"de_DE\" \/>\n<meta property=\"og:type\" content=\"article\" \/>\n<meta property=\"og:title\" content=\"La Mostra de Cuina de les Illes Balears se celebrar\u00e0 del 29 de febrer al 3 de mar\u00e7 - Gastron\u00f2micament\" \/>\n<meta property=\"og:description\" content=\"La Mostra de Cuina de les Illes Balears se celebrar\u00e0 del 29 de febrer al 3 de mar\u00e7 Actualitat, Fires i rutes Durant la presentaci\u00f3 s&#039;ha duit a terme un showcooking i degustaci\u00f3 d&#039;arrossos que ha elaborat el xef Kike Mart\u00ed\" \/>\n<meta property=\"og:url\" content=\"https:\/\/gastronomicament.cat\/de\/la-mostra-de-cuina-de-les-illes-balears-se-celebrara-del-29-de-febrer-al-3-de-marc\" \/>\n<meta property=\"og:site_name\" content=\"Gastron\u00f2micament\" \/>\n<meta property=\"article:published_time\" content=\"2024-01-31T10:11:12+00:00\" \/>\n<meta property=\"og:image\" content=\"https:\/\/gastronomicament.cat\/wp-content\/uploads\/2024\/01\/Mostra-de-Cuina-Illes-Balears-2024.jpg\" \/>\n\t<meta property=\"og:image:width\" content=\"1200\" \/>\n\t<meta property=\"og:image:height\" content=\"600\" \/>\n\t<meta property=\"og:image:type\" content=\"image\/jpeg\" \/>\n<meta name=\"author\" content=\"Redacci\u00f3\" \/>\n<meta name=\"twitter:card\" content=\"summary_large_image\" \/>\n<meta name=\"twitter:creator\" content=\"@gastronomicamen\" \/>\n<meta name=\"twitter:site\" content=\"@gastronomicamen\" \/>\n<meta name=\"twitter:label1\" content=\"Verfasst von\" \/>\n\t<meta name=\"twitter:data1\" content=\"Redacci\u00f3\" \/>\n\t<meta name=\"twitter:label2\" content=\"Gesch\u00e4tzte Lesezeit\" \/>\n\t<meta name=\"twitter:data2\" content=\"3\u00a0Minuten\" \/>\n\t<meta name=\"twitter:label3\" content=\"Written by\" \/>\n\t<meta name=\"twitter:data3\" content=\"Redacci\u00f3\" \/>\n<script type=\"application\/ld+json\" class=\"yoast-schema-graph\">{\"@context\":\"https:\\\/\\\/schema.org\",\"@graph\":[{\"@type\":\"Article\",\"@id\":\"https:\\\/\\\/gastronomicament.cat\\\/de\\\/la-mostra-de-cuina-de-les-illes-balears-se-celebrara-del-29-de-febrer-al-3-de-marc#article\",\"isPartOf\":{\"@id\":\"https:\\\/\\\/gastronomicament.cat\\\/de\\\/la-mostra-de-cuina-de-les-illes-balears-se-celebrara-del-29-de-febrer-al-3-de-marc\"},\"author\":{\"name\":\"Redacci\u00f3\",\"@id\":\"https:\\\/\\\/gastronomicament.cat\\\/de\\\/#\\\/schema\\\/person\\\/a7c85c537a1ed62799a5b8e0f686a37f\"},\"headline\":\"La Mostra de Cuina de les Illes Balears se celebrar\u00e0 del 29 de febrer al 3 de mar\u00e7\",\"datePublished\":\"2024-01-31T10:11:12+00:00\",\"mainEntityOfPage\":{\"@id\":\"https:\\\/\\\/gastronomicament.cat\\\/de\\\/la-mostra-de-cuina-de-les-illes-balears-se-celebrara-del-29-de-febrer-al-3-de-marc\"},\"wordCount\":425,\"commentCount\":0,\"publisher\":{\"@id\":\"https:\\\/\\\/gastronomicament.cat\\\/de\\\/#organization\"},\"image\":{\"@id\":\"https:\\\/\\\/gastronomicament.cat\\\/de\\\/la-mostra-de-cuina-de-les-illes-balears-se-celebrara-del-29-de-febrer-al-3-de-marc#primaryimage\"},\"thumbnailUrl\":\"https:\\\/\\\/gastronomicament.cat\\\/wp-content\\\/uploads\\\/2024\\\/01\\\/Mostra-de-Cuina-Illes-Balears-2024.jpg\",\"articleSection\":[\"Actualitat\",\"Fires i rutes\"],\"inLanguage\":\"de\",\"potentialAction\":[{\"@type\":\"CommentAction\",\"name\":\"Comment\",\"target\":[\"https:\\\/\\\/gastronomicament.cat\\\/de\\\/la-mostra-de-cuina-de-les-illes-balears-se-celebrara-del-29-de-febrer-al-3-de-marc#respond\"]}]},{\"@type\":\"WebPage\",\"@id\":\"https:\\\/\\\/gastronomicament.cat\\\/de\\\/la-mostra-de-cuina-de-les-illes-balears-se-celebrara-del-29-de-febrer-al-3-de-marc\",\"url\":\"https:\\\/\\\/gastronomicament.cat\\\/de\\\/la-mostra-de-cuina-de-les-illes-balears-se-celebrara-del-29-de-febrer-al-3-de-marc\",\"name\":\"La Mostra de Cuina de les Illes Balears se celebrar\u00e0 del 29 de febrer al 3 de mar\u00e7 - Gastron\u00f2micament\",\"isPartOf\":{\"@id\":\"https:\\\/\\\/gastronomicament.cat\\\/de\\\/#website\"},\"primaryImageOfPage\":{\"@id\":\"https:\\\/\\\/gastronomicament.cat\\\/de\\\/la-mostra-de-cuina-de-les-illes-balears-se-celebrara-del-29-de-febrer-al-3-de-marc#primaryimage\"},\"image\":{\"@id\":\"https:\\\/\\\/gastronomicament.cat\\\/de\\\/la-mostra-de-cuina-de-les-illes-balears-se-celebrara-del-29-de-febrer-al-3-de-marc#primaryimage\"},\"thumbnailUrl\":\"https:\\\/\\\/gastronomicament.cat\\\/wp-content\\\/uploads\\\/2024\\\/01\\\/Mostra-de-Cuina-Illes-Balears-2024.jpg\",\"datePublished\":\"2024-01-31T10:11:12+00:00\",\"description\":\"La Mostra de Cuina de les Illes Balears se celebrar\u00e0 del 29 de febrer al 3 de mar\u00e7 Actualitat, Fires i rutes Durant la presentaci\u00f3 s'ha duit a terme un showcooking i degustaci\u00f3 d'arrossos que ha elaborat el xef Kike Mart\u00ed\",\"inLanguage\":\"de\",\"potentialAction\":[{\"@type\":\"ReadAction\",\"target\":[\"https:\\\/\\\/gastronomicament.cat\\\/de\\\/la-mostra-de-cuina-de-les-illes-balears-se-celebrara-del-29-de-febrer-al-3-de-marc\"]}]},{\"@type\":\"ImageObject\",\"inLanguage\":\"de\",\"@id\":\"https:\\\/\\\/gastronomicament.cat\\\/de\\\/la-mostra-de-cuina-de-les-illes-balears-se-celebrara-del-29-de-febrer-al-3-de-marc#primaryimage\",\"url\":\"https:\\\/\\\/gastronomicament.cat\\\/wp-content\\\/uploads\\\/2024\\\/01\\\/Mostra-de-Cuina-Illes-Balears-2024.jpg\",\"contentUrl\":\"https:\\\/\\\/gastronomicament.cat\\\/wp-content\\\/uploads\\\/2024\\\/01\\\/Mostra-de-Cuina-Illes-Balears-2024.jpg\",\"width\":1200,\"height\":600},{\"@type\":\"WebSite\",\"@id\":\"https:\\\/\\\/gastronomicament.cat\\\/de\\\/#website\",\"url\":\"https:\\\/\\\/gastronomicament.cat\\\/de\\\/\",\"name\":\"Gastron\u00f2micament\",\"description\":\"Portal de restaurants, receptes i actualitat gastron\u00f2mica\",\"publisher\":{\"@id\":\"https:\\\/\\\/gastronomicament.cat\\\/de\\\/#organization\"},\"potentialAction\":[{\"@type\":\"SearchAction\",\"target\":{\"@type\":\"EntryPoint\",\"urlTemplate\":\"https:\\\/\\\/gastronomicament.cat\\\/de\\\/?s={search_term_string}\"},\"query-input\":{\"@type\":\"PropertyValueSpecification\",\"valueRequired\":true,\"valueName\":\"search_term_string\"}}],\"inLanguage\":\"de\"},{\"@type\":\"Organization\",\"@id\":\"https:\\\/\\\/gastronomicament.cat\\\/de\\\/#organization\",\"name\":\"Gastron\u00f2micament\",\"url\":\"https:\\\/\\\/gastronomicament.cat\\\/de\\\/\",\"logo\":{\"@type\":\"ImageObject\",\"inLanguage\":\"de\",\"@id\":\"https:\\\/\\\/gastronomicament.cat\\\/de\\\/#\\\/schema\\\/logo\\\/image\\\/\",\"url\":\"https:\\\/\\\/gastronomicament.cat\\\/wp-content\\\/uploads\\\/2016\\\/09\\\/header-logo.jpg\",\"contentUrl\":\"https:\\\/\\\/gastronomicament.cat\\\/wp-content\\\/uploads\\\/2016\\\/09\\\/header-logo.jpg\",\"width\":277,\"height\":39,\"caption\":\"Gastron\u00f2micament\"},\"image\":{\"@id\":\"https:\\\/\\\/gastronomicament.cat\\\/de\\\/#\\\/schema\\\/logo\\\/image\\\/\"},\"sameAs\":[\"https:\\\/\\\/x.com\\\/gastronomicamen\"]},{\"@type\":\"Person\",\"@id\":\"https:\\\/\\\/gastronomicament.cat\\\/de\\\/#\\\/schema\\\/person\\\/a7c85c537a1ed62799a5b8e0f686a37f\",\"name\":\"Redacci\u00f3\",\"image\":{\"@type\":\"ImageObject\",\"inLanguage\":\"de\",\"@id\":\"https:\\\/\\\/secure.gravatar.com\\\/avatar\\\/9489a485c464fd611d33825daae651d13db70c4e74c65c94937a15a9d4c3ee14?s=96&d=mm&r=g69fea3cce3645dfa2166e7293e22955e\",\"url\":\"https:\\\/\\\/secure.gravatar.com\\\/avatar\\\/9489a485c464fd611d33825daae651d13db70c4e74c65c94937a15a9d4c3ee14?s=96&d=mm&r=g\",\"contentUrl\":\"https:\\\/\\\/secure.gravatar.com\\\/avatar\\\/9489a485c464fd611d33825daae651d13db70c4e74c65c94937a15a9d4c3ee14?s=96&d=mm&r=g\",\"caption\":\"Redacci\u00f3\"},\"sameAs\":[\"http:\\\/\\\/gastronomicament.cat\"],\"url\":\"https:\\\/\\\/gastronomicament.cat\\\/de\\\/author\\\/admin\"}]}<\/script>\n<!-- \/ Yoast SEO plugin. -->","yoast_head_json":{"title":"La Mostra de Cuina de les Illes Balears se celebrar\u00e0 del 29 de febrer al 3 de mar\u00e7 - Gastron\u00f2micament","description":"La Mostra de Cuina de les Illes Balears se celebrar\u00e0 del 29 de febrer al 3 de mar\u00e7 Actualitat, Fires i rutes Durant la presentaci\u00f3 s'ha duit a terme un showcooking i degustaci\u00f3 d'arrossos que ha elaborat el xef Kike Mart\u00ed","robots":{"index":"index","follow":"follow","max-snippet":"max-snippet:-1","max-image-preview":"max-image-preview:large","max-video-preview":"max-video-preview:-1"},"canonical":"https:\/\/gastronomicament.cat\/de\/la-mostra-de-cuina-de-les-illes-balears-se-celebrara-del-29-de-febrer-al-3-de-marc","og_locale":"de_DE","og_type":"article","og_title":"La Mostra de Cuina de les Illes Balears se celebrar\u00e0 del 29 de febrer al 3 de mar\u00e7 - Gastron\u00f2micament","og_description":"La Mostra de Cuina de les Illes Balears se celebrar\u00e0 del 29 de febrer al 3 de mar\u00e7 Actualitat, Fires i rutes Durant la presentaci\u00f3 s'ha duit a terme un showcooking i degustaci\u00f3 d'arrossos que ha elaborat el xef Kike Mart\u00ed","og_url":"https:\/\/gastronomicament.cat\/de\/la-mostra-de-cuina-de-les-illes-balears-se-celebrara-del-29-de-febrer-al-3-de-marc","og_site_name":"Gastron\u00f2micament","article_published_time":"2024-01-31T10:11:12+00:00","og_image":[{"width":1200,"height":600,"url":"https:\/\/gastronomicament.cat\/wp-content\/uploads\/2024\/01\/Mostra-de-Cuina-Illes-Balears-2024.jpg","type":"image\/jpeg"}],"author":"Redacci\u00f3","twitter_card":"summary_large_image","twitter_creator":"@gastronomicamen","twitter_site":"@gastronomicamen","twitter_misc":{"Verfasst von":"Redacci\u00f3","Gesch\u00e4tzte Lesezeit":"3\u00a0Minuten","Written by":"Redacci\u00f3"},"schema":{"@context":"https:\/\/schema.org","@graph":[{"@type":"Article","@id":"https:\/\/gastronomicament.cat\/de\/la-mostra-de-cuina-de-les-illes-balears-se-celebrara-del-29-de-febrer-al-3-de-marc#article","isPartOf":{"@id":"https:\/\/gastronomicament.cat\/de\/la-mostra-de-cuina-de-les-illes-balears-se-celebrara-del-29-de-febrer-al-3-de-marc"},"author":{"name":"Redacci\u00f3","@id":"https:\/\/gastronomicament.cat\/de\/#\/schema\/person\/a7c85c537a1ed62799a5b8e0f686a37f"},"headline":"La Mostra de Cuina de les Illes Balears se celebrar\u00e0 del 29 de febrer al 3 de mar\u00e7","datePublished":"2024-01-31T10:11:12+00:00","mainEntityOfPage":{"@id":"https:\/\/gastronomicament.cat\/de\/la-mostra-de-cuina-de-les-illes-balears-se-celebrara-del-29-de-febrer-al-3-de-marc"},"wordCount":425,"commentCount":0,"publisher":{"@id":"https:\/\/gastronomicament.cat\/de\/#organization"},"image":{"@id":"https:\/\/gastronomicament.cat\/de\/la-mostra-de-cuina-de-les-illes-balears-se-celebrara-del-29-de-febrer-al-3-de-marc#primaryimage"},"thumbnailUrl":"https:\/\/gastronomicament.cat\/wp-content\/uploads\/2024\/01\/Mostra-de-Cuina-Illes-Balears-2024.jpg","articleSection":["Actualitat","Fires i rutes"],"inLanguage":"de","potentialAction":[{"@type":"CommentAction","name":"Comment","target":["https:\/\/gastronomicament.cat\/de\/la-mostra-de-cuina-de-les-illes-balears-se-celebrara-del-29-de-febrer-al-3-de-marc#respond"]}]},{"@type":"WebPage","@id":"https:\/\/gastronomicament.cat\/de\/la-mostra-de-cuina-de-les-illes-balears-se-celebrara-del-29-de-febrer-al-3-de-marc","url":"https:\/\/gastronomicament.cat\/de\/la-mostra-de-cuina-de-les-illes-balears-se-celebrara-del-29-de-febrer-al-3-de-marc","name":"La Mostra de Cuina de les Illes Balears se celebrar\u00e0 del 29 de febrer al 3 de mar\u00e7 - Gastron\u00f2micament","isPartOf":{"@id":"https:\/\/gastronomicament.cat\/de\/#website"},"primaryImageOfPage":{"@id":"https:\/\/gastronomicament.cat\/de\/la-mostra-de-cuina-de-les-illes-balears-se-celebrara-del-29-de-febrer-al-3-de-marc#primaryimage"},"image":{"@id":"https:\/\/gastronomicament.cat\/de\/la-mostra-de-cuina-de-les-illes-balears-se-celebrara-del-29-de-febrer-al-3-de-marc#primaryimage"},"thumbnailUrl":"https:\/\/gastronomicament.cat\/wp-content\/uploads\/2024\/01\/Mostra-de-Cuina-Illes-Balears-2024.jpg","datePublished":"2024-01-31T10:11:12+00:00","description":"La Mostra de Cuina de les Illes Balears se celebrar\u00e0 del 29 de febrer al 3 de mar\u00e7 Actualitat, Fires i rutes Durant la presentaci\u00f3 s'ha duit a terme un showcooking i degustaci\u00f3 d'arrossos que ha elaborat el xef Kike Mart\u00ed","inLanguage":"de","potentialAction":[{"@type":"ReadAction","target":["https:\/\/gastronomicament.cat\/de\/la-mostra-de-cuina-de-les-illes-balears-se-celebrara-del-29-de-febrer-al-3-de-marc"]}]},{"@type":"ImageObject","inLanguage":"de","@id":"https:\/\/gastronomicament.cat\/de\/la-mostra-de-cuina-de-les-illes-balears-se-celebrara-del-29-de-febrer-al-3-de-marc#primaryimage","url":"https:\/\/gastronomicament.cat\/wp-content\/uploads\/2024\/01\/Mostra-de-Cuina-Illes-Balears-2024.jpg","contentUrl":"https:\/\/gastronomicament.cat\/wp-content\/uploads\/2024\/01\/Mostra-de-Cuina-Illes-Balears-2024.jpg","width":1200,"height":600},{"@type":"WebSite","@id":"https:\/\/gastronomicament.cat\/de\/#website","url":"https:\/\/gastronomicament.cat\/de\/","name":"Gastron\u00f2micament","description":"Portal de restaurants, receptes i actualitat gastron\u00f2mica","publisher":{"@id":"https:\/\/gastronomicament.cat\/de\/#organization"},"potentialAction":[{"@type":"SearchAction","target":{"@type":"EntryPoint","urlTemplate":"https:\/\/gastronomicament.cat\/de\/?s={search_term_string}"},"query-input":{"@type":"PropertyValueSpecification","valueRequired":true,"valueName":"search_term_string"}}],"inLanguage":"de"},{"@type":"Organization","@id":"https:\/\/gastronomicament.cat\/de\/#organization","name":"Gastron\u00f2micament","url":"https:\/\/gastronomicament.cat\/de\/","logo":{"@type":"ImageObject","inLanguage":"de","@id":"https:\/\/gastronomicament.cat\/de\/#\/schema\/logo\/image\/","url":"https:\/\/gastronomicament.cat\/wp-content\/uploads\/2016\/09\/header-logo.jpg","contentUrl":"https:\/\/gastronomicament.cat\/wp-content\/uploads\/2016\/09\/header-logo.jpg","width":277,"height":39,"caption":"Gastron\u00f2micament"},"image":{"@id":"https:\/\/gastronomicament.cat\/de\/#\/schema\/logo\/image\/"},"sameAs":["https:\/\/x.com\/gastronomicamen"]},{"@type":"Person","@id":"https:\/\/gastronomicament.cat\/de\/#\/schema\/person\/a7c85c537a1ed62799a5b8e0f686a37f","name":"Redacci\u00f3","image":{"@type":"ImageObject","inLanguage":"de","@id":"https:\/\/secure.gravatar.com\/avatar\/9489a485c464fd611d33825daae651d13db70c4e74c65c94937a15a9d4c3ee14?s=96&d=mm&r=g69fea3cce3645dfa2166e7293e22955e","url":"https:\/\/secure.gravatar.com\/avatar\/9489a485c464fd611d33825daae651d13db70c4e74c65c94937a15a9d4c3ee14?s=96&d=mm&r=g","contentUrl":"https:\/\/secure.gravatar.com\/avatar\/9489a485c464fd611d33825daae651d13db70c4e74c65c94937a15a9d4c3ee14?s=96&d=mm&r=g","caption":"Redacci\u00f3"},"sameAs":["http:\/\/gastronomicament.cat"],"url":"https:\/\/gastronomicament.cat\/de\/author\/admin"}]}},"_links":{"self":[{"href":"https:\/\/gastronomicament.cat\/de\/wp-json\/wp\/v2\/posts\/87095","targetHints":{"allow":["GET"]}}],"collection":[{"href":"https:\/\/gastronomicament.cat\/de\/wp-json\/wp\/v2\/posts"}],"about":[{"href":"https:\/\/gastronomicament.cat\/de\/wp-json\/wp\/v2\/types\/post"}],"author":[{"embeddable":true,"href":"https:\/\/gastronomicament.cat\/de\/wp-json\/wp\/v2\/users\/1"}],"replies":[{"embeddable":true,"href":"https:\/\/gastronomicament.cat\/de\/wp-json\/wp\/v2\/comments?post=87095"}],"version-history":[{"count":0,"href":"https:\/\/gastronomicament.cat\/de\/wp-json\/wp\/v2\/posts\/87095\/revisions"}],"wp:featuredmedia":[{"embeddable":true,"href":"https:\/\/gastronomicament.cat\/de\/wp-json\/wp\/v2\/media\/87091"}],"wp:attachment":[{"href":"https:\/\/gastronomicament.cat\/de\/wp-json\/wp\/v2\/media?parent=87095"}],"wp:term":[{"taxonomy":"category","embeddable":true,"href":"https:\/\/gastronomicament.cat\/de\/wp-json\/wp\/v2\/categories?post=87095"},{"taxonomy":"post_tag","embeddable":true,"href":"https:\/\/gastronomicament.cat\/de\/wp-json\/wp\/v2\/tags?post=87095"},{"taxonomy":"author","embeddable":true,"href":"https:\/\/gastronomicament.cat\/de\/wp-json\/wp\/v2\/coauthors?post=87095"}],"curies":[{"name":"wp","href":"https:\/\/api.w.org\/{rel}","templated":true}]}}