{"id":87488,"date":"2024-02-26T10:25:38","date_gmt":"2024-02-26T09:25:38","guid":{"rendered":"https:\/\/gastronomicament.cat\/gran-exit-de-la-nit-de-loli-a-laljub-des-baluard"},"modified":"2024-02-26T10:25:38","modified_gmt":"2024-02-26T09:25:38","slug":"gran-exit-de-la-nit-de-loli-a-laljub-des-baluard","status":"publish","type":"post","link":"https:\/\/gastronomicament.cat\/de\/gran-exit-de-la-nit-de-loli-a-laljub-des-baluard","title":{"rendered":"Gran \u00e8xit de la Nit de l&#8217;Oli a l&#8217;Aljub d&#8217;Es Baluard"},"content":{"rendered":"<p>L\u2019Aljub del Museu d\u2019Art Contemporani de Palma ha acollit aquest divendres 23 de febrer la <strong>Nit de l\u2019Oli<\/strong>, la proposta del consell regulador de la Denominaci\u00f3 d\u2019Origen Oli de Mallorca per presentar els Olis d\u2019Oliva Verge Extra de la darrera anyada a on s\u2019han pogut tastar fins a 38 refer\u00e8ncies de quinze oliers.<\/p>\n<p>Des de l\u2019obertura de portes, ha sigut nombrosa la quantitat de persones interessades en endinsar-se en <strong>l\u2019apassionant m\u00f3n de l\u2019Oli d\u2019Oliva Verge Extra<\/strong> les que han passat per l\u2019Aljub, atrets per ser una magn\u00edfica oportunitat de poder accedir a una gran selecci\u00f3 d\u2019OOVE de qualitat diferenciada i aix\u00ed con\u00e8ixer de m\u00e9s a prop la diversitat i matisos que brinden a trav\u00e9s del tast ofert per elaboradors com <strong>Olis S\u00f3ller, Can Feliu, Es Verger, Son Mir, Fet a S\u00f3ller, Oli Solivellas, Picarandau, Aubocassa, Sa Cadernera, Sa Madoneta, Son Catiu, Son Matge, Son Mesquidassa, Son Moragues i Treurer.<\/strong><\/p>\n<p>Aquesta edici\u00f3 de la Nit de l\u2019Oli ha comptat amb la pres\u00e8ncia de la <strong>presidenta del Govern de les Illes Balears, Margalida Prohens<\/strong>, qui acompanyada pel <strong>president del consell regulador de la Denominaci\u00f3 d\u2019Origen Oli de Mallorca, Joan Mayol<\/strong>, ha visitat als diferents expositors interessant-se per la seva activitat i producte. A l\u2019acte tamb\u00e9 han assistit altres representants institucionals com la Pilar Amate, Consellera insular de Promoci\u00f3 Econ\u00f2mica i Desenvolupament local; Joan Simonet, Conseller d\u2019Agricultura, Pesca i Medi Natural; Fernando Fern\u00e1ndez, director general d\u2019Agricultura, Ramaderia i Desenvolupament Rural; \u00c1lvaro Roca, director insular de Promoci\u00f3 Econ\u00f2mica i Producte de Mallorca; Alfredo J. Arias, director insular de Comer\u00e7; Guadalupe Ferrer, regidora d&#8217;Economia, Comer\u00e7, Aut\u00f2noms, Sanitat, Consum, Mercats i Fires de l\u2019Ajuntament de Palma.<\/p>\n<p>A m\u00e9s del tast dels OOVE de qualitat ofert pels elaboradors de la D.O Oli de Mallorca, els visitants de la Nit de l\u2019Oli tamb\u00e9 han tingut la oportunitat de gaudir del tast de productes de qualitat de les Illes Balears gr\u00e0cies a la col\u00b7laboraci\u00f3 de la D.O Binissalem, D.O.P Oliva de Mallorca, D.O Pla i Llevant, D.O Queso Mah\u00f3n Menorca, les I.G.P Ametla de Mallorca, I.G.P Sobrassada de Mallorca i I.G.P Vi de la Terra de Mallorca aix\u00ed com Pa d\u2019Aqu\u00ed.<\/p>\n<p>La Nit de l\u2019Oli ha estat possible gr\u00e0cies al suport de la Conselleria d\u2019Agricultura, Pesca i Medi Natural, Ministerio de Agricultura, Pesca y Alimentaci\u00f3n i Fons Europeu Agr\u00edcola de Desenvolupament Rural.<\/p>\n","protected":false},"excerpt":{"rendered":"<p>Des de l\u2019obertura de portes, ha sigut nombrosa la quantitat de persones interessades en endinsar-se en&hellip;<\/p>\n","protected":false},"author":1,"featured_media":87480,"comment_status":"open","ping_status":"closed","sticky":false,"template":"","format":"gallery","meta":{"_acf_changed":false,"_swt_meta_header_display":false,"_swt_meta_footer_display":false,"_swt_meta_site_title_display":false,"_swt_meta_sticky_header":false,"_swt_meta_transparent_header":false,"footnotes":""},"categories":[1050,1485],"tags":[],"coauthors":[2053],"class_list":["post-87488","post","type-post","status-publish","format-gallery","has-post-thumbnail","hentry","category-actualitat-es-de","category-cursos-i-tallers-de","post_format-post-format-gallery"],"acf":{"gallery":null,"home_date":{"home_begin_date":null,"home_end_date":null}},"yoast_head":"<!-- This site is optimized with the Yoast SEO plugin v27.4 - https:\/\/yoast.com\/product\/yoast-seo-wordpress\/ -->\n<title>Gran \u00e8xit de la Nit de l&#039;Oli a l&#039;Aljub d&#039;Es Baluard - Gastron\u00f2micament<\/title>\n<meta name=\"description\" content=\"Gran \u00e8xit de la Nit de l&#039;Oli a l&#039;Aljub d&#039;Es Baluard Actualitat, Cursos i tallers Des de l\u2019obertura de portes, ha sigut nombrosa la quantitat de persones interessades en endinsar-se en l\u2019apassionant m\u00f3n de l\u2019Oli d\u2019Oliva Verge Extra les que han passat per l\u2019Aljub\" \/>\n<meta name=\"robots\" content=\"index, follow, max-snippet:-1, max-image-preview:large, max-video-preview:-1\" \/>\n<link rel=\"canonical\" href=\"https:\/\/gastronomicament.cat\/de\/gran-exit-de-la-nit-de-loli-a-laljub-des-baluard\" \/>\n<meta property=\"og:locale\" content=\"de_DE\" \/>\n<meta property=\"og:type\" content=\"article\" \/>\n<meta property=\"og:title\" content=\"Gran \u00e8xit de la Nit de l&#039;Oli a l&#039;Aljub d&#039;Es Baluard - Gastron\u00f2micament\" \/>\n<meta property=\"og:description\" content=\"Gran \u00e8xit de la Nit de l&#039;Oli a l&#039;Aljub d&#039;Es Baluard Actualitat, Cursos i tallers Des de l\u2019obertura de portes, ha sigut nombrosa la quantitat de persones interessades en endinsar-se en l\u2019apassionant m\u00f3n de l\u2019Oli d\u2019Oliva Verge Extra les que han passat per l\u2019Aljub\" \/>\n<meta property=\"og:url\" content=\"https:\/\/gastronomicament.cat\/de\/gran-exit-de-la-nit-de-loli-a-laljub-des-baluard\" \/>\n<meta property=\"og:site_name\" content=\"Gastron\u00f2micament\" \/>\n<meta property=\"article:published_time\" content=\"2024-02-26T09:25:38+00:00\" \/>\n<meta property=\"og:image\" content=\"https:\/\/gastronomicament.cat\/wp-content\/uploads\/2024\/02\/Nit-de-lOli-2024-2.gif\" \/>\n\t<meta property=\"og:image:width\" content=\"1200\" \/>\n\t<meta property=\"og:image:height\" content=\"900\" \/>\n\t<meta property=\"og:image:type\" content=\"image\/gif\" \/>\n<meta name=\"author\" content=\"Redacci\u00f3\" \/>\n<meta name=\"twitter:card\" content=\"summary_large_image\" \/>\n<meta name=\"twitter:creator\" content=\"@gastronomicamen\" \/>\n<meta name=\"twitter:site\" content=\"@gastronomicamen\" \/>\n<meta name=\"twitter:label1\" content=\"Verfasst von\" \/>\n\t<meta name=\"twitter:data1\" content=\"Redacci\u00f3\" \/>\n\t<meta name=\"twitter:label2\" content=\"Gesch\u00e4tzte Lesezeit\" \/>\n\t<meta name=\"twitter:data2\" content=\"3\u00a0Minuten\" \/>\n\t<meta name=\"twitter:label3\" content=\"Written by\" \/>\n\t<meta name=\"twitter:data3\" content=\"Redacci\u00f3\" \/>\n<script type=\"application\/ld+json\" class=\"yoast-schema-graph\">{\"@context\":\"https:\\\/\\\/schema.org\",\"@graph\":[{\"@type\":\"Article\",\"@id\":\"https:\\\/\\\/gastronomicament.cat\\\/de\\\/gran-exit-de-la-nit-de-loli-a-laljub-des-baluard#article\",\"isPartOf\":{\"@id\":\"https:\\\/\\\/gastronomicament.cat\\\/de\\\/gran-exit-de-la-nit-de-loli-a-laljub-des-baluard\"},\"author\":{\"name\":\"Redacci\u00f3\",\"@id\":\"https:\\\/\\\/gastronomicament.cat\\\/de\\\/#\\\/schema\\\/person\\\/a7c85c537a1ed62799a5b8e0f686a37f\"},\"headline\":\"Gran \u00e8xit de la Nit de l&#8217;Oli a l&#8217;Aljub d&#8217;Es Baluard\",\"datePublished\":\"2024-02-26T09:25:38+00:00\",\"mainEntityOfPage\":{\"@id\":\"https:\\\/\\\/gastronomicament.cat\\\/de\\\/gran-exit-de-la-nit-de-loli-a-laljub-des-baluard\"},\"wordCount\":446,\"commentCount\":0,\"publisher\":{\"@id\":\"https:\\\/\\\/gastronomicament.cat\\\/de\\\/#organization\"},\"image\":{\"@id\":\"https:\\\/\\\/gastronomicament.cat\\\/de\\\/gran-exit-de-la-nit-de-loli-a-laljub-des-baluard#primaryimage\"},\"thumbnailUrl\":\"https:\\\/\\\/gastronomicament.cat\\\/wp-content\\\/uploads\\\/2024\\\/02\\\/Nit-de-lOli-2024-2.gif\",\"articleSection\":[\"Actualitat\",\"Cursos i tallers\"],\"inLanguage\":\"de\",\"potentialAction\":[{\"@type\":\"CommentAction\",\"name\":\"Comment\",\"target\":[\"https:\\\/\\\/gastronomicament.cat\\\/de\\\/gran-exit-de-la-nit-de-loli-a-laljub-des-baluard#respond\"]}]},{\"@type\":\"WebPage\",\"@id\":\"https:\\\/\\\/gastronomicament.cat\\\/de\\\/gran-exit-de-la-nit-de-loli-a-laljub-des-baluard\",\"url\":\"https:\\\/\\\/gastronomicament.cat\\\/de\\\/gran-exit-de-la-nit-de-loli-a-laljub-des-baluard\",\"name\":\"Gran \u00e8xit de la Nit de l'Oli a l'Aljub d'Es Baluard - Gastron\u00f2micament\",\"isPartOf\":{\"@id\":\"https:\\\/\\\/gastronomicament.cat\\\/de\\\/#website\"},\"primaryImageOfPage\":{\"@id\":\"https:\\\/\\\/gastronomicament.cat\\\/de\\\/gran-exit-de-la-nit-de-loli-a-laljub-des-baluard#primaryimage\"},\"image\":{\"@id\":\"https:\\\/\\\/gastronomicament.cat\\\/de\\\/gran-exit-de-la-nit-de-loli-a-laljub-des-baluard#primaryimage\"},\"thumbnailUrl\":\"https:\\\/\\\/gastronomicament.cat\\\/wp-content\\\/uploads\\\/2024\\\/02\\\/Nit-de-lOli-2024-2.gif\",\"datePublished\":\"2024-02-26T09:25:38+00:00\",\"description\":\"Gran \u00e8xit de la Nit de l'Oli a l'Aljub d'Es Baluard Actualitat, Cursos i tallers Des de l\u2019obertura de portes, ha sigut nombrosa la quantitat de persones interessades en endinsar-se en l\u2019apassionant m\u00f3n de l\u2019Oli d\u2019Oliva Verge Extra les que han passat per l\u2019Aljub\",\"inLanguage\":\"de\",\"potentialAction\":[{\"@type\":\"ReadAction\",\"target\":[\"https:\\\/\\\/gastronomicament.cat\\\/de\\\/gran-exit-de-la-nit-de-loli-a-laljub-des-baluard\"]}]},{\"@type\":\"ImageObject\",\"inLanguage\":\"de\",\"@id\":\"https:\\\/\\\/gastronomicament.cat\\\/de\\\/gran-exit-de-la-nit-de-loli-a-laljub-des-baluard#primaryimage\",\"url\":\"https:\\\/\\\/gastronomicament.cat\\\/wp-content\\\/uploads\\\/2024\\\/02\\\/Nit-de-lOli-2024-2.gif\",\"contentUrl\":\"https:\\\/\\\/gastronomicament.cat\\\/wp-content\\\/uploads\\\/2024\\\/02\\\/Nit-de-lOli-2024-2.gif\",\"width\":1200,\"height\":900},{\"@type\":\"WebSite\",\"@id\":\"https:\\\/\\\/gastronomicament.cat\\\/de\\\/#website\",\"url\":\"https:\\\/\\\/gastronomicament.cat\\\/de\\\/\",\"name\":\"Gastron\u00f2micament\",\"description\":\"Portal de restaurants, receptes i actualitat gastron\u00f2mica\",\"publisher\":{\"@id\":\"https:\\\/\\\/gastronomicament.cat\\\/de\\\/#organization\"},\"potentialAction\":[{\"@type\":\"SearchAction\",\"target\":{\"@type\":\"EntryPoint\",\"urlTemplate\":\"https:\\\/\\\/gastronomicament.cat\\\/de\\\/?s={search_term_string}\"},\"query-input\":{\"@type\":\"PropertyValueSpecification\",\"valueRequired\":true,\"valueName\":\"search_term_string\"}}],\"inLanguage\":\"de\"},{\"@type\":\"Organization\",\"@id\":\"https:\\\/\\\/gastronomicament.cat\\\/de\\\/#organization\",\"name\":\"Gastron\u00f2micament\",\"url\":\"https:\\\/\\\/gastronomicament.cat\\\/de\\\/\",\"logo\":{\"@type\":\"ImageObject\",\"inLanguage\":\"de\",\"@id\":\"https:\\\/\\\/gastronomicament.cat\\\/de\\\/#\\\/schema\\\/logo\\\/image\\\/\",\"url\":\"https:\\\/\\\/gastronomicament.cat\\\/wp-content\\\/uploads\\\/2016\\\/09\\\/header-logo.jpg\",\"contentUrl\":\"https:\\\/\\\/gastronomicament.cat\\\/wp-content\\\/uploads\\\/2016\\\/09\\\/header-logo.jpg\",\"width\":277,\"height\":39,\"caption\":\"Gastron\u00f2micament\"},\"image\":{\"@id\":\"https:\\\/\\\/gastronomicament.cat\\\/de\\\/#\\\/schema\\\/logo\\\/image\\\/\"},\"sameAs\":[\"https:\\\/\\\/x.com\\\/gastronomicamen\"]},{\"@type\":\"Person\",\"@id\":\"https:\\\/\\\/gastronomicament.cat\\\/de\\\/#\\\/schema\\\/person\\\/a7c85c537a1ed62799a5b8e0f686a37f\",\"name\":\"Redacci\u00f3\",\"image\":{\"@type\":\"ImageObject\",\"inLanguage\":\"de\",\"@id\":\"https:\\\/\\\/secure.gravatar.com\\\/avatar\\\/9489a485c464fd611d33825daae651d13db70c4e74c65c94937a15a9d4c3ee14?s=96&d=mm&r=g69fea3cce3645dfa2166e7293e22955e\",\"url\":\"https:\\\/\\\/secure.gravatar.com\\\/avatar\\\/9489a485c464fd611d33825daae651d13db70c4e74c65c94937a15a9d4c3ee14?s=96&d=mm&r=g\",\"contentUrl\":\"https:\\\/\\\/secure.gravatar.com\\\/avatar\\\/9489a485c464fd611d33825daae651d13db70c4e74c65c94937a15a9d4c3ee14?s=96&d=mm&r=g\",\"caption\":\"Redacci\u00f3\"},\"sameAs\":[\"http:\\\/\\\/gastronomicament.cat\"],\"url\":\"https:\\\/\\\/gastronomicament.cat\\\/de\\\/author\\\/admin\"}]}<\/script>\n<!-- \/ Yoast SEO plugin. -->","yoast_head_json":{"title":"Gran \u00e8xit de la Nit de l'Oli a l'Aljub d'Es Baluard - Gastron\u00f2micament","description":"Gran \u00e8xit de la Nit de l'Oli a l'Aljub d'Es Baluard Actualitat, Cursos i tallers Des de l\u2019obertura de portes, ha sigut nombrosa la quantitat de persones interessades en endinsar-se en l\u2019apassionant m\u00f3n de l\u2019Oli d\u2019Oliva Verge Extra les que han passat per l\u2019Aljub","robots":{"index":"index","follow":"follow","max-snippet":"max-snippet:-1","max-image-preview":"max-image-preview:large","max-video-preview":"max-video-preview:-1"},"canonical":"https:\/\/gastronomicament.cat\/de\/gran-exit-de-la-nit-de-loli-a-laljub-des-baluard","og_locale":"de_DE","og_type":"article","og_title":"Gran \u00e8xit de la Nit de l'Oli a l'Aljub d'Es Baluard - Gastron\u00f2micament","og_description":"Gran \u00e8xit de la Nit de l'Oli a l'Aljub d'Es Baluard Actualitat, Cursos i tallers Des de l\u2019obertura de portes, ha sigut nombrosa la quantitat de persones interessades en endinsar-se en l\u2019apassionant m\u00f3n de l\u2019Oli d\u2019Oliva Verge Extra les que han passat per l\u2019Aljub","og_url":"https:\/\/gastronomicament.cat\/de\/gran-exit-de-la-nit-de-loli-a-laljub-des-baluard","og_site_name":"Gastron\u00f2micament","article_published_time":"2024-02-26T09:25:38+00:00","og_image":[{"width":1200,"height":900,"url":"https:\/\/gastronomicament.cat\/wp-content\/uploads\/2024\/02\/Nit-de-lOli-2024-2.gif","type":"image\/gif"}],"author":"Redacci\u00f3","twitter_card":"summary_large_image","twitter_creator":"@gastronomicamen","twitter_site":"@gastronomicamen","twitter_misc":{"Verfasst von":"Redacci\u00f3","Gesch\u00e4tzte Lesezeit":"3\u00a0Minuten","Written by":"Redacci\u00f3"},"schema":{"@context":"https:\/\/schema.org","@graph":[{"@type":"Article","@id":"https:\/\/gastronomicament.cat\/de\/gran-exit-de-la-nit-de-loli-a-laljub-des-baluard#article","isPartOf":{"@id":"https:\/\/gastronomicament.cat\/de\/gran-exit-de-la-nit-de-loli-a-laljub-des-baluard"},"author":{"name":"Redacci\u00f3","@id":"https:\/\/gastronomicament.cat\/de\/#\/schema\/person\/a7c85c537a1ed62799a5b8e0f686a37f"},"headline":"Gran \u00e8xit de la Nit de l&#8217;Oli a l&#8217;Aljub d&#8217;Es Baluard","datePublished":"2024-02-26T09:25:38+00:00","mainEntityOfPage":{"@id":"https:\/\/gastronomicament.cat\/de\/gran-exit-de-la-nit-de-loli-a-laljub-des-baluard"},"wordCount":446,"commentCount":0,"publisher":{"@id":"https:\/\/gastronomicament.cat\/de\/#organization"},"image":{"@id":"https:\/\/gastronomicament.cat\/de\/gran-exit-de-la-nit-de-loli-a-laljub-des-baluard#primaryimage"},"thumbnailUrl":"https:\/\/gastronomicament.cat\/wp-content\/uploads\/2024\/02\/Nit-de-lOli-2024-2.gif","articleSection":["Actualitat","Cursos i tallers"],"inLanguage":"de","potentialAction":[{"@type":"CommentAction","name":"Comment","target":["https:\/\/gastronomicament.cat\/de\/gran-exit-de-la-nit-de-loli-a-laljub-des-baluard#respond"]}]},{"@type":"WebPage","@id":"https:\/\/gastronomicament.cat\/de\/gran-exit-de-la-nit-de-loli-a-laljub-des-baluard","url":"https:\/\/gastronomicament.cat\/de\/gran-exit-de-la-nit-de-loli-a-laljub-des-baluard","name":"Gran \u00e8xit de la Nit de l'Oli a l'Aljub d'Es Baluard - Gastron\u00f2micament","isPartOf":{"@id":"https:\/\/gastronomicament.cat\/de\/#website"},"primaryImageOfPage":{"@id":"https:\/\/gastronomicament.cat\/de\/gran-exit-de-la-nit-de-loli-a-laljub-des-baluard#primaryimage"},"image":{"@id":"https:\/\/gastronomicament.cat\/de\/gran-exit-de-la-nit-de-loli-a-laljub-des-baluard#primaryimage"},"thumbnailUrl":"https:\/\/gastronomicament.cat\/wp-content\/uploads\/2024\/02\/Nit-de-lOli-2024-2.gif","datePublished":"2024-02-26T09:25:38+00:00","description":"Gran \u00e8xit de la Nit de l'Oli a l'Aljub d'Es Baluard Actualitat, Cursos i tallers Des de l\u2019obertura de portes, ha sigut nombrosa la quantitat de persones interessades en endinsar-se en l\u2019apassionant m\u00f3n de l\u2019Oli d\u2019Oliva Verge Extra les que han passat per l\u2019Aljub","inLanguage":"de","potentialAction":[{"@type":"ReadAction","target":["https:\/\/gastronomicament.cat\/de\/gran-exit-de-la-nit-de-loli-a-laljub-des-baluard"]}]},{"@type":"ImageObject","inLanguage":"de","@id":"https:\/\/gastronomicament.cat\/de\/gran-exit-de-la-nit-de-loli-a-laljub-des-baluard#primaryimage","url":"https:\/\/gastronomicament.cat\/wp-content\/uploads\/2024\/02\/Nit-de-lOli-2024-2.gif","contentUrl":"https:\/\/gastronomicament.cat\/wp-content\/uploads\/2024\/02\/Nit-de-lOli-2024-2.gif","width":1200,"height":900},{"@type":"WebSite","@id":"https:\/\/gastronomicament.cat\/de\/#website","url":"https:\/\/gastronomicament.cat\/de\/","name":"Gastron\u00f2micament","description":"Portal de restaurants, receptes i actualitat gastron\u00f2mica","publisher":{"@id":"https:\/\/gastronomicament.cat\/de\/#organization"},"potentialAction":[{"@type":"SearchAction","target":{"@type":"EntryPoint","urlTemplate":"https:\/\/gastronomicament.cat\/de\/?s={search_term_string}"},"query-input":{"@type":"PropertyValueSpecification","valueRequired":true,"valueName":"search_term_string"}}],"inLanguage":"de"},{"@type":"Organization","@id":"https:\/\/gastronomicament.cat\/de\/#organization","name":"Gastron\u00f2micament","url":"https:\/\/gastronomicament.cat\/de\/","logo":{"@type":"ImageObject","inLanguage":"de","@id":"https:\/\/gastronomicament.cat\/de\/#\/schema\/logo\/image\/","url":"https:\/\/gastronomicament.cat\/wp-content\/uploads\/2016\/09\/header-logo.jpg","contentUrl":"https:\/\/gastronomicament.cat\/wp-content\/uploads\/2016\/09\/header-logo.jpg","width":277,"height":39,"caption":"Gastron\u00f2micament"},"image":{"@id":"https:\/\/gastronomicament.cat\/de\/#\/schema\/logo\/image\/"},"sameAs":["https:\/\/x.com\/gastronomicamen"]},{"@type":"Person","@id":"https:\/\/gastronomicament.cat\/de\/#\/schema\/person\/a7c85c537a1ed62799a5b8e0f686a37f","name":"Redacci\u00f3","image":{"@type":"ImageObject","inLanguage":"de","@id":"https:\/\/secure.gravatar.com\/avatar\/9489a485c464fd611d33825daae651d13db70c4e74c65c94937a15a9d4c3ee14?s=96&d=mm&r=g69fea3cce3645dfa2166e7293e22955e","url":"https:\/\/secure.gravatar.com\/avatar\/9489a485c464fd611d33825daae651d13db70c4e74c65c94937a15a9d4c3ee14?s=96&d=mm&r=g","contentUrl":"https:\/\/secure.gravatar.com\/avatar\/9489a485c464fd611d33825daae651d13db70c4e74c65c94937a15a9d4c3ee14?s=96&d=mm&r=g","caption":"Redacci\u00f3"},"sameAs":["http:\/\/gastronomicament.cat"],"url":"https:\/\/gastronomicament.cat\/de\/author\/admin"}]}},"_links":{"self":[{"href":"https:\/\/gastronomicament.cat\/de\/wp-json\/wp\/v2\/posts\/87488","targetHints":{"allow":["GET"]}}],"collection":[{"href":"https:\/\/gastronomicament.cat\/de\/wp-json\/wp\/v2\/posts"}],"about":[{"href":"https:\/\/gastronomicament.cat\/de\/wp-json\/wp\/v2\/types\/post"}],"author":[{"embeddable":true,"href":"https:\/\/gastronomicament.cat\/de\/wp-json\/wp\/v2\/users\/1"}],"replies":[{"embeddable":true,"href":"https:\/\/gastronomicament.cat\/de\/wp-json\/wp\/v2\/comments?post=87488"}],"version-history":[{"count":0,"href":"https:\/\/gastronomicament.cat\/de\/wp-json\/wp\/v2\/posts\/87488\/revisions"}],"wp:featuredmedia":[{"embeddable":true,"href":"https:\/\/gastronomicament.cat\/de\/wp-json\/wp\/v2\/media\/87480"}],"wp:attachment":[{"href":"https:\/\/gastronomicament.cat\/de\/wp-json\/wp\/v2\/media?parent=87488"}],"wp:term":[{"taxonomy":"category","embeddable":true,"href":"https:\/\/gastronomicament.cat\/de\/wp-json\/wp\/v2\/categories?post=87488"},{"taxonomy":"post_tag","embeddable":true,"href":"https:\/\/gastronomicament.cat\/de\/wp-json\/wp\/v2\/tags?post=87488"},{"taxonomy":"author","embeddable":true,"href":"https:\/\/gastronomicament.cat\/de\/wp-json\/wp\/v2\/coauthors?post=87488"}],"curies":[{"name":"wp","href":"https:\/\/api.w.org\/{rel}","templated":true}]}}