{"id":87726,"date":"2024-03-11T11:08:51","date_gmt":"2024-03-11T10:08:51","guid":{"rendered":"https:\/\/gastronomicament.cat\/les-dones-del-mon-del-vi-celebren-el-seu-dia-al-celler-tianna-negre"},"modified":"2024-03-11T11:08:51","modified_gmt":"2024-03-11T10:08:51","slug":"les-dones-del-mon-del-vi-celebren-el-seu-dia-al-celler-tianna-negre","status":"publish","type":"post","link":"https:\/\/gastronomicament.cat\/de\/les-dones-del-mon-del-vi-celebren-el-seu-dia-al-celler-tianna-negre","title":{"rendered":"Les dones del m\u00f3n del vi celebren el seu dia al celler Tianna Negre"},"content":{"rendered":"<p>En el marc del Dia Internacional de la Dona, la iindicaci\u00f3 geogr\u00e0fica protegida (IGP) Vi de la Terra Mallorca ha celebrat aquesta data el 8 de mar\u00e7 amb un berenar-col\u00b7loqui amb l\u2019objectiu que empres\u00e0ries, viticultores, en\u00f2logues, enginyeres, sommeliers i comercials del m\u00f3n del vi tenguessin l\u2019oportunitat d\u2019intercanviar experi\u00e8ncies sobre el seu quefer, en el dia a dia.<\/p>\n<p>En aquesta segona edici\u00f3 de la trobada han estat convidades:\u00a0<strong>Pilar Just<\/strong>, presidenta de la denominaci\u00f3 d&#8217;origen Montsant i directora del seu celler, Cellers Sant Rafel, i Merc\u00e8 Ramos, copropiet\u00e0ria del celler La Placeta d\u2019Els Guiamets, d\u2019aquesta mateixa denominaci\u00f3 d\u2019origen, i experta en promoci\u00f3, estrat\u00e8gia i m\u00e0rqueting.<\/p>\n<p>En el decurs del debat, ha quedat palesa la <strong>necessitat de trobar m\u00e9s dones disposades a assumir tasques de responsabilitat en els cellers i en les finques on es cultiva la vinya<\/strong>, com tamb\u00e9 en el negoci de la distribuci\u00f3 i la comercialitzaci\u00f3 i en el canal horeca. \u00c9s important, s\u2019ha concl\u00f2s, imprimir un estil de feina col\u00b7laboratiu on objectius clars i consens siguin els pilars on es fonamenti la feina de la denominaci\u00f3 d\u2019origen, i de la IGP.<\/p>\n<p>S\u2019ha deixat const\u00e0ncia, tamb\u00e9, que les dones arriben al sector amb la formaci\u00f3 necess\u00e0ria per assumir qualsevol de les responsabilitats que estan lligades al negoci del vi per\u00f2 que seria necessari millorar les condicions de treball que permetessin conciliar la vida laboral amb la familiar i facilitar aix\u00ed l\u2019assumpci\u00f3 de tasques de m\u00e9s pes. Aix\u00ed mateix s\u2019ha parlat de la\u00a0<strong>necessitat d\u2019engrescar les dones joves en el m\u00f3n del vi\u00a0<\/strong>per assegurar el\u00a0<strong>recanvi generacional\u00a0<\/strong>en el futur, tamb\u00e9 en els llocs de direcci\u00f3 i gesti\u00f3, aix\u00ed com de propietat de la terra i el negoci.<\/p>\n<p>En altres temes, s\u2019ha destacat la import\u00e0ncia de la promoci\u00f3 de la marca IGP Mallorca, com element estrat\u00e8gic per posicionar el vi en el mercat i s\u2019ha refermat el lligam amb la DO Montsant, l\u2019organitzaci\u00f3 en la qual se mira la IGP Mallorca per fer cam\u00ed.<\/p>\n<p>Durant la trobada s\u2019ha pogut tastar una mostra dels vins dels cellers de la IGP Vi de la Terra Mallorca i tamb\u00e9 els que han aportat les convidades: La Placeta Blanc i Solpost Origen, de Cellers Sant Rafel, tots dos de la DO Montsant.<\/p>\n<p>Seguidament s\u2019ha fet una visita a Ribas de Consell, on la copropiet\u00e0ria, <strong>Araceli Servera<\/strong>, ha explicat les caracter\u00edstiques d\u2019aquest celler centenari familiar.<\/p>\n","protected":false},"excerpt":{"rendered":"<p>La indicaci\u00f3 geogr\u00e0fica Vi de la Terra Mallorca reivindica l\u2019aportaci\u00f3 que fan al sector des de&hellip;<\/p>\n","protected":false},"author":1,"featured_media":87722,"comment_status":"open","ping_status":"closed","sticky":false,"template":"","format":"standard","meta":{"_acf_changed":false,"_swt_meta_header_display":false,"_swt_meta_footer_display":false,"_swt_meta_site_title_display":false,"_swt_meta_sticky_header":false,"_swt_meta_transparent_header":false,"footnotes":""},"categories":[1050,1485],"tags":[],"coauthors":[2053],"class_list":["post-87726","post","type-post","status-publish","format-standard","has-post-thumbnail","hentry","category-actualitat-es-de","category-cursos-i-tallers-de"],"acf":{"gallery":null,"home_date":{"home_begin_date":null,"home_end_date":null}},"yoast_head":"<!-- This site is optimized with the Yoast SEO plugin v27.4 - https:\/\/yoast.com\/product\/yoast-seo-wordpress\/ -->\n<title>Les dones del m\u00f3n del vi celebren el seu dia al celler Tianna Negre - Gastron\u00f2micament<\/title>\n<meta name=\"description\" content=\"Les dones del m\u00f3n del vi celebren el seu dia al celler Tianna Negre Actualitat, Cursos i tallers La indicaci\u00f3 geogr\u00e0fica Vi de la Terra Mallorca reivindica l\u2019aportaci\u00f3 que fan al sector des de tots els \u00e0mbits de la producci\u00f3\" \/>\n<meta name=\"robots\" content=\"index, follow, max-snippet:-1, max-image-preview:large, max-video-preview:-1\" \/>\n<link rel=\"canonical\" href=\"https:\/\/gastronomicament.cat\/de\/les-dones-del-mon-del-vi-celebren-el-seu-dia-al-celler-tianna-negre\" \/>\n<meta property=\"og:locale\" content=\"de_DE\" \/>\n<meta property=\"og:type\" content=\"article\" \/>\n<meta property=\"og:title\" content=\"Les dones del m\u00f3n del vi celebren el seu dia al celler Tianna Negre - Gastron\u00f2micament\" \/>\n<meta property=\"og:description\" content=\"Les dones del m\u00f3n del vi celebren el seu dia al celler Tianna Negre Actualitat, Cursos i tallers La indicaci\u00f3 geogr\u00e0fica Vi de la Terra Mallorca reivindica l\u2019aportaci\u00f3 que fan al sector des de tots els \u00e0mbits de la producci\u00f3\" \/>\n<meta property=\"og:url\" content=\"https:\/\/gastronomicament.cat\/de\/les-dones-del-mon-del-vi-celebren-el-seu-dia-al-celler-tianna-negre\" \/>\n<meta property=\"og:site_name\" content=\"Gastron\u00f2micament\" \/>\n<meta property=\"article:published_time\" content=\"2024-03-11T10:08:51+00:00\" \/>\n<meta property=\"og:image\" content=\"https:\/\/gastronomicament.cat\/wp-content\/uploads\/2024\/03\/DIA_DE_LA-DONA_2024_VI-DE-LA-TERRA-MALLORCA.jpeg\" \/>\n\t<meta property=\"og:image:width\" content=\"1599\" \/>\n\t<meta property=\"og:image:height\" content=\"1200\" \/>\n\t<meta property=\"og:image:type\" content=\"image\/jpeg\" \/>\n<meta name=\"author\" content=\"Redacci\u00f3\" \/>\n<meta name=\"twitter:card\" content=\"summary_large_image\" \/>\n<meta name=\"twitter:creator\" content=\"@gastronomicamen\" \/>\n<meta name=\"twitter:site\" content=\"@gastronomicamen\" \/>\n<meta name=\"twitter:label1\" content=\"Verfasst von\" \/>\n\t<meta name=\"twitter:data1\" content=\"Redacci\u00f3\" \/>\n\t<meta name=\"twitter:label2\" content=\"Gesch\u00e4tzte Lesezeit\" \/>\n\t<meta name=\"twitter:data2\" content=\"3\u00a0Minuten\" \/>\n\t<meta name=\"twitter:label3\" content=\"Written by\" \/>\n\t<meta name=\"twitter:data3\" content=\"Redacci\u00f3\" \/>\n<script type=\"application\/ld+json\" class=\"yoast-schema-graph\">{\"@context\":\"https:\\\/\\\/schema.org\",\"@graph\":[{\"@type\":\"Article\",\"@id\":\"https:\\\/\\\/gastronomicament.cat\\\/de\\\/les-dones-del-mon-del-vi-celebren-el-seu-dia-al-celler-tianna-negre#article\",\"isPartOf\":{\"@id\":\"https:\\\/\\\/gastronomicament.cat\\\/de\\\/les-dones-del-mon-del-vi-celebren-el-seu-dia-al-celler-tianna-negre\"},\"author\":{\"name\":\"Redacci\u00f3\",\"@id\":\"https:\\\/\\\/gastronomicament.cat\\\/de\\\/#\\\/schema\\\/person\\\/a7c85c537a1ed62799a5b8e0f686a37f\"},\"headline\":\"Les dones del m\u00f3n del vi celebren el seu dia al celler Tianna Negre\",\"datePublished\":\"2024-03-11T10:08:51+00:00\",\"mainEntityOfPage\":{\"@id\":\"https:\\\/\\\/gastronomicament.cat\\\/de\\\/les-dones-del-mon-del-vi-celebren-el-seu-dia-al-celler-tianna-negre\"},\"wordCount\":443,\"commentCount\":0,\"publisher\":{\"@id\":\"https:\\\/\\\/gastronomicament.cat\\\/de\\\/#organization\"},\"image\":{\"@id\":\"https:\\\/\\\/gastronomicament.cat\\\/de\\\/les-dones-del-mon-del-vi-celebren-el-seu-dia-al-celler-tianna-negre#primaryimage\"},\"thumbnailUrl\":\"https:\\\/\\\/gastronomicament.cat\\\/wp-content\\\/uploads\\\/2024\\\/03\\\/DIA_DE_LA-DONA_2024_VI-DE-LA-TERRA-MALLORCA.jpeg\",\"articleSection\":[\"Actualitat\",\"Cursos i tallers\"],\"inLanguage\":\"de\",\"potentialAction\":[{\"@type\":\"CommentAction\",\"name\":\"Comment\",\"target\":[\"https:\\\/\\\/gastronomicament.cat\\\/de\\\/les-dones-del-mon-del-vi-celebren-el-seu-dia-al-celler-tianna-negre#respond\"]}]},{\"@type\":\"WebPage\",\"@id\":\"https:\\\/\\\/gastronomicament.cat\\\/de\\\/les-dones-del-mon-del-vi-celebren-el-seu-dia-al-celler-tianna-negre\",\"url\":\"https:\\\/\\\/gastronomicament.cat\\\/de\\\/les-dones-del-mon-del-vi-celebren-el-seu-dia-al-celler-tianna-negre\",\"name\":\"Les dones del m\u00f3n del vi celebren el seu dia al celler Tianna Negre - Gastron\u00f2micament\",\"isPartOf\":{\"@id\":\"https:\\\/\\\/gastronomicament.cat\\\/de\\\/#website\"},\"primaryImageOfPage\":{\"@id\":\"https:\\\/\\\/gastronomicament.cat\\\/de\\\/les-dones-del-mon-del-vi-celebren-el-seu-dia-al-celler-tianna-negre#primaryimage\"},\"image\":{\"@id\":\"https:\\\/\\\/gastronomicament.cat\\\/de\\\/les-dones-del-mon-del-vi-celebren-el-seu-dia-al-celler-tianna-negre#primaryimage\"},\"thumbnailUrl\":\"https:\\\/\\\/gastronomicament.cat\\\/wp-content\\\/uploads\\\/2024\\\/03\\\/DIA_DE_LA-DONA_2024_VI-DE-LA-TERRA-MALLORCA.jpeg\",\"datePublished\":\"2024-03-11T10:08:51+00:00\",\"description\":\"Les dones del m\u00f3n del vi celebren el seu dia al celler Tianna Negre Actualitat, Cursos i tallers La indicaci\u00f3 geogr\u00e0fica Vi de la Terra Mallorca reivindica l\u2019aportaci\u00f3 que fan al sector des de tots els \u00e0mbits de la producci\u00f3\",\"inLanguage\":\"de\",\"potentialAction\":[{\"@type\":\"ReadAction\",\"target\":[\"https:\\\/\\\/gastronomicament.cat\\\/de\\\/les-dones-del-mon-del-vi-celebren-el-seu-dia-al-celler-tianna-negre\"]}]},{\"@type\":\"ImageObject\",\"inLanguage\":\"de\",\"@id\":\"https:\\\/\\\/gastronomicament.cat\\\/de\\\/les-dones-del-mon-del-vi-celebren-el-seu-dia-al-celler-tianna-negre#primaryimage\",\"url\":\"https:\\\/\\\/gastronomicament.cat\\\/wp-content\\\/uploads\\\/2024\\\/03\\\/DIA_DE_LA-DONA_2024_VI-DE-LA-TERRA-MALLORCA.jpeg\",\"contentUrl\":\"https:\\\/\\\/gastronomicament.cat\\\/wp-content\\\/uploads\\\/2024\\\/03\\\/DIA_DE_LA-DONA_2024_VI-DE-LA-TERRA-MALLORCA.jpeg\",\"width\":1599,\"height\":1200},{\"@type\":\"WebSite\",\"@id\":\"https:\\\/\\\/gastronomicament.cat\\\/de\\\/#website\",\"url\":\"https:\\\/\\\/gastronomicament.cat\\\/de\\\/\",\"name\":\"Gastron\u00f2micament\",\"description\":\"Portal de restaurants, receptes i actualitat gastron\u00f2mica\",\"publisher\":{\"@id\":\"https:\\\/\\\/gastronomicament.cat\\\/de\\\/#organization\"},\"potentialAction\":[{\"@type\":\"SearchAction\",\"target\":{\"@type\":\"EntryPoint\",\"urlTemplate\":\"https:\\\/\\\/gastronomicament.cat\\\/de\\\/?s={search_term_string}\"},\"query-input\":{\"@type\":\"PropertyValueSpecification\",\"valueRequired\":true,\"valueName\":\"search_term_string\"}}],\"inLanguage\":\"de\"},{\"@type\":\"Organization\",\"@id\":\"https:\\\/\\\/gastronomicament.cat\\\/de\\\/#organization\",\"name\":\"Gastron\u00f2micament\",\"url\":\"https:\\\/\\\/gastronomicament.cat\\\/de\\\/\",\"logo\":{\"@type\":\"ImageObject\",\"inLanguage\":\"de\",\"@id\":\"https:\\\/\\\/gastronomicament.cat\\\/de\\\/#\\\/schema\\\/logo\\\/image\\\/\",\"url\":\"https:\\\/\\\/gastronomicament.cat\\\/wp-content\\\/uploads\\\/2016\\\/09\\\/header-logo.jpg\",\"contentUrl\":\"https:\\\/\\\/gastronomicament.cat\\\/wp-content\\\/uploads\\\/2016\\\/09\\\/header-logo.jpg\",\"width\":277,\"height\":39,\"caption\":\"Gastron\u00f2micament\"},\"image\":{\"@id\":\"https:\\\/\\\/gastronomicament.cat\\\/de\\\/#\\\/schema\\\/logo\\\/image\\\/\"},\"sameAs\":[\"https:\\\/\\\/x.com\\\/gastronomicamen\"]},{\"@type\":\"Person\",\"@id\":\"https:\\\/\\\/gastronomicament.cat\\\/de\\\/#\\\/schema\\\/person\\\/a7c85c537a1ed62799a5b8e0f686a37f\",\"name\":\"Redacci\u00f3\",\"image\":{\"@type\":\"ImageObject\",\"inLanguage\":\"de\",\"@id\":\"https:\\\/\\\/secure.gravatar.com\\\/avatar\\\/9489a485c464fd611d33825daae651d13db70c4e74c65c94937a15a9d4c3ee14?s=96&d=mm&r=g69fea3cce3645dfa2166e7293e22955e\",\"url\":\"https:\\\/\\\/secure.gravatar.com\\\/avatar\\\/9489a485c464fd611d33825daae651d13db70c4e74c65c94937a15a9d4c3ee14?s=96&d=mm&r=g\",\"contentUrl\":\"https:\\\/\\\/secure.gravatar.com\\\/avatar\\\/9489a485c464fd611d33825daae651d13db70c4e74c65c94937a15a9d4c3ee14?s=96&d=mm&r=g\",\"caption\":\"Redacci\u00f3\"},\"sameAs\":[\"http:\\\/\\\/gastronomicament.cat\"],\"url\":\"https:\\\/\\\/gastronomicament.cat\\\/de\\\/author\\\/admin\"}]}<\/script>\n<!-- \/ Yoast SEO plugin. -->","yoast_head_json":{"title":"Les dones del m\u00f3n del vi celebren el seu dia al celler Tianna Negre - Gastron\u00f2micament","description":"Les dones del m\u00f3n del vi celebren el seu dia al celler Tianna Negre Actualitat, Cursos i tallers La indicaci\u00f3 geogr\u00e0fica Vi de la Terra Mallorca reivindica l\u2019aportaci\u00f3 que fan al sector des de tots els \u00e0mbits de la producci\u00f3","robots":{"index":"index","follow":"follow","max-snippet":"max-snippet:-1","max-image-preview":"max-image-preview:large","max-video-preview":"max-video-preview:-1"},"canonical":"https:\/\/gastronomicament.cat\/de\/les-dones-del-mon-del-vi-celebren-el-seu-dia-al-celler-tianna-negre","og_locale":"de_DE","og_type":"article","og_title":"Les dones del m\u00f3n del vi celebren el seu dia al celler Tianna Negre - Gastron\u00f2micament","og_description":"Les dones del m\u00f3n del vi celebren el seu dia al celler Tianna Negre Actualitat, Cursos i tallers La indicaci\u00f3 geogr\u00e0fica Vi de la Terra Mallorca reivindica l\u2019aportaci\u00f3 que fan al sector des de tots els \u00e0mbits de la producci\u00f3","og_url":"https:\/\/gastronomicament.cat\/de\/les-dones-del-mon-del-vi-celebren-el-seu-dia-al-celler-tianna-negre","og_site_name":"Gastron\u00f2micament","article_published_time":"2024-03-11T10:08:51+00:00","og_image":[{"width":1599,"height":1200,"url":"https:\/\/gastronomicament.cat\/wp-content\/uploads\/2024\/03\/DIA_DE_LA-DONA_2024_VI-DE-LA-TERRA-MALLORCA.jpeg","type":"image\/jpeg"}],"author":"Redacci\u00f3","twitter_card":"summary_large_image","twitter_creator":"@gastronomicamen","twitter_site":"@gastronomicamen","twitter_misc":{"Verfasst von":"Redacci\u00f3","Gesch\u00e4tzte Lesezeit":"3\u00a0Minuten","Written by":"Redacci\u00f3"},"schema":{"@context":"https:\/\/schema.org","@graph":[{"@type":"Article","@id":"https:\/\/gastronomicament.cat\/de\/les-dones-del-mon-del-vi-celebren-el-seu-dia-al-celler-tianna-negre#article","isPartOf":{"@id":"https:\/\/gastronomicament.cat\/de\/les-dones-del-mon-del-vi-celebren-el-seu-dia-al-celler-tianna-negre"},"author":{"name":"Redacci\u00f3","@id":"https:\/\/gastronomicament.cat\/de\/#\/schema\/person\/a7c85c537a1ed62799a5b8e0f686a37f"},"headline":"Les dones del m\u00f3n del vi celebren el seu dia al celler Tianna Negre","datePublished":"2024-03-11T10:08:51+00:00","mainEntityOfPage":{"@id":"https:\/\/gastronomicament.cat\/de\/les-dones-del-mon-del-vi-celebren-el-seu-dia-al-celler-tianna-negre"},"wordCount":443,"commentCount":0,"publisher":{"@id":"https:\/\/gastronomicament.cat\/de\/#organization"},"image":{"@id":"https:\/\/gastronomicament.cat\/de\/les-dones-del-mon-del-vi-celebren-el-seu-dia-al-celler-tianna-negre#primaryimage"},"thumbnailUrl":"https:\/\/gastronomicament.cat\/wp-content\/uploads\/2024\/03\/DIA_DE_LA-DONA_2024_VI-DE-LA-TERRA-MALLORCA.jpeg","articleSection":["Actualitat","Cursos i tallers"],"inLanguage":"de","potentialAction":[{"@type":"CommentAction","name":"Comment","target":["https:\/\/gastronomicament.cat\/de\/les-dones-del-mon-del-vi-celebren-el-seu-dia-al-celler-tianna-negre#respond"]}]},{"@type":"WebPage","@id":"https:\/\/gastronomicament.cat\/de\/les-dones-del-mon-del-vi-celebren-el-seu-dia-al-celler-tianna-negre","url":"https:\/\/gastronomicament.cat\/de\/les-dones-del-mon-del-vi-celebren-el-seu-dia-al-celler-tianna-negre","name":"Les dones del m\u00f3n del vi celebren el seu dia al celler Tianna Negre - Gastron\u00f2micament","isPartOf":{"@id":"https:\/\/gastronomicament.cat\/de\/#website"},"primaryImageOfPage":{"@id":"https:\/\/gastronomicament.cat\/de\/les-dones-del-mon-del-vi-celebren-el-seu-dia-al-celler-tianna-negre#primaryimage"},"image":{"@id":"https:\/\/gastronomicament.cat\/de\/les-dones-del-mon-del-vi-celebren-el-seu-dia-al-celler-tianna-negre#primaryimage"},"thumbnailUrl":"https:\/\/gastronomicament.cat\/wp-content\/uploads\/2024\/03\/DIA_DE_LA-DONA_2024_VI-DE-LA-TERRA-MALLORCA.jpeg","datePublished":"2024-03-11T10:08:51+00:00","description":"Les dones del m\u00f3n del vi celebren el seu dia al celler Tianna Negre Actualitat, Cursos i tallers La indicaci\u00f3 geogr\u00e0fica Vi de la Terra Mallorca reivindica l\u2019aportaci\u00f3 que fan al sector des de tots els \u00e0mbits de la producci\u00f3","inLanguage":"de","potentialAction":[{"@type":"ReadAction","target":["https:\/\/gastronomicament.cat\/de\/les-dones-del-mon-del-vi-celebren-el-seu-dia-al-celler-tianna-negre"]}]},{"@type":"ImageObject","inLanguage":"de","@id":"https:\/\/gastronomicament.cat\/de\/les-dones-del-mon-del-vi-celebren-el-seu-dia-al-celler-tianna-negre#primaryimage","url":"https:\/\/gastronomicament.cat\/wp-content\/uploads\/2024\/03\/DIA_DE_LA-DONA_2024_VI-DE-LA-TERRA-MALLORCA.jpeg","contentUrl":"https:\/\/gastronomicament.cat\/wp-content\/uploads\/2024\/03\/DIA_DE_LA-DONA_2024_VI-DE-LA-TERRA-MALLORCA.jpeg","width":1599,"height":1200},{"@type":"WebSite","@id":"https:\/\/gastronomicament.cat\/de\/#website","url":"https:\/\/gastronomicament.cat\/de\/","name":"Gastron\u00f2micament","description":"Portal de restaurants, receptes i actualitat gastron\u00f2mica","publisher":{"@id":"https:\/\/gastronomicament.cat\/de\/#organization"},"potentialAction":[{"@type":"SearchAction","target":{"@type":"EntryPoint","urlTemplate":"https:\/\/gastronomicament.cat\/de\/?s={search_term_string}"},"query-input":{"@type":"PropertyValueSpecification","valueRequired":true,"valueName":"search_term_string"}}],"inLanguage":"de"},{"@type":"Organization","@id":"https:\/\/gastronomicament.cat\/de\/#organization","name":"Gastron\u00f2micament","url":"https:\/\/gastronomicament.cat\/de\/","logo":{"@type":"ImageObject","inLanguage":"de","@id":"https:\/\/gastronomicament.cat\/de\/#\/schema\/logo\/image\/","url":"https:\/\/gastronomicament.cat\/wp-content\/uploads\/2016\/09\/header-logo.jpg","contentUrl":"https:\/\/gastronomicament.cat\/wp-content\/uploads\/2016\/09\/header-logo.jpg","width":277,"height":39,"caption":"Gastron\u00f2micament"},"image":{"@id":"https:\/\/gastronomicament.cat\/de\/#\/schema\/logo\/image\/"},"sameAs":["https:\/\/x.com\/gastronomicamen"]},{"@type":"Person","@id":"https:\/\/gastronomicament.cat\/de\/#\/schema\/person\/a7c85c537a1ed62799a5b8e0f686a37f","name":"Redacci\u00f3","image":{"@type":"ImageObject","inLanguage":"de","@id":"https:\/\/secure.gravatar.com\/avatar\/9489a485c464fd611d33825daae651d13db70c4e74c65c94937a15a9d4c3ee14?s=96&d=mm&r=g69fea3cce3645dfa2166e7293e22955e","url":"https:\/\/secure.gravatar.com\/avatar\/9489a485c464fd611d33825daae651d13db70c4e74c65c94937a15a9d4c3ee14?s=96&d=mm&r=g","contentUrl":"https:\/\/secure.gravatar.com\/avatar\/9489a485c464fd611d33825daae651d13db70c4e74c65c94937a15a9d4c3ee14?s=96&d=mm&r=g","caption":"Redacci\u00f3"},"sameAs":["http:\/\/gastronomicament.cat"],"url":"https:\/\/gastronomicament.cat\/de\/author\/admin"}]}},"_links":{"self":[{"href":"https:\/\/gastronomicament.cat\/de\/wp-json\/wp\/v2\/posts\/87726","targetHints":{"allow":["GET"]}}],"collection":[{"href":"https:\/\/gastronomicament.cat\/de\/wp-json\/wp\/v2\/posts"}],"about":[{"href":"https:\/\/gastronomicament.cat\/de\/wp-json\/wp\/v2\/types\/post"}],"author":[{"embeddable":true,"href":"https:\/\/gastronomicament.cat\/de\/wp-json\/wp\/v2\/users\/1"}],"replies":[{"embeddable":true,"href":"https:\/\/gastronomicament.cat\/de\/wp-json\/wp\/v2\/comments?post=87726"}],"version-history":[{"count":0,"href":"https:\/\/gastronomicament.cat\/de\/wp-json\/wp\/v2\/posts\/87726\/revisions"}],"wp:featuredmedia":[{"embeddable":true,"href":"https:\/\/gastronomicament.cat\/de\/wp-json\/wp\/v2\/media\/87722"}],"wp:attachment":[{"href":"https:\/\/gastronomicament.cat\/de\/wp-json\/wp\/v2\/media?parent=87726"}],"wp:term":[{"taxonomy":"category","embeddable":true,"href":"https:\/\/gastronomicament.cat\/de\/wp-json\/wp\/v2\/categories?post=87726"},{"taxonomy":"post_tag","embeddable":true,"href":"https:\/\/gastronomicament.cat\/de\/wp-json\/wp\/v2\/tags?post=87726"},{"taxonomy":"author","embeddable":true,"href":"https:\/\/gastronomicament.cat\/de\/wp-json\/wp\/v2\/coauthors?post=87726"}],"curies":[{"name":"wp","href":"https:\/\/api.w.org\/{rel}","templated":true}]}}