{"id":88285,"date":"2024-04-16T11:24:22","date_gmt":"2024-04-16T09:24:22","guid":{"rendered":"https:\/\/gastronomicament.cat\/lobra-de-josep-pla-protagonitza-el-maridatge-literari-dels-vins-pla-i-llevant"},"modified":"2024-04-16T11:24:22","modified_gmt":"2024-04-16T09:24:22","slug":"lobra-de-josep-pla-protagonitza-el-maridatge-literari-dels-vins-pla-i-llevant","status":"publish","type":"post","link":"https:\/\/gastronomicament.cat\/de\/lobra-de-josep-pla-protagonitza-el-maridatge-literari-dels-vins-pla-i-llevant","title":{"rendered":"L&#8217;obra de Josep Pla protagonitza el maridatge literari dels vins Pla i Llevant"},"content":{"rendered":"<p>Arriba la tercera edici\u00f3 del cicle\u00a0<strong>La cuina de famosos escriptors maridada amb els vins dels cellers Pla i Llevant<\/strong>\u00a0al restaurant Cuit, de l&#8217;hotel Nakar de Palma.<\/p>\n<p>En aquest nou\u00a0<strong>maridatge<\/strong>, que tendr\u00e0 lloc el\u00a0<strong>dijous<\/strong>,\u00a0<strong>25 d&#8217;abril\u00a0<\/strong>de 2024, a les 20 hores, el cuiner\u00a0<strong>Miquel Calent<\/strong>\u00a0i la denominaci\u00f3\u00a0d&#8217;origen Pla i Llevant fusionaran el\u00a0<strong>llibre\u00a0<em>El que hem menjat<\/em><\/strong>, de l&#8217;escriptor\u00a0<strong>Josep Pla<\/strong>, amb els vins del\u00a0<strong>celler Pere Seda\u00a0<\/strong>(Manacor).<\/p>\n<p>El men\u00fa del maridatge literari ser\u00e0 el seg\u00fcent:<\/p>\n<ul>\n<li>Poma farcida, maridada amb Gvivm Blanc de blancs 2023<\/li>\n<li>Arr\u00f2s a la cassola, maridat amb Arxiduc Rosat 2023<\/li>\n<li>Suquet de peix maridat amb Es Secret d&#8217;en Perico blanc 2021<\/li>\n<li>Carn d\u2019olla, maridada amb Moss\u00e8n Alcover 2020<\/li>\n<li>Carquinyol, maridat amb Catalina Mart\u00ed blanc 2022<\/li>\n<\/ul>\n<p>El preu del sopar amb el maridatge incl\u00f2s \u00e9s de 55 euros.<\/p>\n<p>Les\u00a0<strong>reserves\u00a0<\/strong>es poden fer a l&#8217;adre\u00e7a electr\u00f2nica cancalent [arrova] cancalent [punt] com o al tel\u00e8fon +34 871 51 00 46.<\/p>\n","protected":false},"excerpt":{"rendered":"<p>La cita tendr\u00e0 lloc a Palma, al restaurant Cuit, del xef Miquel Calent<\/p>\n","protected":false},"author":1,"featured_media":88281,"comment_status":"open","ping_status":"closed","sticky":false,"template":"","format":"standard","meta":{"_acf_changed":false,"_swt_meta_header_display":false,"_swt_meta_footer_display":false,"_swt_meta_site_title_display":false,"_swt_meta_sticky_header":false,"_swt_meta_transparent_header":false,"footnotes":""},"categories":[1050,1485],"tags":[],"coauthors":[2053],"class_list":["post-88285","post","type-post","status-publish","format-standard","has-post-thumbnail","hentry","category-actualitat-es-de","category-cursos-i-tallers-de"],"acf":{"gallery":null,"home_date":{"home_begin_date":null,"home_end_date":null}},"yoast_head":"<!-- This site is optimized with the Yoast SEO plugin v27.4 - https:\/\/yoast.com\/product\/yoast-seo-wordpress\/ -->\n<title>L&#039;obra de Josep Pla protagonitza el maridatge literari dels vins Pla i Llevant - Gastron\u00f2micament<\/title>\n<meta name=\"description\" content=\"L&#039;obra de Josep Pla protagonitza el maridatge literari dels vins Pla i Llevant Actualitat, Cursos i tallers La cita tendr\u00e0 lloc a Palma, al restaurant Cuit, del xef Miquel Calent\" \/>\n<meta name=\"robots\" content=\"index, follow, max-snippet:-1, max-image-preview:large, max-video-preview:-1\" \/>\n<link rel=\"canonical\" href=\"https:\/\/gastronomicament.cat\/de\/lobra-de-josep-pla-protagonitza-el-maridatge-literari-dels-vins-pla-i-llevant\" \/>\n<meta property=\"og:locale\" content=\"de_DE\" \/>\n<meta property=\"og:type\" content=\"article\" \/>\n<meta property=\"og:title\" content=\"L&#039;obra de Josep Pla protagonitza el maridatge literari dels vins Pla i Llevant - Gastron\u00f2micament\" \/>\n<meta property=\"og:description\" content=\"L&#039;obra de Josep Pla protagonitza el maridatge literari dels vins Pla i Llevant Actualitat, Cursos i tallers La cita tendr\u00e0 lloc a Palma, al restaurant Cuit, del xef Miquel Calent\" \/>\n<meta property=\"og:url\" content=\"https:\/\/gastronomicament.cat\/de\/lobra-de-josep-pla-protagonitza-el-maridatge-literari-dels-vins-pla-i-llevant\" \/>\n<meta property=\"og:site_name\" content=\"Gastron\u00f2micament\" \/>\n<meta property=\"article:published_time\" content=\"2024-04-16T09:24:22+00:00\" \/>\n<meta property=\"og:image\" content=\"https:\/\/gastronomicament.cat\/wp-content\/uploads\/2024\/04\/Maridatges-literaris-Pla-i-Llevant.jpg\" \/>\n\t<meta property=\"og:image:width\" content=\"1279\" \/>\n\t<meta property=\"og:image:height\" content=\"763\" \/>\n\t<meta property=\"og:image:type\" content=\"image\/jpeg\" \/>\n<meta name=\"author\" content=\"Redacci\u00f3\" \/>\n<meta name=\"twitter:card\" content=\"summary_large_image\" \/>\n<meta name=\"twitter:creator\" content=\"@gastronomicamen\" \/>\n<meta name=\"twitter:site\" content=\"@gastronomicamen\" \/>\n<meta name=\"twitter:label1\" content=\"Verfasst von\" \/>\n\t<meta name=\"twitter:data1\" content=\"Redacci\u00f3\" \/>\n\t<meta name=\"twitter:label2\" content=\"Gesch\u00e4tzte Lesezeit\" \/>\n\t<meta name=\"twitter:data2\" content=\"2\u00a0Minuten\" \/>\n\t<meta name=\"twitter:label3\" content=\"Written by\" \/>\n\t<meta name=\"twitter:data3\" content=\"Redacci\u00f3\" \/>\n<script type=\"application\/ld+json\" class=\"yoast-schema-graph\">{\"@context\":\"https:\\\/\\\/schema.org\",\"@graph\":[{\"@type\":\"Article\",\"@id\":\"https:\\\/\\\/gastronomicament.cat\\\/de\\\/lobra-de-josep-pla-protagonitza-el-maridatge-literari-dels-vins-pla-i-llevant#article\",\"isPartOf\":{\"@id\":\"https:\\\/\\\/gastronomicament.cat\\\/de\\\/lobra-de-josep-pla-protagonitza-el-maridatge-literari-dels-vins-pla-i-llevant\"},\"author\":{\"name\":\"Redacci\u00f3\",\"@id\":\"https:\\\/\\\/gastronomicament.cat\\\/de\\\/#\\\/schema\\\/person\\\/a7c85c537a1ed62799a5b8e0f686a37f\"},\"headline\":\"L&#8217;obra de Josep Pla protagonitza el maridatge literari dels vins Pla i Llevant\",\"datePublished\":\"2024-04-16T09:24:22+00:00\",\"mainEntityOfPage\":{\"@id\":\"https:\\\/\\\/gastronomicament.cat\\\/de\\\/lobra-de-josep-pla-protagonitza-el-maridatge-literari-dels-vins-pla-i-llevant\"},\"wordCount\":166,\"commentCount\":0,\"publisher\":{\"@id\":\"https:\\\/\\\/gastronomicament.cat\\\/de\\\/#organization\"},\"image\":{\"@id\":\"https:\\\/\\\/gastronomicament.cat\\\/de\\\/lobra-de-josep-pla-protagonitza-el-maridatge-literari-dels-vins-pla-i-llevant#primaryimage\"},\"thumbnailUrl\":\"https:\\\/\\\/gastronomicament.cat\\\/wp-content\\\/uploads\\\/2024\\\/04\\\/Maridatges-literaris-Pla-i-Llevant.jpg\",\"articleSection\":[\"Actualitat\",\"Cursos i tallers\"],\"inLanguage\":\"de\",\"potentialAction\":[{\"@type\":\"CommentAction\",\"name\":\"Comment\",\"target\":[\"https:\\\/\\\/gastronomicament.cat\\\/de\\\/lobra-de-josep-pla-protagonitza-el-maridatge-literari-dels-vins-pla-i-llevant#respond\"]}]},{\"@type\":\"WebPage\",\"@id\":\"https:\\\/\\\/gastronomicament.cat\\\/de\\\/lobra-de-josep-pla-protagonitza-el-maridatge-literari-dels-vins-pla-i-llevant\",\"url\":\"https:\\\/\\\/gastronomicament.cat\\\/de\\\/lobra-de-josep-pla-protagonitza-el-maridatge-literari-dels-vins-pla-i-llevant\",\"name\":\"L'obra de Josep Pla protagonitza el maridatge literari dels vins Pla i Llevant - Gastron\u00f2micament\",\"isPartOf\":{\"@id\":\"https:\\\/\\\/gastronomicament.cat\\\/de\\\/#website\"},\"primaryImageOfPage\":{\"@id\":\"https:\\\/\\\/gastronomicament.cat\\\/de\\\/lobra-de-josep-pla-protagonitza-el-maridatge-literari-dels-vins-pla-i-llevant#primaryimage\"},\"image\":{\"@id\":\"https:\\\/\\\/gastronomicament.cat\\\/de\\\/lobra-de-josep-pla-protagonitza-el-maridatge-literari-dels-vins-pla-i-llevant#primaryimage\"},\"thumbnailUrl\":\"https:\\\/\\\/gastronomicament.cat\\\/wp-content\\\/uploads\\\/2024\\\/04\\\/Maridatges-literaris-Pla-i-Llevant.jpg\",\"datePublished\":\"2024-04-16T09:24:22+00:00\",\"description\":\"L'obra de Josep Pla protagonitza el maridatge literari dels vins Pla i Llevant Actualitat, Cursos i tallers La cita tendr\u00e0 lloc a Palma, al restaurant Cuit, del xef Miquel Calent\",\"inLanguage\":\"de\",\"potentialAction\":[{\"@type\":\"ReadAction\",\"target\":[\"https:\\\/\\\/gastronomicament.cat\\\/de\\\/lobra-de-josep-pla-protagonitza-el-maridatge-literari-dels-vins-pla-i-llevant\"]}]},{\"@type\":\"ImageObject\",\"inLanguage\":\"de\",\"@id\":\"https:\\\/\\\/gastronomicament.cat\\\/de\\\/lobra-de-josep-pla-protagonitza-el-maridatge-literari-dels-vins-pla-i-llevant#primaryimage\",\"url\":\"https:\\\/\\\/gastronomicament.cat\\\/wp-content\\\/uploads\\\/2024\\\/04\\\/Maridatges-literaris-Pla-i-Llevant.jpg\",\"contentUrl\":\"https:\\\/\\\/gastronomicament.cat\\\/wp-content\\\/uploads\\\/2024\\\/04\\\/Maridatges-literaris-Pla-i-Llevant.jpg\",\"width\":1279,\"height\":763},{\"@type\":\"WebSite\",\"@id\":\"https:\\\/\\\/gastronomicament.cat\\\/de\\\/#website\",\"url\":\"https:\\\/\\\/gastronomicament.cat\\\/de\\\/\",\"name\":\"Gastron\u00f2micament\",\"description\":\"Portal de restaurants, receptes i actualitat gastron\u00f2mica\",\"publisher\":{\"@id\":\"https:\\\/\\\/gastronomicament.cat\\\/de\\\/#organization\"},\"potentialAction\":[{\"@type\":\"SearchAction\",\"target\":{\"@type\":\"EntryPoint\",\"urlTemplate\":\"https:\\\/\\\/gastronomicament.cat\\\/de\\\/?s={search_term_string}\"},\"query-input\":{\"@type\":\"PropertyValueSpecification\",\"valueRequired\":true,\"valueName\":\"search_term_string\"}}],\"inLanguage\":\"de\"},{\"@type\":\"Organization\",\"@id\":\"https:\\\/\\\/gastronomicament.cat\\\/de\\\/#organization\",\"name\":\"Gastron\u00f2micament\",\"url\":\"https:\\\/\\\/gastronomicament.cat\\\/de\\\/\",\"logo\":{\"@type\":\"ImageObject\",\"inLanguage\":\"de\",\"@id\":\"https:\\\/\\\/gastronomicament.cat\\\/de\\\/#\\\/schema\\\/logo\\\/image\\\/\",\"url\":\"https:\\\/\\\/gastronomicament.cat\\\/wp-content\\\/uploads\\\/2016\\\/09\\\/header-logo.jpg\",\"contentUrl\":\"https:\\\/\\\/gastronomicament.cat\\\/wp-content\\\/uploads\\\/2016\\\/09\\\/header-logo.jpg\",\"width\":277,\"height\":39,\"caption\":\"Gastron\u00f2micament\"},\"image\":{\"@id\":\"https:\\\/\\\/gastronomicament.cat\\\/de\\\/#\\\/schema\\\/logo\\\/image\\\/\"},\"sameAs\":[\"https:\\\/\\\/x.com\\\/gastronomicamen\"]},{\"@type\":\"Person\",\"@id\":\"https:\\\/\\\/gastronomicament.cat\\\/de\\\/#\\\/schema\\\/person\\\/a7c85c537a1ed62799a5b8e0f686a37f\",\"name\":\"Redacci\u00f3\",\"image\":{\"@type\":\"ImageObject\",\"inLanguage\":\"de\",\"@id\":\"https:\\\/\\\/secure.gravatar.com\\\/avatar\\\/9489a485c464fd611d33825daae651d13db70c4e74c65c94937a15a9d4c3ee14?s=96&d=mm&r=g69fea3cce3645dfa2166e7293e22955e\",\"url\":\"https:\\\/\\\/secure.gravatar.com\\\/avatar\\\/9489a485c464fd611d33825daae651d13db70c4e74c65c94937a15a9d4c3ee14?s=96&d=mm&r=g\",\"contentUrl\":\"https:\\\/\\\/secure.gravatar.com\\\/avatar\\\/9489a485c464fd611d33825daae651d13db70c4e74c65c94937a15a9d4c3ee14?s=96&d=mm&r=g\",\"caption\":\"Redacci\u00f3\"},\"sameAs\":[\"http:\\\/\\\/gastronomicament.cat\"],\"url\":\"https:\\\/\\\/gastronomicament.cat\\\/de\\\/author\\\/admin\"}]}<\/script>\n<!-- \/ Yoast SEO plugin. -->","yoast_head_json":{"title":"L'obra de Josep Pla protagonitza el maridatge literari dels vins Pla i Llevant - Gastron\u00f2micament","description":"L'obra de Josep Pla protagonitza el maridatge literari dels vins Pla i Llevant Actualitat, Cursos i tallers La cita tendr\u00e0 lloc a Palma, al restaurant Cuit, del xef Miquel Calent","robots":{"index":"index","follow":"follow","max-snippet":"max-snippet:-1","max-image-preview":"max-image-preview:large","max-video-preview":"max-video-preview:-1"},"canonical":"https:\/\/gastronomicament.cat\/de\/lobra-de-josep-pla-protagonitza-el-maridatge-literari-dels-vins-pla-i-llevant","og_locale":"de_DE","og_type":"article","og_title":"L'obra de Josep Pla protagonitza el maridatge literari dels vins Pla i Llevant - Gastron\u00f2micament","og_description":"L'obra de Josep Pla protagonitza el maridatge literari dels vins Pla i Llevant Actualitat, Cursos i tallers La cita tendr\u00e0 lloc a Palma, al restaurant Cuit, del xef Miquel Calent","og_url":"https:\/\/gastronomicament.cat\/de\/lobra-de-josep-pla-protagonitza-el-maridatge-literari-dels-vins-pla-i-llevant","og_site_name":"Gastron\u00f2micament","article_published_time":"2024-04-16T09:24:22+00:00","og_image":[{"width":1279,"height":763,"url":"https:\/\/gastronomicament.cat\/wp-content\/uploads\/2024\/04\/Maridatges-literaris-Pla-i-Llevant.jpg","type":"image\/jpeg"}],"author":"Redacci\u00f3","twitter_card":"summary_large_image","twitter_creator":"@gastronomicamen","twitter_site":"@gastronomicamen","twitter_misc":{"Verfasst von":"Redacci\u00f3","Gesch\u00e4tzte Lesezeit":"2\u00a0Minuten","Written by":"Redacci\u00f3"},"schema":{"@context":"https:\/\/schema.org","@graph":[{"@type":"Article","@id":"https:\/\/gastronomicament.cat\/de\/lobra-de-josep-pla-protagonitza-el-maridatge-literari-dels-vins-pla-i-llevant#article","isPartOf":{"@id":"https:\/\/gastronomicament.cat\/de\/lobra-de-josep-pla-protagonitza-el-maridatge-literari-dels-vins-pla-i-llevant"},"author":{"name":"Redacci\u00f3","@id":"https:\/\/gastronomicament.cat\/de\/#\/schema\/person\/a7c85c537a1ed62799a5b8e0f686a37f"},"headline":"L&#8217;obra de Josep Pla protagonitza el maridatge literari dels vins Pla i Llevant","datePublished":"2024-04-16T09:24:22+00:00","mainEntityOfPage":{"@id":"https:\/\/gastronomicament.cat\/de\/lobra-de-josep-pla-protagonitza-el-maridatge-literari-dels-vins-pla-i-llevant"},"wordCount":166,"commentCount":0,"publisher":{"@id":"https:\/\/gastronomicament.cat\/de\/#organization"},"image":{"@id":"https:\/\/gastronomicament.cat\/de\/lobra-de-josep-pla-protagonitza-el-maridatge-literari-dels-vins-pla-i-llevant#primaryimage"},"thumbnailUrl":"https:\/\/gastronomicament.cat\/wp-content\/uploads\/2024\/04\/Maridatges-literaris-Pla-i-Llevant.jpg","articleSection":["Actualitat","Cursos i tallers"],"inLanguage":"de","potentialAction":[{"@type":"CommentAction","name":"Comment","target":["https:\/\/gastronomicament.cat\/de\/lobra-de-josep-pla-protagonitza-el-maridatge-literari-dels-vins-pla-i-llevant#respond"]}]},{"@type":"WebPage","@id":"https:\/\/gastronomicament.cat\/de\/lobra-de-josep-pla-protagonitza-el-maridatge-literari-dels-vins-pla-i-llevant","url":"https:\/\/gastronomicament.cat\/de\/lobra-de-josep-pla-protagonitza-el-maridatge-literari-dels-vins-pla-i-llevant","name":"L'obra de Josep Pla protagonitza el maridatge literari dels vins Pla i Llevant - Gastron\u00f2micament","isPartOf":{"@id":"https:\/\/gastronomicament.cat\/de\/#website"},"primaryImageOfPage":{"@id":"https:\/\/gastronomicament.cat\/de\/lobra-de-josep-pla-protagonitza-el-maridatge-literari-dels-vins-pla-i-llevant#primaryimage"},"image":{"@id":"https:\/\/gastronomicament.cat\/de\/lobra-de-josep-pla-protagonitza-el-maridatge-literari-dels-vins-pla-i-llevant#primaryimage"},"thumbnailUrl":"https:\/\/gastronomicament.cat\/wp-content\/uploads\/2024\/04\/Maridatges-literaris-Pla-i-Llevant.jpg","datePublished":"2024-04-16T09:24:22+00:00","description":"L'obra de Josep Pla protagonitza el maridatge literari dels vins Pla i Llevant Actualitat, Cursos i tallers La cita tendr\u00e0 lloc a Palma, al restaurant Cuit, del xef Miquel Calent","inLanguage":"de","potentialAction":[{"@type":"ReadAction","target":["https:\/\/gastronomicament.cat\/de\/lobra-de-josep-pla-protagonitza-el-maridatge-literari-dels-vins-pla-i-llevant"]}]},{"@type":"ImageObject","inLanguage":"de","@id":"https:\/\/gastronomicament.cat\/de\/lobra-de-josep-pla-protagonitza-el-maridatge-literari-dels-vins-pla-i-llevant#primaryimage","url":"https:\/\/gastronomicament.cat\/wp-content\/uploads\/2024\/04\/Maridatges-literaris-Pla-i-Llevant.jpg","contentUrl":"https:\/\/gastronomicament.cat\/wp-content\/uploads\/2024\/04\/Maridatges-literaris-Pla-i-Llevant.jpg","width":1279,"height":763},{"@type":"WebSite","@id":"https:\/\/gastronomicament.cat\/de\/#website","url":"https:\/\/gastronomicament.cat\/de\/","name":"Gastron\u00f2micament","description":"Portal de restaurants, receptes i actualitat gastron\u00f2mica","publisher":{"@id":"https:\/\/gastronomicament.cat\/de\/#organization"},"potentialAction":[{"@type":"SearchAction","target":{"@type":"EntryPoint","urlTemplate":"https:\/\/gastronomicament.cat\/de\/?s={search_term_string}"},"query-input":{"@type":"PropertyValueSpecification","valueRequired":true,"valueName":"search_term_string"}}],"inLanguage":"de"},{"@type":"Organization","@id":"https:\/\/gastronomicament.cat\/de\/#organization","name":"Gastron\u00f2micament","url":"https:\/\/gastronomicament.cat\/de\/","logo":{"@type":"ImageObject","inLanguage":"de","@id":"https:\/\/gastronomicament.cat\/de\/#\/schema\/logo\/image\/","url":"https:\/\/gastronomicament.cat\/wp-content\/uploads\/2016\/09\/header-logo.jpg","contentUrl":"https:\/\/gastronomicament.cat\/wp-content\/uploads\/2016\/09\/header-logo.jpg","width":277,"height":39,"caption":"Gastron\u00f2micament"},"image":{"@id":"https:\/\/gastronomicament.cat\/de\/#\/schema\/logo\/image\/"},"sameAs":["https:\/\/x.com\/gastronomicamen"]},{"@type":"Person","@id":"https:\/\/gastronomicament.cat\/de\/#\/schema\/person\/a7c85c537a1ed62799a5b8e0f686a37f","name":"Redacci\u00f3","image":{"@type":"ImageObject","inLanguage":"de","@id":"https:\/\/secure.gravatar.com\/avatar\/9489a485c464fd611d33825daae651d13db70c4e74c65c94937a15a9d4c3ee14?s=96&d=mm&r=g69fea3cce3645dfa2166e7293e22955e","url":"https:\/\/secure.gravatar.com\/avatar\/9489a485c464fd611d33825daae651d13db70c4e74c65c94937a15a9d4c3ee14?s=96&d=mm&r=g","contentUrl":"https:\/\/secure.gravatar.com\/avatar\/9489a485c464fd611d33825daae651d13db70c4e74c65c94937a15a9d4c3ee14?s=96&d=mm&r=g","caption":"Redacci\u00f3"},"sameAs":["http:\/\/gastronomicament.cat"],"url":"https:\/\/gastronomicament.cat\/de\/author\/admin"}]}},"_links":{"self":[{"href":"https:\/\/gastronomicament.cat\/de\/wp-json\/wp\/v2\/posts\/88285","targetHints":{"allow":["GET"]}}],"collection":[{"href":"https:\/\/gastronomicament.cat\/de\/wp-json\/wp\/v2\/posts"}],"about":[{"href":"https:\/\/gastronomicament.cat\/de\/wp-json\/wp\/v2\/types\/post"}],"author":[{"embeddable":true,"href":"https:\/\/gastronomicament.cat\/de\/wp-json\/wp\/v2\/users\/1"}],"replies":[{"embeddable":true,"href":"https:\/\/gastronomicament.cat\/de\/wp-json\/wp\/v2\/comments?post=88285"}],"version-history":[{"count":0,"href":"https:\/\/gastronomicament.cat\/de\/wp-json\/wp\/v2\/posts\/88285\/revisions"}],"wp:featuredmedia":[{"embeddable":true,"href":"https:\/\/gastronomicament.cat\/de\/wp-json\/wp\/v2\/media\/88281"}],"wp:attachment":[{"href":"https:\/\/gastronomicament.cat\/de\/wp-json\/wp\/v2\/media?parent=88285"}],"wp:term":[{"taxonomy":"category","embeddable":true,"href":"https:\/\/gastronomicament.cat\/de\/wp-json\/wp\/v2\/categories?post=88285"},{"taxonomy":"post_tag","embeddable":true,"href":"https:\/\/gastronomicament.cat\/de\/wp-json\/wp\/v2\/tags?post=88285"},{"taxonomy":"author","embeddable":true,"href":"https:\/\/gastronomicament.cat\/de\/wp-json\/wp\/v2\/coauthors?post=88285"}],"curies":[{"name":"wp","href":"https:\/\/api.w.org\/{rel}","templated":true}]}}