{"id":88488,"date":"2024-05-02T08:01:36","date_gmt":"2024-05-02T06:01:36","guid":{"rendered":"https:\/\/gastronomicament.cat\/comencen-les-jornades-gastronomiques-de-peix-de-menorca"},"modified":"2024-05-02T08:01:59","modified_gmt":"2024-05-02T06:01:59","slug":"comencen-les-jornades-gastronomiques-de-peix-de-menorca","status":"publish","type":"post","link":"https:\/\/gastronomicament.cat\/de\/comencen-les-jornades-gastronomiques-de-peix-de-menorca","title":{"rendered":"Comencen les Jornades Gastron\u00f2miques de Peix de Menorca"},"content":{"rendered":"<p>L&#8217;Associaci\u00f3 Menorquina de Cafeteries, Bars i Restaurants, adherida a PIME Menorca, organitza la vuitena edici\u00f3 de les<strong>\u00a0Jornades Gastron\u00f2miques de Peix<\/strong>, en les quals el peix i el marisc s\u00f3n els ingredients protagonistes dels men\u00fas que ofereixen els restaurants.<\/p>\n<p>Aquesta cita gastron\u00f2mica tindr\u00e0 lloc durant 10 dies consecutius, <strong>del 3 al 12 de maig del 2024<\/strong>. Despr\u00e9s de la bona acollida de les edicions anteriors s&#8217;ha mantingut la iniciativa de fer les jornades tamb\u00e9 entre setmana. Amb un men\u00fa especial de migdia a base de peix i\/o marisc com a ingredients principals.<\/p>\n<p>El <strong>men\u00fa\u00a0ser\u00e0 diferent\u00a0<\/strong>a cadascun dels\u00a0<strong>catorze restaurants que hi participen<\/strong>, la qual cosa permet fer una volta gastron\u00f2mica per diferents municipis de l&#8217;illa, com ara\u00a0<strong>Ciutadella, Ferreries, es Mercadal, es Migjorn, Ma\u00f3, Sant Climent i Sant Llu\u00eds<\/strong>.<\/p>\n<p><strong>Es recomanable que en reservar taula<\/strong>\u00a0es consulti el men\u00fa de cada dia, ja que els aliments s\u00f3n frescs. Alguns dels plats que s&#8217;hi podran tastar s\u00f3n:\u00a0musclos de Menorca, past\u00eds de cap roig, t\u00e0rtar de gamba vermella menorquina, arr\u00f2s sec de moll i gambot de Menorca.<\/p>\n<p>Els establiments participants per poblacions s\u00f3n els seg\u00fcents. Consultau amb ells els men\u00fas:<\/p>\n<ul>\n<li><strong>Aquarium Port Ciutadella<\/strong>\u2013 Ciutadella. Tel\u00e8fon: 971386700. Horari: dimarts tancat. De dimecres a dilluns, de 13:00 a 15:30 i de<br \/>\n00 a 22.30 hores.<\/li>\n<li><strong>Caf\u00e8 Balear<\/strong>\u2013 Ciutadella.\u00a0Tel\u00e9fon: 971380005. Horari: Obert tot l&#8217;any d&#8217;11.00 al tancament. Horari de cuina de 13:00 a 16:00 i 20:00 a 24:00 hores<\/li>\n<li><strong>Pins46\u00a0<\/strong>&#8211; Ciutadella.\u00a0Tel\u00e8fon: 971481674. Horari: Obert tot l\u00b4any d\u00b411:00 al tancament. Horari de cuina: de 13:00 a 16:00 i de 20:00 a 24:00 hores<\/li>\n<li><strong>Cas Safr\u00e0 Gastrobar<\/strong>\u2013 Ciutadella.\u00a0Tel\u00e8fon: 971 157 463. Horari: de 13:00 a 16:00 i de 19:00 a 23:00 hores.<\/li>\n<li><strong>Mes\u00f3n R\u00edas Baixas<\/strong>\u2013 Ferreries.\u00a0Tel\u00e8fon: 971 374 558. Horari d&#8217;estiu (1 d&#8217;abril al 31 d&#8217;octubre): obert cada dia migdia i vespre.<\/li>\n<li><strong>Hostal Restaurant Jeni<\/strong>\u2013 es Mercadal. Tel\u00e8fon:\u00a0971375059<\/li>\n<li><strong>Meson Can Jaume<\/strong>&#8211; es Mercadal. Tel\u00e8fon:\u00a0971017717.<\/li>\n<li><strong>Mol\u00ed d\u2019Es Rac\u00f3<\/strong>\u2013 es Mercadal.\u00a0Tel\u00e8fon: \u00a0971375392. Horario Invierno: de 13:00 a 16:00 y de 19:00 a 23:00 h Verano: de 12:30 a 16:30 y de 19:00 a 00:30 hores.<\/li>\n<li><strong>Tast\u00a0<\/strong>\u2013 es Mercadal.\u00a0Tel\u00e8fon: 971 375 587. Horari: de 13:00h \u2013 16:00h \/ 20:00h \u2013 23:00 hores. Dilluns tancat.<\/li>\n<li><strong>Es Chic<\/strong>\u2013 es Migjorn. Tel\u00e8fon:\u00a0971199685. Whatsapp:\u00a0681133476<\/li>\n<li><strong>Restaurant Don Tom\u00e0s<\/strong>\u2013 es Migjorn.\u00a0Tel\u00e8fon: 971379512 &#8211; 687594006. Horari: 10.00 a 23.30 hores<\/li>\n<li><strong>Can Joanet<\/strong>&#8211; Ma\u00f3. Tel\u00e8fon:\u00a0\u00a0971360307. Horari: d&#8217;abril fins a final d&#8217;octubre, de 9 a 16 hi de 20 a 23 hores.<\/li>\n<li><strong>Casino Sant Climent\u00a0<\/strong>\u2013 Sant Climent.\u00a0Tel\u00e8fon: 971 853 722.<\/li>\n<li><strong>Sa Parereta d&#8217;en Doro<\/strong>&#8211; Sant Llu\u00eds. Tel\u00e8fon:\u00a0971150353<\/li>\n<\/ul>\n<p>Aquest esdeveniment culinari t\u00e9 patrocini de la Fundaci\u00f3 Foment de Turisme de Menorca i la col\u00b7laboraci\u00f3 de PIME Menorca, Menorca Regi\u00f3 Gastron\u00f2mica Europea, Foodies on Menorca i l&#8217;Associaci\u00f3 de Periodistes i Escriptors Gastron\u00f2mics de les Illes Balears.<\/p>\n","protected":false},"excerpt":{"rendered":"<p>Hi participen 14 restaurants d&#8217;arreu de l&#8217;illa, del 3 al 12 de maig<\/p>\n","protected":false},"author":1,"featured_media":88480,"comment_status":"open","ping_status":"closed","sticky":false,"template":"","format":"gallery","meta":{"_acf_changed":false,"_swt_meta_header_display":false,"_swt_meta_footer_display":false,"_swt_meta_site_title_display":false,"_swt_meta_sticky_header":false,"_swt_meta_transparent_header":false,"footnotes":""},"categories":[1050,1473],"tags":[],"coauthors":[2053],"class_list":["post-88488","post","type-post","status-publish","format-gallery","has-post-thumbnail","hentry","category-actualitat-es-de","category-fires-i-rutes-de","post_format-post-format-gallery"],"acf":{"gallery":null,"home_date":{"home_begin_date":null,"home_end_date":null}},"yoast_head":"<!-- This site is optimized with the Yoast SEO plugin v27.4 - https:\/\/yoast.com\/product\/yoast-seo-wordpress\/ -->\n<title>Comencen les Jornades Gastron\u00f2miques de Peix de Menorca - Gastron\u00f2micament<\/title>\n<meta name=\"description\" content=\"Comencen les Jornades Gastron\u00f2miques de Peix de Menorca Actualitat, Fires i rutes Hi participen 14 restaurants d&#039;arreu de l&#039;illa, del 3 al 12 de maig\" \/>\n<meta name=\"robots\" content=\"index, follow, max-snippet:-1, max-image-preview:large, max-video-preview:-1\" \/>\n<link rel=\"canonical\" href=\"https:\/\/gastronomicament.cat\/de\/comencen-les-jornades-gastronomiques-de-peix-de-menorca\" \/>\n<meta property=\"og:locale\" content=\"de_DE\" \/>\n<meta property=\"og:type\" content=\"article\" \/>\n<meta property=\"og:title\" content=\"Comencen les Jornades Gastron\u00f2miques de Peix de Menorca - Gastron\u00f2micament\" \/>\n<meta property=\"og:description\" content=\"Comencen les Jornades Gastron\u00f2miques de Peix de Menorca Actualitat, Fires i rutes Hi participen 14 restaurants d&#039;arreu de l&#039;illa, del 3 al 12 de maig\" \/>\n<meta property=\"og:url\" content=\"https:\/\/gastronomicament.cat\/de\/comencen-les-jornades-gastronomiques-de-peix-de-menorca\" \/>\n<meta property=\"og:site_name\" content=\"Gastron\u00f2micament\" \/>\n<meta property=\"article:published_time\" content=\"2024-05-02T06:01:36+00:00\" \/>\n<meta property=\"article:modified_time\" content=\"2024-05-02T06:01:59+00:00\" \/>\n<meta property=\"og:image\" content=\"https:\/\/gastronomicament.cat\/wp-content\/uploads\/2024\/05\/Cafe-Balear-Ciutadella-carpaccio-de-gambes.jpeg\" \/>\n\t<meta property=\"og:image:width\" content=\"900\" \/>\n\t<meta property=\"og:image:height\" content=\"603\" \/>\n\t<meta property=\"og:image:type\" content=\"image\/jpeg\" \/>\n<meta name=\"author\" content=\"Redacci\u00f3\" \/>\n<meta name=\"twitter:card\" content=\"summary_large_image\" \/>\n<meta name=\"twitter:creator\" content=\"@gastronomicamen\" \/>\n<meta name=\"twitter:site\" content=\"@gastronomicamen\" \/>\n<meta name=\"twitter:label1\" content=\"Verfasst von\" \/>\n\t<meta name=\"twitter:data1\" content=\"Redacci\u00f3\" \/>\n\t<meta name=\"twitter:label2\" content=\"Gesch\u00e4tzte Lesezeit\" \/>\n\t<meta name=\"twitter:data2\" content=\"3\u00a0Minuten\" \/>\n\t<meta name=\"twitter:label3\" content=\"Written by\" \/>\n\t<meta name=\"twitter:data3\" content=\"Redacci\u00f3\" \/>\n<script type=\"application\/ld+json\" class=\"yoast-schema-graph\">{\"@context\":\"https:\\\/\\\/schema.org\",\"@graph\":[{\"@type\":\"Article\",\"@id\":\"https:\\\/\\\/gastronomicament.cat\\\/de\\\/comencen-les-jornades-gastronomiques-de-peix-de-menorca#article\",\"isPartOf\":{\"@id\":\"https:\\\/\\\/gastronomicament.cat\\\/de\\\/comencen-les-jornades-gastronomiques-de-peix-de-menorca\"},\"author\":{\"name\":\"Redacci\u00f3\",\"@id\":\"https:\\\/\\\/gastronomicament.cat\\\/de\\\/#\\\/schema\\\/person\\\/a7c85c537a1ed62799a5b8e0f686a37f\"},\"headline\":\"Comencen les Jornades Gastron\u00f2miques de Peix de Menorca\",\"datePublished\":\"2024-05-02T06:01:36+00:00\",\"dateModified\":\"2024-05-02T06:01:59+00:00\",\"mainEntityOfPage\":{\"@id\":\"https:\\\/\\\/gastronomicament.cat\\\/de\\\/comencen-les-jornades-gastronomiques-de-peix-de-menorca\"},\"wordCount\":447,\"commentCount\":0,\"publisher\":{\"@id\":\"https:\\\/\\\/gastronomicament.cat\\\/de\\\/#organization\"},\"image\":{\"@id\":\"https:\\\/\\\/gastronomicament.cat\\\/de\\\/comencen-les-jornades-gastronomiques-de-peix-de-menorca#primaryimage\"},\"thumbnailUrl\":\"https:\\\/\\\/gastronomicament.cat\\\/wp-content\\\/uploads\\\/2024\\\/05\\\/Cafe-Balear-Ciutadella-carpaccio-de-gambes.jpeg\",\"articleSection\":[\"Actualitat\",\"Fires i rutes\"],\"inLanguage\":\"de\",\"potentialAction\":[{\"@type\":\"CommentAction\",\"name\":\"Comment\",\"target\":[\"https:\\\/\\\/gastronomicament.cat\\\/de\\\/comencen-les-jornades-gastronomiques-de-peix-de-menorca#respond\"]}]},{\"@type\":\"WebPage\",\"@id\":\"https:\\\/\\\/gastronomicament.cat\\\/de\\\/comencen-les-jornades-gastronomiques-de-peix-de-menorca\",\"url\":\"https:\\\/\\\/gastronomicament.cat\\\/de\\\/comencen-les-jornades-gastronomiques-de-peix-de-menorca\",\"name\":\"Comencen les Jornades Gastron\u00f2miques de Peix de Menorca - Gastron\u00f2micament\",\"isPartOf\":{\"@id\":\"https:\\\/\\\/gastronomicament.cat\\\/de\\\/#website\"},\"primaryImageOfPage\":{\"@id\":\"https:\\\/\\\/gastronomicament.cat\\\/de\\\/comencen-les-jornades-gastronomiques-de-peix-de-menorca#primaryimage\"},\"image\":{\"@id\":\"https:\\\/\\\/gastronomicament.cat\\\/de\\\/comencen-les-jornades-gastronomiques-de-peix-de-menorca#primaryimage\"},\"thumbnailUrl\":\"https:\\\/\\\/gastronomicament.cat\\\/wp-content\\\/uploads\\\/2024\\\/05\\\/Cafe-Balear-Ciutadella-carpaccio-de-gambes.jpeg\",\"datePublished\":\"2024-05-02T06:01:36+00:00\",\"dateModified\":\"2024-05-02T06:01:59+00:00\",\"description\":\"Comencen les Jornades Gastron\u00f2miques de Peix de Menorca Actualitat, Fires i rutes Hi participen 14 restaurants d'arreu de l'illa, del 3 al 12 de maig\",\"inLanguage\":\"de\",\"potentialAction\":[{\"@type\":\"ReadAction\",\"target\":[\"https:\\\/\\\/gastronomicament.cat\\\/de\\\/comencen-les-jornades-gastronomiques-de-peix-de-menorca\"]}]},{\"@type\":\"ImageObject\",\"inLanguage\":\"de\",\"@id\":\"https:\\\/\\\/gastronomicament.cat\\\/de\\\/comencen-les-jornades-gastronomiques-de-peix-de-menorca#primaryimage\",\"url\":\"https:\\\/\\\/gastronomicament.cat\\\/wp-content\\\/uploads\\\/2024\\\/05\\\/Cafe-Balear-Ciutadella-carpaccio-de-gambes.jpeg\",\"contentUrl\":\"https:\\\/\\\/gastronomicament.cat\\\/wp-content\\\/uploads\\\/2024\\\/05\\\/Cafe-Balear-Ciutadella-carpaccio-de-gambes.jpeg\",\"width\":900,\"height\":603},{\"@type\":\"WebSite\",\"@id\":\"https:\\\/\\\/gastronomicament.cat\\\/de\\\/#website\",\"url\":\"https:\\\/\\\/gastronomicament.cat\\\/de\\\/\",\"name\":\"Gastron\u00f2micament\",\"description\":\"Portal de restaurants, receptes i actualitat gastron\u00f2mica\",\"publisher\":{\"@id\":\"https:\\\/\\\/gastronomicament.cat\\\/de\\\/#organization\"},\"potentialAction\":[{\"@type\":\"SearchAction\",\"target\":{\"@type\":\"EntryPoint\",\"urlTemplate\":\"https:\\\/\\\/gastronomicament.cat\\\/de\\\/?s={search_term_string}\"},\"query-input\":{\"@type\":\"PropertyValueSpecification\",\"valueRequired\":true,\"valueName\":\"search_term_string\"}}],\"inLanguage\":\"de\"},{\"@type\":\"Organization\",\"@id\":\"https:\\\/\\\/gastronomicament.cat\\\/de\\\/#organization\",\"name\":\"Gastron\u00f2micament\",\"url\":\"https:\\\/\\\/gastronomicament.cat\\\/de\\\/\",\"logo\":{\"@type\":\"ImageObject\",\"inLanguage\":\"de\",\"@id\":\"https:\\\/\\\/gastronomicament.cat\\\/de\\\/#\\\/schema\\\/logo\\\/image\\\/\",\"url\":\"https:\\\/\\\/gastronomicament.cat\\\/wp-content\\\/uploads\\\/2016\\\/09\\\/header-logo.jpg\",\"contentUrl\":\"https:\\\/\\\/gastronomicament.cat\\\/wp-content\\\/uploads\\\/2016\\\/09\\\/header-logo.jpg\",\"width\":277,\"height\":39,\"caption\":\"Gastron\u00f2micament\"},\"image\":{\"@id\":\"https:\\\/\\\/gastronomicament.cat\\\/de\\\/#\\\/schema\\\/logo\\\/image\\\/\"},\"sameAs\":[\"https:\\\/\\\/x.com\\\/gastronomicamen\"]},{\"@type\":\"Person\",\"@id\":\"https:\\\/\\\/gastronomicament.cat\\\/de\\\/#\\\/schema\\\/person\\\/a7c85c537a1ed62799a5b8e0f686a37f\",\"name\":\"Redacci\u00f3\",\"image\":{\"@type\":\"ImageObject\",\"inLanguage\":\"de\",\"@id\":\"https:\\\/\\\/secure.gravatar.com\\\/avatar\\\/9489a485c464fd611d33825daae651d13db70c4e74c65c94937a15a9d4c3ee14?s=96&d=mm&r=g69fea3cce3645dfa2166e7293e22955e\",\"url\":\"https:\\\/\\\/secure.gravatar.com\\\/avatar\\\/9489a485c464fd611d33825daae651d13db70c4e74c65c94937a15a9d4c3ee14?s=96&d=mm&r=g\",\"contentUrl\":\"https:\\\/\\\/secure.gravatar.com\\\/avatar\\\/9489a485c464fd611d33825daae651d13db70c4e74c65c94937a15a9d4c3ee14?s=96&d=mm&r=g\",\"caption\":\"Redacci\u00f3\"},\"sameAs\":[\"http:\\\/\\\/gastronomicament.cat\"],\"url\":\"https:\\\/\\\/gastronomicament.cat\\\/de\\\/author\\\/admin\"}]}<\/script>\n<!-- \/ Yoast SEO plugin. -->","yoast_head_json":{"title":"Comencen les Jornades Gastron\u00f2miques de Peix de Menorca - Gastron\u00f2micament","description":"Comencen les Jornades Gastron\u00f2miques de Peix de Menorca Actualitat, Fires i rutes Hi participen 14 restaurants d'arreu de l'illa, del 3 al 12 de maig","robots":{"index":"index","follow":"follow","max-snippet":"max-snippet:-1","max-image-preview":"max-image-preview:large","max-video-preview":"max-video-preview:-1"},"canonical":"https:\/\/gastronomicament.cat\/de\/comencen-les-jornades-gastronomiques-de-peix-de-menorca","og_locale":"de_DE","og_type":"article","og_title":"Comencen les Jornades Gastron\u00f2miques de Peix de Menorca - Gastron\u00f2micament","og_description":"Comencen les Jornades Gastron\u00f2miques de Peix de Menorca Actualitat, Fires i rutes Hi participen 14 restaurants d'arreu de l'illa, del 3 al 12 de maig","og_url":"https:\/\/gastronomicament.cat\/de\/comencen-les-jornades-gastronomiques-de-peix-de-menorca","og_site_name":"Gastron\u00f2micament","article_published_time":"2024-05-02T06:01:36+00:00","article_modified_time":"2024-05-02T06:01:59+00:00","og_image":[{"width":900,"height":603,"url":"https:\/\/gastronomicament.cat\/wp-content\/uploads\/2024\/05\/Cafe-Balear-Ciutadella-carpaccio-de-gambes.jpeg","type":"image\/jpeg"}],"author":"Redacci\u00f3","twitter_card":"summary_large_image","twitter_creator":"@gastronomicamen","twitter_site":"@gastronomicamen","twitter_misc":{"Verfasst von":"Redacci\u00f3","Gesch\u00e4tzte Lesezeit":"3\u00a0Minuten","Written by":"Redacci\u00f3"},"schema":{"@context":"https:\/\/schema.org","@graph":[{"@type":"Article","@id":"https:\/\/gastronomicament.cat\/de\/comencen-les-jornades-gastronomiques-de-peix-de-menorca#article","isPartOf":{"@id":"https:\/\/gastronomicament.cat\/de\/comencen-les-jornades-gastronomiques-de-peix-de-menorca"},"author":{"name":"Redacci\u00f3","@id":"https:\/\/gastronomicament.cat\/de\/#\/schema\/person\/a7c85c537a1ed62799a5b8e0f686a37f"},"headline":"Comencen les Jornades Gastron\u00f2miques de Peix de Menorca","datePublished":"2024-05-02T06:01:36+00:00","dateModified":"2024-05-02T06:01:59+00:00","mainEntityOfPage":{"@id":"https:\/\/gastronomicament.cat\/de\/comencen-les-jornades-gastronomiques-de-peix-de-menorca"},"wordCount":447,"commentCount":0,"publisher":{"@id":"https:\/\/gastronomicament.cat\/de\/#organization"},"image":{"@id":"https:\/\/gastronomicament.cat\/de\/comencen-les-jornades-gastronomiques-de-peix-de-menorca#primaryimage"},"thumbnailUrl":"https:\/\/gastronomicament.cat\/wp-content\/uploads\/2024\/05\/Cafe-Balear-Ciutadella-carpaccio-de-gambes.jpeg","articleSection":["Actualitat","Fires i rutes"],"inLanguage":"de","potentialAction":[{"@type":"CommentAction","name":"Comment","target":["https:\/\/gastronomicament.cat\/de\/comencen-les-jornades-gastronomiques-de-peix-de-menorca#respond"]}]},{"@type":"WebPage","@id":"https:\/\/gastronomicament.cat\/de\/comencen-les-jornades-gastronomiques-de-peix-de-menorca","url":"https:\/\/gastronomicament.cat\/de\/comencen-les-jornades-gastronomiques-de-peix-de-menorca","name":"Comencen les Jornades Gastron\u00f2miques de Peix de Menorca - Gastron\u00f2micament","isPartOf":{"@id":"https:\/\/gastronomicament.cat\/de\/#website"},"primaryImageOfPage":{"@id":"https:\/\/gastronomicament.cat\/de\/comencen-les-jornades-gastronomiques-de-peix-de-menorca#primaryimage"},"image":{"@id":"https:\/\/gastronomicament.cat\/de\/comencen-les-jornades-gastronomiques-de-peix-de-menorca#primaryimage"},"thumbnailUrl":"https:\/\/gastronomicament.cat\/wp-content\/uploads\/2024\/05\/Cafe-Balear-Ciutadella-carpaccio-de-gambes.jpeg","datePublished":"2024-05-02T06:01:36+00:00","dateModified":"2024-05-02T06:01:59+00:00","description":"Comencen les Jornades Gastron\u00f2miques de Peix de Menorca Actualitat, Fires i rutes Hi participen 14 restaurants d'arreu de l'illa, del 3 al 12 de maig","inLanguage":"de","potentialAction":[{"@type":"ReadAction","target":["https:\/\/gastronomicament.cat\/de\/comencen-les-jornades-gastronomiques-de-peix-de-menorca"]}]},{"@type":"ImageObject","inLanguage":"de","@id":"https:\/\/gastronomicament.cat\/de\/comencen-les-jornades-gastronomiques-de-peix-de-menorca#primaryimage","url":"https:\/\/gastronomicament.cat\/wp-content\/uploads\/2024\/05\/Cafe-Balear-Ciutadella-carpaccio-de-gambes.jpeg","contentUrl":"https:\/\/gastronomicament.cat\/wp-content\/uploads\/2024\/05\/Cafe-Balear-Ciutadella-carpaccio-de-gambes.jpeg","width":900,"height":603},{"@type":"WebSite","@id":"https:\/\/gastronomicament.cat\/de\/#website","url":"https:\/\/gastronomicament.cat\/de\/","name":"Gastron\u00f2micament","description":"Portal de restaurants, receptes i actualitat gastron\u00f2mica","publisher":{"@id":"https:\/\/gastronomicament.cat\/de\/#organization"},"potentialAction":[{"@type":"SearchAction","target":{"@type":"EntryPoint","urlTemplate":"https:\/\/gastronomicament.cat\/de\/?s={search_term_string}"},"query-input":{"@type":"PropertyValueSpecification","valueRequired":true,"valueName":"search_term_string"}}],"inLanguage":"de"},{"@type":"Organization","@id":"https:\/\/gastronomicament.cat\/de\/#organization","name":"Gastron\u00f2micament","url":"https:\/\/gastronomicament.cat\/de\/","logo":{"@type":"ImageObject","inLanguage":"de","@id":"https:\/\/gastronomicament.cat\/de\/#\/schema\/logo\/image\/","url":"https:\/\/gastronomicament.cat\/wp-content\/uploads\/2016\/09\/header-logo.jpg","contentUrl":"https:\/\/gastronomicament.cat\/wp-content\/uploads\/2016\/09\/header-logo.jpg","width":277,"height":39,"caption":"Gastron\u00f2micament"},"image":{"@id":"https:\/\/gastronomicament.cat\/de\/#\/schema\/logo\/image\/"},"sameAs":["https:\/\/x.com\/gastronomicamen"]},{"@type":"Person","@id":"https:\/\/gastronomicament.cat\/de\/#\/schema\/person\/a7c85c537a1ed62799a5b8e0f686a37f","name":"Redacci\u00f3","image":{"@type":"ImageObject","inLanguage":"de","@id":"https:\/\/secure.gravatar.com\/avatar\/9489a485c464fd611d33825daae651d13db70c4e74c65c94937a15a9d4c3ee14?s=96&d=mm&r=g69fea3cce3645dfa2166e7293e22955e","url":"https:\/\/secure.gravatar.com\/avatar\/9489a485c464fd611d33825daae651d13db70c4e74c65c94937a15a9d4c3ee14?s=96&d=mm&r=g","contentUrl":"https:\/\/secure.gravatar.com\/avatar\/9489a485c464fd611d33825daae651d13db70c4e74c65c94937a15a9d4c3ee14?s=96&d=mm&r=g","caption":"Redacci\u00f3"},"sameAs":["http:\/\/gastronomicament.cat"],"url":"https:\/\/gastronomicament.cat\/de\/author\/admin"}]}},"_links":{"self":[{"href":"https:\/\/gastronomicament.cat\/de\/wp-json\/wp\/v2\/posts\/88488","targetHints":{"allow":["GET"]}}],"collection":[{"href":"https:\/\/gastronomicament.cat\/de\/wp-json\/wp\/v2\/posts"}],"about":[{"href":"https:\/\/gastronomicament.cat\/de\/wp-json\/wp\/v2\/types\/post"}],"author":[{"embeddable":true,"href":"https:\/\/gastronomicament.cat\/de\/wp-json\/wp\/v2\/users\/1"}],"replies":[{"embeddable":true,"href":"https:\/\/gastronomicament.cat\/de\/wp-json\/wp\/v2\/comments?post=88488"}],"version-history":[{"count":0,"href":"https:\/\/gastronomicament.cat\/de\/wp-json\/wp\/v2\/posts\/88488\/revisions"}],"wp:featuredmedia":[{"embeddable":true,"href":"https:\/\/gastronomicament.cat\/de\/wp-json\/wp\/v2\/media\/88480"}],"wp:attachment":[{"href":"https:\/\/gastronomicament.cat\/de\/wp-json\/wp\/v2\/media?parent=88488"}],"wp:term":[{"taxonomy":"category","embeddable":true,"href":"https:\/\/gastronomicament.cat\/de\/wp-json\/wp\/v2\/categories?post=88488"},{"taxonomy":"post_tag","embeddable":true,"href":"https:\/\/gastronomicament.cat\/de\/wp-json\/wp\/v2\/tags?post=88488"},{"taxonomy":"author","embeddable":true,"href":"https:\/\/gastronomicament.cat\/de\/wp-json\/wp\/v2\/coauthors?post=88488"}],"curies":[{"name":"wp","href":"https:\/\/api.w.org\/{rel}","templated":true}]}}