{"id":90802,"date":"2024-09-05T12:14:59","date_gmt":"2024-09-05T10:14:59","guid":{"rendered":"https:\/\/gastronomicament.cat\/demana-ajuda-per-al-restaurant-dels-seus-pares-i-fan-1-500-euros-en-dos-dies"},"modified":"2024-09-05T12:31:42","modified_gmt":"2024-09-05T10:31:42","slug":"demana-ajuda-per-al-restaurant-dels-seus-pares-i-fan-1-500-euros-en-dos-dies","status":"publish","type":"post","link":"https:\/\/gastronomicament.cat\/de\/demana-ajuda-per-al-restaurant-dels-seus-pares-i-fan-1-500-euros-en-dos-dies","title":{"rendered":"Demana ajuda per al restaurant dels seus pares i fan 1.500 euros en dos dies"},"content":{"rendered":"<p>Una onada de solidaritat s&#8217;ha despert a les xarxes amb l&#8217;usuari\u00a0<strong><a href=\"https:\/\/twitter.com\/xinovasc0\" target=\"_blank\" rel=\"noopener nofollow\">Cocinando con Xino<\/a><\/strong>, que realment nom\u00a0<strong>Julen Collantes<\/strong>. Al canal que t\u00e9 a diferents xarxes (com ara Twitter, Instagram i Tik Tok) explica com cuinar plats orientals, per\u00f2 dia 1 de setembre va demanar ajuda per fer difusi\u00f3 del negoci familiar.<\/p>\n<p>Com avan\u00e7a\u00a0<em><a href=\"https:\/\/www.diariodemallorca.es\/palma\/2024\/09\/03\/julen-collantes-cocina-xino-pequeno-107701322.html\" target=\"_blank\" rel=\"noopener nofollow\">Diario de Mallorca<\/a><\/em>, el negoci \u00e9s un restaurant batiat amb el nom\u00a0<strong>Yuki\u00a0+ q Sushi<\/strong>\u00a0de\u00a0<strong>Palma<\/strong>,\u00a0que va obrir l&#8217;any 2014. Sa mare i son pare hi fan rols de sushi i altres plats t\u00edpics orientals, com ara arr\u00f2s fregit i llagostins tempuritzats.<\/p>\n<p>Concretament, a les xarxes va explicar que durant l&#8217;agost no havien fet gaire caixa i que\u00a0<strong>el 31 d&#8217;aquest mes no arribaren ni als 20 euros<\/strong>. La seva publicaci\u00f3 a Twitter tot d&#8217;una va tenir una difusi\u00f3 molt bona, tant que ha arribat als gaireb\u00e9 60.000 m&#8217;agrades i t\u00e9 m\u00e9s de 12 milions de visualitzacions.<\/p>\n<p><strong>Controv\u00e8rsia<\/strong><\/p>\n<p>Hi ha diversos usuaris que han dit que han visitat el local i que hi han passat gust de menjar. D&#8217;altres li han retret que en publicacions anteriors, Collantes\u00a0<strong>hagi criticat els excessos del turisme<\/strong>, mentre que altre l&#8217;han defensat perqu\u00e8 aquest negoci est\u00e0 adre\u00e7at a clients locals. A m\u00e9s, la implantaci\u00f3 cada vegada de\u00a0<strong>m\u00e9s franqu\u00edcies ha fet negocis familiars es vegin en perill<\/strong>. Tamb\u00e9 cal sumar-hi que molts d&#8217;aquests establiments familiars s&#8217;han vist incapa\u00e7os d&#8217;assumir les pujades de lloguer i de mat\u00e8ria primera.<\/p>\n<p><strong>Una publicaci\u00f3 encertada<\/strong><\/p>\n<p>Sembla que l&#8217;acci\u00f3 de Collantes s\u00f3n molts els que hi han anat, perqu\u00e8 ell mateix ha publicat un missatge de sa mare en el qual li dona les gr\u00e0cies perqu\u00e8\u00a0<strong>en nom\u00e9s dos dies<\/strong>,\u00a0<strong>el restaurant ha fet una caixa de 1.500 euros<\/strong>\u00a0i no atura de sumar bones cr\u00edtiques.<\/p>\n<p>Si hi voleu anar i tastar la seva proposta culin\u00e0ria, el restaurant Yuki + q Sushi es troba al carrer Ramon y Cajal, n\u00famero 13 de Palma.<\/p>\n","protected":false},"excerpt":{"rendered":"<p>L&#8217;establiment es troba a Palma i el darrer dia d&#8217;agost no havien fet ni 20 euros&hellip;<\/p>\n","protected":false},"author":1,"featured_media":90806,"comment_status":"open","ping_status":"closed","sticky":false,"template":"","format":"gallery","meta":{"_acf_changed":false,"_swt_meta_header_display":false,"_swt_meta_footer_display":false,"_swt_meta_site_title_display":false,"_swt_meta_sticky_header":false,"_swt_meta_transparent_header":false,"footnotes":""},"categories":[1050,1476],"tags":[],"coauthors":[2053],"class_list":["post-90802","post","type-post","status-publish","format-gallery","has-post-thumbnail","hentry","category-actualitat-es-de","category-reportatges-i-novetats-de","post_format-post-format-gallery"],"acf":{"gallery":null,"home_date":{"home_begin_date":null,"home_end_date":null}},"yoast_head":"<!-- This site is optimized with the Yoast SEO plugin v27.4 - https:\/\/yoast.com\/product\/yoast-seo-wordpress\/ -->\n<title>Demana ajuda per al restaurant dels seus pares i fan 1.500 euros en dos dies - Gastron\u00f2micament<\/title>\n<meta name=\"description\" content=\"Demana ajuda per al restaurant dels seus pares i fan 1.500 euros en dos dies Actualitat, Reportatges i novetats L&#039;establiment es troba a Palma i el darrer dia d&#039;agost no havien fet ni 20 euros de caixa\" \/>\n<meta name=\"robots\" content=\"index, follow, max-snippet:-1, max-image-preview:large, max-video-preview:-1\" \/>\n<link rel=\"canonical\" href=\"https:\/\/gastronomicament.cat\/de\/demana-ajuda-per-al-restaurant-dels-seus-pares-i-fan-1-500-euros-en-dos-dies\" \/>\n<meta property=\"og:locale\" content=\"de_DE\" \/>\n<meta property=\"og:type\" content=\"article\" \/>\n<meta property=\"og:title\" content=\"Demana ajuda per al restaurant dels seus pares i fan 1.500 euros en dos dies - Gastron\u00f2micament\" \/>\n<meta property=\"og:description\" content=\"Demana ajuda per al restaurant dels seus pares i fan 1.500 euros en dos dies Actualitat, Reportatges i novetats L&#039;establiment es troba a Palma i el darrer dia d&#039;agost no havien fet ni 20 euros de caixa\" \/>\n<meta property=\"og:url\" content=\"https:\/\/gastronomicament.cat\/de\/demana-ajuda-per-al-restaurant-dels-seus-pares-i-fan-1-500-euros-en-dos-dies\" \/>\n<meta property=\"og:site_name\" content=\"Gastron\u00f2micament\" \/>\n<meta property=\"article:published_time\" content=\"2024-09-05T10:14:59+00:00\" \/>\n<meta property=\"article:modified_time\" content=\"2024-09-05T10:31:42+00:00\" \/>\n<meta property=\"og:image\" content=\"https:\/\/gastronomicament.cat\/wp-content\/uploads\/2024\/09\/yuki-mes-que-sushi-Palma-.jpeg\" \/>\n\t<meta property=\"og:image:width\" content=\"1600\" \/>\n\t<meta property=\"og:image:height\" content=\"1200\" \/>\n\t<meta property=\"og:image:type\" content=\"image\/jpeg\" \/>\n<meta name=\"author\" content=\"Redacci\u00f3\" \/>\n<meta name=\"twitter:card\" content=\"summary_large_image\" \/>\n<meta name=\"twitter:creator\" content=\"@gastronomicamen\" \/>\n<meta name=\"twitter:site\" content=\"@gastronomicamen\" \/>\n<meta name=\"twitter:label1\" content=\"Verfasst von\" \/>\n\t<meta name=\"twitter:data1\" content=\"Redacci\u00f3\" \/>\n\t<meta name=\"twitter:label2\" content=\"Gesch\u00e4tzte Lesezeit\" \/>\n\t<meta name=\"twitter:data2\" content=\"2\u00a0Minuten\" \/>\n\t<meta name=\"twitter:label3\" content=\"Written by\" \/>\n\t<meta name=\"twitter:data3\" content=\"Redacci\u00f3\" \/>\n<script type=\"application\/ld+json\" class=\"yoast-schema-graph\">{\"@context\":\"https:\\\/\\\/schema.org\",\"@graph\":[{\"@type\":\"Article\",\"@id\":\"https:\\\/\\\/gastronomicament.cat\\\/de\\\/demana-ajuda-per-al-restaurant-dels-seus-pares-i-fan-1-500-euros-en-dos-dies#article\",\"isPartOf\":{\"@id\":\"https:\\\/\\\/gastronomicament.cat\\\/de\\\/demana-ajuda-per-al-restaurant-dels-seus-pares-i-fan-1-500-euros-en-dos-dies\"},\"author\":{\"name\":\"Redacci\u00f3\",\"@id\":\"https:\\\/\\\/gastronomicament.cat\\\/de\\\/#\\\/schema\\\/person\\\/a7c85c537a1ed62799a5b8e0f686a37f\"},\"headline\":\"Demana ajuda per al restaurant dels seus pares i fan 1.500 euros en dos dies\",\"datePublished\":\"2024-09-05T10:14:59+00:00\",\"dateModified\":\"2024-09-05T10:31:42+00:00\",\"mainEntityOfPage\":{\"@id\":\"https:\\\/\\\/gastronomicament.cat\\\/de\\\/demana-ajuda-per-al-restaurant-dels-seus-pares-i-fan-1-500-euros-en-dos-dies\"},\"wordCount\":341,\"commentCount\":0,\"publisher\":{\"@id\":\"https:\\\/\\\/gastronomicament.cat\\\/de\\\/#organization\"},\"image\":{\"@id\":\"https:\\\/\\\/gastronomicament.cat\\\/de\\\/demana-ajuda-per-al-restaurant-dels-seus-pares-i-fan-1-500-euros-en-dos-dies#primaryimage\"},\"thumbnailUrl\":\"https:\\\/\\\/gastronomicament.cat\\\/wp-content\\\/uploads\\\/2024\\\/09\\\/yuki-mes-que-sushi-Palma-.jpeg\",\"articleSection\":[\"Actualitat\",\"Reportatges i novetats\"],\"inLanguage\":\"de\",\"potentialAction\":[{\"@type\":\"CommentAction\",\"name\":\"Comment\",\"target\":[\"https:\\\/\\\/gastronomicament.cat\\\/de\\\/demana-ajuda-per-al-restaurant-dels-seus-pares-i-fan-1-500-euros-en-dos-dies#respond\"]}]},{\"@type\":\"WebPage\",\"@id\":\"https:\\\/\\\/gastronomicament.cat\\\/de\\\/demana-ajuda-per-al-restaurant-dels-seus-pares-i-fan-1-500-euros-en-dos-dies\",\"url\":\"https:\\\/\\\/gastronomicament.cat\\\/de\\\/demana-ajuda-per-al-restaurant-dels-seus-pares-i-fan-1-500-euros-en-dos-dies\",\"name\":\"Demana ajuda per al restaurant dels seus pares i fan 1.500 euros en dos dies - Gastron\u00f2micament\",\"isPartOf\":{\"@id\":\"https:\\\/\\\/gastronomicament.cat\\\/de\\\/#website\"},\"primaryImageOfPage\":{\"@id\":\"https:\\\/\\\/gastronomicament.cat\\\/de\\\/demana-ajuda-per-al-restaurant-dels-seus-pares-i-fan-1-500-euros-en-dos-dies#primaryimage\"},\"image\":{\"@id\":\"https:\\\/\\\/gastronomicament.cat\\\/de\\\/demana-ajuda-per-al-restaurant-dels-seus-pares-i-fan-1-500-euros-en-dos-dies#primaryimage\"},\"thumbnailUrl\":\"https:\\\/\\\/gastronomicament.cat\\\/wp-content\\\/uploads\\\/2024\\\/09\\\/yuki-mes-que-sushi-Palma-.jpeg\",\"datePublished\":\"2024-09-05T10:14:59+00:00\",\"dateModified\":\"2024-09-05T10:31:42+00:00\",\"description\":\"Demana ajuda per al restaurant dels seus pares i fan 1.500 euros en dos dies Actualitat, Reportatges i novetats L'establiment es troba a Palma i el darrer dia d'agost no havien fet ni 20 euros de caixa\",\"inLanguage\":\"de\",\"potentialAction\":[{\"@type\":\"ReadAction\",\"target\":[\"https:\\\/\\\/gastronomicament.cat\\\/de\\\/demana-ajuda-per-al-restaurant-dels-seus-pares-i-fan-1-500-euros-en-dos-dies\"]}]},{\"@type\":\"ImageObject\",\"inLanguage\":\"de\",\"@id\":\"https:\\\/\\\/gastronomicament.cat\\\/de\\\/demana-ajuda-per-al-restaurant-dels-seus-pares-i-fan-1-500-euros-en-dos-dies#primaryimage\",\"url\":\"https:\\\/\\\/gastronomicament.cat\\\/wp-content\\\/uploads\\\/2024\\\/09\\\/yuki-mes-que-sushi-Palma-.jpeg\",\"contentUrl\":\"https:\\\/\\\/gastronomicament.cat\\\/wp-content\\\/uploads\\\/2024\\\/09\\\/yuki-mes-que-sushi-Palma-.jpeg\",\"width\":1600,\"height\":1200},{\"@type\":\"WebSite\",\"@id\":\"https:\\\/\\\/gastronomicament.cat\\\/de\\\/#website\",\"url\":\"https:\\\/\\\/gastronomicament.cat\\\/de\\\/\",\"name\":\"Gastron\u00f2micament\",\"description\":\"Portal de restaurants, receptes i actualitat gastron\u00f2mica\",\"publisher\":{\"@id\":\"https:\\\/\\\/gastronomicament.cat\\\/de\\\/#organization\"},\"potentialAction\":[{\"@type\":\"SearchAction\",\"target\":{\"@type\":\"EntryPoint\",\"urlTemplate\":\"https:\\\/\\\/gastronomicament.cat\\\/de\\\/?s={search_term_string}\"},\"query-input\":{\"@type\":\"PropertyValueSpecification\",\"valueRequired\":true,\"valueName\":\"search_term_string\"}}],\"inLanguage\":\"de\"},{\"@type\":\"Organization\",\"@id\":\"https:\\\/\\\/gastronomicament.cat\\\/de\\\/#organization\",\"name\":\"Gastron\u00f2micament\",\"url\":\"https:\\\/\\\/gastronomicament.cat\\\/de\\\/\",\"logo\":{\"@type\":\"ImageObject\",\"inLanguage\":\"de\",\"@id\":\"https:\\\/\\\/gastronomicament.cat\\\/de\\\/#\\\/schema\\\/logo\\\/image\\\/\",\"url\":\"https:\\\/\\\/gastronomicament.cat\\\/wp-content\\\/uploads\\\/2016\\\/09\\\/header-logo.jpg\",\"contentUrl\":\"https:\\\/\\\/gastronomicament.cat\\\/wp-content\\\/uploads\\\/2016\\\/09\\\/header-logo.jpg\",\"width\":277,\"height\":39,\"caption\":\"Gastron\u00f2micament\"},\"image\":{\"@id\":\"https:\\\/\\\/gastronomicament.cat\\\/de\\\/#\\\/schema\\\/logo\\\/image\\\/\"},\"sameAs\":[\"https:\\\/\\\/x.com\\\/gastronomicamen\"]},{\"@type\":\"Person\",\"@id\":\"https:\\\/\\\/gastronomicament.cat\\\/de\\\/#\\\/schema\\\/person\\\/a7c85c537a1ed62799a5b8e0f686a37f\",\"name\":\"Redacci\u00f3\",\"image\":{\"@type\":\"ImageObject\",\"inLanguage\":\"de\",\"@id\":\"https:\\\/\\\/secure.gravatar.com\\\/avatar\\\/9489a485c464fd611d33825daae651d13db70c4e74c65c94937a15a9d4c3ee14?s=96&d=mm&r=g69fea3cce3645dfa2166e7293e22955e\",\"url\":\"https:\\\/\\\/secure.gravatar.com\\\/avatar\\\/9489a485c464fd611d33825daae651d13db70c4e74c65c94937a15a9d4c3ee14?s=96&d=mm&r=g\",\"contentUrl\":\"https:\\\/\\\/secure.gravatar.com\\\/avatar\\\/9489a485c464fd611d33825daae651d13db70c4e74c65c94937a15a9d4c3ee14?s=96&d=mm&r=g\",\"caption\":\"Redacci\u00f3\"},\"sameAs\":[\"http:\\\/\\\/gastronomicament.cat\"],\"url\":\"https:\\\/\\\/gastronomicament.cat\\\/de\\\/author\\\/admin\"}]}<\/script>\n<!-- \/ Yoast SEO plugin. -->","yoast_head_json":{"title":"Demana ajuda per al restaurant dels seus pares i fan 1.500 euros en dos dies - Gastron\u00f2micament","description":"Demana ajuda per al restaurant dels seus pares i fan 1.500 euros en dos dies Actualitat, Reportatges i novetats L'establiment es troba a Palma i el darrer dia d'agost no havien fet ni 20 euros de caixa","robots":{"index":"index","follow":"follow","max-snippet":"max-snippet:-1","max-image-preview":"max-image-preview:large","max-video-preview":"max-video-preview:-1"},"canonical":"https:\/\/gastronomicament.cat\/de\/demana-ajuda-per-al-restaurant-dels-seus-pares-i-fan-1-500-euros-en-dos-dies","og_locale":"de_DE","og_type":"article","og_title":"Demana ajuda per al restaurant dels seus pares i fan 1.500 euros en dos dies - Gastron\u00f2micament","og_description":"Demana ajuda per al restaurant dels seus pares i fan 1.500 euros en dos dies Actualitat, Reportatges i novetats L'establiment es troba a Palma i el darrer dia d'agost no havien fet ni 20 euros de caixa","og_url":"https:\/\/gastronomicament.cat\/de\/demana-ajuda-per-al-restaurant-dels-seus-pares-i-fan-1-500-euros-en-dos-dies","og_site_name":"Gastron\u00f2micament","article_published_time":"2024-09-05T10:14:59+00:00","article_modified_time":"2024-09-05T10:31:42+00:00","og_image":[{"width":1600,"height":1200,"url":"https:\/\/gastronomicament.cat\/wp-content\/uploads\/2024\/09\/yuki-mes-que-sushi-Palma-.jpeg","type":"image\/jpeg"}],"author":"Redacci\u00f3","twitter_card":"summary_large_image","twitter_creator":"@gastronomicamen","twitter_site":"@gastronomicamen","twitter_misc":{"Verfasst von":"Redacci\u00f3","Gesch\u00e4tzte Lesezeit":"2\u00a0Minuten","Written by":"Redacci\u00f3"},"schema":{"@context":"https:\/\/schema.org","@graph":[{"@type":"Article","@id":"https:\/\/gastronomicament.cat\/de\/demana-ajuda-per-al-restaurant-dels-seus-pares-i-fan-1-500-euros-en-dos-dies#article","isPartOf":{"@id":"https:\/\/gastronomicament.cat\/de\/demana-ajuda-per-al-restaurant-dels-seus-pares-i-fan-1-500-euros-en-dos-dies"},"author":{"name":"Redacci\u00f3","@id":"https:\/\/gastronomicament.cat\/de\/#\/schema\/person\/a7c85c537a1ed62799a5b8e0f686a37f"},"headline":"Demana ajuda per al restaurant dels seus pares i fan 1.500 euros en dos dies","datePublished":"2024-09-05T10:14:59+00:00","dateModified":"2024-09-05T10:31:42+00:00","mainEntityOfPage":{"@id":"https:\/\/gastronomicament.cat\/de\/demana-ajuda-per-al-restaurant-dels-seus-pares-i-fan-1-500-euros-en-dos-dies"},"wordCount":341,"commentCount":0,"publisher":{"@id":"https:\/\/gastronomicament.cat\/de\/#organization"},"image":{"@id":"https:\/\/gastronomicament.cat\/de\/demana-ajuda-per-al-restaurant-dels-seus-pares-i-fan-1-500-euros-en-dos-dies#primaryimage"},"thumbnailUrl":"https:\/\/gastronomicament.cat\/wp-content\/uploads\/2024\/09\/yuki-mes-que-sushi-Palma-.jpeg","articleSection":["Actualitat","Reportatges i novetats"],"inLanguage":"de","potentialAction":[{"@type":"CommentAction","name":"Comment","target":["https:\/\/gastronomicament.cat\/de\/demana-ajuda-per-al-restaurant-dels-seus-pares-i-fan-1-500-euros-en-dos-dies#respond"]}]},{"@type":"WebPage","@id":"https:\/\/gastronomicament.cat\/de\/demana-ajuda-per-al-restaurant-dels-seus-pares-i-fan-1-500-euros-en-dos-dies","url":"https:\/\/gastronomicament.cat\/de\/demana-ajuda-per-al-restaurant-dels-seus-pares-i-fan-1-500-euros-en-dos-dies","name":"Demana ajuda per al restaurant dels seus pares i fan 1.500 euros en dos dies - Gastron\u00f2micament","isPartOf":{"@id":"https:\/\/gastronomicament.cat\/de\/#website"},"primaryImageOfPage":{"@id":"https:\/\/gastronomicament.cat\/de\/demana-ajuda-per-al-restaurant-dels-seus-pares-i-fan-1-500-euros-en-dos-dies#primaryimage"},"image":{"@id":"https:\/\/gastronomicament.cat\/de\/demana-ajuda-per-al-restaurant-dels-seus-pares-i-fan-1-500-euros-en-dos-dies#primaryimage"},"thumbnailUrl":"https:\/\/gastronomicament.cat\/wp-content\/uploads\/2024\/09\/yuki-mes-que-sushi-Palma-.jpeg","datePublished":"2024-09-05T10:14:59+00:00","dateModified":"2024-09-05T10:31:42+00:00","description":"Demana ajuda per al restaurant dels seus pares i fan 1.500 euros en dos dies Actualitat, Reportatges i novetats L'establiment es troba a Palma i el darrer dia d'agost no havien fet ni 20 euros de caixa","inLanguage":"de","potentialAction":[{"@type":"ReadAction","target":["https:\/\/gastronomicament.cat\/de\/demana-ajuda-per-al-restaurant-dels-seus-pares-i-fan-1-500-euros-en-dos-dies"]}]},{"@type":"ImageObject","inLanguage":"de","@id":"https:\/\/gastronomicament.cat\/de\/demana-ajuda-per-al-restaurant-dels-seus-pares-i-fan-1-500-euros-en-dos-dies#primaryimage","url":"https:\/\/gastronomicament.cat\/wp-content\/uploads\/2024\/09\/yuki-mes-que-sushi-Palma-.jpeg","contentUrl":"https:\/\/gastronomicament.cat\/wp-content\/uploads\/2024\/09\/yuki-mes-que-sushi-Palma-.jpeg","width":1600,"height":1200},{"@type":"WebSite","@id":"https:\/\/gastronomicament.cat\/de\/#website","url":"https:\/\/gastronomicament.cat\/de\/","name":"Gastron\u00f2micament","description":"Portal de restaurants, receptes i actualitat gastron\u00f2mica","publisher":{"@id":"https:\/\/gastronomicament.cat\/de\/#organization"},"potentialAction":[{"@type":"SearchAction","target":{"@type":"EntryPoint","urlTemplate":"https:\/\/gastronomicament.cat\/de\/?s={search_term_string}"},"query-input":{"@type":"PropertyValueSpecification","valueRequired":true,"valueName":"search_term_string"}}],"inLanguage":"de"},{"@type":"Organization","@id":"https:\/\/gastronomicament.cat\/de\/#organization","name":"Gastron\u00f2micament","url":"https:\/\/gastronomicament.cat\/de\/","logo":{"@type":"ImageObject","inLanguage":"de","@id":"https:\/\/gastronomicament.cat\/de\/#\/schema\/logo\/image\/","url":"https:\/\/gastronomicament.cat\/wp-content\/uploads\/2016\/09\/header-logo.jpg","contentUrl":"https:\/\/gastronomicament.cat\/wp-content\/uploads\/2016\/09\/header-logo.jpg","width":277,"height":39,"caption":"Gastron\u00f2micament"},"image":{"@id":"https:\/\/gastronomicament.cat\/de\/#\/schema\/logo\/image\/"},"sameAs":["https:\/\/x.com\/gastronomicamen"]},{"@type":"Person","@id":"https:\/\/gastronomicament.cat\/de\/#\/schema\/person\/a7c85c537a1ed62799a5b8e0f686a37f","name":"Redacci\u00f3","image":{"@type":"ImageObject","inLanguage":"de","@id":"https:\/\/secure.gravatar.com\/avatar\/9489a485c464fd611d33825daae651d13db70c4e74c65c94937a15a9d4c3ee14?s=96&d=mm&r=g69fea3cce3645dfa2166e7293e22955e","url":"https:\/\/secure.gravatar.com\/avatar\/9489a485c464fd611d33825daae651d13db70c4e74c65c94937a15a9d4c3ee14?s=96&d=mm&r=g","contentUrl":"https:\/\/secure.gravatar.com\/avatar\/9489a485c464fd611d33825daae651d13db70c4e74c65c94937a15a9d4c3ee14?s=96&d=mm&r=g","caption":"Redacci\u00f3"},"sameAs":["http:\/\/gastronomicament.cat"],"url":"https:\/\/gastronomicament.cat\/de\/author\/admin"}]}},"_links":{"self":[{"href":"https:\/\/gastronomicament.cat\/de\/wp-json\/wp\/v2\/posts\/90802","targetHints":{"allow":["GET"]}}],"collection":[{"href":"https:\/\/gastronomicament.cat\/de\/wp-json\/wp\/v2\/posts"}],"about":[{"href":"https:\/\/gastronomicament.cat\/de\/wp-json\/wp\/v2\/types\/post"}],"author":[{"embeddable":true,"href":"https:\/\/gastronomicament.cat\/de\/wp-json\/wp\/v2\/users\/1"}],"replies":[{"embeddable":true,"href":"https:\/\/gastronomicament.cat\/de\/wp-json\/wp\/v2\/comments?post=90802"}],"version-history":[{"count":0,"href":"https:\/\/gastronomicament.cat\/de\/wp-json\/wp\/v2\/posts\/90802\/revisions"}],"wp:featuredmedia":[{"embeddable":true,"href":"https:\/\/gastronomicament.cat\/de\/wp-json\/wp\/v2\/media\/90806"}],"wp:attachment":[{"href":"https:\/\/gastronomicament.cat\/de\/wp-json\/wp\/v2\/media?parent=90802"}],"wp:term":[{"taxonomy":"category","embeddable":true,"href":"https:\/\/gastronomicament.cat\/de\/wp-json\/wp\/v2\/categories?post=90802"},{"taxonomy":"post_tag","embeddable":true,"href":"https:\/\/gastronomicament.cat\/de\/wp-json\/wp\/v2\/tags?post=90802"},{"taxonomy":"author","embeddable":true,"href":"https:\/\/gastronomicament.cat\/de\/wp-json\/wp\/v2\/coauthors?post=90802"}],"curies":[{"name":"wp","href":"https:\/\/api.w.org\/{rel}","templated":true}]}}